{"id":32017,"date":"2016-05-04T14:13:21","date_gmt":"2016-05-04T18:13:21","guid":{"rendered":"http:\/\/uqactualite.odev.ca\/?p=32017"},"modified":"2016-05-04T14:13:21","modified_gmt":"2016-05-04T18:13:21","slug":"formation-culture-i-linnovation-au-coeur-de-la-gestion","status":"publish","type":"post","link":"https:\/\/www.uqac.ca\/uqactualites\/2016\/05\/04\/formation-culture-i-linnovation-au-coeur-de-la-gestion\/","title":{"rendered":"Formation \u00ab Culture-i \u00bb : L\u2019innovation au c\u0153ur de la gestion"},"content":{"rendered":"<p>Le 8 avril dernier se concluait le programme de formation \u00ab\u00a0Culture-i\u00a0:\u00a0favoriser l\u2019innovation au quotidien\u00a0\u00bb. Ce programme de 32\u00a0heures, d\u00e9velopp\u00e9 en collaboration par le Centre de g\u00e9omatique du Qu\u00e9bec, Innovation 02 et le Centre du savoir sur mesure (CESAM) de l\u2019UQAC, proposait aux entreprises des outils de gestion adapt\u00e9s \u00e0 leur r\u00e9alit\u00e9 et leur permettant de cr\u00e9er un environnement favorable \u00e0 l\u2019innovation.<\/p>\n<p>Ce sont 11 gestionnaires provenant de diff\u00e9rentes PME du Saguenay\u2013Lac-Saint-Jean qui ont pris part \u00e0 cette premi\u00e8re cohorte. Ils b\u00e9n\u00e9ficieront d\u2019ailleurs d\u2019un accompagnement au sein de leur entreprise afin d\u2019appliquer concr\u00e8tement les concepts acquis lors des formations et d\u2019assurer la p\u00e9rennit\u00e9 du programme. De nouvelles cohortes sont \u00e0 pr\u00e9voir\u00a0pour l\u2019automne 2016.<\/p>\n<p>Merci \u00e0 nos formateurs, Michel Landry et Lucie Lagac\u00e9, ainsi qu\u2019\u00e0 notre partenaire financier, Emploi-Qu\u00e9bec, qui a rendu possible ce programme de formation.<\/p>\n<p>F\u00e9licitations aux finissants et merci de votre implication\u00a0!<\/p>\n<p><span style=\"color: #999999\"><strong>Photo\u00a0: <\/strong>Les participants au programme \u00ab\u00a0Culture-i\u00a0:\u00a0favoriser l\u2019innovation au quotidien\u00a0\u00bb, accompagn\u00e9s des formateurs<br \/>\n<strong>\u00a9Jos\u00e9e Tremblay<\/strong><\/span><\/p>\n","protected":false},"excerpt":{"rendered":"<p>Le 8 avril dernier se concluait le programme de formation \u00ab\u00a0Culture-i\u00a0:\u00a0favoriser l\u2019innovation au quotidien\u00a0\u00bb. Ce programme de 32\u00a0heures, d\u00e9velopp\u00e9 en collaboration par le Centre de g\u00e9omatique du Qu\u00e9bec, Innovation 02 et le Centre du savoir sur mesure (CESAM) de l\u2019UQAC, proposait aux entreprises des outils de gestion adapt\u00e9s \u00e0 leur r\u00e9alit\u00e9 et leur permettant de [&hellip;]<\/p>\n","protected":false},"author":5,"featured_media":32018,"comment_status":"open","ping_status":"open","sticky":false,"template":"","format":"standard","meta":{"footnotes":""},"categories":[2],"tags":[],"yoast_head":"<!-- This site is optimized with the Yoast SEO plugin v24.2 - https:\/\/yoast.com\/wordpress\/plugins\/seo\/ -->\r\n<title>Formation \u00ab Culture-i \u00bb : L\u2019innovation au c\u0153ur de la gestion - UQACtualit\u00e9s<\/title>\r\n<meta name=\"robots\" content=\"index, follow, max-snippet:-1, max-image-preview:large, max-video-preview:-1\" \/>\r\n<link rel=\"canonical\" href=\"https:\/\/www.uqac.ca\/uqactualites\/2016\/05\/04\/formation-culture-i-linnovation-au-coeur-de-la-gestion\/\" \/>\r\n<meta property=\"og:locale\" content=\"fr_CA\" \/>\r\n<meta property=\"og:type\" content=\"article\" \/>\r\n<meta property=\"og:title\" content=\"Formation \u00ab Culture-i \u00bb : L\u2019innovation au c\u0153ur de la gestion - UQACtualit\u00e9s\" \/>\r\n<meta property=\"og:description\" content=\"Le 8 avril dernier se concluait le programme de formation \u00ab\u00a0Culture-i\u00a0:\u00a0favoriser l\u2019innovation au quotidien\u00a0\u00bb. Ce programme de 32\u00a0heures, d\u00e9velopp\u00e9 en collaboration par le Centre de g\u00e9omatique du Qu\u00e9bec, Innovation 02 et le Centre du savoir sur mesure (CESAM) de l\u2019UQAC, proposait aux entreprises des outils de gestion adapt\u00e9s \u00e0 leur r\u00e9alit\u00e9 et leur permettant de [&hellip;]\" \/>\r\n<meta property=\"og:url\" content=\"https:\/\/www.uqac.ca\/uqactualites\/2016\/05\/04\/formation-culture-i-linnovation-au-coeur-de-la-gestion\/\" \/>\r\n<meta property=\"og:site_name\" content=\"UQACtualit\u00e9s\" \/>\r\n<meta property=\"article:published_time\" content=\"2016-05-04T18:13:21+00:00\" \/>\r\n<meta property=\"og:image\" content=\"https:\/\/www.uqac.ca\/uqactualites\/wp-content\/uploads\/2016\/05\/Culture-i-Web-Denis-Blackburn.jpg\" \/>\r\n\t<meta property=\"og:image:width\" content=\"620\" \/>\r\n\t<meta property=\"og:image:height\" content=\"300\" \/>\r\n\t<meta property=\"og:image:type\" content=\"image\/jpeg\" \/>\r\n<meta name=\"author\" content=\"Service des communications et des relations publiques\" \/>\r\n<meta name=\"twitter:card\" content=\"summary_large_image\" \/>\r\n<meta name=\"twitter:label1\" content=\"\u00c9crit par\" \/>\n\t<meta name=\"twitter:data1\" content=\"Service des communications et des relations publiques\" \/>\n\t<meta name=\"twitter:label2\" content=\"Estimation du temps de lecture\" \/>\n\t<meta name=\"twitter:data2\" content=\"1 minute\" \/>\r\n<script type=\"application\/ld+json\" class=\"yoast-schema-graph\">{\"@context\":\"https:\/\/schema.org\",\"@graph\":[{\"@type\":\"WebPage\",\"@id\":\"https:\/\/www.uqac.ca\/uqactualites\/2016\/05\/04\/formation-culture-i-linnovation-au-coeur-de-la-gestion\/\",\"url\":\"https:\/\/www.uqac.ca\/uqactualites\/2016\/05\/04\/formation-culture-i-linnovation-au-coeur-de-la-gestion\/\",\"name\":\"Formation \u00ab Culture-i \u00bb : L\u2019innovation au c\u0153ur de la gestion - UQACtualit\u00e9s\",\"isPartOf\":{\"@id\":\"https:\/\/www.uqac.ca\/uqactualites\/#website\"},\"primaryImageOfPage\":{\"@id\":\"https:\/\/www.uqac.ca\/uqactualites\/2016\/05\/04\/formation-culture-i-linnovation-au-coeur-de-la-gestion\/#primaryimage\"},\"image\":{\"@id\":\"https:\/\/www.uqac.ca\/uqactualites\/2016\/05\/04\/formation-culture-i-linnovation-au-coeur-de-la-gestion\/#primaryimage\"},\"thumbnailUrl\":\"https:\/\/www.uqac.ca\/uqactualites\/wp-content\/uploads\/2016\/05\/Culture-i-Web-Denis-Blackburn.jpg\",\"datePublished\":\"2016-05-04T18:13:21+00:00\",\"dateModified\":\"2016-05-04T18:13:21+00:00\",\"author\":{\"@id\":\"https:\/\/www.uqac.ca\/uqactualites\/#\/schema\/person\/366c45a0c4f0e677b41b4af5886e2018\"},\"breadcrumb\":{\"@id\":\"https:\/\/www.uqac.ca\/uqactualites\/2016\/05\/04\/formation-culture-i-linnovation-au-coeur-de-la-gestion\/#breadcrumb\"},\"inLanguage\":\"fr-CA\",\"potentialAction\":[{\"@type\":\"ReadAction\",\"target\":[\"https:\/\/www.uqac.ca\/uqactualites\/2016\/05\/04\/formation-culture-i-linnovation-au-coeur-de-la-gestion\/\"]}]},{\"@type\":\"ImageObject\",\"inLanguage\":\"fr-CA\",\"@id\":\"https:\/\/www.uqac.ca\/uqactualites\/2016\/05\/04\/formation-culture-i-linnovation-au-coeur-de-la-gestion\/#primaryimage\",\"url\":\"https:\/\/www.uqac.ca\/uqactualites\/wp-content\/uploads\/2016\/05\/Culture-i-Web-Denis-Blackburn.jpg\",\"contentUrl\":\"https:\/\/www.uqac.ca\/uqactualites\/wp-content\/uploads\/2016\/05\/Culture-i-Web-Denis-Blackburn.jpg\",\"width\":620,\"height\":300},{\"@type\":\"BreadcrumbList\",\"@id\":\"https:\/\/www.uqac.ca\/uqactualites\/2016\/05\/04\/formation-culture-i-linnovation-au-coeur-de-la-gestion\/#breadcrumb\",\"itemListElement\":[{\"@type\":\"ListItem\",\"position\":1,\"name\":\"Home\",\"item\":\"https:\/\/www.uqac.ca\/uqactualites\/\"},{\"@type\":\"ListItem\",\"position\":2,\"name\":\"Formation \u00ab Culture-i \u00bb : L\u2019innovation au c\u0153ur de la gestion\"}]},{\"@type\":\"WebSite\",\"@id\":\"https:\/\/www.uqac.ca\/uqactualites\/#website\",\"url\":\"https:\/\/www.uqac.ca\/uqactualites\/\",\"name\":\"UQACtualit\u00e9s\",\"description\":\"Le portail des nouvelles de l&#039;UQAC\",\"potentialAction\":[{\"@type\":\"SearchAction\",\"target\":{\"@type\":\"EntryPoint\",\"urlTemplate\":\"https:\/\/www.uqac.ca\/uqactualites\/?s={search_term_string}\"},\"query-input\":{\"@type\":\"PropertyValueSpecification\",\"valueRequired\":true,\"valueName\":\"search_term_string\"}}],\"inLanguage\":\"fr-CA\"},{\"@type\":\"Person\",\"@id\":\"https:\/\/www.uqac.ca\/uqactualites\/#\/schema\/person\/366c45a0c4f0e677b41b4af5886e2018\",\"name\":\"Service des communications et des relations publiques\",\"image\":{\"@type\":\"ImageObject\",\"inLanguage\":\"fr-CA\",\"@id\":\"https:\/\/www.uqac.ca\/uqactualites\/#\/schema\/person\/image\/\",\"url\":\"https:\/\/secure.gravatar.com\/avatar\/20fbbda8a292f59f2d3461a5b999c00b?s=96&d=mm&r=g\",\"contentUrl\":\"https:\/\/secure.gravatar.com\/avatar\/20fbbda8a292f59f2d3461a5b999c00b?s=96&d=mm&r=g\",\"caption\":\"Service des communications et des relations publiques\"},\"url\":\"https:\/\/www.uqac.ca\/uqactualites\/author\/bap\/\"}]}<\/script>\r\n<!-- \/ Yoast SEO plugin. -->","yoast_head_json":{"title":"Formation \u00ab Culture-i \u00bb : L\u2019innovation au c\u0153ur de la gestion - UQACtualit\u00e9s","robots":{"index":"index","follow":"follow","max-snippet":"max-snippet:-1","max-image-preview":"max-image-preview:large","max-video-preview":"max-video-preview:-1"},"canonical":"https:\/\/www.uqac.ca\/uqactualites\/2016\/05\/04\/formation-culture-i-linnovation-au-coeur-de-la-gestion\/","og_locale":"fr_CA","og_type":"article","og_title":"Formation \u00ab Culture-i \u00bb : L\u2019innovation au c\u0153ur de la gestion - UQACtualit\u00e9s","og_description":"Le 8 avril dernier se concluait le programme de formation \u00ab\u00a0Culture-i\u00a0:\u00a0favoriser l\u2019innovation au quotidien\u00a0\u00bb. Ce programme de 32\u00a0heures, d\u00e9velopp\u00e9 en collaboration par le Centre de g\u00e9omatique du Qu\u00e9bec, Innovation 02 et le Centre du savoir sur mesure (CESAM) de l\u2019UQAC, proposait aux entreprises des outils de gestion adapt\u00e9s \u00e0 leur r\u00e9alit\u00e9 et leur permettant de [&hellip;]","og_url":"https:\/\/www.uqac.ca\/uqactualites\/2016\/05\/04\/formation-culture-i-linnovation-au-coeur-de-la-gestion\/","og_site_name":"UQACtualit\u00e9s","article_published_time":"2016-05-04T18:13:21+00:00","og_image":[{"width":620,"height":300,"url":"https:\/\/www.uqac.ca\/uqactualites\/wp-content\/uploads\/2016\/05\/Culture-i-Web-Denis-Blackburn.jpg","type":"image\/jpeg"}],"author":"Service des communications et des relations publiques","twitter_card":"summary_large_image","twitter_misc":{"\u00c9crit par":"Service des communications et des relations publiques","Estimation du temps de lecture":"1 minute"},"schema":{"@context":"https:\/\/schema.org","@graph":[{"@type":"WebPage","@id":"https:\/\/www.uqac.ca\/uqactualites\/2016\/05\/04\/formation-culture-i-linnovation-au-coeur-de-la-gestion\/","url":"https:\/\/www.uqac.ca\/uqactualites\/2016\/05\/04\/formation-culture-i-linnovation-au-coeur-de-la-gestion\/","name":"Formation \u00ab Culture-i \u00bb : L\u2019innovation au c\u0153ur de la gestion - UQACtualit\u00e9s","isPartOf":{"@id":"https:\/\/www.uqac.ca\/uqactualites\/#website"},"primaryImageOfPage":{"@id":"https:\/\/www.uqac.ca\/uqactualites\/2016\/05\/04\/formation-culture-i-linnovation-au-coeur-de-la-gestion\/#primaryimage"},"image":{"@id":"https:\/\/www.uqac.ca\/uqactualites\/2016\/05\/04\/formation-culture-i-linnovation-au-coeur-de-la-gestion\/#primaryimage"},"thumbnailUrl":"https:\/\/www.uqac.ca\/uqactualites\/wp-content\/uploads\/2016\/05\/Culture-i-Web-Denis-Blackburn.jpg","datePublished":"2016-05-04T18:13:21+00:00","dateModified":"2016-05-04T18:13:21+00:00","author":{"@id":"https:\/\/www.uqac.ca\/uqactualites\/#\/schema\/person\/366c45a0c4f0e677b41b4af5886e2018"},"breadcrumb":{"@id":"https:\/\/www.uqac.ca\/uqactualites\/2016\/05\/04\/formation-culture-i-linnovation-au-coeur-de-la-gestion\/#breadcrumb"},"inLanguage":"fr-CA","potentialAction":[{"@type":"ReadAction","target":["https:\/\/www.uqac.ca\/uqactualites\/2016\/05\/04\/formation-culture-i-linnovation-au-coeur-de-la-gestion\/"]}]},{"@type":"ImageObject","inLanguage":"fr-CA","@id":"https:\/\/www.uqac.ca\/uqactualites\/2016\/05\/04\/formation-culture-i-linnovation-au-coeur-de-la-gestion\/#primaryimage","url":"https:\/\/www.uqac.ca\/uqactualites\/wp-content\/uploads\/2016\/05\/Culture-i-Web-Denis-Blackburn.jpg","contentUrl":"https:\/\/www.uqac.ca\/uqactualites\/wp-content\/uploads\/2016\/05\/Culture-i-Web-Denis-Blackburn.jpg","width":620,"height":300},{"@type":"BreadcrumbList","@id":"https:\/\/www.uqac.ca\/uqactualites\/2016\/05\/04\/formation-culture-i-linnovation-au-coeur-de-la-gestion\/#breadcrumb","itemListElement":[{"@type":"ListItem","position":1,"name":"Home","item":"https:\/\/www.uqac.ca\/uqactualites\/"},{"@type":"ListItem","position":2,"name":"Formation \u00ab Culture-i \u00bb : L\u2019innovation au c\u0153ur de la gestion"}]},{"@type":"WebSite","@id":"https:\/\/www.uqac.ca\/uqactualites\/#website","url":"https:\/\/www.uqac.ca\/uqactualites\/","name":"UQACtualit\u00e9s","description":"Le portail des nouvelles de l&#039;UQAC","potentialAction":[{"@type":"SearchAction","target":{"@type":"EntryPoint","urlTemplate":"https:\/\/www.uqac.ca\/uqactualites\/?s={search_term_string}"},"query-input":{"@type":"PropertyValueSpecification","valueRequired":true,"valueName":"search_term_string"}}],"inLanguage":"fr-CA"},{"@type":"Person","@id":"https:\/\/www.uqac.ca\/uqactualites\/#\/schema\/person\/366c45a0c4f0e677b41b4af5886e2018","name":"Service des communications et des relations publiques","image":{"@type":"ImageObject","inLanguage":"fr-CA","@id":"https:\/\/www.uqac.ca\/uqactualites\/#\/schema\/person\/image\/","url":"https:\/\/secure.gravatar.com\/avatar\/20fbbda8a292f59f2d3461a5b999c00b?s=96&d=mm&r=g","contentUrl":"https:\/\/secure.gravatar.com\/avatar\/20fbbda8a292f59f2d3461a5b999c00b?s=96&d=mm&r=g","caption":"Service des communications et des relations publiques"},"url":"https:\/\/www.uqac.ca\/uqactualites\/author\/bap\/"}]}},"_links":{"self":[{"href":"https:\/\/www.uqac.ca\/uqactualites\/wp-json\/wp\/v2\/posts\/32017"}],"collection":[{"href":"https:\/\/www.uqac.ca\/uqactualites\/wp-json\/wp\/v2\/posts"}],"about":[{"href":"https:\/\/www.uqac.ca\/uqactualites\/wp-json\/wp\/v2\/types\/post"}],"author":[{"embeddable":true,"href":"https:\/\/www.uqac.ca\/uqactualites\/wp-json\/wp\/v2\/users\/5"}],"replies":[{"embeddable":true,"href":"https:\/\/www.uqac.ca\/uqactualites\/wp-json\/wp\/v2\/comments?post=32017"}],"version-history":[{"count":0,"href":"https:\/\/www.uqac.ca\/uqactualites\/wp-json\/wp\/v2\/posts\/32017\/revisions"}],"wp:featuredmedia":[{"embeddable":true,"href":"https:\/\/www.uqac.ca\/uqactualites\/wp-json\/wp\/v2\/media\/32018"}],"wp:attachment":[{"href":"https:\/\/www.uqac.ca\/uqactualites\/wp-json\/wp\/v2\/media?parent=32017"}],"wp:term":[{"taxonomy":"category","embeddable":true,"href":"https:\/\/www.uqac.ca\/uqactualites\/wp-json\/wp\/v2\/categories?post=32017"},{"taxonomy":"post_tag","embeddable":true,"href":"https:\/\/www.uqac.ca\/uqactualites\/wp-json\/wp\/v2\/tags?post=32017"}],"curies":[{"name":"wp","href":"https:\/\/api.w.org\/{rel}","templated":true}]}}