{"id":32037,"date":"2016-05-06T15:10:25","date_gmt":"2016-05-06T19:10:25","guid":{"rendered":"http:\/\/uqactualite.odev.ca\/?p=32037"},"modified":"2016-05-06T15:10:25","modified_gmt":"2016-05-06T19:10:25","slug":"danielle-maltais-commente-les-evenements-de-fort-mcmurray-sur-plusieurs-chaines-de-radio-canada-au-pays","status":"publish","type":"post","link":"https:\/\/www.uqac.ca\/uqactualites\/2016\/05\/06\/danielle-maltais-commente-les-evenements-de-fort-mcmurray-sur-plusieurs-chaines-de-radio-canada-au-pays\/","title":{"rendered":"Danielle Maltais commente les \u00e9v\u00e9nements de Fort McMurray sur plusieurs cha\u00eenes de Radio-Canada au pays"},"content":{"rendered":"<p style=\"text-align: justify\">Danielle Maltais, professeure au D\u00e9partement des sciences humaines et sociales de l\u2019UQAC et titulaire de la Chaire de recherche sur les \u00e9v\u00e9nements traumatiques, la sant\u00e9 mentale et la r\u00e9silience des individus, a comment\u00e9 les \u00e9v\u00e9nements tragiques qui se d\u00e9roulent en ce moment Fort McMurray sur plusieurs cha\u00eenes de Radio-Canada au pays.<\/p>\n<p style=\"text-align: justify\">De Rimouski \u00e0 Regina en passant par Toronto et Vancouver, Mme Maltais s&rsquo;est retrouv\u00e9e sur plus d\u2019une dizaine de cha\u00eenes au cours de la journ\u00e9e.<\/p>\n<p style=\"text-align: justify\">Reconnue pour ses recherches sur les cons\u00e9quences des d\u00e9sastres et des catastrophes sur la sant\u00e9 des individus, Danielle Maltais a entre autres particip\u00e9, \u00e0 titre de coresponsable, \u00e0 l\u2019\u00e9tude sur le r\u00e9tablissement et la sant\u00e9 psychologique des citoyens de Lac-M\u00e9gantic suite \u00e0 la trag\u00e9die ferroviaire de 2013.<\/p>\n<p style=\"text-align: justify\"><strong><br \/>\n<span style=\"color: #808080\">Source\u00a0:<\/span><br \/>\n<\/strong><span style=\"color: #808080\">Bureau des affaires publiques<\/span><br \/>\n<span style=\"color: #808080\"> Universit\u00e9 du Qu\u00e9bec \u00e0 Chicoutimi<\/span><br \/>\n<span style=\"color: #808080\"> 418\u00a0545-5011, poste 5006 \u00a0| \u00a0<span style=\"text-decoration: underline\"><a href=\"mailto:affaires.publiques@uqac.ca\"><span style=\"color: #808080;text-decoration: underline\">affaires.publiques@uqac.ca<\/span><\/a><\/span><\/span><\/p>\n","protected":false},"excerpt":{"rendered":"<p>Danielle Maltais, professeure au D\u00e9partement des sciences humaines et sociales de l\u2019UQAC et titulaire de la Chaire de recherche sur les \u00e9v\u00e9nements traumatiques, la sant\u00e9 mentale et la r\u00e9silience des individus, a comment\u00e9 les \u00e9v\u00e9nements tragiques qui se d\u00e9roulent en ce moment Fort McMurray sur plusieurs cha\u00eenes de Radio-Canada au pays. De Rimouski \u00e0 Regina [&hellip;]<\/p>\n","protected":false},"author":5,"featured_media":29381,"comment_status":"open","ping_status":"open","sticky":false,"template":"","format":"standard","meta":{"footnotes":""},"categories":[2],"tags":[],"yoast_head":"<!-- This site is optimized with the Yoast SEO plugin v24.2 - https:\/\/yoast.com\/wordpress\/plugins\/seo\/ -->\r\n<title>Danielle Maltais commente les \u00e9v\u00e9nements de Fort McMurray sur plusieurs cha\u00eenes de Radio-Canada au pays - UQACtualit\u00e9s<\/title>\r\n<meta name=\"robots\" content=\"index, follow, max-snippet:-1, max-image-preview:large, max-video-preview:-1\" \/>\r\n<link rel=\"canonical\" href=\"https:\/\/www.uqac.ca\/uqactualites\/2016\/05\/06\/danielle-maltais-commente-les-evenements-de-fort-mcmurray-sur-plusieurs-chaines-de-radio-canada-au-pays\/\" \/>\r\n<meta property=\"og:locale\" content=\"fr_CA\" \/>\r\n<meta property=\"og:type\" content=\"article\" \/>\r\n<meta property=\"og:title\" content=\"Danielle Maltais commente les \u00e9v\u00e9nements de Fort McMurray sur plusieurs cha\u00eenes de Radio-Canada au pays - UQACtualit\u00e9s\" \/>\r\n<meta property=\"og:description\" content=\"Danielle Maltais, professeure au D\u00e9partement des sciences humaines et sociales de l\u2019UQAC et titulaire de la Chaire de recherche sur les \u00e9v\u00e9nements traumatiques, la sant\u00e9 mentale et la r\u00e9silience des individus, a comment\u00e9 les \u00e9v\u00e9nements tragiques qui se d\u00e9roulent en ce moment Fort McMurray sur plusieurs cha\u00eenes de Radio-Canada au pays. De Rimouski \u00e0 Regina [&hellip;]\" \/>\r\n<meta property=\"og:url\" content=\"https:\/\/www.uqac.ca\/uqactualites\/2016\/05\/06\/danielle-maltais-commente-les-evenements-de-fort-mcmurray-sur-plusieurs-chaines-de-radio-canada-au-pays\/\" \/>\r\n<meta property=\"og:site_name\" content=\"UQACtualit\u00e9s\" \/>\r\n<meta property=\"article:published_time\" content=\"2016-05-06T19:10:25+00:00\" \/>\r\n<meta property=\"og:image\" content=\"https:\/\/www.uqac.ca\/uqactualites\/wp-content\/uploads\/2015\/02\/DSCN5883--scaled.jpg\" \/>\r\n\t<meta property=\"og:image:width\" content=\"2560\" \/>\r\n\t<meta property=\"og:image:height\" content=\"1251\" \/>\r\n\t<meta property=\"og:image:type\" content=\"image\/jpeg\" \/>\r\n<meta name=\"author\" content=\"Service des communications et des relations publiques\" \/>\r\n<meta name=\"twitter:card\" content=\"summary_large_image\" \/>\r\n<meta name=\"twitter:label1\" content=\"\u00c9crit par\" \/>\n\t<meta name=\"twitter:data1\" content=\"Service des communications et des relations publiques\" \/>\n\t<meta name=\"twitter:label2\" content=\"Estimation du temps de lecture\" \/>\n\t<meta name=\"twitter:data2\" content=\"1 minute\" \/>\r\n<script type=\"application\/ld+json\" class=\"yoast-schema-graph\">{\"@context\":\"https:\/\/schema.org\",\"@graph\":[{\"@type\":\"WebPage\",\"@id\":\"https:\/\/www.uqac.ca\/uqactualites\/2016\/05\/06\/danielle-maltais-commente-les-evenements-de-fort-mcmurray-sur-plusieurs-chaines-de-radio-canada-au-pays\/\",\"url\":\"https:\/\/www.uqac.ca\/uqactualites\/2016\/05\/06\/danielle-maltais-commente-les-evenements-de-fort-mcmurray-sur-plusieurs-chaines-de-radio-canada-au-pays\/\",\"name\":\"Danielle Maltais commente les \u00e9v\u00e9nements de Fort McMurray sur plusieurs cha\u00eenes de Radio-Canada au pays - UQACtualit\u00e9s\",\"isPartOf\":{\"@id\":\"https:\/\/www.uqac.ca\/uqactualites\/#website\"},\"primaryImageOfPage\":{\"@id\":\"https:\/\/www.uqac.ca\/uqactualites\/2016\/05\/06\/danielle-maltais-commente-les-evenements-de-fort-mcmurray-sur-plusieurs-chaines-de-radio-canada-au-pays\/#primaryimage\"},\"image\":{\"@id\":\"https:\/\/www.uqac.ca\/uqactualites\/2016\/05\/06\/danielle-maltais-commente-les-evenements-de-fort-mcmurray-sur-plusieurs-chaines-de-radio-canada-au-pays\/#primaryimage\"},\"thumbnailUrl\":\"https:\/\/www.uqac.ca\/uqactualites\/wp-content\/uploads\/2015\/02\/DSCN5883--scaled.jpg\",\"datePublished\":\"2016-05-06T19:10:25+00:00\",\"dateModified\":\"2016-05-06T19:10:25+00:00\",\"author\":{\"@id\":\"https:\/\/www.uqac.ca\/uqactualites\/#\/schema\/person\/366c45a0c4f0e677b41b4af5886e2018\"},\"breadcrumb\":{\"@id\":\"https:\/\/www.uqac.ca\/uqactualites\/2016\/05\/06\/danielle-maltais-commente-les-evenements-de-fort-mcmurray-sur-plusieurs-chaines-de-radio-canada-au-pays\/#breadcrumb\"},\"inLanguage\":\"fr-CA\",\"potentialAction\":[{\"@type\":\"ReadAction\",\"target\":[\"https:\/\/www.uqac.ca\/uqactualites\/2016\/05\/06\/danielle-maltais-commente-les-evenements-de-fort-mcmurray-sur-plusieurs-chaines-de-radio-canada-au-pays\/\"]}]},{\"@type\":\"ImageObject\",\"inLanguage\":\"fr-CA\",\"@id\":\"https:\/\/www.uqac.ca\/uqactualites\/2016\/05\/06\/danielle-maltais-commente-les-evenements-de-fort-mcmurray-sur-plusieurs-chaines-de-radio-canada-au-pays\/#primaryimage\",\"url\":\"https:\/\/www.uqac.ca\/uqactualites\/wp-content\/uploads\/2015\/02\/DSCN5883--scaled.jpg\",\"contentUrl\":\"https:\/\/www.uqac.ca\/uqactualites\/wp-content\/uploads\/2015\/02\/DSCN5883--scaled.jpg\",\"width\":2560,\"height\":1251},{\"@type\":\"BreadcrumbList\",\"@id\":\"https:\/\/www.uqac.ca\/uqactualites\/2016\/05\/06\/danielle-maltais-commente-les-evenements-de-fort-mcmurray-sur-plusieurs-chaines-de-radio-canada-au-pays\/#breadcrumb\",\"itemListElement\":[{\"@type\":\"ListItem\",\"position\":1,\"name\":\"Home\",\"item\":\"https:\/\/www.uqac.ca\/uqactualites\/\"},{\"@type\":\"ListItem\",\"position\":2,\"name\":\"Danielle Maltais commente les \u00e9v\u00e9nements de Fort McMurray sur plusieurs cha\u00eenes de Radio-Canada au pays\"}]},{\"@type\":\"WebSite\",\"@id\":\"https:\/\/www.uqac.ca\/uqactualites\/#website\",\"url\":\"https:\/\/www.uqac.ca\/uqactualites\/\",\"name\":\"UQACtualit\u00e9s\",\"description\":\"Le portail des nouvelles de l&#039;UQAC\",\"potentialAction\":[{\"@type\":\"SearchAction\",\"target\":{\"@type\":\"EntryPoint\",\"urlTemplate\":\"https:\/\/www.uqac.ca\/uqactualites\/?s={search_term_string}\"},\"query-input\":{\"@type\":\"PropertyValueSpecification\",\"valueRequired\":true,\"valueName\":\"search_term_string\"}}],\"inLanguage\":\"fr-CA\"},{\"@type\":\"Person\",\"@id\":\"https:\/\/www.uqac.ca\/uqactualites\/#\/schema\/person\/366c45a0c4f0e677b41b4af5886e2018\",\"name\":\"Service des communications et des relations publiques\",\"image\":{\"@type\":\"ImageObject\",\"inLanguage\":\"fr-CA\",\"@id\":\"https:\/\/www.uqac.ca\/uqactualites\/#\/schema\/person\/image\/\",\"url\":\"https:\/\/secure.gravatar.com\/avatar\/20fbbda8a292f59f2d3461a5b999c00b?s=96&d=mm&r=g\",\"contentUrl\":\"https:\/\/secure.gravatar.com\/avatar\/20fbbda8a292f59f2d3461a5b999c00b?s=96&d=mm&r=g\",\"caption\":\"Service des communications et des relations publiques\"},\"url\":\"https:\/\/www.uqac.ca\/uqactualites\/author\/bap\/\"}]}<\/script>\r\n<!-- \/ Yoast SEO plugin. -->","yoast_head_json":{"title":"Danielle Maltais commente les \u00e9v\u00e9nements de Fort McMurray sur plusieurs cha\u00eenes de Radio-Canada au pays - UQACtualit\u00e9s","robots":{"index":"index","follow":"follow","max-snippet":"max-snippet:-1","max-image-preview":"max-image-preview:large","max-video-preview":"max-video-preview:-1"},"canonical":"https:\/\/www.uqac.ca\/uqactualites\/2016\/05\/06\/danielle-maltais-commente-les-evenements-de-fort-mcmurray-sur-plusieurs-chaines-de-radio-canada-au-pays\/","og_locale":"fr_CA","og_type":"article","og_title":"Danielle Maltais commente les \u00e9v\u00e9nements de Fort McMurray sur plusieurs cha\u00eenes de Radio-Canada au pays - UQACtualit\u00e9s","og_description":"Danielle Maltais, professeure au D\u00e9partement des sciences humaines et sociales de l\u2019UQAC et titulaire de la Chaire de recherche sur les \u00e9v\u00e9nements traumatiques, la sant\u00e9 mentale et la r\u00e9silience des individus, a comment\u00e9 les \u00e9v\u00e9nements tragiques qui se d\u00e9roulent en ce moment Fort McMurray sur plusieurs cha\u00eenes de Radio-Canada au pays. De Rimouski \u00e0 Regina [&hellip;]","og_url":"https:\/\/www.uqac.ca\/uqactualites\/2016\/05\/06\/danielle-maltais-commente-les-evenements-de-fort-mcmurray-sur-plusieurs-chaines-de-radio-canada-au-pays\/","og_site_name":"UQACtualit\u00e9s","article_published_time":"2016-05-06T19:10:25+00:00","og_image":[{"width":2560,"height":1251,"url":"https:\/\/www.uqac.ca\/uqactualites\/wp-content\/uploads\/2015\/02\/DSCN5883--scaled.jpg","type":"image\/jpeg"}],"author":"Service des communications et des relations publiques","twitter_card":"summary_large_image","twitter_misc":{"\u00c9crit par":"Service des communications et des relations publiques","Estimation du temps de lecture":"1 minute"},"schema":{"@context":"https:\/\/schema.org","@graph":[{"@type":"WebPage","@id":"https:\/\/www.uqac.ca\/uqactualites\/2016\/05\/06\/danielle-maltais-commente-les-evenements-de-fort-mcmurray-sur-plusieurs-chaines-de-radio-canada-au-pays\/","url":"https:\/\/www.uqac.ca\/uqactualites\/2016\/05\/06\/danielle-maltais-commente-les-evenements-de-fort-mcmurray-sur-plusieurs-chaines-de-radio-canada-au-pays\/","name":"Danielle Maltais commente les \u00e9v\u00e9nements de Fort McMurray sur plusieurs cha\u00eenes de Radio-Canada au pays - UQACtualit\u00e9s","isPartOf":{"@id":"https:\/\/www.uqac.ca\/uqactualites\/#website"},"primaryImageOfPage":{"@id":"https:\/\/www.uqac.ca\/uqactualites\/2016\/05\/06\/danielle-maltais-commente-les-evenements-de-fort-mcmurray-sur-plusieurs-chaines-de-radio-canada-au-pays\/#primaryimage"},"image":{"@id":"https:\/\/www.uqac.ca\/uqactualites\/2016\/05\/06\/danielle-maltais-commente-les-evenements-de-fort-mcmurray-sur-plusieurs-chaines-de-radio-canada-au-pays\/#primaryimage"},"thumbnailUrl":"https:\/\/www.uqac.ca\/uqactualites\/wp-content\/uploads\/2015\/02\/DSCN5883--scaled.jpg","datePublished":"2016-05-06T19:10:25+00:00","dateModified":"2016-05-06T19:10:25+00:00","author":{"@id":"https:\/\/www.uqac.ca\/uqactualites\/#\/schema\/person\/366c45a0c4f0e677b41b4af5886e2018"},"breadcrumb":{"@id":"https:\/\/www.uqac.ca\/uqactualites\/2016\/05\/06\/danielle-maltais-commente-les-evenements-de-fort-mcmurray-sur-plusieurs-chaines-de-radio-canada-au-pays\/#breadcrumb"},"inLanguage":"fr-CA","potentialAction":[{"@type":"ReadAction","target":["https:\/\/www.uqac.ca\/uqactualites\/2016\/05\/06\/danielle-maltais-commente-les-evenements-de-fort-mcmurray-sur-plusieurs-chaines-de-radio-canada-au-pays\/"]}]},{"@type":"ImageObject","inLanguage":"fr-CA","@id":"https:\/\/www.uqac.ca\/uqactualites\/2016\/05\/06\/danielle-maltais-commente-les-evenements-de-fort-mcmurray-sur-plusieurs-chaines-de-radio-canada-au-pays\/#primaryimage","url":"https:\/\/www.uqac.ca\/uqactualites\/wp-content\/uploads\/2015\/02\/DSCN5883--scaled.jpg","contentUrl":"https:\/\/www.uqac.ca\/uqactualites\/wp-content\/uploads\/2015\/02\/DSCN5883--scaled.jpg","width":2560,"height":1251},{"@type":"BreadcrumbList","@id":"https:\/\/www.uqac.ca\/uqactualites\/2016\/05\/06\/danielle-maltais-commente-les-evenements-de-fort-mcmurray-sur-plusieurs-chaines-de-radio-canada-au-pays\/#breadcrumb","itemListElement":[{"@type":"ListItem","position":1,"name":"Home","item":"https:\/\/www.uqac.ca\/uqactualites\/"},{"@type":"ListItem","position":2,"name":"Danielle Maltais commente les \u00e9v\u00e9nements de Fort McMurray sur plusieurs cha\u00eenes de Radio-Canada au pays"}]},{"@type":"WebSite","@id":"https:\/\/www.uqac.ca\/uqactualites\/#website","url":"https:\/\/www.uqac.ca\/uqactualites\/","name":"UQACtualit\u00e9s","description":"Le portail des nouvelles de l&#039;UQAC","potentialAction":[{"@type":"SearchAction","target":{"@type":"EntryPoint","urlTemplate":"https:\/\/www.uqac.ca\/uqactualites\/?s={search_term_string}"},"query-input":{"@type":"PropertyValueSpecification","valueRequired":true,"valueName":"search_term_string"}}],"inLanguage":"fr-CA"},{"@type":"Person","@id":"https:\/\/www.uqac.ca\/uqactualites\/#\/schema\/person\/366c45a0c4f0e677b41b4af5886e2018","name":"Service des communications et des relations publiques","image":{"@type":"ImageObject","inLanguage":"fr-CA","@id":"https:\/\/www.uqac.ca\/uqactualites\/#\/schema\/person\/image\/","url":"https:\/\/secure.gravatar.com\/avatar\/20fbbda8a292f59f2d3461a5b999c00b?s=96&d=mm&r=g","contentUrl":"https:\/\/secure.gravatar.com\/avatar\/20fbbda8a292f59f2d3461a5b999c00b?s=96&d=mm&r=g","caption":"Service des communications et des relations publiques"},"url":"https:\/\/www.uqac.ca\/uqactualites\/author\/bap\/"}]}},"_links":{"self":[{"href":"https:\/\/www.uqac.ca\/uqactualites\/wp-json\/wp\/v2\/posts\/32037"}],"collection":[{"href":"https:\/\/www.uqac.ca\/uqactualites\/wp-json\/wp\/v2\/posts"}],"about":[{"href":"https:\/\/www.uqac.ca\/uqactualites\/wp-json\/wp\/v2\/types\/post"}],"author":[{"embeddable":true,"href":"https:\/\/www.uqac.ca\/uqactualites\/wp-json\/wp\/v2\/users\/5"}],"replies":[{"embeddable":true,"href":"https:\/\/www.uqac.ca\/uqactualites\/wp-json\/wp\/v2\/comments?post=32037"}],"version-history":[{"count":0,"href":"https:\/\/www.uqac.ca\/uqactualites\/wp-json\/wp\/v2\/posts\/32037\/revisions"}],"wp:featuredmedia":[{"embeddable":true,"href":"https:\/\/www.uqac.ca\/uqactualites\/wp-json\/wp\/v2\/media\/29381"}],"wp:attachment":[{"href":"https:\/\/www.uqac.ca\/uqactualites\/wp-json\/wp\/v2\/media?parent=32037"}],"wp:term":[{"taxonomy":"category","embeddable":true,"href":"https:\/\/www.uqac.ca\/uqactualites\/wp-json\/wp\/v2\/categories?post=32037"},{"taxonomy":"post_tag","embeddable":true,"href":"https:\/\/www.uqac.ca\/uqactualites\/wp-json\/wp\/v2\/tags?post=32037"}],"curies":[{"name":"wp","href":"https:\/\/api.w.org\/{rel}","templated":true}]}}