{"id":32040,"date":"2016-05-09T09:58:18","date_gmt":"2016-05-09T13:58:18","guid":{"rendered":"http:\/\/uqactualite.odev.ca\/?p=32040"},"modified":"2016-05-09T09:58:18","modified_gmt":"2016-05-09T13:58:18","slug":"84e-congres-de-lacfas-plus-de-50-professeurs-et-charges-de-cours-de-luqac-au-rendez-vous","status":"publish","type":"post","link":"https:\/\/www.uqac.ca\/uqactualites\/2016\/05\/09\/84e-congres-de-lacfas-plus-de-50-professeurs-et-charges-de-cours-de-luqac-au-rendez-vous\/","title":{"rendered":"84e Congr\u00e8s de l\u2019Acfas\u00a0:\u00a0Plus de 50 \u00a0professeurs et charg\u00e9s de cours de l\u2019UQAC au rendez-vous"},"content":{"rendered":"<p style=\"text-align: justify\">Ce sont plus de 50 professeurs et charg\u00e9s de cours de l\u2019UQAC qui sont de la partie \u00e0 l\u2019occasion du 84<sup>e<\/sup> Congr\u00e8s de l\u2019Acfas, le plus grand rassemblement multidisciplinaire du savoir et de la recherche de la Francophonie. Propos\u00e9 du 9 au 13 mai \u00e0 l\u2019UQAM sous le th\u00e8me \u00ab\u00a0Points de rencontre\u00a0\u00bb, l\u2019\u00e9v\u00e9nement rassemble des milliers de chercheurs et d\u2019utilisateurs de la recherche.<\/p>\n<p style=\"text-align: justify\">Pour conna\u00eetre les diverses communications propos\u00e9es par nos conf\u00e9renciers de l\u2019UQAC, consultez le <span style=\"text-decoration: underline\"><a href=\"http:\/\/www.acfas.ca\/evenements\/congres\/programme\/84\/index-universites\/3198\" target=\"_blank\" rel=\"noopener\">site Web de l\u2019Acfas<\/a><\/span>.<\/p>\n<p style=\"text-align: justify\">Rappelons que la <span style=\"text-decoration: underline\"><a href=\"http:\/\/www.acfas.ca\/prix-concours\/ma-these-en-180-secondes\/finale-nationale\" target=\"_blank\" rel=\"noopener\">finale nationale du concours \u00ab\u00a0Ma th\u00e8se en 180 secondes\u00a0\u00bb<\/a><\/span>, qui f\u00eate cette ann\u00e9e ses 5 ans, aura \u00e9galement lieu dans le cadre du Congr\u00e8s. \u00c9tudiant au <span style=\"text-decoration: underline\"><a href=\"http:\/\/programmes.uqac.ca\/3737\" target=\"_blank\" rel=\"noopener\">doctorat en ing\u00e9nierie<\/a><\/span> et gagnant de la <span style=\"text-decoration: underline\"><a href=\"http:\/\/uqactualite.odev.ca\/adam-chehouri-representera-luqac-a-la-finale-provinciale-du-concours-ma-these-en-180-secondes\/\" target=\"_blank\" rel=\"noopener\">finale locale tenue en mars dernier<\/a><\/span>, Adam Chehouri y repr\u00e9sentera l\u2019UQAC avec une pr\u00e9sentation de 3\u00a0minutes tapantes des plus inusit\u00e9es!<\/p>\n<p style=\"text-align: justify\">Merci \u00e0 tous ces membres de la communaut\u00e9 universitaire qui font rayonner l\u2019UQAC au-del\u00e0 de nos fronti\u00e8res r\u00e9gionales et nationales!<\/p>\n<p style=\"text-align: justify\">\n<p style=\"text-align: justify\"><span style=\"color: #808080\">\u00a9Guylain Doyle<\/span><\/p>\n","protected":false},"excerpt":{"rendered":"<p>Ce sont plus de 50 professeurs et charg\u00e9s de cours de l\u2019UQAC qui sont de la partie \u00e0 l\u2019occasion du 84e Congr\u00e8s de l\u2019Acfas, le plus grand rassemblement multidisciplinaire du savoir et de la recherche de la Francophonie. Propos\u00e9 du 9 au 13 mai \u00e0 l\u2019UQAM sous le th\u00e8me \u00ab\u00a0Points de rencontre\u00a0\u00bb, l\u2019\u00e9v\u00e9nement rassemble des [&hellip;]<\/p>\n","protected":false},"author":5,"featured_media":27528,"comment_status":"open","ping_status":"open","sticky":false,"template":"","format":"standard","meta":{"footnotes":""},"categories":[2,61],"tags":[],"yoast_head":"<!-- This site is optimized with the Yoast SEO plugin v24.2 - https:\/\/yoast.com\/wordpress\/plugins\/seo\/ -->\r\n<title>84e Congr\u00e8s de l\u2019Acfas\u00a0:\u00a0Plus de 50 \u00a0professeurs et charg\u00e9s de cours de l\u2019UQAC au rendez-vous - UQACtualit\u00e9s<\/title>\r\n<meta name=\"robots\" content=\"index, follow, max-snippet:-1, max-image-preview:large, max-video-preview:-1\" \/>\r\n<link rel=\"canonical\" href=\"https:\/\/www.uqac.ca\/uqactualites\/2016\/05\/09\/84e-congres-de-lacfas-plus-de-50-professeurs-et-charges-de-cours-de-luqac-au-rendez-vous\/\" \/>\r\n<meta property=\"og:locale\" content=\"fr_CA\" \/>\r\n<meta property=\"og:type\" content=\"article\" \/>\r\n<meta property=\"og:title\" content=\"84e Congr\u00e8s de l\u2019Acfas\u00a0:\u00a0Plus de 50 \u00a0professeurs et charg\u00e9s de cours de l\u2019UQAC au rendez-vous - UQACtualit\u00e9s\" \/>\r\n<meta property=\"og:description\" content=\"Ce sont plus de 50 professeurs et charg\u00e9s de cours de l\u2019UQAC qui sont de la partie \u00e0 l\u2019occasion du 84e Congr\u00e8s de l\u2019Acfas, le plus grand rassemblement multidisciplinaire du savoir et de la recherche de la Francophonie. Propos\u00e9 du 9 au 13 mai \u00e0 l\u2019UQAM sous le th\u00e8me \u00ab\u00a0Points de rencontre\u00a0\u00bb, l\u2019\u00e9v\u00e9nement rassemble des [&hellip;]\" \/>\r\n<meta property=\"og:url\" content=\"https:\/\/www.uqac.ca\/uqactualites\/2016\/05\/09\/84e-congres-de-lacfas-plus-de-50-professeurs-et-charges-de-cours-de-luqac-au-rendez-vous\/\" \/>\r\n<meta property=\"og:site_name\" content=\"UQACtualit\u00e9s\" \/>\r\n<meta property=\"article:published_time\" content=\"2016-05-09T13:58:18+00:00\" \/>\r\n<meta property=\"og:image\" content=\"https:\/\/www.uqac.ca\/uqactualites\/wp-content\/uploads\/2014\/04\/UQAC-Web-\u00a9Guylain-Doyle.jpg\" \/>\r\n\t<meta property=\"og:image:width\" content=\"620\" \/>\r\n\t<meta property=\"og:image:height\" content=\"300\" \/>\r\n\t<meta property=\"og:image:type\" content=\"image\/jpeg\" \/>\r\n<meta name=\"author\" content=\"Service des communications et des relations publiques\" \/>\r\n<meta name=\"twitter:card\" content=\"summary_large_image\" \/>\r\n<meta name=\"twitter:label1\" content=\"\u00c9crit par\" \/>\n\t<meta name=\"twitter:data1\" content=\"Service des communications et des relations publiques\" \/>\n\t<meta name=\"twitter:label2\" content=\"Estimation du temps de lecture\" \/>\n\t<meta name=\"twitter:data2\" content=\"1 minute\" \/>\r\n<script type=\"application\/ld+json\" class=\"yoast-schema-graph\">{\"@context\":\"https:\/\/schema.org\",\"@graph\":[{\"@type\":\"WebPage\",\"@id\":\"https:\/\/www.uqac.ca\/uqactualites\/2016\/05\/09\/84e-congres-de-lacfas-plus-de-50-professeurs-et-charges-de-cours-de-luqac-au-rendez-vous\/\",\"url\":\"https:\/\/www.uqac.ca\/uqactualites\/2016\/05\/09\/84e-congres-de-lacfas-plus-de-50-professeurs-et-charges-de-cours-de-luqac-au-rendez-vous\/\",\"name\":\"84e Congr\u00e8s de l\u2019Acfas\u00a0:\u00a0Plus de 50 \u00a0professeurs et charg\u00e9s de cours de l\u2019UQAC au rendez-vous - UQACtualit\u00e9s\",\"isPartOf\":{\"@id\":\"https:\/\/www.uqac.ca\/uqactualites\/#website\"},\"primaryImageOfPage\":{\"@id\":\"https:\/\/www.uqac.ca\/uqactualites\/2016\/05\/09\/84e-congres-de-lacfas-plus-de-50-professeurs-et-charges-de-cours-de-luqac-au-rendez-vous\/#primaryimage\"},\"image\":{\"@id\":\"https:\/\/www.uqac.ca\/uqactualites\/2016\/05\/09\/84e-congres-de-lacfas-plus-de-50-professeurs-et-charges-de-cours-de-luqac-au-rendez-vous\/#primaryimage\"},\"thumbnailUrl\":\"https:\/\/www.uqac.ca\/uqactualites\/wp-content\/uploads\/2014\/04\/UQAC-Web-\u00a9Guylain-Doyle.jpg\",\"datePublished\":\"2016-05-09T13:58:18+00:00\",\"dateModified\":\"2016-05-09T13:58:18+00:00\",\"author\":{\"@id\":\"https:\/\/www.uqac.ca\/uqactualites\/#\/schema\/person\/366c45a0c4f0e677b41b4af5886e2018\"},\"breadcrumb\":{\"@id\":\"https:\/\/www.uqac.ca\/uqactualites\/2016\/05\/09\/84e-congres-de-lacfas-plus-de-50-professeurs-et-charges-de-cours-de-luqac-au-rendez-vous\/#breadcrumb\"},\"inLanguage\":\"fr-CA\",\"potentialAction\":[{\"@type\":\"ReadAction\",\"target\":[\"https:\/\/www.uqac.ca\/uqactualites\/2016\/05\/09\/84e-congres-de-lacfas-plus-de-50-professeurs-et-charges-de-cours-de-luqac-au-rendez-vous\/\"]}]},{\"@type\":\"ImageObject\",\"inLanguage\":\"fr-CA\",\"@id\":\"https:\/\/www.uqac.ca\/uqactualites\/2016\/05\/09\/84e-congres-de-lacfas-plus-de-50-professeurs-et-charges-de-cours-de-luqac-au-rendez-vous\/#primaryimage\",\"url\":\"https:\/\/www.uqac.ca\/uqactualites\/wp-content\/uploads\/2014\/04\/UQAC-Web-\u00a9Guylain-Doyle.jpg\",\"contentUrl\":\"https:\/\/www.uqac.ca\/uqactualites\/wp-content\/uploads\/2014\/04\/UQAC-Web-\u00a9Guylain-Doyle.jpg\",\"width\":620,\"height\":300},{\"@type\":\"BreadcrumbList\",\"@id\":\"https:\/\/www.uqac.ca\/uqactualites\/2016\/05\/09\/84e-congres-de-lacfas-plus-de-50-professeurs-et-charges-de-cours-de-luqac-au-rendez-vous\/#breadcrumb\",\"itemListElement\":[{\"@type\":\"ListItem\",\"position\":1,\"name\":\"Home\",\"item\":\"https:\/\/www.uqac.ca\/uqactualites\/\"},{\"@type\":\"ListItem\",\"position\":2,\"name\":\"84e Congr\u00e8s de l\u2019Acfas\u00a0:\u00a0Plus de 50 \u00a0professeurs et charg\u00e9s de cours de l\u2019UQAC au rendez-vous\"}]},{\"@type\":\"WebSite\",\"@id\":\"https:\/\/www.uqac.ca\/uqactualites\/#website\",\"url\":\"https:\/\/www.uqac.ca\/uqactualites\/\",\"name\":\"UQACtualit\u00e9s\",\"description\":\"Le portail des nouvelles de l&#039;UQAC\",\"potentialAction\":[{\"@type\":\"SearchAction\",\"target\":{\"@type\":\"EntryPoint\",\"urlTemplate\":\"https:\/\/www.uqac.ca\/uqactualites\/?s={search_term_string}\"},\"query-input\":{\"@type\":\"PropertyValueSpecification\",\"valueRequired\":true,\"valueName\":\"search_term_string\"}}],\"inLanguage\":\"fr-CA\"},{\"@type\":\"Person\",\"@id\":\"https:\/\/www.uqac.ca\/uqactualites\/#\/schema\/person\/366c45a0c4f0e677b41b4af5886e2018\",\"name\":\"Service des communications et des relations publiques\",\"image\":{\"@type\":\"ImageObject\",\"inLanguage\":\"fr-CA\",\"@id\":\"https:\/\/www.uqac.ca\/uqactualites\/#\/schema\/person\/image\/\",\"url\":\"https:\/\/secure.gravatar.com\/avatar\/20fbbda8a292f59f2d3461a5b999c00b?s=96&d=mm&r=g\",\"contentUrl\":\"https:\/\/secure.gravatar.com\/avatar\/20fbbda8a292f59f2d3461a5b999c00b?s=96&d=mm&r=g\",\"caption\":\"Service des communications et des relations publiques\"},\"url\":\"https:\/\/www.uqac.ca\/uqactualites\/author\/bap\/\"}]}<\/script>\r\n<!-- \/ Yoast SEO plugin. -->","yoast_head_json":{"title":"84e Congr\u00e8s de l\u2019Acfas\u00a0:\u00a0Plus de 50 \u00a0professeurs et charg\u00e9s de cours de l\u2019UQAC au rendez-vous - UQACtualit\u00e9s","robots":{"index":"index","follow":"follow","max-snippet":"max-snippet:-1","max-image-preview":"max-image-preview:large","max-video-preview":"max-video-preview:-1"},"canonical":"https:\/\/www.uqac.ca\/uqactualites\/2016\/05\/09\/84e-congres-de-lacfas-plus-de-50-professeurs-et-charges-de-cours-de-luqac-au-rendez-vous\/","og_locale":"fr_CA","og_type":"article","og_title":"84e Congr\u00e8s de l\u2019Acfas\u00a0:\u00a0Plus de 50 \u00a0professeurs et charg\u00e9s de cours de l\u2019UQAC au rendez-vous - UQACtualit\u00e9s","og_description":"Ce sont plus de 50 professeurs et charg\u00e9s de cours de l\u2019UQAC qui sont de la partie \u00e0 l\u2019occasion du 84e Congr\u00e8s de l\u2019Acfas, le plus grand rassemblement multidisciplinaire du savoir et de la recherche de la Francophonie. Propos\u00e9 du 9 au 13 mai \u00e0 l\u2019UQAM sous le th\u00e8me \u00ab\u00a0Points de rencontre\u00a0\u00bb, l\u2019\u00e9v\u00e9nement rassemble des [&hellip;]","og_url":"https:\/\/www.uqac.ca\/uqactualites\/2016\/05\/09\/84e-congres-de-lacfas-plus-de-50-professeurs-et-charges-de-cours-de-luqac-au-rendez-vous\/","og_site_name":"UQACtualit\u00e9s","article_published_time":"2016-05-09T13:58:18+00:00","og_image":[{"width":620,"height":300,"url":"https:\/\/www.uqac.ca\/uqactualites\/wp-content\/uploads\/2014\/04\/UQAC-Web-\u00a9Guylain-Doyle.jpg","type":"image\/jpeg"}],"author":"Service des communications et des relations publiques","twitter_card":"summary_large_image","twitter_misc":{"\u00c9crit par":"Service des communications et des relations publiques","Estimation du temps de lecture":"1 minute"},"schema":{"@context":"https:\/\/schema.org","@graph":[{"@type":"WebPage","@id":"https:\/\/www.uqac.ca\/uqactualites\/2016\/05\/09\/84e-congres-de-lacfas-plus-de-50-professeurs-et-charges-de-cours-de-luqac-au-rendez-vous\/","url":"https:\/\/www.uqac.ca\/uqactualites\/2016\/05\/09\/84e-congres-de-lacfas-plus-de-50-professeurs-et-charges-de-cours-de-luqac-au-rendez-vous\/","name":"84e Congr\u00e8s de l\u2019Acfas\u00a0:\u00a0Plus de 50 \u00a0professeurs et charg\u00e9s de cours de l\u2019UQAC au rendez-vous - UQACtualit\u00e9s","isPartOf":{"@id":"https:\/\/www.uqac.ca\/uqactualites\/#website"},"primaryImageOfPage":{"@id":"https:\/\/www.uqac.ca\/uqactualites\/2016\/05\/09\/84e-congres-de-lacfas-plus-de-50-professeurs-et-charges-de-cours-de-luqac-au-rendez-vous\/#primaryimage"},"image":{"@id":"https:\/\/www.uqac.ca\/uqactualites\/2016\/05\/09\/84e-congres-de-lacfas-plus-de-50-professeurs-et-charges-de-cours-de-luqac-au-rendez-vous\/#primaryimage"},"thumbnailUrl":"https:\/\/www.uqac.ca\/uqactualites\/wp-content\/uploads\/2014\/04\/UQAC-Web-\u00a9Guylain-Doyle.jpg","datePublished":"2016-05-09T13:58:18+00:00","dateModified":"2016-05-09T13:58:18+00:00","author":{"@id":"https:\/\/www.uqac.ca\/uqactualites\/#\/schema\/person\/366c45a0c4f0e677b41b4af5886e2018"},"breadcrumb":{"@id":"https:\/\/www.uqac.ca\/uqactualites\/2016\/05\/09\/84e-congres-de-lacfas-plus-de-50-professeurs-et-charges-de-cours-de-luqac-au-rendez-vous\/#breadcrumb"},"inLanguage":"fr-CA","potentialAction":[{"@type":"ReadAction","target":["https:\/\/www.uqac.ca\/uqactualites\/2016\/05\/09\/84e-congres-de-lacfas-plus-de-50-professeurs-et-charges-de-cours-de-luqac-au-rendez-vous\/"]}]},{"@type":"ImageObject","inLanguage":"fr-CA","@id":"https:\/\/www.uqac.ca\/uqactualites\/2016\/05\/09\/84e-congres-de-lacfas-plus-de-50-professeurs-et-charges-de-cours-de-luqac-au-rendez-vous\/#primaryimage","url":"https:\/\/www.uqac.ca\/uqactualites\/wp-content\/uploads\/2014\/04\/UQAC-Web-\u00a9Guylain-Doyle.jpg","contentUrl":"https:\/\/www.uqac.ca\/uqactualites\/wp-content\/uploads\/2014\/04\/UQAC-Web-\u00a9Guylain-Doyle.jpg","width":620,"height":300},{"@type":"BreadcrumbList","@id":"https:\/\/www.uqac.ca\/uqactualites\/2016\/05\/09\/84e-congres-de-lacfas-plus-de-50-professeurs-et-charges-de-cours-de-luqac-au-rendez-vous\/#breadcrumb","itemListElement":[{"@type":"ListItem","position":1,"name":"Home","item":"https:\/\/www.uqac.ca\/uqactualites\/"},{"@type":"ListItem","position":2,"name":"84e Congr\u00e8s de l\u2019Acfas\u00a0:\u00a0Plus de 50 \u00a0professeurs et charg\u00e9s de cours de l\u2019UQAC au rendez-vous"}]},{"@type":"WebSite","@id":"https:\/\/www.uqac.ca\/uqactualites\/#website","url":"https:\/\/www.uqac.ca\/uqactualites\/","name":"UQACtualit\u00e9s","description":"Le portail des nouvelles de l&#039;UQAC","potentialAction":[{"@type":"SearchAction","target":{"@type":"EntryPoint","urlTemplate":"https:\/\/www.uqac.ca\/uqactualites\/?s={search_term_string}"},"query-input":{"@type":"PropertyValueSpecification","valueRequired":true,"valueName":"search_term_string"}}],"inLanguage":"fr-CA"},{"@type":"Person","@id":"https:\/\/www.uqac.ca\/uqactualites\/#\/schema\/person\/366c45a0c4f0e677b41b4af5886e2018","name":"Service des communications et des relations publiques","image":{"@type":"ImageObject","inLanguage":"fr-CA","@id":"https:\/\/www.uqac.ca\/uqactualites\/#\/schema\/person\/image\/","url":"https:\/\/secure.gravatar.com\/avatar\/20fbbda8a292f59f2d3461a5b999c00b?s=96&d=mm&r=g","contentUrl":"https:\/\/secure.gravatar.com\/avatar\/20fbbda8a292f59f2d3461a5b999c00b?s=96&d=mm&r=g","caption":"Service des communications et des relations publiques"},"url":"https:\/\/www.uqac.ca\/uqactualites\/author\/bap\/"}]}},"_links":{"self":[{"href":"https:\/\/www.uqac.ca\/uqactualites\/wp-json\/wp\/v2\/posts\/32040"}],"collection":[{"href":"https:\/\/www.uqac.ca\/uqactualites\/wp-json\/wp\/v2\/posts"}],"about":[{"href":"https:\/\/www.uqac.ca\/uqactualites\/wp-json\/wp\/v2\/types\/post"}],"author":[{"embeddable":true,"href":"https:\/\/www.uqac.ca\/uqactualites\/wp-json\/wp\/v2\/users\/5"}],"replies":[{"embeddable":true,"href":"https:\/\/www.uqac.ca\/uqactualites\/wp-json\/wp\/v2\/comments?post=32040"}],"version-history":[{"count":0,"href":"https:\/\/www.uqac.ca\/uqactualites\/wp-json\/wp\/v2\/posts\/32040\/revisions"}],"wp:featuredmedia":[{"embeddable":true,"href":"https:\/\/www.uqac.ca\/uqactualites\/wp-json\/wp\/v2\/media\/27528"}],"wp:attachment":[{"href":"https:\/\/www.uqac.ca\/uqactualites\/wp-json\/wp\/v2\/media?parent=32040"}],"wp:term":[{"taxonomy":"category","embeddable":true,"href":"https:\/\/www.uqac.ca\/uqactualites\/wp-json\/wp\/v2\/categories?post=32040"},{"taxonomy":"post_tag","embeddable":true,"href":"https:\/\/www.uqac.ca\/uqactualites\/wp-json\/wp\/v2\/tags?post=32040"}],"curies":[{"name":"wp","href":"https:\/\/api.w.org\/{rel}","templated":true}]}}