{"id":32069,"date":"2016-05-11T14:03:56","date_gmt":"2016-05-11T18:03:56","guid":{"rendered":"http:\/\/uqactualite.odev.ca\/?p=32069"},"modified":"2016-05-11T14:03:56","modified_gmt":"2016-05-11T18:03:56","slug":"imaginad-2016-un-reel-succes-de-creativite","status":"publish","type":"post","link":"https:\/\/www.uqac.ca\/uqactualites\/2016\/05\/11\/imaginad-2016-un-reel-succes-de-creativite\/","title":{"rendered":"IMAGINAD 2016\u00a0: un r\u00e9el succ\u00e8s de cr\u00e9ativit\u00e9"},"content":{"rendered":"<p style=\"text-align: justify\">C\u2019est en pr\u00e9sence de plus de 800 personnes, dont pr\u00e8s de 300 membres de l\u2019industrie des arts num\u00e9riques, que s\u2019est d\u00e9roul\u00e9e le 9 mai dernier au RIALTO (Montr\u00e9al) la 4<sup>e<\/sup>\u00a0\u00e9dition de la pr\u00e9sentation IMAGINAD.<\/p>\n<p style=\"text-align: justify\">Organis\u00e9e par le NAD (\u00c9cole des arts num\u00e9riques, de l\u2019animation et du design de l\u2019UQAC), cette soir\u00e9e o\u00f9 la cr\u00e9ativit\u00e9 se mat\u00e9rialise dans les projets \u00e9tudiants est devenue un rendez-vous incontournable pour constater en direct tout le talent exprim\u00e9 par les futurs dipl\u00f4m\u00e9s de baccalaur\u00e9at et de la ma\u00eetrise du NAD.<\/p>\n<p style=\"text-align: justify\">Selon Suzanne Gu\u00e8vremont, directrice g\u00e9n\u00e9rale de l\u2019\u00c9cole, cette rencontre est une occasion privil\u00e9gi\u00e9e, en particulier pour les membres de l\u2019industrie, d\u2019appr\u00e9cier tout le savoir-faire et la comp\u00e9tence que les \u00e9tudiants ont d\u00e9velopp\u00e9s lors de leur passage au NAD. De plus, elle permet aux finissants de partager avec les leaders du monde num\u00e9rique toute la passion qui les anime. Elle a \u00e9galement tenu \u00e0 souligner l\u2019excellent travail de toute l\u2019\u00e9quipe du NAD, qui accompagne les \u00e9tudiants dans la r\u00e9ussite de leurs \u00e9tudes, sans oublier la contribution exceptionnelle des partenaires, sans qui un tel \u00e9v\u00e8nement ne pourrait avoir lieu.<\/p>\n<p style=\"text-align: justify\"><strong>\u00c0 propos du NAD<br \/>\n<\/strong>Fond\u00e9e en 1992 et situ\u00e9e \u00e0 Montr\u00e9al,\u00a0 l\u2019\u00c9cole des arts num\u00e9riques, de l\u2019animation et du design (NAD) de l\u2019Universit\u00e9 du Qu\u00e9bec \u00e0 Chicoutimi est un \u00e9tablissement de formation et de recherche-d\u00e9veloppement en animation 3D, effets visuels, design et arts num\u00e9riques. Le NAD a form\u00e9 au fil des ans des milliers d\u2019animateurs 3D qui travaillent aujourd\u2019hui dans les domaines du cin\u00e9ma, de la t\u00e9l\u00e9vision et du jeu vid\u00e9o au sein d\u2019entreprises r\u00e9put\u00e9es \u00e0 travers le monde.<\/p>\n","protected":false},"excerpt":{"rendered":"<p>C\u2019est en pr\u00e9sence de plus de 800 personnes, dont pr\u00e8s de 300 membres de l\u2019industrie des arts num\u00e9riques, que s\u2019est d\u00e9roul\u00e9e le 9 mai dernier au RIALTO (Montr\u00e9al) la 4e\u00a0\u00e9dition de la pr\u00e9sentation IMAGINAD. Organis\u00e9e par le NAD (\u00c9cole des arts num\u00e9riques, de l\u2019animation et du design de l\u2019UQAC), cette soir\u00e9e o\u00f9 la cr\u00e9ativit\u00e9 se [&hellip;]<\/p>\n","protected":false},"author":5,"featured_media":32070,"comment_status":"open","ping_status":"open","sticky":false,"template":"","format":"standard","meta":{"footnotes":""},"categories":[2,61],"tags":[],"yoast_head":"<!-- This site is optimized with the Yoast SEO plugin v24.2 - https:\/\/yoast.com\/wordpress\/plugins\/seo\/ -->\r\n<title>IMAGINAD 2016\u00a0: un r\u00e9el succ\u00e8s de cr\u00e9ativit\u00e9 - UQACtualit\u00e9s<\/title>\r\n<meta name=\"robots\" content=\"index, follow, max-snippet:-1, max-image-preview:large, max-video-preview:-1\" \/>\r\n<link rel=\"canonical\" href=\"https:\/\/www.uqac.ca\/uqactualites\/2016\/05\/11\/imaginad-2016-un-reel-succes-de-creativite\/\" \/>\r\n<meta property=\"og:locale\" content=\"fr_CA\" \/>\r\n<meta property=\"og:type\" content=\"article\" \/>\r\n<meta property=\"og:title\" content=\"IMAGINAD 2016\u00a0: un r\u00e9el succ\u00e8s de cr\u00e9ativit\u00e9 - UQACtualit\u00e9s\" \/>\r\n<meta property=\"og:description\" content=\"C\u2019est en pr\u00e9sence de plus de 800 personnes, dont pr\u00e8s de 300 membres de l\u2019industrie des arts num\u00e9riques, que s\u2019est d\u00e9roul\u00e9e le 9 mai dernier au RIALTO (Montr\u00e9al) la 4e\u00a0\u00e9dition de la pr\u00e9sentation IMAGINAD. Organis\u00e9e par le NAD (\u00c9cole des arts num\u00e9riques, de l\u2019animation et du design de l\u2019UQAC), cette soir\u00e9e o\u00f9 la cr\u00e9ativit\u00e9 se [&hellip;]\" \/>\r\n<meta property=\"og:url\" content=\"https:\/\/www.uqac.ca\/uqactualites\/2016\/05\/11\/imaginad-2016-un-reel-succes-de-creativite\/\" \/>\r\n<meta property=\"og:site_name\" content=\"UQACtualit\u00e9s\" \/>\r\n<meta property=\"article:published_time\" content=\"2016-05-11T18:03:56+00:00\" \/>\r\n<meta property=\"og:image\" content=\"https:\/\/www.uqac.ca\/uqactualites\/wp-content\/uploads\/2016\/05\/IMAGINAD-Web-Gracieuset\u00e9.jpg\" \/>\r\n\t<meta property=\"og:image:width\" content=\"620\" \/>\r\n\t<meta property=\"og:image:height\" content=\"300\" \/>\r\n\t<meta property=\"og:image:type\" content=\"image\/jpeg\" \/>\r\n<meta name=\"author\" content=\"Service des communications et des relations publiques\" \/>\r\n<meta name=\"twitter:card\" content=\"summary_large_image\" \/>\r\n<meta name=\"twitter:label1\" content=\"\u00c9crit par\" \/>\n\t<meta name=\"twitter:data1\" content=\"Service des communications et des relations publiques\" \/>\n\t<meta name=\"twitter:label2\" content=\"Estimation du temps de lecture\" \/>\n\t<meta name=\"twitter:data2\" content=\"2 minutes\" \/>\r\n<script type=\"application\/ld+json\" class=\"yoast-schema-graph\">{\"@context\":\"https:\/\/schema.org\",\"@graph\":[{\"@type\":\"WebPage\",\"@id\":\"https:\/\/www.uqac.ca\/uqactualites\/2016\/05\/11\/imaginad-2016-un-reel-succes-de-creativite\/\",\"url\":\"https:\/\/www.uqac.ca\/uqactualites\/2016\/05\/11\/imaginad-2016-un-reel-succes-de-creativite\/\",\"name\":\"IMAGINAD 2016\u00a0: un r\u00e9el succ\u00e8s de cr\u00e9ativit\u00e9 - UQACtualit\u00e9s\",\"isPartOf\":{\"@id\":\"https:\/\/www.uqac.ca\/uqactualites\/#website\"},\"primaryImageOfPage\":{\"@id\":\"https:\/\/www.uqac.ca\/uqactualites\/2016\/05\/11\/imaginad-2016-un-reel-succes-de-creativite\/#primaryimage\"},\"image\":{\"@id\":\"https:\/\/www.uqac.ca\/uqactualites\/2016\/05\/11\/imaginad-2016-un-reel-succes-de-creativite\/#primaryimage\"},\"thumbnailUrl\":\"https:\/\/www.uqac.ca\/uqactualites\/wp-content\/uploads\/2016\/05\/IMAGINAD-Web-Gracieuset\u00e9.jpg\",\"datePublished\":\"2016-05-11T18:03:56+00:00\",\"dateModified\":\"2016-05-11T18:03:56+00:00\",\"author\":{\"@id\":\"https:\/\/www.uqac.ca\/uqactualites\/#\/schema\/person\/366c45a0c4f0e677b41b4af5886e2018\"},\"breadcrumb\":{\"@id\":\"https:\/\/www.uqac.ca\/uqactualites\/2016\/05\/11\/imaginad-2016-un-reel-succes-de-creativite\/#breadcrumb\"},\"inLanguage\":\"fr-CA\",\"potentialAction\":[{\"@type\":\"ReadAction\",\"target\":[\"https:\/\/www.uqac.ca\/uqactualites\/2016\/05\/11\/imaginad-2016-un-reel-succes-de-creativite\/\"]}]},{\"@type\":\"ImageObject\",\"inLanguage\":\"fr-CA\",\"@id\":\"https:\/\/www.uqac.ca\/uqactualites\/2016\/05\/11\/imaginad-2016-un-reel-succes-de-creativite\/#primaryimage\",\"url\":\"https:\/\/www.uqac.ca\/uqactualites\/wp-content\/uploads\/2016\/05\/IMAGINAD-Web-Gracieuset\u00e9.jpg\",\"contentUrl\":\"https:\/\/www.uqac.ca\/uqactualites\/wp-content\/uploads\/2016\/05\/IMAGINAD-Web-Gracieuset\u00e9.jpg\",\"width\":620,\"height\":300},{\"@type\":\"BreadcrumbList\",\"@id\":\"https:\/\/www.uqac.ca\/uqactualites\/2016\/05\/11\/imaginad-2016-un-reel-succes-de-creativite\/#breadcrumb\",\"itemListElement\":[{\"@type\":\"ListItem\",\"position\":1,\"name\":\"Home\",\"item\":\"https:\/\/www.uqac.ca\/uqactualites\/\"},{\"@type\":\"ListItem\",\"position\":2,\"name\":\"IMAGINAD 2016\u00a0: un r\u00e9el succ\u00e8s de cr\u00e9ativit\u00e9\"}]},{\"@type\":\"WebSite\",\"@id\":\"https:\/\/www.uqac.ca\/uqactualites\/#website\",\"url\":\"https:\/\/www.uqac.ca\/uqactualites\/\",\"name\":\"UQACtualit\u00e9s\",\"description\":\"Le portail des nouvelles de l&#039;UQAC\",\"potentialAction\":[{\"@type\":\"SearchAction\",\"target\":{\"@type\":\"EntryPoint\",\"urlTemplate\":\"https:\/\/www.uqac.ca\/uqactualites\/?s={search_term_string}\"},\"query-input\":{\"@type\":\"PropertyValueSpecification\",\"valueRequired\":true,\"valueName\":\"search_term_string\"}}],\"inLanguage\":\"fr-CA\"},{\"@type\":\"Person\",\"@id\":\"https:\/\/www.uqac.ca\/uqactualites\/#\/schema\/person\/366c45a0c4f0e677b41b4af5886e2018\",\"name\":\"Service des communications et des relations publiques\",\"image\":{\"@type\":\"ImageObject\",\"inLanguage\":\"fr-CA\",\"@id\":\"https:\/\/www.uqac.ca\/uqactualites\/#\/schema\/person\/image\/\",\"url\":\"https:\/\/secure.gravatar.com\/avatar\/20fbbda8a292f59f2d3461a5b999c00b?s=96&d=mm&r=g\",\"contentUrl\":\"https:\/\/secure.gravatar.com\/avatar\/20fbbda8a292f59f2d3461a5b999c00b?s=96&d=mm&r=g\",\"caption\":\"Service des communications et des relations publiques\"},\"url\":\"https:\/\/www.uqac.ca\/uqactualites\/author\/bap\/\"}]}<\/script>\r\n<!-- \/ Yoast SEO plugin. -->","yoast_head_json":{"title":"IMAGINAD 2016\u00a0: un r\u00e9el succ\u00e8s de cr\u00e9ativit\u00e9 - UQACtualit\u00e9s","robots":{"index":"index","follow":"follow","max-snippet":"max-snippet:-1","max-image-preview":"max-image-preview:large","max-video-preview":"max-video-preview:-1"},"canonical":"https:\/\/www.uqac.ca\/uqactualites\/2016\/05\/11\/imaginad-2016-un-reel-succes-de-creativite\/","og_locale":"fr_CA","og_type":"article","og_title":"IMAGINAD 2016\u00a0: un r\u00e9el succ\u00e8s de cr\u00e9ativit\u00e9 - UQACtualit\u00e9s","og_description":"C\u2019est en pr\u00e9sence de plus de 800 personnes, dont pr\u00e8s de 300 membres de l\u2019industrie des arts num\u00e9riques, que s\u2019est d\u00e9roul\u00e9e le 9 mai dernier au RIALTO (Montr\u00e9al) la 4e\u00a0\u00e9dition de la pr\u00e9sentation IMAGINAD. Organis\u00e9e par le NAD (\u00c9cole des arts num\u00e9riques, de l\u2019animation et du design de l\u2019UQAC), cette soir\u00e9e o\u00f9 la cr\u00e9ativit\u00e9 se [&hellip;]","og_url":"https:\/\/www.uqac.ca\/uqactualites\/2016\/05\/11\/imaginad-2016-un-reel-succes-de-creativite\/","og_site_name":"UQACtualit\u00e9s","article_published_time":"2016-05-11T18:03:56+00:00","og_image":[{"width":620,"height":300,"url":"https:\/\/www.uqac.ca\/uqactualites\/wp-content\/uploads\/2016\/05\/IMAGINAD-Web-Gracieuset\u00e9.jpg","type":"image\/jpeg"}],"author":"Service des communications et des relations publiques","twitter_card":"summary_large_image","twitter_misc":{"\u00c9crit par":"Service des communications et des relations publiques","Estimation du temps de lecture":"2 minutes"},"schema":{"@context":"https:\/\/schema.org","@graph":[{"@type":"WebPage","@id":"https:\/\/www.uqac.ca\/uqactualites\/2016\/05\/11\/imaginad-2016-un-reel-succes-de-creativite\/","url":"https:\/\/www.uqac.ca\/uqactualites\/2016\/05\/11\/imaginad-2016-un-reel-succes-de-creativite\/","name":"IMAGINAD 2016\u00a0: un r\u00e9el succ\u00e8s de cr\u00e9ativit\u00e9 - UQACtualit\u00e9s","isPartOf":{"@id":"https:\/\/www.uqac.ca\/uqactualites\/#website"},"primaryImageOfPage":{"@id":"https:\/\/www.uqac.ca\/uqactualites\/2016\/05\/11\/imaginad-2016-un-reel-succes-de-creativite\/#primaryimage"},"image":{"@id":"https:\/\/www.uqac.ca\/uqactualites\/2016\/05\/11\/imaginad-2016-un-reel-succes-de-creativite\/#primaryimage"},"thumbnailUrl":"https:\/\/www.uqac.ca\/uqactualites\/wp-content\/uploads\/2016\/05\/IMAGINAD-Web-Gracieuset\u00e9.jpg","datePublished":"2016-05-11T18:03:56+00:00","dateModified":"2016-05-11T18:03:56+00:00","author":{"@id":"https:\/\/www.uqac.ca\/uqactualites\/#\/schema\/person\/366c45a0c4f0e677b41b4af5886e2018"},"breadcrumb":{"@id":"https:\/\/www.uqac.ca\/uqactualites\/2016\/05\/11\/imaginad-2016-un-reel-succes-de-creativite\/#breadcrumb"},"inLanguage":"fr-CA","potentialAction":[{"@type":"ReadAction","target":["https:\/\/www.uqac.ca\/uqactualites\/2016\/05\/11\/imaginad-2016-un-reel-succes-de-creativite\/"]}]},{"@type":"ImageObject","inLanguage":"fr-CA","@id":"https:\/\/www.uqac.ca\/uqactualites\/2016\/05\/11\/imaginad-2016-un-reel-succes-de-creativite\/#primaryimage","url":"https:\/\/www.uqac.ca\/uqactualites\/wp-content\/uploads\/2016\/05\/IMAGINAD-Web-Gracieuset\u00e9.jpg","contentUrl":"https:\/\/www.uqac.ca\/uqactualites\/wp-content\/uploads\/2016\/05\/IMAGINAD-Web-Gracieuset\u00e9.jpg","width":620,"height":300},{"@type":"BreadcrumbList","@id":"https:\/\/www.uqac.ca\/uqactualites\/2016\/05\/11\/imaginad-2016-un-reel-succes-de-creativite\/#breadcrumb","itemListElement":[{"@type":"ListItem","position":1,"name":"Home","item":"https:\/\/www.uqac.ca\/uqactualites\/"},{"@type":"ListItem","position":2,"name":"IMAGINAD 2016\u00a0: un r\u00e9el succ\u00e8s de cr\u00e9ativit\u00e9"}]},{"@type":"WebSite","@id":"https:\/\/www.uqac.ca\/uqactualites\/#website","url":"https:\/\/www.uqac.ca\/uqactualites\/","name":"UQACtualit\u00e9s","description":"Le portail des nouvelles de l&#039;UQAC","potentialAction":[{"@type":"SearchAction","target":{"@type":"EntryPoint","urlTemplate":"https:\/\/www.uqac.ca\/uqactualites\/?s={search_term_string}"},"query-input":{"@type":"PropertyValueSpecification","valueRequired":true,"valueName":"search_term_string"}}],"inLanguage":"fr-CA"},{"@type":"Person","@id":"https:\/\/www.uqac.ca\/uqactualites\/#\/schema\/person\/366c45a0c4f0e677b41b4af5886e2018","name":"Service des communications et des relations publiques","image":{"@type":"ImageObject","inLanguage":"fr-CA","@id":"https:\/\/www.uqac.ca\/uqactualites\/#\/schema\/person\/image\/","url":"https:\/\/secure.gravatar.com\/avatar\/20fbbda8a292f59f2d3461a5b999c00b?s=96&d=mm&r=g","contentUrl":"https:\/\/secure.gravatar.com\/avatar\/20fbbda8a292f59f2d3461a5b999c00b?s=96&d=mm&r=g","caption":"Service des communications et des relations publiques"},"url":"https:\/\/www.uqac.ca\/uqactualites\/author\/bap\/"}]}},"_links":{"self":[{"href":"https:\/\/www.uqac.ca\/uqactualites\/wp-json\/wp\/v2\/posts\/32069"}],"collection":[{"href":"https:\/\/www.uqac.ca\/uqactualites\/wp-json\/wp\/v2\/posts"}],"about":[{"href":"https:\/\/www.uqac.ca\/uqactualites\/wp-json\/wp\/v2\/types\/post"}],"author":[{"embeddable":true,"href":"https:\/\/www.uqac.ca\/uqactualites\/wp-json\/wp\/v2\/users\/5"}],"replies":[{"embeddable":true,"href":"https:\/\/www.uqac.ca\/uqactualites\/wp-json\/wp\/v2\/comments?post=32069"}],"version-history":[{"count":0,"href":"https:\/\/www.uqac.ca\/uqactualites\/wp-json\/wp\/v2\/posts\/32069\/revisions"}],"wp:featuredmedia":[{"embeddable":true,"href":"https:\/\/www.uqac.ca\/uqactualites\/wp-json\/wp\/v2\/media\/32070"}],"wp:attachment":[{"href":"https:\/\/www.uqac.ca\/uqactualites\/wp-json\/wp\/v2\/media?parent=32069"}],"wp:term":[{"taxonomy":"category","embeddable":true,"href":"https:\/\/www.uqac.ca\/uqactualites\/wp-json\/wp\/v2\/categories?post=32069"},{"taxonomy":"post_tag","embeddable":true,"href":"https:\/\/www.uqac.ca\/uqactualites\/wp-json\/wp\/v2\/tags?post=32069"}],"curies":[{"name":"wp","href":"https:\/\/api.w.org\/{rel}","templated":true}]}}