{"id":32106,"date":"2016-05-17T15:53:01","date_gmt":"2016-05-17T19:53:01","guid":{"rendered":"http:\/\/uqactualite.odev.ca\/?p=32106"},"modified":"2016-05-17T15:53:01","modified_gmt":"2016-05-17T19:53:01","slug":"journees-detude-acdeaulf","status":"publish","type":"post","link":"https:\/\/www.uqac.ca\/uqactualites\/2016\/05\/17\/journees-detude-acdeaulf\/","title":{"rendered":"Invitation aux journ\u00e9es d&rsquo;\u00e9tude de l&rsquo;ACDEAULF"},"content":{"rendered":"<p><strong>Les prochaines journ\u00e9es d\u2019\u00e9tude de l\u2019ACDEAULF pourraient vous int\u00e9resser en tant qu\u2019\u00e9tudiant.<\/strong><\/p>\n<p>L\u2019Association canadienne d\u2019\u00e9ducation des adultes des universit\u00e9s de langue fran\u00e7aise (ACDEAULF) regroupe des leaders du secteur francophone de l\u2019\u00e9ducation aux adultes qui ont \u00e0 c\u0153ur le d\u00e9veloppement de la formation universitaire au Canada. Les acteurs impliqu\u00e9s misent sur la collaboration comme facteur de r\u00e9ussite. C\u2019est cette conviction qui a men\u00e9 le conseil d\u2019administration \u00e0 d\u00e9terminer le th\u00e8me des Journ\u00e9es d\u2019\u00e9tude 2016 :<\/p>\n<p><strong>Les collaborations universitaires pour favoriser la formation tout au long de la vie : Les initiatives, les succ\u00e8s et les mod\u00e8les canadiens<\/strong><\/p>\n<ul>\n<li>Date : Les 9 et 10 juin 2016<\/li>\n<li>Lieu : Universit\u00e9 du Qu\u00e9bec \u00e0 Chicoutimi &#8211; 555, boulevard de l\u2019Universit\u00e9, Chicoutimi<\/li>\n<\/ul>\n<p>En autres, voici 3 avantages pour y assister en tant qu\u2019\u00e9tudiant :<\/p>\n<ol>\n<li>Rencontrer des professionnels qui \u0153uvrent dans l\u2019\u00e9ducation des adultes en provenance de plusieurs r\u00e9gions du Canada.<br \/>\nD\u00e9couvrir les enjeux concernant l\u2019\u00e9ducation des adultes.<br \/>\nContribuer aux discussions et prendre l\u2019occasion d\u2019exprimer votre point de vue en tant qu&rsquo;\u00e9tudiant.<\/li>\n<\/ol>\n<p>L\u2019\u00e9tudiante ou l\u2019\u00e9tudiant b\u00e9n\u00e9ficie d\u2019un tarif sp\u00e9cial.<\/p>\n<p><strong>Renseignements et inscription :<br \/>\n<\/strong><a href=\"http:\/\/acdeaulf.org\/journees-detude\/\">http:\/\/acdeaulf.org\/journees-detude\/<\/a><\/p>\n<p><span class=\"_4n-j fsl\">\u00a0<\/span><\/p>\n","protected":false},"excerpt":{"rendered":"<p>Les prochaines journ\u00e9es d\u2019\u00e9tude de l\u2019ACDEAULF pourraient vous int\u00e9resser en tant qu\u2019\u00e9tudiant. L\u2019Association canadienne d\u2019\u00e9ducation des adultes des universit\u00e9s de langue fran\u00e7aise (ACDEAULF) regroupe des leaders du secteur francophone de l\u2019\u00e9ducation aux adultes qui ont \u00e0 c\u0153ur le d\u00e9veloppement de la formation universitaire au Canada. Les acteurs impliqu\u00e9s misent sur la collaboration comme facteur de [&hellip;]<\/p>\n","protected":false},"author":5,"featured_media":20989,"comment_status":"open","ping_status":"open","sticky":false,"template":"","format":"standard","meta":{"footnotes":""},"categories":[2772],"tags":[],"yoast_head":"<!-- This site is optimized with the Yoast SEO plugin v24.2 - https:\/\/yoast.com\/wordpress\/plugins\/seo\/ -->\r\n<title>Invitation aux journ\u00e9es d&#039;\u00e9tude de l&#039;ACDEAULF - UQACtualit\u00e9s<\/title>\r\n<meta name=\"robots\" content=\"index, follow, max-snippet:-1, max-image-preview:large, max-video-preview:-1\" \/>\r\n<link rel=\"canonical\" href=\"https:\/\/www.uqac.ca\/uqactualites\/2016\/05\/17\/journees-detude-acdeaulf\/\" \/>\r\n<meta property=\"og:locale\" content=\"fr_CA\" \/>\r\n<meta property=\"og:type\" content=\"article\" \/>\r\n<meta property=\"og:title\" content=\"Invitation aux journ\u00e9es d&#039;\u00e9tude de l&#039;ACDEAULF - UQACtualit\u00e9s\" \/>\r\n<meta property=\"og:description\" content=\"Les prochaines journ\u00e9es d\u2019\u00e9tude de l\u2019ACDEAULF pourraient vous int\u00e9resser en tant qu\u2019\u00e9tudiant. L\u2019Association canadienne d\u2019\u00e9ducation des adultes des universit\u00e9s de langue fran\u00e7aise (ACDEAULF) regroupe des leaders du secteur francophone de l\u2019\u00e9ducation aux adultes qui ont \u00e0 c\u0153ur le d\u00e9veloppement de la formation universitaire au Canada. Les acteurs impliqu\u00e9s misent sur la collaboration comme facteur de [&hellip;]\" \/>\r\n<meta property=\"og:url\" content=\"https:\/\/www.uqac.ca\/uqactualites\/2016\/05\/17\/journees-detude-acdeaulf\/\" \/>\r\n<meta property=\"og:site_name\" content=\"UQACtualit\u00e9s\" \/>\r\n<meta property=\"article:published_time\" content=\"2016-05-17T19:53:01+00:00\" \/>\r\n<meta property=\"og:image\" content=\"https:\/\/www.uqac.ca\/uqactualites\/wp-content\/uploads\/2012\/05\/avis-laCommunaut-.jpg\" \/>\r\n\t<meta property=\"og:image:width\" content=\"620\" \/>\r\n\t<meta property=\"og:image:height\" content=\"300\" \/>\r\n\t<meta property=\"og:image:type\" content=\"image\/jpeg\" \/>\r\n<meta name=\"author\" content=\"Service des communications et des relations publiques\" \/>\r\n<meta name=\"twitter:card\" content=\"summary_large_image\" \/>\r\n<meta name=\"twitter:label1\" content=\"\u00c9crit par\" \/>\n\t<meta name=\"twitter:data1\" content=\"Service des communications et des relations publiques\" \/>\n\t<meta name=\"twitter:label2\" content=\"Estimation du temps de lecture\" \/>\n\t<meta name=\"twitter:data2\" content=\"1 minute\" \/>\r\n<script type=\"application\/ld+json\" class=\"yoast-schema-graph\">{\"@context\":\"https:\/\/schema.org\",\"@graph\":[{\"@type\":\"WebPage\",\"@id\":\"https:\/\/www.uqac.ca\/uqactualites\/2016\/05\/17\/journees-detude-acdeaulf\/\",\"url\":\"https:\/\/www.uqac.ca\/uqactualites\/2016\/05\/17\/journees-detude-acdeaulf\/\",\"name\":\"Invitation aux journ\u00e9es d'\u00e9tude de l'ACDEAULF - UQACtualit\u00e9s\",\"isPartOf\":{\"@id\":\"https:\/\/www.uqac.ca\/uqactualites\/#website\"},\"primaryImageOfPage\":{\"@id\":\"https:\/\/www.uqac.ca\/uqactualites\/2016\/05\/17\/journees-detude-acdeaulf\/#primaryimage\"},\"image\":{\"@id\":\"https:\/\/www.uqac.ca\/uqactualites\/2016\/05\/17\/journees-detude-acdeaulf\/#primaryimage\"},\"thumbnailUrl\":\"https:\/\/www.uqac.ca\/uqactualites\/wp-content\/uploads\/2012\/05\/avis-laCommunaut-.jpg\",\"datePublished\":\"2016-05-17T19:53:01+00:00\",\"dateModified\":\"2016-05-17T19:53:01+00:00\",\"author\":{\"@id\":\"https:\/\/www.uqac.ca\/uqactualites\/#\/schema\/person\/366c45a0c4f0e677b41b4af5886e2018\"},\"breadcrumb\":{\"@id\":\"https:\/\/www.uqac.ca\/uqactualites\/2016\/05\/17\/journees-detude-acdeaulf\/#breadcrumb\"},\"inLanguage\":\"fr-CA\",\"potentialAction\":[{\"@type\":\"ReadAction\",\"target\":[\"https:\/\/www.uqac.ca\/uqactualites\/2016\/05\/17\/journees-detude-acdeaulf\/\"]}]},{\"@type\":\"ImageObject\",\"inLanguage\":\"fr-CA\",\"@id\":\"https:\/\/www.uqac.ca\/uqactualites\/2016\/05\/17\/journees-detude-acdeaulf\/#primaryimage\",\"url\":\"https:\/\/www.uqac.ca\/uqactualites\/wp-content\/uploads\/2012\/05\/avis-laCommunaut-.jpg\",\"contentUrl\":\"https:\/\/www.uqac.ca\/uqactualites\/wp-content\/uploads\/2012\/05\/avis-laCommunaut-.jpg\",\"width\":620,\"height\":300},{\"@type\":\"BreadcrumbList\",\"@id\":\"https:\/\/www.uqac.ca\/uqactualites\/2016\/05\/17\/journees-detude-acdeaulf\/#breadcrumb\",\"itemListElement\":[{\"@type\":\"ListItem\",\"position\":1,\"name\":\"Home\",\"item\":\"https:\/\/www.uqac.ca\/uqactualites\/\"},{\"@type\":\"ListItem\",\"position\":2,\"name\":\"Invitation aux journ\u00e9es d&rsquo;\u00e9tude de l&rsquo;ACDEAULF\"}]},{\"@type\":\"WebSite\",\"@id\":\"https:\/\/www.uqac.ca\/uqactualites\/#website\",\"url\":\"https:\/\/www.uqac.ca\/uqactualites\/\",\"name\":\"UQACtualit\u00e9s\",\"description\":\"Le portail des nouvelles de l&#039;UQAC\",\"potentialAction\":[{\"@type\":\"SearchAction\",\"target\":{\"@type\":\"EntryPoint\",\"urlTemplate\":\"https:\/\/www.uqac.ca\/uqactualites\/?s={search_term_string}\"},\"query-input\":{\"@type\":\"PropertyValueSpecification\",\"valueRequired\":true,\"valueName\":\"search_term_string\"}}],\"inLanguage\":\"fr-CA\"},{\"@type\":\"Person\",\"@id\":\"https:\/\/www.uqac.ca\/uqactualites\/#\/schema\/person\/366c45a0c4f0e677b41b4af5886e2018\",\"name\":\"Service des communications et des relations publiques\",\"image\":{\"@type\":\"ImageObject\",\"inLanguage\":\"fr-CA\",\"@id\":\"https:\/\/www.uqac.ca\/uqactualites\/#\/schema\/person\/image\/\",\"url\":\"https:\/\/secure.gravatar.com\/avatar\/20fbbda8a292f59f2d3461a5b999c00b?s=96&d=mm&r=g\",\"contentUrl\":\"https:\/\/secure.gravatar.com\/avatar\/20fbbda8a292f59f2d3461a5b999c00b?s=96&d=mm&r=g\",\"caption\":\"Service des communications et des relations publiques\"},\"url\":\"https:\/\/www.uqac.ca\/uqactualites\/author\/bap\/\"}]}<\/script>\r\n<!-- \/ Yoast SEO plugin. -->","yoast_head_json":{"title":"Invitation aux journ\u00e9es d'\u00e9tude de l'ACDEAULF - UQACtualit\u00e9s","robots":{"index":"index","follow":"follow","max-snippet":"max-snippet:-1","max-image-preview":"max-image-preview:large","max-video-preview":"max-video-preview:-1"},"canonical":"https:\/\/www.uqac.ca\/uqactualites\/2016\/05\/17\/journees-detude-acdeaulf\/","og_locale":"fr_CA","og_type":"article","og_title":"Invitation aux journ\u00e9es d'\u00e9tude de l'ACDEAULF - UQACtualit\u00e9s","og_description":"Les prochaines journ\u00e9es d\u2019\u00e9tude de l\u2019ACDEAULF pourraient vous int\u00e9resser en tant qu\u2019\u00e9tudiant. L\u2019Association canadienne d\u2019\u00e9ducation des adultes des universit\u00e9s de langue fran\u00e7aise (ACDEAULF) regroupe des leaders du secteur francophone de l\u2019\u00e9ducation aux adultes qui ont \u00e0 c\u0153ur le d\u00e9veloppement de la formation universitaire au Canada. Les acteurs impliqu\u00e9s misent sur la collaboration comme facteur de [&hellip;]","og_url":"https:\/\/www.uqac.ca\/uqactualites\/2016\/05\/17\/journees-detude-acdeaulf\/","og_site_name":"UQACtualit\u00e9s","article_published_time":"2016-05-17T19:53:01+00:00","og_image":[{"width":620,"height":300,"url":"https:\/\/www.uqac.ca\/uqactualites\/wp-content\/uploads\/2012\/05\/avis-laCommunaut-.jpg","type":"image\/jpeg"}],"author":"Service des communications et des relations publiques","twitter_card":"summary_large_image","twitter_misc":{"\u00c9crit par":"Service des communications et des relations publiques","Estimation du temps de lecture":"1 minute"},"schema":{"@context":"https:\/\/schema.org","@graph":[{"@type":"WebPage","@id":"https:\/\/www.uqac.ca\/uqactualites\/2016\/05\/17\/journees-detude-acdeaulf\/","url":"https:\/\/www.uqac.ca\/uqactualites\/2016\/05\/17\/journees-detude-acdeaulf\/","name":"Invitation aux journ\u00e9es d'\u00e9tude de l'ACDEAULF - UQACtualit\u00e9s","isPartOf":{"@id":"https:\/\/www.uqac.ca\/uqactualites\/#website"},"primaryImageOfPage":{"@id":"https:\/\/www.uqac.ca\/uqactualites\/2016\/05\/17\/journees-detude-acdeaulf\/#primaryimage"},"image":{"@id":"https:\/\/www.uqac.ca\/uqactualites\/2016\/05\/17\/journees-detude-acdeaulf\/#primaryimage"},"thumbnailUrl":"https:\/\/www.uqac.ca\/uqactualites\/wp-content\/uploads\/2012\/05\/avis-laCommunaut-.jpg","datePublished":"2016-05-17T19:53:01+00:00","dateModified":"2016-05-17T19:53:01+00:00","author":{"@id":"https:\/\/www.uqac.ca\/uqactualites\/#\/schema\/person\/366c45a0c4f0e677b41b4af5886e2018"},"breadcrumb":{"@id":"https:\/\/www.uqac.ca\/uqactualites\/2016\/05\/17\/journees-detude-acdeaulf\/#breadcrumb"},"inLanguage":"fr-CA","potentialAction":[{"@type":"ReadAction","target":["https:\/\/www.uqac.ca\/uqactualites\/2016\/05\/17\/journees-detude-acdeaulf\/"]}]},{"@type":"ImageObject","inLanguage":"fr-CA","@id":"https:\/\/www.uqac.ca\/uqactualites\/2016\/05\/17\/journees-detude-acdeaulf\/#primaryimage","url":"https:\/\/www.uqac.ca\/uqactualites\/wp-content\/uploads\/2012\/05\/avis-laCommunaut-.jpg","contentUrl":"https:\/\/www.uqac.ca\/uqactualites\/wp-content\/uploads\/2012\/05\/avis-laCommunaut-.jpg","width":620,"height":300},{"@type":"BreadcrumbList","@id":"https:\/\/www.uqac.ca\/uqactualites\/2016\/05\/17\/journees-detude-acdeaulf\/#breadcrumb","itemListElement":[{"@type":"ListItem","position":1,"name":"Home","item":"https:\/\/www.uqac.ca\/uqactualites\/"},{"@type":"ListItem","position":2,"name":"Invitation aux journ\u00e9es d&rsquo;\u00e9tude de l&rsquo;ACDEAULF"}]},{"@type":"WebSite","@id":"https:\/\/www.uqac.ca\/uqactualites\/#website","url":"https:\/\/www.uqac.ca\/uqactualites\/","name":"UQACtualit\u00e9s","description":"Le portail des nouvelles de l&#039;UQAC","potentialAction":[{"@type":"SearchAction","target":{"@type":"EntryPoint","urlTemplate":"https:\/\/www.uqac.ca\/uqactualites\/?s={search_term_string}"},"query-input":{"@type":"PropertyValueSpecification","valueRequired":true,"valueName":"search_term_string"}}],"inLanguage":"fr-CA"},{"@type":"Person","@id":"https:\/\/www.uqac.ca\/uqactualites\/#\/schema\/person\/366c45a0c4f0e677b41b4af5886e2018","name":"Service des communications et des relations publiques","image":{"@type":"ImageObject","inLanguage":"fr-CA","@id":"https:\/\/www.uqac.ca\/uqactualites\/#\/schema\/person\/image\/","url":"https:\/\/secure.gravatar.com\/avatar\/20fbbda8a292f59f2d3461a5b999c00b?s=96&d=mm&r=g","contentUrl":"https:\/\/secure.gravatar.com\/avatar\/20fbbda8a292f59f2d3461a5b999c00b?s=96&d=mm&r=g","caption":"Service des communications et des relations publiques"},"url":"https:\/\/www.uqac.ca\/uqactualites\/author\/bap\/"}]}},"_links":{"self":[{"href":"https:\/\/www.uqac.ca\/uqactualites\/wp-json\/wp\/v2\/posts\/32106"}],"collection":[{"href":"https:\/\/www.uqac.ca\/uqactualites\/wp-json\/wp\/v2\/posts"}],"about":[{"href":"https:\/\/www.uqac.ca\/uqactualites\/wp-json\/wp\/v2\/types\/post"}],"author":[{"embeddable":true,"href":"https:\/\/www.uqac.ca\/uqactualites\/wp-json\/wp\/v2\/users\/5"}],"replies":[{"embeddable":true,"href":"https:\/\/www.uqac.ca\/uqactualites\/wp-json\/wp\/v2\/comments?post=32106"}],"version-history":[{"count":0,"href":"https:\/\/www.uqac.ca\/uqactualites\/wp-json\/wp\/v2\/posts\/32106\/revisions"}],"wp:featuredmedia":[{"embeddable":true,"href":"https:\/\/www.uqac.ca\/uqactualites\/wp-json\/wp\/v2\/media\/20989"}],"wp:attachment":[{"href":"https:\/\/www.uqac.ca\/uqactualites\/wp-json\/wp\/v2\/media?parent=32106"}],"wp:term":[{"taxonomy":"category","embeddable":true,"href":"https:\/\/www.uqac.ca\/uqactualites\/wp-json\/wp\/v2\/categories?post=32106"},{"taxonomy":"post_tag","embeddable":true,"href":"https:\/\/www.uqac.ca\/uqactualites\/wp-json\/wp\/v2\/tags?post=32106"}],"curies":[{"name":"wp","href":"https:\/\/api.w.org\/{rel}","templated":true}]}}