{"id":32232,"date":"2016-06-22T14:38:39","date_gmt":"2016-06-22T18:38:39","guid":{"rendered":"http:\/\/uqactualite.odev.ca\/?p=32232"},"modified":"2016-06-22T14:38:39","modified_gmt":"2016-06-22T18:38:39","slug":"journees-detude-de-lacdeaulf","status":"publish","type":"post","link":"https:\/\/www.uqac.ca\/uqactualites\/2016\/06\/22\/journees-detude-de-lacdeaulf\/","title":{"rendered":"Une cinquantaine de participants r\u00e9unis \u00e0 l\u2019UQAC pour les journ\u00e9es d\u2019\u00e9tude de l\u2019ACDEAULF"},"content":{"rendered":"<p>C\u2019est sous le th\u00e8me \u00ab\u00a0Les collaborations universitaires pour favoriser la formation tout au long de la vie : Les initiatives, les succ\u00e8s et les mod\u00e8les canadiens\u00a0\u00bb que se sont d\u00e9roul\u00e9es les journ\u00e9es d\u2019\u00e9tude de <a href=\"http:\/\/acdeaulf.org\/\">l\u2019Association canadienne d\u2019\u00e9ducation des adultes des universit\u00e9s de langue fran\u00e7aise<\/a>, l\u2019<a href=\"http:\/\/acdeaulf.org\/\">ACDEAULF<\/a> les 9 et 10 juin derniers \u00e0 l\u2019UQAC.<\/p>\n<p>Une cinquantaine de participants provenant des milieux universitaires d\u2019un peu partout au Qu\u00e9bec, mais aussi du Nouveau-Brunswick, de l\u2019Ontario et du Manitoba, des professeurs, des \u00e9tudiants, des professionnels issus particuli\u00e8rement des services de formation continue et de formation aux adultes, se sont r\u00e9unis \u00e0 cet \u00e9v\u00e9nement pour discuter de diff\u00e9rents enjeux reli\u00e9s \u00e0 l\u2019\u00e9ducation des adultes et \u00e0 leur pr\u00e9sence dans les universit\u00e9s francophones canadiennes.<\/p>\n<p>Ce moment d\u2019\u00e9change a \u00e9t\u00e9 l\u2019occasion pour les participants de partager leur exp\u00e9rience dans une perspective d\u2019am\u00e9lioration continue et de collaboration.<\/p>\n<p><strong>Prix d\u2019excellence de l\u2019ACDEAULF 2016<br \/>\n<\/strong>En 2016, le prix d\u2019excellence de l\u2019ACDEAULF a \u00e9t\u00e9 d\u00e9cern\u00e9 \u00e0 la <a href=\"http:\/\/www.coalition.ca\/\">Coalition ontarienne de formation des adultes<\/a> (COFA), un r\u00e9seau offrant des services d\u2019information, de coordination, de communication et de r\u00e9seautage en fran\u00e7ais \u00e0 ses membres compos\u00e9s du personnel des centres d\u2019\u00e9ducation et de formation des adultes des secteurs communautaire, scolaire et coll\u00e9gial en Ontario<\/p>\n<p>Dynamique, active et \u00e0 la fine pointe des technologies, l\u2019\u00e9quipe de la COFA est reconnue comme chef de file dans le domaine de la formation des adultes en fran\u00e7ais en Ontario. La coalition contribue \u00e0 cr\u00e9er, avec ses membres, les conditions qui permettent aux adultes francophones de l\u2019Ontario d\u2019acqu\u00e9rir les comp\u00e9tences essentielles pour atteindre leurs objectifs de formation.<\/p>\n<p>Cette ann\u00e9e, seul le prix d\u2019excellence dans la cat\u00e9gorie Entreprise \u00e9tait d\u00e9cern\u00e9 par l\u2019ACDEAULF. Ce prix est remis \u00e0 une organisation, autre qu\u2019un \u00e9tablissement universitaire francophone canadien, pour sa contribution exceptionnelle au d\u00e9veloppement de l\u2019\u00e9ducation des adultes ou pour son engagement envers l\u2019\u00e9ducation continue.<\/p>\n<p>Consultez le site Web de l\u2019ACDEAULF pour plus de renseignements\u00a0: <a href=\"http:\/\/acdeaulf.org\/\">http:\/\/acdeaulf.org\/<\/a><\/p>\n<p><strong>Source\u00a0:<br \/>\n<\/strong>Bureau des affaires publiques<br \/>\nUniversit\u00e9 du Qu\u00e9bec \u00e0 Chicoutimi<br \/>\n418\u00a0545-5011, poste 5006 \u25aa <a href=\"mailto:affaires.publiques@uqac.ca\">affaires.publiques@uqac.ca<\/a><\/p>\n<p>&nbsp;<\/p>\n<p><span style=\"color: #808080\">PHOTO : \u00a9Denis Blackburn<\/span><\/p>\n","protected":false},"excerpt":{"rendered":"<p>C\u2019est sous le th\u00e8me \u00ab\u00a0Les collaborations universitaires pour favoriser la formation tout au long de la vie : Les initiatives, les succ\u00e8s et les mod\u00e8les canadiens\u00a0\u00bb que se sont d\u00e9roul\u00e9es les journ\u00e9es d\u2019\u00e9tude de l\u2019Association canadienne d\u2019\u00e9ducation des adultes des universit\u00e9s de langue fran\u00e7aise, l\u2019ACDEAULF les 9 et 10 juin derniers \u00e0 l\u2019UQAC. Une cinquantaine [&hellip;]<\/p>\n","protected":false},"author":5,"featured_media":32233,"comment_status":"open","ping_status":"open","sticky":false,"template":"","format":"standard","meta":{"footnotes":""},"categories":[2,61],"tags":[],"yoast_head":"<!-- This site is optimized with the Yoast SEO plugin v24.2 - https:\/\/yoast.com\/wordpress\/plugins\/seo\/ -->\r\n<title>Une cinquantaine de participants r\u00e9unis \u00e0 l\u2019UQAC pour les journ\u00e9es d\u2019\u00e9tude de l\u2019ACDEAULF - UQACtualit\u00e9s<\/title>\r\n<meta name=\"robots\" content=\"index, follow, max-snippet:-1, max-image-preview:large, max-video-preview:-1\" \/>\r\n<link rel=\"canonical\" href=\"https:\/\/www.uqac.ca\/uqactualites\/2016\/06\/22\/journees-detude-de-lacdeaulf\/\" \/>\r\n<meta property=\"og:locale\" content=\"fr_CA\" \/>\r\n<meta property=\"og:type\" content=\"article\" \/>\r\n<meta property=\"og:title\" content=\"Une cinquantaine de participants r\u00e9unis \u00e0 l\u2019UQAC pour les journ\u00e9es d\u2019\u00e9tude de l\u2019ACDEAULF - UQACtualit\u00e9s\" \/>\r\n<meta property=\"og:description\" content=\"C\u2019est sous le th\u00e8me \u00ab\u00a0Les collaborations universitaires pour favoriser la formation tout au long de la vie : Les initiatives, les succ\u00e8s et les mod\u00e8les canadiens\u00a0\u00bb que se sont d\u00e9roul\u00e9es les journ\u00e9es d\u2019\u00e9tude de l\u2019Association canadienne d\u2019\u00e9ducation des adultes des universit\u00e9s de langue fran\u00e7aise, l\u2019ACDEAULF les 9 et 10 juin derniers \u00e0 l\u2019UQAC. Une cinquantaine [&hellip;]\" \/>\r\n<meta property=\"og:url\" content=\"https:\/\/www.uqac.ca\/uqactualites\/2016\/06\/22\/journees-detude-de-lacdeaulf\/\" \/>\r\n<meta property=\"og:site_name\" content=\"UQACtualit\u00e9s\" \/>\r\n<meta property=\"article:published_time\" content=\"2016-06-22T18:38:39+00:00\" \/>\r\n<meta property=\"og:image\" content=\"https:\/\/www.uqac.ca\/uqactualites\/wp-content\/uploads\/2016\/06\/photo_ACDEAULF-scaled.jpg\" \/>\r\n\t<meta property=\"og:image:width\" content=\"2560\" \/>\r\n\t<meta property=\"og:image:height\" content=\"1262\" \/>\r\n\t<meta property=\"og:image:type\" content=\"image\/jpeg\" \/>\r\n<meta name=\"author\" content=\"Service des communications et des relations publiques\" \/>\r\n<meta name=\"twitter:card\" content=\"summary_large_image\" \/>\r\n<meta name=\"twitter:label1\" content=\"\u00c9crit par\" \/>\n\t<meta name=\"twitter:data1\" content=\"Service des communications et des relations publiques\" \/>\n\t<meta name=\"twitter:label2\" content=\"Estimation du temps de lecture\" \/>\n\t<meta name=\"twitter:data2\" content=\"2 minutes\" \/>\r\n<script type=\"application\/ld+json\" class=\"yoast-schema-graph\">{\"@context\":\"https:\/\/schema.org\",\"@graph\":[{\"@type\":\"WebPage\",\"@id\":\"https:\/\/www.uqac.ca\/uqactualites\/2016\/06\/22\/journees-detude-de-lacdeaulf\/\",\"url\":\"https:\/\/www.uqac.ca\/uqactualites\/2016\/06\/22\/journees-detude-de-lacdeaulf\/\",\"name\":\"Une cinquantaine de participants r\u00e9unis \u00e0 l\u2019UQAC pour les journ\u00e9es d\u2019\u00e9tude de l\u2019ACDEAULF - UQACtualit\u00e9s\",\"isPartOf\":{\"@id\":\"https:\/\/www.uqac.ca\/uqactualites\/#website\"},\"primaryImageOfPage\":{\"@id\":\"https:\/\/www.uqac.ca\/uqactualites\/2016\/06\/22\/journees-detude-de-lacdeaulf\/#primaryimage\"},\"image\":{\"@id\":\"https:\/\/www.uqac.ca\/uqactualites\/2016\/06\/22\/journees-detude-de-lacdeaulf\/#primaryimage\"},\"thumbnailUrl\":\"https:\/\/www.uqac.ca\/uqactualites\/wp-content\/uploads\/2016\/06\/photo_ACDEAULF-scaled.jpg\",\"datePublished\":\"2016-06-22T18:38:39+00:00\",\"dateModified\":\"2016-06-22T18:38:39+00:00\",\"author\":{\"@id\":\"https:\/\/www.uqac.ca\/uqactualites\/#\/schema\/person\/366c45a0c4f0e677b41b4af5886e2018\"},\"breadcrumb\":{\"@id\":\"https:\/\/www.uqac.ca\/uqactualites\/2016\/06\/22\/journees-detude-de-lacdeaulf\/#breadcrumb\"},\"inLanguage\":\"fr-CA\",\"potentialAction\":[{\"@type\":\"ReadAction\",\"target\":[\"https:\/\/www.uqac.ca\/uqactualites\/2016\/06\/22\/journees-detude-de-lacdeaulf\/\"]}]},{\"@type\":\"ImageObject\",\"inLanguage\":\"fr-CA\",\"@id\":\"https:\/\/www.uqac.ca\/uqactualites\/2016\/06\/22\/journees-detude-de-lacdeaulf\/#primaryimage\",\"url\":\"https:\/\/www.uqac.ca\/uqactualites\/wp-content\/uploads\/2016\/06\/photo_ACDEAULF-scaled.jpg\",\"contentUrl\":\"https:\/\/www.uqac.ca\/uqactualites\/wp-content\/uploads\/2016\/06\/photo_ACDEAULF-scaled.jpg\",\"width\":2560,\"height\":1262},{\"@type\":\"BreadcrumbList\",\"@id\":\"https:\/\/www.uqac.ca\/uqactualites\/2016\/06\/22\/journees-detude-de-lacdeaulf\/#breadcrumb\",\"itemListElement\":[{\"@type\":\"ListItem\",\"position\":1,\"name\":\"Home\",\"item\":\"https:\/\/www.uqac.ca\/uqactualites\/\"},{\"@type\":\"ListItem\",\"position\":2,\"name\":\"Une cinquantaine de participants r\u00e9unis \u00e0 l\u2019UQAC pour les journ\u00e9es d\u2019\u00e9tude de l\u2019ACDEAULF\"}]},{\"@type\":\"WebSite\",\"@id\":\"https:\/\/www.uqac.ca\/uqactualites\/#website\",\"url\":\"https:\/\/www.uqac.ca\/uqactualites\/\",\"name\":\"UQACtualit\u00e9s\",\"description\":\"Le portail des nouvelles de l&#039;UQAC\",\"potentialAction\":[{\"@type\":\"SearchAction\",\"target\":{\"@type\":\"EntryPoint\",\"urlTemplate\":\"https:\/\/www.uqac.ca\/uqactualites\/?s={search_term_string}\"},\"query-input\":{\"@type\":\"PropertyValueSpecification\",\"valueRequired\":true,\"valueName\":\"search_term_string\"}}],\"inLanguage\":\"fr-CA\"},{\"@type\":\"Person\",\"@id\":\"https:\/\/www.uqac.ca\/uqactualites\/#\/schema\/person\/366c45a0c4f0e677b41b4af5886e2018\",\"name\":\"Service des communications et des relations publiques\",\"image\":{\"@type\":\"ImageObject\",\"inLanguage\":\"fr-CA\",\"@id\":\"https:\/\/www.uqac.ca\/uqactualites\/#\/schema\/person\/image\/\",\"url\":\"https:\/\/secure.gravatar.com\/avatar\/20fbbda8a292f59f2d3461a5b999c00b?s=96&d=mm&r=g\",\"contentUrl\":\"https:\/\/secure.gravatar.com\/avatar\/20fbbda8a292f59f2d3461a5b999c00b?s=96&d=mm&r=g\",\"caption\":\"Service des communications et des relations publiques\"},\"url\":\"https:\/\/www.uqac.ca\/uqactualites\/author\/bap\/\"}]}<\/script>\r\n<!-- \/ Yoast SEO plugin. -->","yoast_head_json":{"title":"Une cinquantaine de participants r\u00e9unis \u00e0 l\u2019UQAC pour les journ\u00e9es d\u2019\u00e9tude de l\u2019ACDEAULF - UQACtualit\u00e9s","robots":{"index":"index","follow":"follow","max-snippet":"max-snippet:-1","max-image-preview":"max-image-preview:large","max-video-preview":"max-video-preview:-1"},"canonical":"https:\/\/www.uqac.ca\/uqactualites\/2016\/06\/22\/journees-detude-de-lacdeaulf\/","og_locale":"fr_CA","og_type":"article","og_title":"Une cinquantaine de participants r\u00e9unis \u00e0 l\u2019UQAC pour les journ\u00e9es d\u2019\u00e9tude de l\u2019ACDEAULF - UQACtualit\u00e9s","og_description":"C\u2019est sous le th\u00e8me \u00ab\u00a0Les collaborations universitaires pour favoriser la formation tout au long de la vie : Les initiatives, les succ\u00e8s et les mod\u00e8les canadiens\u00a0\u00bb que se sont d\u00e9roul\u00e9es les journ\u00e9es d\u2019\u00e9tude de l\u2019Association canadienne d\u2019\u00e9ducation des adultes des universit\u00e9s de langue fran\u00e7aise, l\u2019ACDEAULF les 9 et 10 juin derniers \u00e0 l\u2019UQAC. Une cinquantaine [&hellip;]","og_url":"https:\/\/www.uqac.ca\/uqactualites\/2016\/06\/22\/journees-detude-de-lacdeaulf\/","og_site_name":"UQACtualit\u00e9s","article_published_time":"2016-06-22T18:38:39+00:00","og_image":[{"width":2560,"height":1262,"url":"https:\/\/www.uqac.ca\/uqactualites\/wp-content\/uploads\/2016\/06\/photo_ACDEAULF-scaled.jpg","type":"image\/jpeg"}],"author":"Service des communications et des relations publiques","twitter_card":"summary_large_image","twitter_misc":{"\u00c9crit par":"Service des communications et des relations publiques","Estimation du temps de lecture":"2 minutes"},"schema":{"@context":"https:\/\/schema.org","@graph":[{"@type":"WebPage","@id":"https:\/\/www.uqac.ca\/uqactualites\/2016\/06\/22\/journees-detude-de-lacdeaulf\/","url":"https:\/\/www.uqac.ca\/uqactualites\/2016\/06\/22\/journees-detude-de-lacdeaulf\/","name":"Une cinquantaine de participants r\u00e9unis \u00e0 l\u2019UQAC pour les journ\u00e9es d\u2019\u00e9tude de l\u2019ACDEAULF - UQACtualit\u00e9s","isPartOf":{"@id":"https:\/\/www.uqac.ca\/uqactualites\/#website"},"primaryImageOfPage":{"@id":"https:\/\/www.uqac.ca\/uqactualites\/2016\/06\/22\/journees-detude-de-lacdeaulf\/#primaryimage"},"image":{"@id":"https:\/\/www.uqac.ca\/uqactualites\/2016\/06\/22\/journees-detude-de-lacdeaulf\/#primaryimage"},"thumbnailUrl":"https:\/\/www.uqac.ca\/uqactualites\/wp-content\/uploads\/2016\/06\/photo_ACDEAULF-scaled.jpg","datePublished":"2016-06-22T18:38:39+00:00","dateModified":"2016-06-22T18:38:39+00:00","author":{"@id":"https:\/\/www.uqac.ca\/uqactualites\/#\/schema\/person\/366c45a0c4f0e677b41b4af5886e2018"},"breadcrumb":{"@id":"https:\/\/www.uqac.ca\/uqactualites\/2016\/06\/22\/journees-detude-de-lacdeaulf\/#breadcrumb"},"inLanguage":"fr-CA","potentialAction":[{"@type":"ReadAction","target":["https:\/\/www.uqac.ca\/uqactualites\/2016\/06\/22\/journees-detude-de-lacdeaulf\/"]}]},{"@type":"ImageObject","inLanguage":"fr-CA","@id":"https:\/\/www.uqac.ca\/uqactualites\/2016\/06\/22\/journees-detude-de-lacdeaulf\/#primaryimage","url":"https:\/\/www.uqac.ca\/uqactualites\/wp-content\/uploads\/2016\/06\/photo_ACDEAULF-scaled.jpg","contentUrl":"https:\/\/www.uqac.ca\/uqactualites\/wp-content\/uploads\/2016\/06\/photo_ACDEAULF-scaled.jpg","width":2560,"height":1262},{"@type":"BreadcrumbList","@id":"https:\/\/www.uqac.ca\/uqactualites\/2016\/06\/22\/journees-detude-de-lacdeaulf\/#breadcrumb","itemListElement":[{"@type":"ListItem","position":1,"name":"Home","item":"https:\/\/www.uqac.ca\/uqactualites\/"},{"@type":"ListItem","position":2,"name":"Une cinquantaine de participants r\u00e9unis \u00e0 l\u2019UQAC pour les journ\u00e9es d\u2019\u00e9tude de l\u2019ACDEAULF"}]},{"@type":"WebSite","@id":"https:\/\/www.uqac.ca\/uqactualites\/#website","url":"https:\/\/www.uqac.ca\/uqactualites\/","name":"UQACtualit\u00e9s","description":"Le portail des nouvelles de l&#039;UQAC","potentialAction":[{"@type":"SearchAction","target":{"@type":"EntryPoint","urlTemplate":"https:\/\/www.uqac.ca\/uqactualites\/?s={search_term_string}"},"query-input":{"@type":"PropertyValueSpecification","valueRequired":true,"valueName":"search_term_string"}}],"inLanguage":"fr-CA"},{"@type":"Person","@id":"https:\/\/www.uqac.ca\/uqactualites\/#\/schema\/person\/366c45a0c4f0e677b41b4af5886e2018","name":"Service des communications et des relations publiques","image":{"@type":"ImageObject","inLanguage":"fr-CA","@id":"https:\/\/www.uqac.ca\/uqactualites\/#\/schema\/person\/image\/","url":"https:\/\/secure.gravatar.com\/avatar\/20fbbda8a292f59f2d3461a5b999c00b?s=96&d=mm&r=g","contentUrl":"https:\/\/secure.gravatar.com\/avatar\/20fbbda8a292f59f2d3461a5b999c00b?s=96&d=mm&r=g","caption":"Service des communications et des relations publiques"},"url":"https:\/\/www.uqac.ca\/uqactualites\/author\/bap\/"}]}},"_links":{"self":[{"href":"https:\/\/www.uqac.ca\/uqactualites\/wp-json\/wp\/v2\/posts\/32232"}],"collection":[{"href":"https:\/\/www.uqac.ca\/uqactualites\/wp-json\/wp\/v2\/posts"}],"about":[{"href":"https:\/\/www.uqac.ca\/uqactualites\/wp-json\/wp\/v2\/types\/post"}],"author":[{"embeddable":true,"href":"https:\/\/www.uqac.ca\/uqactualites\/wp-json\/wp\/v2\/users\/5"}],"replies":[{"embeddable":true,"href":"https:\/\/www.uqac.ca\/uqactualites\/wp-json\/wp\/v2\/comments?post=32232"}],"version-history":[{"count":0,"href":"https:\/\/www.uqac.ca\/uqactualites\/wp-json\/wp\/v2\/posts\/32232\/revisions"}],"wp:featuredmedia":[{"embeddable":true,"href":"https:\/\/www.uqac.ca\/uqactualites\/wp-json\/wp\/v2\/media\/32233"}],"wp:attachment":[{"href":"https:\/\/www.uqac.ca\/uqactualites\/wp-json\/wp\/v2\/media?parent=32232"}],"wp:term":[{"taxonomy":"category","embeddable":true,"href":"https:\/\/www.uqac.ca\/uqactualites\/wp-json\/wp\/v2\/categories?post=32232"},{"taxonomy":"post_tag","embeddable":true,"href":"https:\/\/www.uqac.ca\/uqactualites\/wp-json\/wp\/v2\/tags?post=32232"}],"curies":[{"name":"wp","href":"https:\/\/api.w.org\/{rel}","templated":true}]}}