{"id":32242,"date":"2016-07-04T15:57:57","date_gmt":"2016-07-04T19:57:57","guid":{"rendered":"http:\/\/uqactualite.odev.ca\/?p=32242"},"modified":"2016-07-04T15:57:57","modified_gmt":"2016-07-04T19:57:57","slug":"le-cpnn-participe-a-la-journee-de-sensibilisation-aux-realites-autochtones","status":"publish","type":"post","link":"https:\/\/www.uqac.ca\/uqactualites\/2016\/07\/04\/le-cpnn-participe-a-la-journee-de-sensibilisation-aux-realites-autochtones\/","title":{"rendered":"Le CPNN participe \u00e0 la Journ\u00e9e de sensibilisation aux r\u00e9alit\u00e9s autochtones"},"content":{"rendered":"<p style=\"text-align: justify\">Le 21 juin dernier, dans le cadre de la Journ\u00e9e nationle des Autochtones, Marco Bacon et M\u00e9lissa Jane Gauthier, respectivement directeur et agente d\u2019information du Centre des Premi\u00e8res Nations Nikanite (CPNN), ont particip\u00e9 \u00e0 la Journ\u00e9e de sensibilisation aux r\u00e9alit\u00e9s autochtones organis\u00e9e par la Direction des services aux Autochtones et du d\u00e9veloppement nordique du minist\u00e8re de l\u2019\u00c9ducation et de l\u2019Enseignement sup\u00e9rieur (MEES). Cette journ\u00e9e \u00e9tait destin\u00e9e \u00e0 tous les employ\u00e9s de la fonction publique.<\/p>\n<p style=\"text-align: justify\">Monsieur Bacon \u00e9tait invit\u00e9 \u00e0 participer \u00e0 une table ronde autour du th\u00e8me <em>\u00catre autochtone au 21<sup>e<\/sup> si\u00e8cle\u00a0: d\u00e9fis et enjeux <\/em>aux c\u00f4t\u00e9s de plusieurs acteurs du milieu autochtone. Il a \u00e9galement particip\u00e9 aux activit\u00e9s de la journ\u00e9e, dont la pr\u00e9sentation du film <em>Qu\u00e9b\u00e9koisie<\/em> en pr\u00e9sence des producteurs et r\u00e9alisateurs, de m\u00eame qu\u2019\u00e0 plusieurs conf\u00e9rences, dont celle de monsieur Serge Bouchard, \u00e9minent anthropologue, \u00e9crivain et animateur de radio qu\u00e9b\u00e9cois. Madame Gauthier a, quant \u00e0 elle, tenu un kiosque d\u2019information pour promouvoir les programmes et projets du CPNN, entre autres le Colloque sur la pers\u00e9v\u00e9rance et la r\u00e9ussite scolaires chez les Premiers Peuples, colloque pour lequel le minist\u00e8re de l\u2019\u00c9ducation et de l\u2019Enseignement sup\u00e9rieur est l\u2019un des principaux partenaires.<\/p>\n<p style=\"text-align: justify\">\u00c0 l\u2019occasion de cette journ\u00e9e, monsieur Bacon et madame Gauthier ont eu la chance de rencontrer S\u00e9bastien Proulx, ministre de l\u2019\u00c9ducation, ainsi que Sylvie Barcelo, sous-ministre de l\u2019\u00c9ducation et de l\u2019Enseignement sup\u00e9rieur, et Anne-Marie Lepage, sous-ministre adjointe. Monsieur Proulx a gracieusement accept\u00e9 l\u2019\u00e9pinglette aux couleurs du Colloque sur la pers\u00e9v\u00e9rance et la r\u00e9ussite scolaires chez les Premiers Peuples qui lui a \u00e9t\u00e9 offerte et qu\u2019il portera fi\u00e8rement, selon ses propres dires.<\/p>\n<p style=\"text-align: justify\"><span style=\"color: #808080\"><strong><br \/>\nPhoto\u00a0: <\/strong>Lo\u00efc Di Marcantonio, conseiller \u00e0 la Direction des services aux Autochtones et du d\u00e9veloppement nordique du MEES; Anne-Marie Lepage, sous-ministre adjointe du MEES; M\u00e9lissa Jane Gauthier, agente d\u2019information du CPNN; S\u00e9bastien Proulx, ministre de l\u2019\u00c9ducation; Marco Bacon, directeur du CPNN; et Sylvie Barcelo, sous-ministre du MEES<\/span><br \/>\n<span style=\"color: #808080\"><strong>\u00a9<\/strong> <strong>Gracieuset\u00e9<\/strong><\/span><\/p>\n<p style=\"text-align: justify\">\n","protected":false},"excerpt":{"rendered":"<p>Le 21 juin dernier, dans le cadre de la Journ\u00e9e nationle des Autochtones, Marco Bacon et M\u00e9lissa Jane Gauthier, respectivement directeur et agente d\u2019information du Centre des Premi\u00e8res Nations Nikanite (CPNN), ont particip\u00e9 \u00e0 la Journ\u00e9e de sensibilisation aux r\u00e9alit\u00e9s autochtones organis\u00e9e par la Direction des services aux Autochtones et du d\u00e9veloppement nordique du minist\u00e8re [&hellip;]<\/p>\n","protected":false},"author":5,"featured_media":32243,"comment_status":"open","ping_status":"open","sticky":false,"template":"","format":"standard","meta":{"footnotes":""},"categories":[2,61],"tags":[],"yoast_head":"<!-- This site is optimized with the Yoast SEO plugin v24.2 - https:\/\/yoast.com\/wordpress\/plugins\/seo\/ -->\r\n<title>Le CPNN participe \u00e0 la Journ\u00e9e de sensibilisation aux r\u00e9alit\u00e9s autochtones - UQACtualit\u00e9s<\/title>\r\n<meta name=\"robots\" content=\"index, follow, max-snippet:-1, max-image-preview:large, max-video-preview:-1\" \/>\r\n<link rel=\"canonical\" href=\"https:\/\/www.uqac.ca\/uqactualites\/2016\/07\/04\/le-cpnn-participe-a-la-journee-de-sensibilisation-aux-realites-autochtones\/\" \/>\r\n<meta property=\"og:locale\" content=\"fr_CA\" \/>\r\n<meta property=\"og:type\" content=\"article\" \/>\r\n<meta property=\"og:title\" content=\"Le CPNN participe \u00e0 la Journ\u00e9e de sensibilisation aux r\u00e9alit\u00e9s autochtones - UQACtualit\u00e9s\" \/>\r\n<meta property=\"og:description\" content=\"Le 21 juin dernier, dans le cadre de la Journ\u00e9e nationle des Autochtones, Marco Bacon et M\u00e9lissa Jane Gauthier, respectivement directeur et agente d\u2019information du Centre des Premi\u00e8res Nations Nikanite (CPNN), ont particip\u00e9 \u00e0 la Journ\u00e9e de sensibilisation aux r\u00e9alit\u00e9s autochtones organis\u00e9e par la Direction des services aux Autochtones et du d\u00e9veloppement nordique du minist\u00e8re [&hellip;]\" \/>\r\n<meta property=\"og:url\" content=\"https:\/\/www.uqac.ca\/uqactualites\/2016\/07\/04\/le-cpnn-participe-a-la-journee-de-sensibilisation-aux-realites-autochtones\/\" \/>\r\n<meta property=\"og:site_name\" content=\"UQACtualit\u00e9s\" \/>\r\n<meta property=\"article:published_time\" content=\"2016-07-04T19:57:57+00:00\" \/>\r\n<meta property=\"og:image\" content=\"https:\/\/www.uqac.ca\/uqactualites\/wp-content\/uploads\/2016\/07\/Rencontre-CPNN-Web-Gracieuset\u00e9.jpg\" \/>\r\n\t<meta property=\"og:image:width\" content=\"620\" \/>\r\n\t<meta property=\"og:image:height\" content=\"300\" \/>\r\n\t<meta property=\"og:image:type\" content=\"image\/jpeg\" \/>\r\n<meta name=\"author\" content=\"Service des communications et des relations publiques\" \/>\r\n<meta name=\"twitter:card\" content=\"summary_large_image\" \/>\r\n<meta name=\"twitter:label1\" content=\"\u00c9crit par\" \/>\n\t<meta name=\"twitter:data1\" content=\"Service des communications et des relations publiques\" \/>\n\t<meta name=\"twitter:label2\" content=\"Estimation du temps de lecture\" \/>\n\t<meta name=\"twitter:data2\" content=\"2 minutes\" \/>\r\n<script type=\"application\/ld+json\" class=\"yoast-schema-graph\">{\"@context\":\"https:\/\/schema.org\",\"@graph\":[{\"@type\":\"WebPage\",\"@id\":\"https:\/\/www.uqac.ca\/uqactualites\/2016\/07\/04\/le-cpnn-participe-a-la-journee-de-sensibilisation-aux-realites-autochtones\/\",\"url\":\"https:\/\/www.uqac.ca\/uqactualites\/2016\/07\/04\/le-cpnn-participe-a-la-journee-de-sensibilisation-aux-realites-autochtones\/\",\"name\":\"Le CPNN participe \u00e0 la Journ\u00e9e de sensibilisation aux r\u00e9alit\u00e9s autochtones - UQACtualit\u00e9s\",\"isPartOf\":{\"@id\":\"https:\/\/www.uqac.ca\/uqactualites\/#website\"},\"primaryImageOfPage\":{\"@id\":\"https:\/\/www.uqac.ca\/uqactualites\/2016\/07\/04\/le-cpnn-participe-a-la-journee-de-sensibilisation-aux-realites-autochtones\/#primaryimage\"},\"image\":{\"@id\":\"https:\/\/www.uqac.ca\/uqactualites\/2016\/07\/04\/le-cpnn-participe-a-la-journee-de-sensibilisation-aux-realites-autochtones\/#primaryimage\"},\"thumbnailUrl\":\"https:\/\/www.uqac.ca\/uqactualites\/wp-content\/uploads\/2016\/07\/Rencontre-CPNN-Web-Gracieuset\u00e9.jpg\",\"datePublished\":\"2016-07-04T19:57:57+00:00\",\"dateModified\":\"2016-07-04T19:57:57+00:00\",\"author\":{\"@id\":\"https:\/\/www.uqac.ca\/uqactualites\/#\/schema\/person\/366c45a0c4f0e677b41b4af5886e2018\"},\"breadcrumb\":{\"@id\":\"https:\/\/www.uqac.ca\/uqactualites\/2016\/07\/04\/le-cpnn-participe-a-la-journee-de-sensibilisation-aux-realites-autochtones\/#breadcrumb\"},\"inLanguage\":\"fr-CA\",\"potentialAction\":[{\"@type\":\"ReadAction\",\"target\":[\"https:\/\/www.uqac.ca\/uqactualites\/2016\/07\/04\/le-cpnn-participe-a-la-journee-de-sensibilisation-aux-realites-autochtones\/\"]}]},{\"@type\":\"ImageObject\",\"inLanguage\":\"fr-CA\",\"@id\":\"https:\/\/www.uqac.ca\/uqactualites\/2016\/07\/04\/le-cpnn-participe-a-la-journee-de-sensibilisation-aux-realites-autochtones\/#primaryimage\",\"url\":\"https:\/\/www.uqac.ca\/uqactualites\/wp-content\/uploads\/2016\/07\/Rencontre-CPNN-Web-Gracieuset\u00e9.jpg\",\"contentUrl\":\"https:\/\/www.uqac.ca\/uqactualites\/wp-content\/uploads\/2016\/07\/Rencontre-CPNN-Web-Gracieuset\u00e9.jpg\",\"width\":620,\"height\":300},{\"@type\":\"BreadcrumbList\",\"@id\":\"https:\/\/www.uqac.ca\/uqactualites\/2016\/07\/04\/le-cpnn-participe-a-la-journee-de-sensibilisation-aux-realites-autochtones\/#breadcrumb\",\"itemListElement\":[{\"@type\":\"ListItem\",\"position\":1,\"name\":\"Home\",\"item\":\"https:\/\/www.uqac.ca\/uqactualites\/\"},{\"@type\":\"ListItem\",\"position\":2,\"name\":\"Le CPNN participe \u00e0 la Journ\u00e9e de sensibilisation aux r\u00e9alit\u00e9s autochtones\"}]},{\"@type\":\"WebSite\",\"@id\":\"https:\/\/www.uqac.ca\/uqactualites\/#website\",\"url\":\"https:\/\/www.uqac.ca\/uqactualites\/\",\"name\":\"UQACtualit\u00e9s\",\"description\":\"Le portail des nouvelles de l&#039;UQAC\",\"potentialAction\":[{\"@type\":\"SearchAction\",\"target\":{\"@type\":\"EntryPoint\",\"urlTemplate\":\"https:\/\/www.uqac.ca\/uqactualites\/?s={search_term_string}\"},\"query-input\":{\"@type\":\"PropertyValueSpecification\",\"valueRequired\":true,\"valueName\":\"search_term_string\"}}],\"inLanguage\":\"fr-CA\"},{\"@type\":\"Person\",\"@id\":\"https:\/\/www.uqac.ca\/uqactualites\/#\/schema\/person\/366c45a0c4f0e677b41b4af5886e2018\",\"name\":\"Service des communications et des relations publiques\",\"image\":{\"@type\":\"ImageObject\",\"inLanguage\":\"fr-CA\",\"@id\":\"https:\/\/www.uqac.ca\/uqactualites\/#\/schema\/person\/image\/\",\"url\":\"https:\/\/secure.gravatar.com\/avatar\/20fbbda8a292f59f2d3461a5b999c00b?s=96&d=mm&r=g\",\"contentUrl\":\"https:\/\/secure.gravatar.com\/avatar\/20fbbda8a292f59f2d3461a5b999c00b?s=96&d=mm&r=g\",\"caption\":\"Service des communications et des relations publiques\"},\"url\":\"https:\/\/www.uqac.ca\/uqactualites\/author\/bap\/\"}]}<\/script>\r\n<!-- \/ Yoast SEO plugin. -->","yoast_head_json":{"title":"Le CPNN participe \u00e0 la Journ\u00e9e de sensibilisation aux r\u00e9alit\u00e9s autochtones - UQACtualit\u00e9s","robots":{"index":"index","follow":"follow","max-snippet":"max-snippet:-1","max-image-preview":"max-image-preview:large","max-video-preview":"max-video-preview:-1"},"canonical":"https:\/\/www.uqac.ca\/uqactualites\/2016\/07\/04\/le-cpnn-participe-a-la-journee-de-sensibilisation-aux-realites-autochtones\/","og_locale":"fr_CA","og_type":"article","og_title":"Le CPNN participe \u00e0 la Journ\u00e9e de sensibilisation aux r\u00e9alit\u00e9s autochtones - UQACtualit\u00e9s","og_description":"Le 21 juin dernier, dans le cadre de la Journ\u00e9e nationle des Autochtones, Marco Bacon et M\u00e9lissa Jane Gauthier, respectivement directeur et agente d\u2019information du Centre des Premi\u00e8res Nations Nikanite (CPNN), ont particip\u00e9 \u00e0 la Journ\u00e9e de sensibilisation aux r\u00e9alit\u00e9s autochtones organis\u00e9e par la Direction des services aux Autochtones et du d\u00e9veloppement nordique du minist\u00e8re [&hellip;]","og_url":"https:\/\/www.uqac.ca\/uqactualites\/2016\/07\/04\/le-cpnn-participe-a-la-journee-de-sensibilisation-aux-realites-autochtones\/","og_site_name":"UQACtualit\u00e9s","article_published_time":"2016-07-04T19:57:57+00:00","og_image":[{"width":620,"height":300,"url":"https:\/\/www.uqac.ca\/uqactualites\/wp-content\/uploads\/2016\/07\/Rencontre-CPNN-Web-Gracieuset\u00e9.jpg","type":"image\/jpeg"}],"author":"Service des communications et des relations publiques","twitter_card":"summary_large_image","twitter_misc":{"\u00c9crit par":"Service des communications et des relations publiques","Estimation du temps de lecture":"2 minutes"},"schema":{"@context":"https:\/\/schema.org","@graph":[{"@type":"WebPage","@id":"https:\/\/www.uqac.ca\/uqactualites\/2016\/07\/04\/le-cpnn-participe-a-la-journee-de-sensibilisation-aux-realites-autochtones\/","url":"https:\/\/www.uqac.ca\/uqactualites\/2016\/07\/04\/le-cpnn-participe-a-la-journee-de-sensibilisation-aux-realites-autochtones\/","name":"Le CPNN participe \u00e0 la Journ\u00e9e de sensibilisation aux r\u00e9alit\u00e9s autochtones - UQACtualit\u00e9s","isPartOf":{"@id":"https:\/\/www.uqac.ca\/uqactualites\/#website"},"primaryImageOfPage":{"@id":"https:\/\/www.uqac.ca\/uqactualites\/2016\/07\/04\/le-cpnn-participe-a-la-journee-de-sensibilisation-aux-realites-autochtones\/#primaryimage"},"image":{"@id":"https:\/\/www.uqac.ca\/uqactualites\/2016\/07\/04\/le-cpnn-participe-a-la-journee-de-sensibilisation-aux-realites-autochtones\/#primaryimage"},"thumbnailUrl":"https:\/\/www.uqac.ca\/uqactualites\/wp-content\/uploads\/2016\/07\/Rencontre-CPNN-Web-Gracieuset\u00e9.jpg","datePublished":"2016-07-04T19:57:57+00:00","dateModified":"2016-07-04T19:57:57+00:00","author":{"@id":"https:\/\/www.uqac.ca\/uqactualites\/#\/schema\/person\/366c45a0c4f0e677b41b4af5886e2018"},"breadcrumb":{"@id":"https:\/\/www.uqac.ca\/uqactualites\/2016\/07\/04\/le-cpnn-participe-a-la-journee-de-sensibilisation-aux-realites-autochtones\/#breadcrumb"},"inLanguage":"fr-CA","potentialAction":[{"@type":"ReadAction","target":["https:\/\/www.uqac.ca\/uqactualites\/2016\/07\/04\/le-cpnn-participe-a-la-journee-de-sensibilisation-aux-realites-autochtones\/"]}]},{"@type":"ImageObject","inLanguage":"fr-CA","@id":"https:\/\/www.uqac.ca\/uqactualites\/2016\/07\/04\/le-cpnn-participe-a-la-journee-de-sensibilisation-aux-realites-autochtones\/#primaryimage","url":"https:\/\/www.uqac.ca\/uqactualites\/wp-content\/uploads\/2016\/07\/Rencontre-CPNN-Web-Gracieuset\u00e9.jpg","contentUrl":"https:\/\/www.uqac.ca\/uqactualites\/wp-content\/uploads\/2016\/07\/Rencontre-CPNN-Web-Gracieuset\u00e9.jpg","width":620,"height":300},{"@type":"BreadcrumbList","@id":"https:\/\/www.uqac.ca\/uqactualites\/2016\/07\/04\/le-cpnn-participe-a-la-journee-de-sensibilisation-aux-realites-autochtones\/#breadcrumb","itemListElement":[{"@type":"ListItem","position":1,"name":"Home","item":"https:\/\/www.uqac.ca\/uqactualites\/"},{"@type":"ListItem","position":2,"name":"Le CPNN participe \u00e0 la Journ\u00e9e de sensibilisation aux r\u00e9alit\u00e9s autochtones"}]},{"@type":"WebSite","@id":"https:\/\/www.uqac.ca\/uqactualites\/#website","url":"https:\/\/www.uqac.ca\/uqactualites\/","name":"UQACtualit\u00e9s","description":"Le portail des nouvelles de l&#039;UQAC","potentialAction":[{"@type":"SearchAction","target":{"@type":"EntryPoint","urlTemplate":"https:\/\/www.uqac.ca\/uqactualites\/?s={search_term_string}"},"query-input":{"@type":"PropertyValueSpecification","valueRequired":true,"valueName":"search_term_string"}}],"inLanguage":"fr-CA"},{"@type":"Person","@id":"https:\/\/www.uqac.ca\/uqactualites\/#\/schema\/person\/366c45a0c4f0e677b41b4af5886e2018","name":"Service des communications et des relations publiques","image":{"@type":"ImageObject","inLanguage":"fr-CA","@id":"https:\/\/www.uqac.ca\/uqactualites\/#\/schema\/person\/image\/","url":"https:\/\/secure.gravatar.com\/avatar\/20fbbda8a292f59f2d3461a5b999c00b?s=96&d=mm&r=g","contentUrl":"https:\/\/secure.gravatar.com\/avatar\/20fbbda8a292f59f2d3461a5b999c00b?s=96&d=mm&r=g","caption":"Service des communications et des relations publiques"},"url":"https:\/\/www.uqac.ca\/uqactualites\/author\/bap\/"}]}},"_links":{"self":[{"href":"https:\/\/www.uqac.ca\/uqactualites\/wp-json\/wp\/v2\/posts\/32242"}],"collection":[{"href":"https:\/\/www.uqac.ca\/uqactualites\/wp-json\/wp\/v2\/posts"}],"about":[{"href":"https:\/\/www.uqac.ca\/uqactualites\/wp-json\/wp\/v2\/types\/post"}],"author":[{"embeddable":true,"href":"https:\/\/www.uqac.ca\/uqactualites\/wp-json\/wp\/v2\/users\/5"}],"replies":[{"embeddable":true,"href":"https:\/\/www.uqac.ca\/uqactualites\/wp-json\/wp\/v2\/comments?post=32242"}],"version-history":[{"count":0,"href":"https:\/\/www.uqac.ca\/uqactualites\/wp-json\/wp\/v2\/posts\/32242\/revisions"}],"wp:featuredmedia":[{"embeddable":true,"href":"https:\/\/www.uqac.ca\/uqactualites\/wp-json\/wp\/v2\/media\/32243"}],"wp:attachment":[{"href":"https:\/\/www.uqac.ca\/uqactualites\/wp-json\/wp\/v2\/media?parent=32242"}],"wp:term":[{"taxonomy":"category","embeddable":true,"href":"https:\/\/www.uqac.ca\/uqactualites\/wp-json\/wp\/v2\/categories?post=32242"},{"taxonomy":"post_tag","embeddable":true,"href":"https:\/\/www.uqac.ca\/uqactualites\/wp-json\/wp\/v2\/tags?post=32242"}],"curies":[{"name":"wp","href":"https:\/\/api.w.org\/{rel}","templated":true}]}}