{"id":32271,"date":"2016-08-10T14:29:24","date_gmt":"2016-08-10T18:29:24","guid":{"rendered":"http:\/\/uqactualite.odev.ca\/?p=32271"},"modified":"2016-08-10T14:29:24","modified_gmt":"2016-08-10T18:29:24","slug":"un-sejour-au-nad-formateur-pour-des-etudiants-chinois","status":"publish","type":"post","link":"https:\/\/www.uqac.ca\/uqactualites\/2016\/08\/10\/un-sejour-au-nad-formateur-pour-des-etudiants-chinois\/","title":{"rendered":"Un s\u00e9jour au NAD formateur pour des \u00e9tudiants chinois"},"content":{"rendered":"<p style=\"text-align: justify\">Du 6 juin et 27 juillet derniers, l\u2019\u00c9cole des arts num\u00e9riques, de l\u2019animation et du design (NAD) de l\u2019UQAC accueillait une d\u00e9l\u00e9gation de neuf \u00e9tudiants et deux professeurs accompagnateurs chinois en provenance de l\u2019Universit\u00e9 de technologie de Tianjin (TJUT), un partenaire de longue date de l\u2019UQAC.<\/p>\n<p style=\"text-align: justify\">Durant leur s\u00e9jour, les \u00e9tudiants ont pu mettre \u00e0 profit leurs connaissances en arts num\u00e9riques et profiter des installations du NAD ainsi que du savoir-faire des professeurs canadiens pour r\u00e9aliser un projet universitaire personnel dans le cadre de leur formation en animation 3D et design num\u00e9rique offerte conjointement avec l\u2019UQAC en Chine.<\/p>\n<p style=\"text-align: justify\">Ce s\u00e9jour p\u00e9dagogique estival en \u00e9tait \u00e0 sa deuxi\u00e8me \u00e9dition en 2016.<\/p>\n<p style=\"text-align: justify\"><span style=\"color: #808080\"><br \/>\nPhoto\u00a0: <strong>Le groupe d\u2019\u00e9tudiants chinois de la TJUT devant le NAD \u00e0 Montr\u00e9al<br \/>\n<\/strong><strong>\u00a9<\/strong><strong> <strong>Gracieuset\u00e9<\/strong><\/strong><\/span><\/p>\n<p style=\"text-align: justify\">\n","protected":false},"excerpt":{"rendered":"<p>Du 6 juin et 27 juillet derniers, l\u2019\u00c9cole des arts num\u00e9riques, de l\u2019animation et du design (NAD) de l\u2019UQAC accueillait une d\u00e9l\u00e9gation de neuf \u00e9tudiants et deux professeurs accompagnateurs chinois en provenance de l\u2019Universit\u00e9 de technologie de Tianjin (TJUT), un partenaire de longue date de l\u2019UQAC. Durant leur s\u00e9jour, les \u00e9tudiants ont pu mettre \u00e0 [&hellip;]<\/p>\n","protected":false},"author":5,"featured_media":32272,"comment_status":"open","ping_status":"open","sticky":false,"template":"","format":"standard","meta":{"footnotes":""},"categories":[2],"tags":[],"yoast_head":"<!-- This site is optimized with the Yoast SEO plugin v24.2 - https:\/\/yoast.com\/wordpress\/plugins\/seo\/ -->\r\n<title>Un s\u00e9jour au NAD formateur pour des \u00e9tudiants chinois - UQACtualit\u00e9s<\/title>\r\n<meta name=\"robots\" content=\"index, follow, max-snippet:-1, max-image-preview:large, max-video-preview:-1\" \/>\r\n<link rel=\"canonical\" href=\"https:\/\/www.uqac.ca\/uqactualites\/2016\/08\/10\/un-sejour-au-nad-formateur-pour-des-etudiants-chinois\/\" \/>\r\n<meta property=\"og:locale\" content=\"fr_CA\" \/>\r\n<meta property=\"og:type\" content=\"article\" \/>\r\n<meta property=\"og:title\" content=\"Un s\u00e9jour au NAD formateur pour des \u00e9tudiants chinois - UQACtualit\u00e9s\" \/>\r\n<meta property=\"og:description\" content=\"Du 6 juin et 27 juillet derniers, l\u2019\u00c9cole des arts num\u00e9riques, de l\u2019animation et du design (NAD) de l\u2019UQAC accueillait une d\u00e9l\u00e9gation de neuf \u00e9tudiants et deux professeurs accompagnateurs chinois en provenance de l\u2019Universit\u00e9 de technologie de Tianjin (TJUT), un partenaire de longue date de l\u2019UQAC. Durant leur s\u00e9jour, les \u00e9tudiants ont pu mettre \u00e0 [&hellip;]\" \/>\r\n<meta property=\"og:url\" content=\"https:\/\/www.uqac.ca\/uqactualites\/2016\/08\/10\/un-sejour-au-nad-formateur-pour-des-etudiants-chinois\/\" \/>\r\n<meta property=\"og:site_name\" content=\"UQACtualit\u00e9s\" \/>\r\n<meta property=\"article:published_time\" content=\"2016-08-10T18:29:24+00:00\" \/>\r\n<meta property=\"og:image\" content=\"https:\/\/www.uqac.ca\/uqactualites\/wp-content\/uploads\/2016\/08\/TJUT-NAD-Web.jpg\" \/>\r\n\t<meta property=\"og:image:width\" content=\"620\" \/>\r\n\t<meta property=\"og:image:height\" content=\"300\" \/>\r\n\t<meta property=\"og:image:type\" content=\"image\/jpeg\" \/>\r\n<meta name=\"author\" content=\"Service des communications et des relations publiques\" \/>\r\n<meta name=\"twitter:card\" content=\"summary_large_image\" \/>\r\n<meta name=\"twitter:label1\" content=\"\u00c9crit par\" \/>\n\t<meta name=\"twitter:data1\" content=\"Service des communications et des relations publiques\" \/>\n\t<meta name=\"twitter:label2\" content=\"Estimation du temps de lecture\" \/>\n\t<meta name=\"twitter:data2\" content=\"1 minute\" \/>\r\n<script type=\"application\/ld+json\" class=\"yoast-schema-graph\">{\"@context\":\"https:\/\/schema.org\",\"@graph\":[{\"@type\":\"WebPage\",\"@id\":\"https:\/\/www.uqac.ca\/uqactualites\/2016\/08\/10\/un-sejour-au-nad-formateur-pour-des-etudiants-chinois\/\",\"url\":\"https:\/\/www.uqac.ca\/uqactualites\/2016\/08\/10\/un-sejour-au-nad-formateur-pour-des-etudiants-chinois\/\",\"name\":\"Un s\u00e9jour au NAD formateur pour des \u00e9tudiants chinois - UQACtualit\u00e9s\",\"isPartOf\":{\"@id\":\"https:\/\/www.uqac.ca\/uqactualites\/#website\"},\"primaryImageOfPage\":{\"@id\":\"https:\/\/www.uqac.ca\/uqactualites\/2016\/08\/10\/un-sejour-au-nad-formateur-pour-des-etudiants-chinois\/#primaryimage\"},\"image\":{\"@id\":\"https:\/\/www.uqac.ca\/uqactualites\/2016\/08\/10\/un-sejour-au-nad-formateur-pour-des-etudiants-chinois\/#primaryimage\"},\"thumbnailUrl\":\"https:\/\/www.uqac.ca\/uqactualites\/wp-content\/uploads\/2016\/08\/TJUT-NAD-Web.jpg\",\"datePublished\":\"2016-08-10T18:29:24+00:00\",\"dateModified\":\"2016-08-10T18:29:24+00:00\",\"author\":{\"@id\":\"https:\/\/www.uqac.ca\/uqactualites\/#\/schema\/person\/366c45a0c4f0e677b41b4af5886e2018\"},\"breadcrumb\":{\"@id\":\"https:\/\/www.uqac.ca\/uqactualites\/2016\/08\/10\/un-sejour-au-nad-formateur-pour-des-etudiants-chinois\/#breadcrumb\"},\"inLanguage\":\"fr-CA\",\"potentialAction\":[{\"@type\":\"ReadAction\",\"target\":[\"https:\/\/www.uqac.ca\/uqactualites\/2016\/08\/10\/un-sejour-au-nad-formateur-pour-des-etudiants-chinois\/\"]}]},{\"@type\":\"ImageObject\",\"inLanguage\":\"fr-CA\",\"@id\":\"https:\/\/www.uqac.ca\/uqactualites\/2016\/08\/10\/un-sejour-au-nad-formateur-pour-des-etudiants-chinois\/#primaryimage\",\"url\":\"https:\/\/www.uqac.ca\/uqactualites\/wp-content\/uploads\/2016\/08\/TJUT-NAD-Web.jpg\",\"contentUrl\":\"https:\/\/www.uqac.ca\/uqactualites\/wp-content\/uploads\/2016\/08\/TJUT-NAD-Web.jpg\",\"width\":620,\"height\":300},{\"@type\":\"BreadcrumbList\",\"@id\":\"https:\/\/www.uqac.ca\/uqactualites\/2016\/08\/10\/un-sejour-au-nad-formateur-pour-des-etudiants-chinois\/#breadcrumb\",\"itemListElement\":[{\"@type\":\"ListItem\",\"position\":1,\"name\":\"Home\",\"item\":\"https:\/\/www.uqac.ca\/uqactualites\/\"},{\"@type\":\"ListItem\",\"position\":2,\"name\":\"Un s\u00e9jour au NAD formateur pour des \u00e9tudiants chinois\"}]},{\"@type\":\"WebSite\",\"@id\":\"https:\/\/www.uqac.ca\/uqactualites\/#website\",\"url\":\"https:\/\/www.uqac.ca\/uqactualites\/\",\"name\":\"UQACtualit\u00e9s\",\"description\":\"Le portail des nouvelles de l&#039;UQAC\",\"potentialAction\":[{\"@type\":\"SearchAction\",\"target\":{\"@type\":\"EntryPoint\",\"urlTemplate\":\"https:\/\/www.uqac.ca\/uqactualites\/?s={search_term_string}\"},\"query-input\":{\"@type\":\"PropertyValueSpecification\",\"valueRequired\":true,\"valueName\":\"search_term_string\"}}],\"inLanguage\":\"fr-CA\"},{\"@type\":\"Person\",\"@id\":\"https:\/\/www.uqac.ca\/uqactualites\/#\/schema\/person\/366c45a0c4f0e677b41b4af5886e2018\",\"name\":\"Service des communications et des relations publiques\",\"image\":{\"@type\":\"ImageObject\",\"inLanguage\":\"fr-CA\",\"@id\":\"https:\/\/www.uqac.ca\/uqactualites\/#\/schema\/person\/image\/\",\"url\":\"https:\/\/secure.gravatar.com\/avatar\/20fbbda8a292f59f2d3461a5b999c00b?s=96&d=mm&r=g\",\"contentUrl\":\"https:\/\/secure.gravatar.com\/avatar\/20fbbda8a292f59f2d3461a5b999c00b?s=96&d=mm&r=g\",\"caption\":\"Service des communications et des relations publiques\"},\"url\":\"https:\/\/www.uqac.ca\/uqactualites\/author\/bap\/\"}]}<\/script>\r\n<!-- \/ Yoast SEO plugin. -->","yoast_head_json":{"title":"Un s\u00e9jour au NAD formateur pour des \u00e9tudiants chinois - UQACtualit\u00e9s","robots":{"index":"index","follow":"follow","max-snippet":"max-snippet:-1","max-image-preview":"max-image-preview:large","max-video-preview":"max-video-preview:-1"},"canonical":"https:\/\/www.uqac.ca\/uqactualites\/2016\/08\/10\/un-sejour-au-nad-formateur-pour-des-etudiants-chinois\/","og_locale":"fr_CA","og_type":"article","og_title":"Un s\u00e9jour au NAD formateur pour des \u00e9tudiants chinois - UQACtualit\u00e9s","og_description":"Du 6 juin et 27 juillet derniers, l\u2019\u00c9cole des arts num\u00e9riques, de l\u2019animation et du design (NAD) de l\u2019UQAC accueillait une d\u00e9l\u00e9gation de neuf \u00e9tudiants et deux professeurs accompagnateurs chinois en provenance de l\u2019Universit\u00e9 de technologie de Tianjin (TJUT), un partenaire de longue date de l\u2019UQAC. Durant leur s\u00e9jour, les \u00e9tudiants ont pu mettre \u00e0 [&hellip;]","og_url":"https:\/\/www.uqac.ca\/uqactualites\/2016\/08\/10\/un-sejour-au-nad-formateur-pour-des-etudiants-chinois\/","og_site_name":"UQACtualit\u00e9s","article_published_time":"2016-08-10T18:29:24+00:00","og_image":[{"width":620,"height":300,"url":"https:\/\/www.uqac.ca\/uqactualites\/wp-content\/uploads\/2016\/08\/TJUT-NAD-Web.jpg","type":"image\/jpeg"}],"author":"Service des communications et des relations publiques","twitter_card":"summary_large_image","twitter_misc":{"\u00c9crit par":"Service des communications et des relations publiques","Estimation du temps de lecture":"1 minute"},"schema":{"@context":"https:\/\/schema.org","@graph":[{"@type":"WebPage","@id":"https:\/\/www.uqac.ca\/uqactualites\/2016\/08\/10\/un-sejour-au-nad-formateur-pour-des-etudiants-chinois\/","url":"https:\/\/www.uqac.ca\/uqactualites\/2016\/08\/10\/un-sejour-au-nad-formateur-pour-des-etudiants-chinois\/","name":"Un s\u00e9jour au NAD formateur pour des \u00e9tudiants chinois - UQACtualit\u00e9s","isPartOf":{"@id":"https:\/\/www.uqac.ca\/uqactualites\/#website"},"primaryImageOfPage":{"@id":"https:\/\/www.uqac.ca\/uqactualites\/2016\/08\/10\/un-sejour-au-nad-formateur-pour-des-etudiants-chinois\/#primaryimage"},"image":{"@id":"https:\/\/www.uqac.ca\/uqactualites\/2016\/08\/10\/un-sejour-au-nad-formateur-pour-des-etudiants-chinois\/#primaryimage"},"thumbnailUrl":"https:\/\/www.uqac.ca\/uqactualites\/wp-content\/uploads\/2016\/08\/TJUT-NAD-Web.jpg","datePublished":"2016-08-10T18:29:24+00:00","dateModified":"2016-08-10T18:29:24+00:00","author":{"@id":"https:\/\/www.uqac.ca\/uqactualites\/#\/schema\/person\/366c45a0c4f0e677b41b4af5886e2018"},"breadcrumb":{"@id":"https:\/\/www.uqac.ca\/uqactualites\/2016\/08\/10\/un-sejour-au-nad-formateur-pour-des-etudiants-chinois\/#breadcrumb"},"inLanguage":"fr-CA","potentialAction":[{"@type":"ReadAction","target":["https:\/\/www.uqac.ca\/uqactualites\/2016\/08\/10\/un-sejour-au-nad-formateur-pour-des-etudiants-chinois\/"]}]},{"@type":"ImageObject","inLanguage":"fr-CA","@id":"https:\/\/www.uqac.ca\/uqactualites\/2016\/08\/10\/un-sejour-au-nad-formateur-pour-des-etudiants-chinois\/#primaryimage","url":"https:\/\/www.uqac.ca\/uqactualites\/wp-content\/uploads\/2016\/08\/TJUT-NAD-Web.jpg","contentUrl":"https:\/\/www.uqac.ca\/uqactualites\/wp-content\/uploads\/2016\/08\/TJUT-NAD-Web.jpg","width":620,"height":300},{"@type":"BreadcrumbList","@id":"https:\/\/www.uqac.ca\/uqactualites\/2016\/08\/10\/un-sejour-au-nad-formateur-pour-des-etudiants-chinois\/#breadcrumb","itemListElement":[{"@type":"ListItem","position":1,"name":"Home","item":"https:\/\/www.uqac.ca\/uqactualites\/"},{"@type":"ListItem","position":2,"name":"Un s\u00e9jour au NAD formateur pour des \u00e9tudiants chinois"}]},{"@type":"WebSite","@id":"https:\/\/www.uqac.ca\/uqactualites\/#website","url":"https:\/\/www.uqac.ca\/uqactualites\/","name":"UQACtualit\u00e9s","description":"Le portail des nouvelles de l&#039;UQAC","potentialAction":[{"@type":"SearchAction","target":{"@type":"EntryPoint","urlTemplate":"https:\/\/www.uqac.ca\/uqactualites\/?s={search_term_string}"},"query-input":{"@type":"PropertyValueSpecification","valueRequired":true,"valueName":"search_term_string"}}],"inLanguage":"fr-CA"},{"@type":"Person","@id":"https:\/\/www.uqac.ca\/uqactualites\/#\/schema\/person\/366c45a0c4f0e677b41b4af5886e2018","name":"Service des communications et des relations publiques","image":{"@type":"ImageObject","inLanguage":"fr-CA","@id":"https:\/\/www.uqac.ca\/uqactualites\/#\/schema\/person\/image\/","url":"https:\/\/secure.gravatar.com\/avatar\/20fbbda8a292f59f2d3461a5b999c00b?s=96&d=mm&r=g","contentUrl":"https:\/\/secure.gravatar.com\/avatar\/20fbbda8a292f59f2d3461a5b999c00b?s=96&d=mm&r=g","caption":"Service des communications et des relations publiques"},"url":"https:\/\/www.uqac.ca\/uqactualites\/author\/bap\/"}]}},"_links":{"self":[{"href":"https:\/\/www.uqac.ca\/uqactualites\/wp-json\/wp\/v2\/posts\/32271"}],"collection":[{"href":"https:\/\/www.uqac.ca\/uqactualites\/wp-json\/wp\/v2\/posts"}],"about":[{"href":"https:\/\/www.uqac.ca\/uqactualites\/wp-json\/wp\/v2\/types\/post"}],"author":[{"embeddable":true,"href":"https:\/\/www.uqac.ca\/uqactualites\/wp-json\/wp\/v2\/users\/5"}],"replies":[{"embeddable":true,"href":"https:\/\/www.uqac.ca\/uqactualites\/wp-json\/wp\/v2\/comments?post=32271"}],"version-history":[{"count":0,"href":"https:\/\/www.uqac.ca\/uqactualites\/wp-json\/wp\/v2\/posts\/32271\/revisions"}],"wp:featuredmedia":[{"embeddable":true,"href":"https:\/\/www.uqac.ca\/uqactualites\/wp-json\/wp\/v2\/media\/32272"}],"wp:attachment":[{"href":"https:\/\/www.uqac.ca\/uqactualites\/wp-json\/wp\/v2\/media?parent=32271"}],"wp:term":[{"taxonomy":"category","embeddable":true,"href":"https:\/\/www.uqac.ca\/uqactualites\/wp-json\/wp\/v2\/categories?post=32271"},{"taxonomy":"post_tag","embeddable":true,"href":"https:\/\/www.uqac.ca\/uqactualites\/wp-json\/wp\/v2\/tags?post=32271"}],"curies":[{"name":"wp","href":"https:\/\/api.w.org\/{rel}","templated":true}]}}