{"id":32295,"date":"2016-08-23T14:47:46","date_gmt":"2016-08-23T18:47:46","guid":{"rendered":"http:\/\/uqactualite.odev.ca\/?p=32295"},"modified":"2016-08-23T14:47:46","modified_gmt":"2016-08-23T18:47:46","slug":"universite-dete-francophone-sur-les-inegalites-scolaires-un-succes-pour-la-premiere-edition","status":"publish","type":"post","link":"https:\/\/www.uqac.ca\/uqactualites\/2016\/08\/23\/universite-dete-francophone-sur-les-inegalites-scolaires-un-succes-pour-la-premiere-edition\/","title":{"rendered":"Universit\u00e9 d\u2019\u00e9t\u00e9 francophone sur les in\u00e9galit\u00e9s scolaires\u00a0: un succ\u00e8s pour la premi\u00e8re \u00e9dition"},"content":{"rendered":"<p style=\"text-align: justify\">La toute premi\u00e8re \u00e9dition de l\u2019Universit\u00e9 d\u2019\u00e9t\u00e9 francophone sur les in\u00e9galit\u00e9s scolaires, propos\u00e9e par l\u2019UQAC et la Haute \u00c9cole p\u00e9dagogique du canton de Vaud (Suisse), en partenariat avec le Consortium r\u00e9gional de recherche en \u00e9ducation (CRRE), a eu lieu du 15 au 19 ao\u00fbt derniers sur le campus de Saguenay. L\u2019\u00e9v\u00e9nement a r\u00e9uni une centaine de participants et d\u2019intervenants issus des sciences de l\u2019\u00e9ducation, des sciences humaines et sociales ainsi que des sciences \u00e9conomiques et administratives. Ces participants provenaient de divers territoires francophones, dont la Suisse romande, la France et le Qu\u00e9bec.<\/p>\n<p style=\"text-align: justify\">Ce programme intensif de 5 jours et de 35 heures aura notamment permis le partage de savoirs entre des chercheurs provenant de disciplines vari\u00e9es, des professionnels de l\u2019enseignement et des \u00e9tudiants \u00e0 la ma\u00eetrise et au doctorat en sciences de l\u2019\u00e9ducation. Les objectifs poursuivis \u00e9taient de faire le point sur les in\u00e9galit\u00e9s scolaires dans quatre champs disciplinaires, d\u2019identifier les facteurs qui font en sorte que le transfert des connaissances entre la recherche, la formation, les pratiques et les politiques n\u2019est pas optimal, de r\u00e9diger et diffuser un rapport de synth\u00e8se des connaissances sur les in\u00e9galit\u00e9s scolaires et, finalement, de consolider un r\u00e9seau de chercheurs internationaux.<\/p>\n<p style=\"text-align: justify\">Cette universit\u00e9 d\u2019\u00e9t\u00e9 devrait avoir lieu tous les deux ans. Merci \u00e0 tous les enseignants, chercheurs et \u00e9tudiants qui ont particip\u00e9 \u00e0 l\u2019\u00e9v\u00e9nement et qui ont fait de cette premi\u00e8re \u00e9dition un succ\u00e8s!<\/p>\n<p style=\"text-align: justify\">\n<span style=\"color: #808080\">Photo\u00a0: Les participants de la premi\u00e8re \u00e9dition de l\u2019Universit\u00e9 d\u2019\u00e9t\u00e9<\/span><br \/>\n<span style=\"color: #808080\">\u00a9 Dominic V\u00e9zina<\/span><\/p>\n","protected":false},"excerpt":{"rendered":"<p>La toute premi\u00e8re \u00e9dition de l\u2019Universit\u00e9 d\u2019\u00e9t\u00e9 francophone sur les in\u00e9galit\u00e9s scolaires, propos\u00e9e par l\u2019UQAC et la Haute \u00c9cole p\u00e9dagogique du canton de Vaud (Suisse), en partenariat avec le Consortium r\u00e9gional de recherche en \u00e9ducation (CRRE), a eu lieu du 15 au 19 ao\u00fbt derniers sur le campus de Saguenay. L\u2019\u00e9v\u00e9nement a r\u00e9uni une centaine [&hellip;]<\/p>\n","protected":false},"author":5,"featured_media":32297,"comment_status":"open","ping_status":"open","sticky":false,"template":"","format":"standard","meta":{"footnotes":""},"categories":[2,61],"tags":[],"yoast_head":"<!-- This site is optimized with the Yoast SEO plugin v24.2 - https:\/\/yoast.com\/wordpress\/plugins\/seo\/ -->\r\n<title>Universit\u00e9 d\u2019\u00e9t\u00e9 francophone sur les in\u00e9galit\u00e9s scolaires\u00a0: un succ\u00e8s pour la premi\u00e8re \u00e9dition - UQACtualit\u00e9s<\/title>\r\n<meta name=\"robots\" content=\"index, follow, max-snippet:-1, max-image-preview:large, max-video-preview:-1\" \/>\r\n<link rel=\"canonical\" href=\"https:\/\/www.uqac.ca\/uqactualites\/2016\/08\/23\/universite-dete-francophone-sur-les-inegalites-scolaires-un-succes-pour-la-premiere-edition\/\" \/>\r\n<meta property=\"og:locale\" content=\"fr_CA\" \/>\r\n<meta property=\"og:type\" content=\"article\" \/>\r\n<meta property=\"og:title\" content=\"Universit\u00e9 d\u2019\u00e9t\u00e9 francophone sur les in\u00e9galit\u00e9s scolaires\u00a0: un succ\u00e8s pour la premi\u00e8re \u00e9dition - UQACtualit\u00e9s\" \/>\r\n<meta property=\"og:description\" content=\"La toute premi\u00e8re \u00e9dition de l\u2019Universit\u00e9 d\u2019\u00e9t\u00e9 francophone sur les in\u00e9galit\u00e9s scolaires, propos\u00e9e par l\u2019UQAC et la Haute \u00c9cole p\u00e9dagogique du canton de Vaud (Suisse), en partenariat avec le Consortium r\u00e9gional de recherche en \u00e9ducation (CRRE), a eu lieu du 15 au 19 ao\u00fbt derniers sur le campus de Saguenay. L\u2019\u00e9v\u00e9nement a r\u00e9uni une centaine [&hellip;]\" \/>\r\n<meta property=\"og:url\" content=\"https:\/\/www.uqac.ca\/uqactualites\/2016\/08\/23\/universite-dete-francophone-sur-les-inegalites-scolaires-un-succes-pour-la-premiere-edition\/\" \/>\r\n<meta property=\"og:site_name\" content=\"UQACtualit\u00e9s\" \/>\r\n<meta property=\"article:published_time\" content=\"2016-08-23T18:47:46+00:00\" \/>\r\n<meta property=\"og:image\" content=\"https:\/\/www.uqac.ca\/uqactualites\/wp-content\/uploads\/2016\/08\/U\u00e9t\u00e9-Web-Dominic-V\u00e9zina.jpg\" \/>\r\n\t<meta property=\"og:image:width\" content=\"620\" \/>\r\n\t<meta property=\"og:image:height\" content=\"300\" \/>\r\n\t<meta property=\"og:image:type\" content=\"image\/jpeg\" \/>\r\n<meta name=\"author\" content=\"Service des communications et des relations publiques\" \/>\r\n<meta name=\"twitter:card\" content=\"summary_large_image\" \/>\r\n<meta name=\"twitter:label1\" content=\"\u00c9crit par\" \/>\n\t<meta name=\"twitter:data1\" content=\"Service des communications et des relations publiques\" \/>\n\t<meta name=\"twitter:label2\" content=\"Estimation du temps de lecture\" \/>\n\t<meta name=\"twitter:data2\" content=\"1 minute\" \/>\r\n<script type=\"application\/ld+json\" class=\"yoast-schema-graph\">{\"@context\":\"https:\/\/schema.org\",\"@graph\":[{\"@type\":\"WebPage\",\"@id\":\"https:\/\/www.uqac.ca\/uqactualites\/2016\/08\/23\/universite-dete-francophone-sur-les-inegalites-scolaires-un-succes-pour-la-premiere-edition\/\",\"url\":\"https:\/\/www.uqac.ca\/uqactualites\/2016\/08\/23\/universite-dete-francophone-sur-les-inegalites-scolaires-un-succes-pour-la-premiere-edition\/\",\"name\":\"Universit\u00e9 d\u2019\u00e9t\u00e9 francophone sur les in\u00e9galit\u00e9s scolaires\u00a0: un succ\u00e8s pour la premi\u00e8re \u00e9dition - UQACtualit\u00e9s\",\"isPartOf\":{\"@id\":\"https:\/\/www.uqac.ca\/uqactualites\/#website\"},\"primaryImageOfPage\":{\"@id\":\"https:\/\/www.uqac.ca\/uqactualites\/2016\/08\/23\/universite-dete-francophone-sur-les-inegalites-scolaires-un-succes-pour-la-premiere-edition\/#primaryimage\"},\"image\":{\"@id\":\"https:\/\/www.uqac.ca\/uqactualites\/2016\/08\/23\/universite-dete-francophone-sur-les-inegalites-scolaires-un-succes-pour-la-premiere-edition\/#primaryimage\"},\"thumbnailUrl\":\"https:\/\/www.uqac.ca\/uqactualites\/wp-content\/uploads\/2016\/08\/U\u00e9t\u00e9-Web-Dominic-V\u00e9zina.jpg\",\"datePublished\":\"2016-08-23T18:47:46+00:00\",\"dateModified\":\"2016-08-23T18:47:46+00:00\",\"author\":{\"@id\":\"https:\/\/www.uqac.ca\/uqactualites\/#\/schema\/person\/366c45a0c4f0e677b41b4af5886e2018\"},\"breadcrumb\":{\"@id\":\"https:\/\/www.uqac.ca\/uqactualites\/2016\/08\/23\/universite-dete-francophone-sur-les-inegalites-scolaires-un-succes-pour-la-premiere-edition\/#breadcrumb\"},\"inLanguage\":\"fr-CA\",\"potentialAction\":[{\"@type\":\"ReadAction\",\"target\":[\"https:\/\/www.uqac.ca\/uqactualites\/2016\/08\/23\/universite-dete-francophone-sur-les-inegalites-scolaires-un-succes-pour-la-premiere-edition\/\"]}]},{\"@type\":\"ImageObject\",\"inLanguage\":\"fr-CA\",\"@id\":\"https:\/\/www.uqac.ca\/uqactualites\/2016\/08\/23\/universite-dete-francophone-sur-les-inegalites-scolaires-un-succes-pour-la-premiere-edition\/#primaryimage\",\"url\":\"https:\/\/www.uqac.ca\/uqactualites\/wp-content\/uploads\/2016\/08\/U\u00e9t\u00e9-Web-Dominic-V\u00e9zina.jpg\",\"contentUrl\":\"https:\/\/www.uqac.ca\/uqactualites\/wp-content\/uploads\/2016\/08\/U\u00e9t\u00e9-Web-Dominic-V\u00e9zina.jpg\",\"width\":620,\"height\":300},{\"@type\":\"BreadcrumbList\",\"@id\":\"https:\/\/www.uqac.ca\/uqactualites\/2016\/08\/23\/universite-dete-francophone-sur-les-inegalites-scolaires-un-succes-pour-la-premiere-edition\/#breadcrumb\",\"itemListElement\":[{\"@type\":\"ListItem\",\"position\":1,\"name\":\"Home\",\"item\":\"https:\/\/www.uqac.ca\/uqactualites\/\"},{\"@type\":\"ListItem\",\"position\":2,\"name\":\"Universit\u00e9 d\u2019\u00e9t\u00e9 francophone sur les in\u00e9galit\u00e9s scolaires\u00a0: un succ\u00e8s pour la premi\u00e8re \u00e9dition\"}]},{\"@type\":\"WebSite\",\"@id\":\"https:\/\/www.uqac.ca\/uqactualites\/#website\",\"url\":\"https:\/\/www.uqac.ca\/uqactualites\/\",\"name\":\"UQACtualit\u00e9s\",\"description\":\"Le portail des nouvelles de l&#039;UQAC\",\"potentialAction\":[{\"@type\":\"SearchAction\",\"target\":{\"@type\":\"EntryPoint\",\"urlTemplate\":\"https:\/\/www.uqac.ca\/uqactualites\/?s={search_term_string}\"},\"query-input\":{\"@type\":\"PropertyValueSpecification\",\"valueRequired\":true,\"valueName\":\"search_term_string\"}}],\"inLanguage\":\"fr-CA\"},{\"@type\":\"Person\",\"@id\":\"https:\/\/www.uqac.ca\/uqactualites\/#\/schema\/person\/366c45a0c4f0e677b41b4af5886e2018\",\"name\":\"Service des communications et des relations publiques\",\"image\":{\"@type\":\"ImageObject\",\"inLanguage\":\"fr-CA\",\"@id\":\"https:\/\/www.uqac.ca\/uqactualites\/#\/schema\/person\/image\/\",\"url\":\"https:\/\/secure.gravatar.com\/avatar\/20fbbda8a292f59f2d3461a5b999c00b?s=96&d=mm&r=g\",\"contentUrl\":\"https:\/\/secure.gravatar.com\/avatar\/20fbbda8a292f59f2d3461a5b999c00b?s=96&d=mm&r=g\",\"caption\":\"Service des communications et des relations publiques\"},\"url\":\"https:\/\/www.uqac.ca\/uqactualites\/author\/bap\/\"}]}<\/script>\r\n<!-- \/ Yoast SEO plugin. -->","yoast_head_json":{"title":"Universit\u00e9 d\u2019\u00e9t\u00e9 francophone sur les in\u00e9galit\u00e9s scolaires\u00a0: un succ\u00e8s pour la premi\u00e8re \u00e9dition - UQACtualit\u00e9s","robots":{"index":"index","follow":"follow","max-snippet":"max-snippet:-1","max-image-preview":"max-image-preview:large","max-video-preview":"max-video-preview:-1"},"canonical":"https:\/\/www.uqac.ca\/uqactualites\/2016\/08\/23\/universite-dete-francophone-sur-les-inegalites-scolaires-un-succes-pour-la-premiere-edition\/","og_locale":"fr_CA","og_type":"article","og_title":"Universit\u00e9 d\u2019\u00e9t\u00e9 francophone sur les in\u00e9galit\u00e9s scolaires\u00a0: un succ\u00e8s pour la premi\u00e8re \u00e9dition - UQACtualit\u00e9s","og_description":"La toute premi\u00e8re \u00e9dition de l\u2019Universit\u00e9 d\u2019\u00e9t\u00e9 francophone sur les in\u00e9galit\u00e9s scolaires, propos\u00e9e par l\u2019UQAC et la Haute \u00c9cole p\u00e9dagogique du canton de Vaud (Suisse), en partenariat avec le Consortium r\u00e9gional de recherche en \u00e9ducation (CRRE), a eu lieu du 15 au 19 ao\u00fbt derniers sur le campus de Saguenay. L\u2019\u00e9v\u00e9nement a r\u00e9uni une centaine [&hellip;]","og_url":"https:\/\/www.uqac.ca\/uqactualites\/2016\/08\/23\/universite-dete-francophone-sur-les-inegalites-scolaires-un-succes-pour-la-premiere-edition\/","og_site_name":"UQACtualit\u00e9s","article_published_time":"2016-08-23T18:47:46+00:00","og_image":[{"width":620,"height":300,"url":"https:\/\/www.uqac.ca\/uqactualites\/wp-content\/uploads\/2016\/08\/U\u00e9t\u00e9-Web-Dominic-V\u00e9zina.jpg","type":"image\/jpeg"}],"author":"Service des communications et des relations publiques","twitter_card":"summary_large_image","twitter_misc":{"\u00c9crit par":"Service des communications et des relations publiques","Estimation du temps de lecture":"1 minute"},"schema":{"@context":"https:\/\/schema.org","@graph":[{"@type":"WebPage","@id":"https:\/\/www.uqac.ca\/uqactualites\/2016\/08\/23\/universite-dete-francophone-sur-les-inegalites-scolaires-un-succes-pour-la-premiere-edition\/","url":"https:\/\/www.uqac.ca\/uqactualites\/2016\/08\/23\/universite-dete-francophone-sur-les-inegalites-scolaires-un-succes-pour-la-premiere-edition\/","name":"Universit\u00e9 d\u2019\u00e9t\u00e9 francophone sur les in\u00e9galit\u00e9s scolaires\u00a0: un succ\u00e8s pour la premi\u00e8re \u00e9dition - UQACtualit\u00e9s","isPartOf":{"@id":"https:\/\/www.uqac.ca\/uqactualites\/#website"},"primaryImageOfPage":{"@id":"https:\/\/www.uqac.ca\/uqactualites\/2016\/08\/23\/universite-dete-francophone-sur-les-inegalites-scolaires-un-succes-pour-la-premiere-edition\/#primaryimage"},"image":{"@id":"https:\/\/www.uqac.ca\/uqactualites\/2016\/08\/23\/universite-dete-francophone-sur-les-inegalites-scolaires-un-succes-pour-la-premiere-edition\/#primaryimage"},"thumbnailUrl":"https:\/\/www.uqac.ca\/uqactualites\/wp-content\/uploads\/2016\/08\/U\u00e9t\u00e9-Web-Dominic-V\u00e9zina.jpg","datePublished":"2016-08-23T18:47:46+00:00","dateModified":"2016-08-23T18:47:46+00:00","author":{"@id":"https:\/\/www.uqac.ca\/uqactualites\/#\/schema\/person\/366c45a0c4f0e677b41b4af5886e2018"},"breadcrumb":{"@id":"https:\/\/www.uqac.ca\/uqactualites\/2016\/08\/23\/universite-dete-francophone-sur-les-inegalites-scolaires-un-succes-pour-la-premiere-edition\/#breadcrumb"},"inLanguage":"fr-CA","potentialAction":[{"@type":"ReadAction","target":["https:\/\/www.uqac.ca\/uqactualites\/2016\/08\/23\/universite-dete-francophone-sur-les-inegalites-scolaires-un-succes-pour-la-premiere-edition\/"]}]},{"@type":"ImageObject","inLanguage":"fr-CA","@id":"https:\/\/www.uqac.ca\/uqactualites\/2016\/08\/23\/universite-dete-francophone-sur-les-inegalites-scolaires-un-succes-pour-la-premiere-edition\/#primaryimage","url":"https:\/\/www.uqac.ca\/uqactualites\/wp-content\/uploads\/2016\/08\/U\u00e9t\u00e9-Web-Dominic-V\u00e9zina.jpg","contentUrl":"https:\/\/www.uqac.ca\/uqactualites\/wp-content\/uploads\/2016\/08\/U\u00e9t\u00e9-Web-Dominic-V\u00e9zina.jpg","width":620,"height":300},{"@type":"BreadcrumbList","@id":"https:\/\/www.uqac.ca\/uqactualites\/2016\/08\/23\/universite-dete-francophone-sur-les-inegalites-scolaires-un-succes-pour-la-premiere-edition\/#breadcrumb","itemListElement":[{"@type":"ListItem","position":1,"name":"Home","item":"https:\/\/www.uqac.ca\/uqactualites\/"},{"@type":"ListItem","position":2,"name":"Universit\u00e9 d\u2019\u00e9t\u00e9 francophone sur les in\u00e9galit\u00e9s scolaires\u00a0: un succ\u00e8s pour la premi\u00e8re \u00e9dition"}]},{"@type":"WebSite","@id":"https:\/\/www.uqac.ca\/uqactualites\/#website","url":"https:\/\/www.uqac.ca\/uqactualites\/","name":"UQACtualit\u00e9s","description":"Le portail des nouvelles de l&#039;UQAC","potentialAction":[{"@type":"SearchAction","target":{"@type":"EntryPoint","urlTemplate":"https:\/\/www.uqac.ca\/uqactualites\/?s={search_term_string}"},"query-input":{"@type":"PropertyValueSpecification","valueRequired":true,"valueName":"search_term_string"}}],"inLanguage":"fr-CA"},{"@type":"Person","@id":"https:\/\/www.uqac.ca\/uqactualites\/#\/schema\/person\/366c45a0c4f0e677b41b4af5886e2018","name":"Service des communications et des relations publiques","image":{"@type":"ImageObject","inLanguage":"fr-CA","@id":"https:\/\/www.uqac.ca\/uqactualites\/#\/schema\/person\/image\/","url":"https:\/\/secure.gravatar.com\/avatar\/20fbbda8a292f59f2d3461a5b999c00b?s=96&d=mm&r=g","contentUrl":"https:\/\/secure.gravatar.com\/avatar\/20fbbda8a292f59f2d3461a5b999c00b?s=96&d=mm&r=g","caption":"Service des communications et des relations publiques"},"url":"https:\/\/www.uqac.ca\/uqactualites\/author\/bap\/"}]}},"_links":{"self":[{"href":"https:\/\/www.uqac.ca\/uqactualites\/wp-json\/wp\/v2\/posts\/32295"}],"collection":[{"href":"https:\/\/www.uqac.ca\/uqactualites\/wp-json\/wp\/v2\/posts"}],"about":[{"href":"https:\/\/www.uqac.ca\/uqactualites\/wp-json\/wp\/v2\/types\/post"}],"author":[{"embeddable":true,"href":"https:\/\/www.uqac.ca\/uqactualites\/wp-json\/wp\/v2\/users\/5"}],"replies":[{"embeddable":true,"href":"https:\/\/www.uqac.ca\/uqactualites\/wp-json\/wp\/v2\/comments?post=32295"}],"version-history":[{"count":0,"href":"https:\/\/www.uqac.ca\/uqactualites\/wp-json\/wp\/v2\/posts\/32295\/revisions"}],"wp:featuredmedia":[{"embeddable":true,"href":"https:\/\/www.uqac.ca\/uqactualites\/wp-json\/wp\/v2\/media\/32297"}],"wp:attachment":[{"href":"https:\/\/www.uqac.ca\/uqactualites\/wp-json\/wp\/v2\/media?parent=32295"}],"wp:term":[{"taxonomy":"category","embeddable":true,"href":"https:\/\/www.uqac.ca\/uqactualites\/wp-json\/wp\/v2\/categories?post=32295"},{"taxonomy":"post_tag","embeddable":true,"href":"https:\/\/www.uqac.ca\/uqactualites\/wp-json\/wp\/v2\/tags?post=32295"}],"curies":[{"name":"wp","href":"https:\/\/api.w.org\/{rel}","templated":true}]}}