{"id":32299,"date":"2016-08-23T14:56:37","date_gmt":"2016-08-23T18:56:37","guid":{"rendered":"http:\/\/uqactualite.odev.ca\/?p=32299"},"modified":"2016-08-23T14:56:37","modified_gmt":"2016-08-23T18:56:37","slug":"vignettes-de-stationnement-2016-2017","status":"publish","type":"post","link":"https:\/\/www.uqac.ca\/uqactualites\/2016\/08\/23\/vignettes-de-stationnement-2016-2017\/","title":{"rendered":"Vignettes de stationnement 2016-2017"},"content":{"rendered":"<p style=\"text-align: justify\">Le Service des immeubles et \u00e9quipements (SIE) informe la communaut\u00e9 universitaire que les vignettes de stationnement pour l\u2019ann\u00e9e 2016-2017 sont maintenant en vente \u00e0 la r\u00e9ception de l\u2019Universit\u00e9.<\/p>\n<p style=\"text-align: justify\">La carte \u00e9tudiante ou la carte d\u2019employ\u00e9 est obligatoire pour l\u2019achat d\u2019une vignette de stationnement. Pour les \u00e9tudiants, l\u2019immatriculation et le permis de conduire sont \u00e9galement demand\u00e9s. Les d\u00e9tenteurs de la vignette permanente n\u2019ont pas besoin de changer leur vignette.<\/p>\n<p style=\"text-align: justify\"><span style=\"text-decoration: underline\"><a href=\"http:\/\/www.uqac.ca\/direction_services\/sie\/stationnement.php\" target=\"_blank\" rel=\"noopener\">Consultez en ligne les tarifs pour l\u2019ann\u00e9e 2016-2017.<\/a><\/span><\/p>\n<p style=\"text-align: justify\">Il est \u00e0 noter que le stationnement sera gratuit pendant la semaine de la rentr\u00e9e, soit du 29 ao\u00fbt au 2 septembre 2016.<\/p>\n<p style=\"text-align: justify\">Nous vous remercions de votre collaboration.<\/p>\n<p style=\"text-align: justify\">\n<strong>Renseignements\u00a0:<br \/>\n<\/strong>Patricia Tremblay, responsable de la planification et de la gestion des espaces<br \/>\nService des immeubles et \u00e9quipements<br \/>\nUniversit\u00e9 du Qu\u00e9bec \u00e0 Chicoutimi<br \/>\n418\u00a0545-5011, poste 2103\u00a0 |\u00a0 <a href=\"mailto:patricia2_tremblay@uqac.ca\">patricia2_tremblay@uqac.ca<\/a><\/p>\n<p style=\"text-align: justify\">\n","protected":false},"excerpt":{"rendered":"<p>Le Service des immeubles et \u00e9quipements (SIE) informe la communaut\u00e9 universitaire que les vignettes de stationnement pour l\u2019ann\u00e9e 2016-2017 sont maintenant en vente \u00e0 la r\u00e9ception de l\u2019Universit\u00e9. La carte \u00e9tudiante ou la carte d\u2019employ\u00e9 est obligatoire pour l\u2019achat d\u2019une vignette de stationnement. Pour les \u00e9tudiants, l\u2019immatriculation et le permis de conduire sont \u00e9galement demand\u00e9s. [&hellip;]<\/p>\n","protected":false},"author":5,"featured_media":20989,"comment_status":"open","ping_status":"open","sticky":false,"template":"","format":"standard","meta":{"footnotes":""},"categories":[2772],"tags":[],"yoast_head":"<!-- This site is optimized with the Yoast SEO plugin v24.2 - https:\/\/yoast.com\/wordpress\/plugins\/seo\/ -->\r\n<title>Vignettes de stationnement 2016-2017 - UQACtualit\u00e9s<\/title>\r\n<meta name=\"robots\" content=\"index, follow, max-snippet:-1, max-image-preview:large, max-video-preview:-1\" \/>\r\n<link rel=\"canonical\" href=\"https:\/\/www.uqac.ca\/uqactualites\/2016\/08\/23\/vignettes-de-stationnement-2016-2017\/\" \/>\r\n<meta property=\"og:locale\" content=\"fr_CA\" \/>\r\n<meta property=\"og:type\" content=\"article\" \/>\r\n<meta property=\"og:title\" content=\"Vignettes de stationnement 2016-2017 - UQACtualit\u00e9s\" \/>\r\n<meta property=\"og:description\" content=\"Le Service des immeubles et \u00e9quipements (SIE) informe la communaut\u00e9 universitaire que les vignettes de stationnement pour l\u2019ann\u00e9e 2016-2017 sont maintenant en vente \u00e0 la r\u00e9ception de l\u2019Universit\u00e9. La carte \u00e9tudiante ou la carte d\u2019employ\u00e9 est obligatoire pour l\u2019achat d\u2019une vignette de stationnement. Pour les \u00e9tudiants, l\u2019immatriculation et le permis de conduire sont \u00e9galement demand\u00e9s. [&hellip;]\" \/>\r\n<meta property=\"og:url\" content=\"https:\/\/www.uqac.ca\/uqactualites\/2016\/08\/23\/vignettes-de-stationnement-2016-2017\/\" \/>\r\n<meta property=\"og:site_name\" content=\"UQACtualit\u00e9s\" \/>\r\n<meta property=\"article:published_time\" content=\"2016-08-23T18:56:37+00:00\" \/>\r\n<meta property=\"og:image\" content=\"https:\/\/www.uqac.ca\/uqactualites\/wp-content\/uploads\/2012\/05\/avis-laCommunaut-.jpg\" \/>\r\n\t<meta property=\"og:image:width\" content=\"620\" \/>\r\n\t<meta property=\"og:image:height\" content=\"300\" \/>\r\n\t<meta property=\"og:image:type\" content=\"image\/jpeg\" \/>\r\n<meta name=\"author\" content=\"Service des communications et des relations publiques\" \/>\r\n<meta name=\"twitter:card\" content=\"summary_large_image\" \/>\r\n<meta name=\"twitter:label1\" content=\"\u00c9crit par\" \/>\n\t<meta name=\"twitter:data1\" content=\"Service des communications et des relations publiques\" \/>\n\t<meta name=\"twitter:label2\" content=\"Estimation du temps de lecture\" \/>\n\t<meta name=\"twitter:data2\" content=\"1 minute\" \/>\r\n<script type=\"application\/ld+json\" class=\"yoast-schema-graph\">{\"@context\":\"https:\/\/schema.org\",\"@graph\":[{\"@type\":\"WebPage\",\"@id\":\"https:\/\/www.uqac.ca\/uqactualites\/2016\/08\/23\/vignettes-de-stationnement-2016-2017\/\",\"url\":\"https:\/\/www.uqac.ca\/uqactualites\/2016\/08\/23\/vignettes-de-stationnement-2016-2017\/\",\"name\":\"Vignettes de stationnement 2016-2017 - UQACtualit\u00e9s\",\"isPartOf\":{\"@id\":\"https:\/\/www.uqac.ca\/uqactualites\/#website\"},\"primaryImageOfPage\":{\"@id\":\"https:\/\/www.uqac.ca\/uqactualites\/2016\/08\/23\/vignettes-de-stationnement-2016-2017\/#primaryimage\"},\"image\":{\"@id\":\"https:\/\/www.uqac.ca\/uqactualites\/2016\/08\/23\/vignettes-de-stationnement-2016-2017\/#primaryimage\"},\"thumbnailUrl\":\"https:\/\/www.uqac.ca\/uqactualites\/wp-content\/uploads\/2012\/05\/avis-laCommunaut-.jpg\",\"datePublished\":\"2016-08-23T18:56:37+00:00\",\"dateModified\":\"2016-08-23T18:56:37+00:00\",\"author\":{\"@id\":\"https:\/\/www.uqac.ca\/uqactualites\/#\/schema\/person\/366c45a0c4f0e677b41b4af5886e2018\"},\"breadcrumb\":{\"@id\":\"https:\/\/www.uqac.ca\/uqactualites\/2016\/08\/23\/vignettes-de-stationnement-2016-2017\/#breadcrumb\"},\"inLanguage\":\"fr-CA\",\"potentialAction\":[{\"@type\":\"ReadAction\",\"target\":[\"https:\/\/www.uqac.ca\/uqactualites\/2016\/08\/23\/vignettes-de-stationnement-2016-2017\/\"]}]},{\"@type\":\"ImageObject\",\"inLanguage\":\"fr-CA\",\"@id\":\"https:\/\/www.uqac.ca\/uqactualites\/2016\/08\/23\/vignettes-de-stationnement-2016-2017\/#primaryimage\",\"url\":\"https:\/\/www.uqac.ca\/uqactualites\/wp-content\/uploads\/2012\/05\/avis-laCommunaut-.jpg\",\"contentUrl\":\"https:\/\/www.uqac.ca\/uqactualites\/wp-content\/uploads\/2012\/05\/avis-laCommunaut-.jpg\",\"width\":620,\"height\":300},{\"@type\":\"BreadcrumbList\",\"@id\":\"https:\/\/www.uqac.ca\/uqactualites\/2016\/08\/23\/vignettes-de-stationnement-2016-2017\/#breadcrumb\",\"itemListElement\":[{\"@type\":\"ListItem\",\"position\":1,\"name\":\"Home\",\"item\":\"https:\/\/www.uqac.ca\/uqactualites\/\"},{\"@type\":\"ListItem\",\"position\":2,\"name\":\"Vignettes de stationnement 2016-2017\"}]},{\"@type\":\"WebSite\",\"@id\":\"https:\/\/www.uqac.ca\/uqactualites\/#website\",\"url\":\"https:\/\/www.uqac.ca\/uqactualites\/\",\"name\":\"UQACtualit\u00e9s\",\"description\":\"Le portail des nouvelles de l&#039;UQAC\",\"potentialAction\":[{\"@type\":\"SearchAction\",\"target\":{\"@type\":\"EntryPoint\",\"urlTemplate\":\"https:\/\/www.uqac.ca\/uqactualites\/?s={search_term_string}\"},\"query-input\":{\"@type\":\"PropertyValueSpecification\",\"valueRequired\":true,\"valueName\":\"search_term_string\"}}],\"inLanguage\":\"fr-CA\"},{\"@type\":\"Person\",\"@id\":\"https:\/\/www.uqac.ca\/uqactualites\/#\/schema\/person\/366c45a0c4f0e677b41b4af5886e2018\",\"name\":\"Service des communications et des relations publiques\",\"image\":{\"@type\":\"ImageObject\",\"inLanguage\":\"fr-CA\",\"@id\":\"https:\/\/www.uqac.ca\/uqactualites\/#\/schema\/person\/image\/\",\"url\":\"https:\/\/secure.gravatar.com\/avatar\/20fbbda8a292f59f2d3461a5b999c00b?s=96&d=mm&r=g\",\"contentUrl\":\"https:\/\/secure.gravatar.com\/avatar\/20fbbda8a292f59f2d3461a5b999c00b?s=96&d=mm&r=g\",\"caption\":\"Service des communications et des relations publiques\"},\"url\":\"https:\/\/www.uqac.ca\/uqactualites\/author\/bap\/\"}]}<\/script>\r\n<!-- \/ Yoast SEO plugin. -->","yoast_head_json":{"title":"Vignettes de stationnement 2016-2017 - UQACtualit\u00e9s","robots":{"index":"index","follow":"follow","max-snippet":"max-snippet:-1","max-image-preview":"max-image-preview:large","max-video-preview":"max-video-preview:-1"},"canonical":"https:\/\/www.uqac.ca\/uqactualites\/2016\/08\/23\/vignettes-de-stationnement-2016-2017\/","og_locale":"fr_CA","og_type":"article","og_title":"Vignettes de stationnement 2016-2017 - UQACtualit\u00e9s","og_description":"Le Service des immeubles et \u00e9quipements (SIE) informe la communaut\u00e9 universitaire que les vignettes de stationnement pour l\u2019ann\u00e9e 2016-2017 sont maintenant en vente \u00e0 la r\u00e9ception de l\u2019Universit\u00e9. La carte \u00e9tudiante ou la carte d\u2019employ\u00e9 est obligatoire pour l\u2019achat d\u2019une vignette de stationnement. Pour les \u00e9tudiants, l\u2019immatriculation et le permis de conduire sont \u00e9galement demand\u00e9s. [&hellip;]","og_url":"https:\/\/www.uqac.ca\/uqactualites\/2016\/08\/23\/vignettes-de-stationnement-2016-2017\/","og_site_name":"UQACtualit\u00e9s","article_published_time":"2016-08-23T18:56:37+00:00","og_image":[{"width":620,"height":300,"url":"https:\/\/www.uqac.ca\/uqactualites\/wp-content\/uploads\/2012\/05\/avis-laCommunaut-.jpg","type":"image\/jpeg"}],"author":"Service des communications et des relations publiques","twitter_card":"summary_large_image","twitter_misc":{"\u00c9crit par":"Service des communications et des relations publiques","Estimation du temps de lecture":"1 minute"},"schema":{"@context":"https:\/\/schema.org","@graph":[{"@type":"WebPage","@id":"https:\/\/www.uqac.ca\/uqactualites\/2016\/08\/23\/vignettes-de-stationnement-2016-2017\/","url":"https:\/\/www.uqac.ca\/uqactualites\/2016\/08\/23\/vignettes-de-stationnement-2016-2017\/","name":"Vignettes de stationnement 2016-2017 - UQACtualit\u00e9s","isPartOf":{"@id":"https:\/\/www.uqac.ca\/uqactualites\/#website"},"primaryImageOfPage":{"@id":"https:\/\/www.uqac.ca\/uqactualites\/2016\/08\/23\/vignettes-de-stationnement-2016-2017\/#primaryimage"},"image":{"@id":"https:\/\/www.uqac.ca\/uqactualites\/2016\/08\/23\/vignettes-de-stationnement-2016-2017\/#primaryimage"},"thumbnailUrl":"https:\/\/www.uqac.ca\/uqactualites\/wp-content\/uploads\/2012\/05\/avis-laCommunaut-.jpg","datePublished":"2016-08-23T18:56:37+00:00","dateModified":"2016-08-23T18:56:37+00:00","author":{"@id":"https:\/\/www.uqac.ca\/uqactualites\/#\/schema\/person\/366c45a0c4f0e677b41b4af5886e2018"},"breadcrumb":{"@id":"https:\/\/www.uqac.ca\/uqactualites\/2016\/08\/23\/vignettes-de-stationnement-2016-2017\/#breadcrumb"},"inLanguage":"fr-CA","potentialAction":[{"@type":"ReadAction","target":["https:\/\/www.uqac.ca\/uqactualites\/2016\/08\/23\/vignettes-de-stationnement-2016-2017\/"]}]},{"@type":"ImageObject","inLanguage":"fr-CA","@id":"https:\/\/www.uqac.ca\/uqactualites\/2016\/08\/23\/vignettes-de-stationnement-2016-2017\/#primaryimage","url":"https:\/\/www.uqac.ca\/uqactualites\/wp-content\/uploads\/2012\/05\/avis-laCommunaut-.jpg","contentUrl":"https:\/\/www.uqac.ca\/uqactualites\/wp-content\/uploads\/2012\/05\/avis-laCommunaut-.jpg","width":620,"height":300},{"@type":"BreadcrumbList","@id":"https:\/\/www.uqac.ca\/uqactualites\/2016\/08\/23\/vignettes-de-stationnement-2016-2017\/#breadcrumb","itemListElement":[{"@type":"ListItem","position":1,"name":"Home","item":"https:\/\/www.uqac.ca\/uqactualites\/"},{"@type":"ListItem","position":2,"name":"Vignettes de stationnement 2016-2017"}]},{"@type":"WebSite","@id":"https:\/\/www.uqac.ca\/uqactualites\/#website","url":"https:\/\/www.uqac.ca\/uqactualites\/","name":"UQACtualit\u00e9s","description":"Le portail des nouvelles de l&#039;UQAC","potentialAction":[{"@type":"SearchAction","target":{"@type":"EntryPoint","urlTemplate":"https:\/\/www.uqac.ca\/uqactualites\/?s={search_term_string}"},"query-input":{"@type":"PropertyValueSpecification","valueRequired":true,"valueName":"search_term_string"}}],"inLanguage":"fr-CA"},{"@type":"Person","@id":"https:\/\/www.uqac.ca\/uqactualites\/#\/schema\/person\/366c45a0c4f0e677b41b4af5886e2018","name":"Service des communications et des relations publiques","image":{"@type":"ImageObject","inLanguage":"fr-CA","@id":"https:\/\/www.uqac.ca\/uqactualites\/#\/schema\/person\/image\/","url":"https:\/\/secure.gravatar.com\/avatar\/20fbbda8a292f59f2d3461a5b999c00b?s=96&d=mm&r=g","contentUrl":"https:\/\/secure.gravatar.com\/avatar\/20fbbda8a292f59f2d3461a5b999c00b?s=96&d=mm&r=g","caption":"Service des communications et des relations publiques"},"url":"https:\/\/www.uqac.ca\/uqactualites\/author\/bap\/"}]}},"_links":{"self":[{"href":"https:\/\/www.uqac.ca\/uqactualites\/wp-json\/wp\/v2\/posts\/32299"}],"collection":[{"href":"https:\/\/www.uqac.ca\/uqactualites\/wp-json\/wp\/v2\/posts"}],"about":[{"href":"https:\/\/www.uqac.ca\/uqactualites\/wp-json\/wp\/v2\/types\/post"}],"author":[{"embeddable":true,"href":"https:\/\/www.uqac.ca\/uqactualites\/wp-json\/wp\/v2\/users\/5"}],"replies":[{"embeddable":true,"href":"https:\/\/www.uqac.ca\/uqactualites\/wp-json\/wp\/v2\/comments?post=32299"}],"version-history":[{"count":0,"href":"https:\/\/www.uqac.ca\/uqactualites\/wp-json\/wp\/v2\/posts\/32299\/revisions"}],"wp:featuredmedia":[{"embeddable":true,"href":"https:\/\/www.uqac.ca\/uqactualites\/wp-json\/wp\/v2\/media\/20989"}],"wp:attachment":[{"href":"https:\/\/www.uqac.ca\/uqactualites\/wp-json\/wp\/v2\/media?parent=32299"}],"wp:term":[{"taxonomy":"category","embeddable":true,"href":"https:\/\/www.uqac.ca\/uqactualites\/wp-json\/wp\/v2\/categories?post=32299"},{"taxonomy":"post_tag","embeddable":true,"href":"https:\/\/www.uqac.ca\/uqactualites\/wp-json\/wp\/v2\/tags?post=32299"}],"curies":[{"name":"wp","href":"https:\/\/api.w.org\/{rel}","templated":true}]}}