{"id":32309,"date":"2016-08-25T09:44:16","date_gmt":"2016-08-25T13:44:16","guid":{"rendered":"http:\/\/uqactualite.odev.ca\/?p=32309"},"modified":"2016-08-25T09:44:16","modified_gmt":"2016-08-25T13:44:16","slug":"deux-professeurs-de-luqac-exposent-des-oeuvres-au-musee-national-des-beaux-arts-du-quebec","status":"publish","type":"post","link":"https:\/\/www.uqac.ca\/uqactualites\/2016\/08\/25\/deux-professeurs-de-luqac-exposent-des-oeuvres-au-musee-national-des-beaux-arts-du-quebec\/","title":{"rendered":"Deux professeurs de l\u2019UQAC exposent des \u0153uvres au Mus\u00e9e national des beaux-arts du Qu\u00e9bec"},"content":{"rendered":"<p style=\"text-align: justify\">Mathieu Valade et Marcel Marois, tous deux professeurs au D\u00e9partement des arts et lettres de l\u2019UQAC, exposent actuellement des \u0153uvres au sein du nouveau Pavillon Lassonde du Mus\u00e9e national des beaux-arts du Qu\u00e9bec (MNBAQ).<\/p>\n<p style=\"text-align: justify\">Une \u0153uvre de Mathieu Valade est pr\u00e9sent\u00e9e au public dans l\u2019<a href=\"https:\/\/www.mnbaq.org\/exposition\/installations-1241\" target=\"_blank\" rel=\"noopener\">exposition temporaire intitul\u00e9e <em>Installations<\/em><\/a>. Cette \u0153uvre, <em>Marcher quand m\u00eame<\/em>, fait d\u00e9j\u00e0 partie de la collection du MNBAQ. Cette exposition, mise sur pied pour c\u00e9l\u00e9brer l\u2019ouverture du Pavillon Lassonde, est en cours depuis le 24\u00a0juin 2016 et se terminera le 19 f\u00e9vrier 2017.<\/p>\n<figure id=\"attachment_32312\" aria-describedby=\"caption-attachment-32312\" style=\"width: 300px\" class=\"wp-caption alignnone\"><img loading=\"lazy\" decoding=\"async\" class=\"wp-image-32312 size-medium\" src=\"http:\/\/www.uqac.ca\/wp-content\/uploads\/2016\/08\/a82fccb5c82bb35760310812bafff573-300x200.jpg\" alt=\"a82fccb5c82bb35760310812bafff573\" width=\"300\" height=\"200\" srcset=\"https:\/\/www.uqac.ca\/uqactualites\/wp-content\/uploads\/2016\/08\/a82fccb5c82bb35760310812bafff573-300x200.jpg 300w, https:\/\/www.uqac.ca\/uqactualites\/wp-content\/uploads\/2016\/08\/a82fccb5c82bb35760310812bafff573-1024x683.jpg 1024w, https:\/\/www.uqac.ca\/uqactualites\/wp-content\/uploads\/2016\/08\/a82fccb5c82bb35760310812bafff573-768x512.jpg 768w, https:\/\/www.uqac.ca\/uqactualites\/wp-content\/uploads\/2016\/08\/a82fccb5c82bb35760310812bafff573.jpg 1500w\" sizes=\"(max-width: 300px) 100vw, 300px\" \/><figcaption id=\"caption-attachment-32312\" class=\"wp-caption-text\">Valade, Mathieu Marcher quand m\u00eame, 2012 Boule de miroirs, moteur, d\u00e9tecteur de mouvement, projecteurs d&rsquo;\u00e9clairage, microprocesseur et bande sonore 90 cm (diam\u00e8tre) Collection du Mus\u00e9e national des beaux arts du Qu\u00e9bec, Don de l&rsquo;artiste (2012.293) \u00a9 Mathieu Valade Cr\u00e9dit photo : Mathieu Valade<\/figcaption><\/figure>\n<p style=\"text-align: justify\">\n<p style=\"text-align: justify\">L\u2019\u0153uvre de Marcel Marois, <em>Comme un souffle dans l\u2019onde confuse,<\/em> est pour sa part pr\u00e9sent\u00e9e dans l&rsquo;<a href=\"https:\/\/www.mnbaq.org\/exposition\/arts-decoratifs-et-design-du-quebec-1240\" target=\"_blank\" rel=\"noopener\">exposition Arts d\u00e9coratifs et design du Qu\u00e9bec<\/a>. Consacr\u00e9e exclusivement au design et aux m\u00e9tiers d\u2019art qu\u00e9b\u00e9cois de la fin des ann\u00e9es 1950 \u00e0 aujourd\u2019hui, l\u2019exposition est la seule du genre au Canada. L\u2019\u0153uvre fait \u00e9galement partie de la collection permanente du MNBAQ.<\/p>\n<figure id=\"attachment_32313\" aria-describedby=\"caption-attachment-32313\" style=\"width: 300px\" class=\"wp-caption alignnone\"><a href=\"http:\/\/www.uqac.ca\/wp-content\/uploads\/2016\/08\/1995.475.jpg\"><img loading=\"lazy\" decoding=\"async\" class=\"wp-image-32313 size-medium\" src=\"http:\/\/www.uqac.ca\/wp-content\/uploads\/2016\/08\/1995.475-300x292.jpg\" alt=\"1995.475\" width=\"300\" height=\"292\" srcset=\"https:\/\/www.uqac.ca\/uqactualites\/wp-content\/uploads\/2016\/08\/1995.475-300x292.jpg 300w, https:\/\/www.uqac.ca\/uqactualites\/wp-content\/uploads\/2016\/08\/1995.475-1024x997.jpg 1024w, https:\/\/www.uqac.ca\/uqactualites\/wp-content\/uploads\/2016\/08\/1995.475-768x748.jpg 768w, https:\/\/www.uqac.ca\/uqactualites\/wp-content\/uploads\/2016\/08\/1995.475-1536x1496.jpg 1536w, https:\/\/www.uqac.ca\/uqactualites\/wp-content\/uploads\/2016\/08\/1995.475-2048x1994.jpg 2048w\" sizes=\"(max-width: 300px) 100vw, 300px\" \/><\/a><figcaption id=\"caption-attachment-32313\" class=\"wp-caption-text\">Marois, Marcel Comme un souffle dans l&rsquo;onde confuse, 1991 1993 Haute lisse 268 x 275 cm Collection du Mus\u00e9e national des beaux arts du Qu\u00e9bec, Achat gr\u00e2ce \u00e0 une contribution des Amis du Mus\u00e9e national des beaux arts du Qu\u00e9bec (1995.475) \u00a9 Marcel Marois Cr\u00e9dit photo : MNBAQ, Jean-Guy K\u00e9rouac<\/figcaption><\/figure>\n","protected":false},"excerpt":{"rendered":"<p>Mathieu Valade et Marcel Marois, tous deux professeurs au D\u00e9partement des arts et lettres de l\u2019UQAC, exposent actuellement des \u0153uvres au sein du nouveau Pavillon Lassonde du Mus\u00e9e national des beaux-arts du Qu\u00e9bec (MNBAQ). Une \u0153uvre de Mathieu Valade est pr\u00e9sent\u00e9e au public dans l\u2019exposition temporaire intitul\u00e9e Installations. Cette \u0153uvre, Marcher quand m\u00eame, fait d\u00e9j\u00e0 [&hellip;]<\/p>\n","protected":false},"author":5,"featured_media":32314,"comment_status":"open","ping_status":"open","sticky":false,"template":"","format":"standard","meta":{"footnotes":""},"categories":[2],"tags":[],"yoast_head":"<!-- This site is optimized with the Yoast SEO plugin v24.2 - https:\/\/yoast.com\/wordpress\/plugins\/seo\/ -->\r\n<title>Deux professeurs de l\u2019UQAC exposent des \u0153uvres au Mus\u00e9e national des beaux-arts du Qu\u00e9bec - UQACtualit\u00e9s<\/title>\r\n<meta name=\"robots\" content=\"index, follow, max-snippet:-1, max-image-preview:large, max-video-preview:-1\" \/>\r\n<link rel=\"canonical\" href=\"https:\/\/www.uqac.ca\/uqactualites\/2016\/08\/25\/deux-professeurs-de-luqac-exposent-des-oeuvres-au-musee-national-des-beaux-arts-du-quebec\/\" \/>\r\n<meta property=\"og:locale\" content=\"fr_CA\" \/>\r\n<meta property=\"og:type\" content=\"article\" \/>\r\n<meta property=\"og:title\" content=\"Deux professeurs de l\u2019UQAC exposent des \u0153uvres au Mus\u00e9e national des beaux-arts du Qu\u00e9bec - UQACtualit\u00e9s\" \/>\r\n<meta property=\"og:description\" content=\"Mathieu Valade et Marcel Marois, tous deux professeurs au D\u00e9partement des arts et lettres de l\u2019UQAC, exposent actuellement des \u0153uvres au sein du nouveau Pavillon Lassonde du Mus\u00e9e national des beaux-arts du Qu\u00e9bec (MNBAQ). Une \u0153uvre de Mathieu Valade est pr\u00e9sent\u00e9e au public dans l\u2019exposition temporaire intitul\u00e9e Installations. Cette \u0153uvre, Marcher quand m\u00eame, fait d\u00e9j\u00e0 [&hellip;]\" \/>\r\n<meta property=\"og:url\" content=\"https:\/\/www.uqac.ca\/uqactualites\/2016\/08\/25\/deux-professeurs-de-luqac-exposent-des-oeuvres-au-musee-national-des-beaux-arts-du-quebec\/\" \/>\r\n<meta property=\"og:site_name\" content=\"UQACtualit\u00e9s\" \/>\r\n<meta property=\"article:published_time\" content=\"2016-08-25T13:44:16+00:00\" \/>\r\n<meta property=\"og:image\" content=\"https:\/\/www.uqac.ca\/uqactualites\/wp-content\/uploads\/2016\/08\/Valade-Marois-Web.jpg\" \/>\r\n\t<meta property=\"og:image:width\" content=\"620\" \/>\r\n\t<meta property=\"og:image:height\" content=\"300\" \/>\r\n\t<meta property=\"og:image:type\" content=\"image\/jpeg\" \/>\r\n<meta name=\"author\" content=\"Service des communications et des relations publiques\" \/>\r\n<meta name=\"twitter:card\" content=\"summary_large_image\" \/>\r\n<meta name=\"twitter:label1\" content=\"\u00c9crit par\" \/>\n\t<meta name=\"twitter:data1\" content=\"Service des communications et des relations publiques\" \/>\n\t<meta name=\"twitter:label2\" content=\"Estimation du temps de lecture\" \/>\n\t<meta name=\"twitter:data2\" content=\"1 minute\" \/>\r\n<script type=\"application\/ld+json\" class=\"yoast-schema-graph\">{\"@context\":\"https:\/\/schema.org\",\"@graph\":[{\"@type\":\"WebPage\",\"@id\":\"https:\/\/www.uqac.ca\/uqactualites\/2016\/08\/25\/deux-professeurs-de-luqac-exposent-des-oeuvres-au-musee-national-des-beaux-arts-du-quebec\/\",\"url\":\"https:\/\/www.uqac.ca\/uqactualites\/2016\/08\/25\/deux-professeurs-de-luqac-exposent-des-oeuvres-au-musee-national-des-beaux-arts-du-quebec\/\",\"name\":\"Deux professeurs de l\u2019UQAC exposent des \u0153uvres au Mus\u00e9e national des beaux-arts du Qu\u00e9bec - UQACtualit\u00e9s\",\"isPartOf\":{\"@id\":\"https:\/\/www.uqac.ca\/uqactualites\/#website\"},\"primaryImageOfPage\":{\"@id\":\"https:\/\/www.uqac.ca\/uqactualites\/2016\/08\/25\/deux-professeurs-de-luqac-exposent-des-oeuvres-au-musee-national-des-beaux-arts-du-quebec\/#primaryimage\"},\"image\":{\"@id\":\"https:\/\/www.uqac.ca\/uqactualites\/2016\/08\/25\/deux-professeurs-de-luqac-exposent-des-oeuvres-au-musee-national-des-beaux-arts-du-quebec\/#primaryimage\"},\"thumbnailUrl\":\"https:\/\/www.uqac.ca\/uqactualites\/wp-content\/uploads\/2016\/08\/Valade-Marois-Web.jpg\",\"datePublished\":\"2016-08-25T13:44:16+00:00\",\"dateModified\":\"2016-08-25T13:44:16+00:00\",\"author\":{\"@id\":\"https:\/\/www.uqac.ca\/uqactualites\/#\/schema\/person\/366c45a0c4f0e677b41b4af5886e2018\"},\"breadcrumb\":{\"@id\":\"https:\/\/www.uqac.ca\/uqactualites\/2016\/08\/25\/deux-professeurs-de-luqac-exposent-des-oeuvres-au-musee-national-des-beaux-arts-du-quebec\/#breadcrumb\"},\"inLanguage\":\"fr-CA\",\"potentialAction\":[{\"@type\":\"ReadAction\",\"target\":[\"https:\/\/www.uqac.ca\/uqactualites\/2016\/08\/25\/deux-professeurs-de-luqac-exposent-des-oeuvres-au-musee-national-des-beaux-arts-du-quebec\/\"]}]},{\"@type\":\"ImageObject\",\"inLanguage\":\"fr-CA\",\"@id\":\"https:\/\/www.uqac.ca\/uqactualites\/2016\/08\/25\/deux-professeurs-de-luqac-exposent-des-oeuvres-au-musee-national-des-beaux-arts-du-quebec\/#primaryimage\",\"url\":\"https:\/\/www.uqac.ca\/uqactualites\/wp-content\/uploads\/2016\/08\/Valade-Marois-Web.jpg\",\"contentUrl\":\"https:\/\/www.uqac.ca\/uqactualites\/wp-content\/uploads\/2016\/08\/Valade-Marois-Web.jpg\",\"width\":620,\"height\":300},{\"@type\":\"BreadcrumbList\",\"@id\":\"https:\/\/www.uqac.ca\/uqactualites\/2016\/08\/25\/deux-professeurs-de-luqac-exposent-des-oeuvres-au-musee-national-des-beaux-arts-du-quebec\/#breadcrumb\",\"itemListElement\":[{\"@type\":\"ListItem\",\"position\":1,\"name\":\"Home\",\"item\":\"https:\/\/www.uqac.ca\/uqactualites\/\"},{\"@type\":\"ListItem\",\"position\":2,\"name\":\"Deux professeurs de l\u2019UQAC exposent des \u0153uvres au Mus\u00e9e national des beaux-arts du Qu\u00e9bec\"}]},{\"@type\":\"WebSite\",\"@id\":\"https:\/\/www.uqac.ca\/uqactualites\/#website\",\"url\":\"https:\/\/www.uqac.ca\/uqactualites\/\",\"name\":\"UQACtualit\u00e9s\",\"description\":\"Le portail des nouvelles de l&#039;UQAC\",\"potentialAction\":[{\"@type\":\"SearchAction\",\"target\":{\"@type\":\"EntryPoint\",\"urlTemplate\":\"https:\/\/www.uqac.ca\/uqactualites\/?s={search_term_string}\"},\"query-input\":{\"@type\":\"PropertyValueSpecification\",\"valueRequired\":true,\"valueName\":\"search_term_string\"}}],\"inLanguage\":\"fr-CA\"},{\"@type\":\"Person\",\"@id\":\"https:\/\/www.uqac.ca\/uqactualites\/#\/schema\/person\/366c45a0c4f0e677b41b4af5886e2018\",\"name\":\"Service des communications et des relations publiques\",\"image\":{\"@type\":\"ImageObject\",\"inLanguage\":\"fr-CA\",\"@id\":\"https:\/\/www.uqac.ca\/uqactualites\/#\/schema\/person\/image\/\",\"url\":\"https:\/\/secure.gravatar.com\/avatar\/20fbbda8a292f59f2d3461a5b999c00b?s=96&d=mm&r=g\",\"contentUrl\":\"https:\/\/secure.gravatar.com\/avatar\/20fbbda8a292f59f2d3461a5b999c00b?s=96&d=mm&r=g\",\"caption\":\"Service des communications et des relations publiques\"},\"url\":\"https:\/\/www.uqac.ca\/uqactualites\/author\/bap\/\"}]}<\/script>\r\n<!-- \/ Yoast SEO plugin. -->","yoast_head_json":{"title":"Deux professeurs de l\u2019UQAC exposent des \u0153uvres au Mus\u00e9e national des beaux-arts du Qu\u00e9bec - UQACtualit\u00e9s","robots":{"index":"index","follow":"follow","max-snippet":"max-snippet:-1","max-image-preview":"max-image-preview:large","max-video-preview":"max-video-preview:-1"},"canonical":"https:\/\/www.uqac.ca\/uqactualites\/2016\/08\/25\/deux-professeurs-de-luqac-exposent-des-oeuvres-au-musee-national-des-beaux-arts-du-quebec\/","og_locale":"fr_CA","og_type":"article","og_title":"Deux professeurs de l\u2019UQAC exposent des \u0153uvres au Mus\u00e9e national des beaux-arts du Qu\u00e9bec - UQACtualit\u00e9s","og_description":"Mathieu Valade et Marcel Marois, tous deux professeurs au D\u00e9partement des arts et lettres de l\u2019UQAC, exposent actuellement des \u0153uvres au sein du nouveau Pavillon Lassonde du Mus\u00e9e national des beaux-arts du Qu\u00e9bec (MNBAQ). Une \u0153uvre de Mathieu Valade est pr\u00e9sent\u00e9e au public dans l\u2019exposition temporaire intitul\u00e9e Installations. Cette \u0153uvre, Marcher quand m\u00eame, fait d\u00e9j\u00e0 [&hellip;]","og_url":"https:\/\/www.uqac.ca\/uqactualites\/2016\/08\/25\/deux-professeurs-de-luqac-exposent-des-oeuvres-au-musee-national-des-beaux-arts-du-quebec\/","og_site_name":"UQACtualit\u00e9s","article_published_time":"2016-08-25T13:44:16+00:00","og_image":[{"width":620,"height":300,"url":"https:\/\/www.uqac.ca\/uqactualites\/wp-content\/uploads\/2016\/08\/Valade-Marois-Web.jpg","type":"image\/jpeg"}],"author":"Service des communications et des relations publiques","twitter_card":"summary_large_image","twitter_misc":{"\u00c9crit par":"Service des communications et des relations publiques","Estimation du temps de lecture":"1 minute"},"schema":{"@context":"https:\/\/schema.org","@graph":[{"@type":"WebPage","@id":"https:\/\/www.uqac.ca\/uqactualites\/2016\/08\/25\/deux-professeurs-de-luqac-exposent-des-oeuvres-au-musee-national-des-beaux-arts-du-quebec\/","url":"https:\/\/www.uqac.ca\/uqactualites\/2016\/08\/25\/deux-professeurs-de-luqac-exposent-des-oeuvres-au-musee-national-des-beaux-arts-du-quebec\/","name":"Deux professeurs de l\u2019UQAC exposent des \u0153uvres au Mus\u00e9e national des beaux-arts du Qu\u00e9bec - UQACtualit\u00e9s","isPartOf":{"@id":"https:\/\/www.uqac.ca\/uqactualites\/#website"},"primaryImageOfPage":{"@id":"https:\/\/www.uqac.ca\/uqactualites\/2016\/08\/25\/deux-professeurs-de-luqac-exposent-des-oeuvres-au-musee-national-des-beaux-arts-du-quebec\/#primaryimage"},"image":{"@id":"https:\/\/www.uqac.ca\/uqactualites\/2016\/08\/25\/deux-professeurs-de-luqac-exposent-des-oeuvres-au-musee-national-des-beaux-arts-du-quebec\/#primaryimage"},"thumbnailUrl":"https:\/\/www.uqac.ca\/uqactualites\/wp-content\/uploads\/2016\/08\/Valade-Marois-Web.jpg","datePublished":"2016-08-25T13:44:16+00:00","dateModified":"2016-08-25T13:44:16+00:00","author":{"@id":"https:\/\/www.uqac.ca\/uqactualites\/#\/schema\/person\/366c45a0c4f0e677b41b4af5886e2018"},"breadcrumb":{"@id":"https:\/\/www.uqac.ca\/uqactualites\/2016\/08\/25\/deux-professeurs-de-luqac-exposent-des-oeuvres-au-musee-national-des-beaux-arts-du-quebec\/#breadcrumb"},"inLanguage":"fr-CA","potentialAction":[{"@type":"ReadAction","target":["https:\/\/www.uqac.ca\/uqactualites\/2016\/08\/25\/deux-professeurs-de-luqac-exposent-des-oeuvres-au-musee-national-des-beaux-arts-du-quebec\/"]}]},{"@type":"ImageObject","inLanguage":"fr-CA","@id":"https:\/\/www.uqac.ca\/uqactualites\/2016\/08\/25\/deux-professeurs-de-luqac-exposent-des-oeuvres-au-musee-national-des-beaux-arts-du-quebec\/#primaryimage","url":"https:\/\/www.uqac.ca\/uqactualites\/wp-content\/uploads\/2016\/08\/Valade-Marois-Web.jpg","contentUrl":"https:\/\/www.uqac.ca\/uqactualites\/wp-content\/uploads\/2016\/08\/Valade-Marois-Web.jpg","width":620,"height":300},{"@type":"BreadcrumbList","@id":"https:\/\/www.uqac.ca\/uqactualites\/2016\/08\/25\/deux-professeurs-de-luqac-exposent-des-oeuvres-au-musee-national-des-beaux-arts-du-quebec\/#breadcrumb","itemListElement":[{"@type":"ListItem","position":1,"name":"Home","item":"https:\/\/www.uqac.ca\/uqactualites\/"},{"@type":"ListItem","position":2,"name":"Deux professeurs de l\u2019UQAC exposent des \u0153uvres au Mus\u00e9e national des beaux-arts du Qu\u00e9bec"}]},{"@type":"WebSite","@id":"https:\/\/www.uqac.ca\/uqactualites\/#website","url":"https:\/\/www.uqac.ca\/uqactualites\/","name":"UQACtualit\u00e9s","description":"Le portail des nouvelles de l&#039;UQAC","potentialAction":[{"@type":"SearchAction","target":{"@type":"EntryPoint","urlTemplate":"https:\/\/www.uqac.ca\/uqactualites\/?s={search_term_string}"},"query-input":{"@type":"PropertyValueSpecification","valueRequired":true,"valueName":"search_term_string"}}],"inLanguage":"fr-CA"},{"@type":"Person","@id":"https:\/\/www.uqac.ca\/uqactualites\/#\/schema\/person\/366c45a0c4f0e677b41b4af5886e2018","name":"Service des communications et des relations publiques","image":{"@type":"ImageObject","inLanguage":"fr-CA","@id":"https:\/\/www.uqac.ca\/uqactualites\/#\/schema\/person\/image\/","url":"https:\/\/secure.gravatar.com\/avatar\/20fbbda8a292f59f2d3461a5b999c00b?s=96&d=mm&r=g","contentUrl":"https:\/\/secure.gravatar.com\/avatar\/20fbbda8a292f59f2d3461a5b999c00b?s=96&d=mm&r=g","caption":"Service des communications et des relations publiques"},"url":"https:\/\/www.uqac.ca\/uqactualites\/author\/bap\/"}]}},"_links":{"self":[{"href":"https:\/\/www.uqac.ca\/uqactualites\/wp-json\/wp\/v2\/posts\/32309"}],"collection":[{"href":"https:\/\/www.uqac.ca\/uqactualites\/wp-json\/wp\/v2\/posts"}],"about":[{"href":"https:\/\/www.uqac.ca\/uqactualites\/wp-json\/wp\/v2\/types\/post"}],"author":[{"embeddable":true,"href":"https:\/\/www.uqac.ca\/uqactualites\/wp-json\/wp\/v2\/users\/5"}],"replies":[{"embeddable":true,"href":"https:\/\/www.uqac.ca\/uqactualites\/wp-json\/wp\/v2\/comments?post=32309"}],"version-history":[{"count":0,"href":"https:\/\/www.uqac.ca\/uqactualites\/wp-json\/wp\/v2\/posts\/32309\/revisions"}],"wp:featuredmedia":[{"embeddable":true,"href":"https:\/\/www.uqac.ca\/uqactualites\/wp-json\/wp\/v2\/media\/32314"}],"wp:attachment":[{"href":"https:\/\/www.uqac.ca\/uqactualites\/wp-json\/wp\/v2\/media?parent=32309"}],"wp:term":[{"taxonomy":"category","embeddable":true,"href":"https:\/\/www.uqac.ca\/uqactualites\/wp-json\/wp\/v2\/categories?post=32309"},{"taxonomy":"post_tag","embeddable":true,"href":"https:\/\/www.uqac.ca\/uqactualites\/wp-json\/wp\/v2\/tags?post=32309"}],"curies":[{"name":"wp","href":"https:\/\/api.w.org\/{rel}","templated":true}]}}