{"id":32318,"date":"2016-08-29T10:34:20","date_gmt":"2016-08-29T14:34:20","guid":{"rendered":"http:\/\/uqactualite.odev.ca\/?p=32318"},"modified":"2016-08-29T10:34:20","modified_gmt":"2016-08-29T14:34:20","slug":"rentree-2016","status":"publish","type":"post","link":"https:\/\/www.uqac.ca\/uqactualites\/2016\/08\/29\/rentree-2016\/","title":{"rendered":"La Rentr\u00e9e 2016 \u00e0 l\u2019UQAC : \u00e7a commence ici!"},"content":{"rendered":"<p>Ce sont quelque 7\u00a0000 \u00e9tudiants qui fouleront cette semaine le campus de l\u2019UQAC \u00e0 l\u2019occasion de la rentr\u00e9e universitaire. D\u00e9ploy\u00e9es gr\u00e2ce \u00e0 une collaboration entre le Mouvement des associations g\u00e9n\u00e9rales \u00e9tudiantes de l\u2019UQAC (MAGE-UQAC) et les Services aux \u00e9tudiants (SAE), les activit\u00e9s de la Rentr\u00e9e 2016 promettent d\u2019en mettre plein la vue!<\/p>\n<p>Le coup d\u2019envoi de cette semaine de festivit\u00e9s sera donn\u00e9 lundi avec le Salon de la rentr\u00e9e, une tradition de l\u2019UQAC qui permet aux \u00e9tudiants de d\u00e9couvrir leur nouveau milieu et de plonger au c\u0153ur de la vie universitaire. C\u2019est mardi que se d\u00e9roulera le 4 \u00e0 7 du recteur, au cours duquel seront offerts collations, rafra\u00eechissements et prix de pr\u00e9sence. Rendez-vous incontournable pour l\u2019ensemble de la communaut\u00e9, cette rencontre festive r\u00e9unit chaque ann\u00e9e dans la cour int\u00e9rieure les \u00e9tudiants, le personnel et la haute direction de l\u2019UQAC. La semaine de la Rentr\u00e9e 2016 culminera jeudi soir avec le populaire Show de la rentr\u00e9e\u00a0: cette ann\u00e9e, ce sont les rythmes du color\u00e9 duo Radio Radio qui envahiront le centre social!<\/p>\n<p>Visites du campus et de la ville, cin\u00e9ma en plein air, soir\u00e9es anim\u00e9es, veill\u00e9e autour du feu, activit\u00e9s sportives et spectacles : toutes les raisons seront bonnes pour festoyer \u00e0 l\u2019occasion de cette Rentr\u00e9e 2016!<\/p>\n<p>Consultez en ligne la programmation compl\u00e8te des activit\u00e9s au <a href=\"http:\/\/www.uqac.ca\/rentree\"><strong>www.uqac.ca\/rentree<\/strong><\/a>.<\/p>\n<p>La Rentr\u00e9e 2016 \u00e0 l\u2019UQAC\u00a0: \u00e7a commence ici!<\/p>\n<p><strong>Exclusivit\u00e9s 2016<\/strong><\/p>\n<ul>\n<li>Radio \u00c9nergie sera sur le campus le mardi 30 ao\u00fbt d\u00e8s 11\u00a0h\u00a030, alors que sera diffus\u00e9e en direct du centre social l\u2019\u00e9mission <em>J\u2019m\u2019appelle pas Ga\u00e9tan<\/em>.<\/li>\n<li>Christine St-Pierre, ministre des Relations internationales et de la Francophonie, offrira une conf\u00e9rence sur les \u00e9tudes \u00e0 l\u2019\u00e9tranger le mardi 30 ao\u00fbt \u00e0 14 h \u00e0 l\u2019auditorium de l\u2019UQAC.<\/li>\n<li>La campagne <a href=\"http:\/\/sansouicestnon.ca\/\">Sans oui, c\u2019est non!<\/a>, une initiative conjointe des \u00e9tablissements universitaires et des associations \u00e9tudiantes partenaires visant \u00e0 faire la pr\u00e9vention des violences \u00e0 caract\u00e8re sexuel, sera lanc\u00e9e \u00e0 l\u2019UQAC au cours de la semaine.<\/li>\n<\/ul>\n","protected":false},"excerpt":{"rendered":"<p>Ce sont quelque 7\u00a0000 \u00e9tudiants qui fouleront cette semaine le campus de l\u2019UQAC \u00e0 l\u2019occasion de la rentr\u00e9e universitaire. D\u00e9ploy\u00e9es gr\u00e2ce \u00e0 une collaboration entre le Mouvement des associations g\u00e9n\u00e9rales \u00e9tudiantes de l\u2019UQAC (MAGE-UQAC) et les Services aux \u00e9tudiants (SAE), les activit\u00e9s de la Rentr\u00e9e 2016 promettent d\u2019en mettre plein la vue! Le coup d\u2019envoi [&hellip;]<\/p>\n","protected":false},"author":5,"featured_media":32319,"comment_status":"open","ping_status":"open","sticky":false,"template":"","format":"standard","meta":{"footnotes":""},"categories":[2],"tags":[],"yoast_head":"<!-- This site is optimized with the Yoast SEO plugin v24.2 - https:\/\/yoast.com\/wordpress\/plugins\/seo\/ -->\r\n<title>La Rentr\u00e9e 2016 \u00e0 l\u2019UQAC : \u00e7a commence ici! - UQACtualit\u00e9s<\/title>\r\n<meta name=\"robots\" content=\"index, follow, max-snippet:-1, max-image-preview:large, max-video-preview:-1\" \/>\r\n<link rel=\"canonical\" href=\"https:\/\/www.uqac.ca\/uqactualites\/2016\/08\/29\/rentree-2016\/\" \/>\r\n<meta property=\"og:locale\" content=\"fr_CA\" \/>\r\n<meta property=\"og:type\" content=\"article\" \/>\r\n<meta property=\"og:title\" content=\"La Rentr\u00e9e 2016 \u00e0 l\u2019UQAC : \u00e7a commence ici! - UQACtualit\u00e9s\" \/>\r\n<meta property=\"og:description\" content=\"Ce sont quelque 7\u00a0000 \u00e9tudiants qui fouleront cette semaine le campus de l\u2019UQAC \u00e0 l\u2019occasion de la rentr\u00e9e universitaire. D\u00e9ploy\u00e9es gr\u00e2ce \u00e0 une collaboration entre le Mouvement des associations g\u00e9n\u00e9rales \u00e9tudiantes de l\u2019UQAC (MAGE-UQAC) et les Services aux \u00e9tudiants (SAE), les activit\u00e9s de la Rentr\u00e9e 2016 promettent d\u2019en mettre plein la vue! Le coup d\u2019envoi [&hellip;]\" \/>\r\n<meta property=\"og:url\" content=\"https:\/\/www.uqac.ca\/uqactualites\/2016\/08\/29\/rentree-2016\/\" \/>\r\n<meta property=\"og:site_name\" content=\"UQACtualit\u00e9s\" \/>\r\n<meta property=\"article:published_time\" content=\"2016-08-29T14:34:20+00:00\" \/>\r\n<meta property=\"og:image\" content=\"https:\/\/www.uqac.ca\/uqactualites\/wp-content\/uploads\/2016\/08\/GRAF_UqactualiteRentr\u00e9e2016-04.jpg\" \/>\r\n\t<meta property=\"og:image:width\" content=\"621\" \/>\r\n\t<meta property=\"og:image:height\" content=\"301\" \/>\r\n\t<meta property=\"og:image:type\" content=\"image\/jpeg\" \/>\r\n<meta name=\"author\" content=\"Service des communications et des relations publiques\" \/>\r\n<meta name=\"twitter:card\" content=\"summary_large_image\" \/>\r\n<meta name=\"twitter:label1\" content=\"\u00c9crit par\" \/>\n\t<meta name=\"twitter:data1\" content=\"Service des communications et des relations publiques\" \/>\n\t<meta name=\"twitter:label2\" content=\"Estimation du temps de lecture\" \/>\n\t<meta name=\"twitter:data2\" content=\"2 minutes\" \/>\r\n<script type=\"application\/ld+json\" class=\"yoast-schema-graph\">{\"@context\":\"https:\/\/schema.org\",\"@graph\":[{\"@type\":\"WebPage\",\"@id\":\"https:\/\/www.uqac.ca\/uqactualites\/2016\/08\/29\/rentree-2016\/\",\"url\":\"https:\/\/www.uqac.ca\/uqactualites\/2016\/08\/29\/rentree-2016\/\",\"name\":\"La Rentr\u00e9e 2016 \u00e0 l\u2019UQAC : \u00e7a commence ici! - UQACtualit\u00e9s\",\"isPartOf\":{\"@id\":\"https:\/\/www.uqac.ca\/uqactualites\/#website\"},\"primaryImageOfPage\":{\"@id\":\"https:\/\/www.uqac.ca\/uqactualites\/2016\/08\/29\/rentree-2016\/#primaryimage\"},\"image\":{\"@id\":\"https:\/\/www.uqac.ca\/uqactualites\/2016\/08\/29\/rentree-2016\/#primaryimage\"},\"thumbnailUrl\":\"https:\/\/www.uqac.ca\/uqactualites\/wp-content\/uploads\/2016\/08\/GRAF_UqactualiteRentr\u00e9e2016-04.jpg\",\"datePublished\":\"2016-08-29T14:34:20+00:00\",\"dateModified\":\"2016-08-29T14:34:20+00:00\",\"author\":{\"@id\":\"https:\/\/www.uqac.ca\/uqactualites\/#\/schema\/person\/366c45a0c4f0e677b41b4af5886e2018\"},\"breadcrumb\":{\"@id\":\"https:\/\/www.uqac.ca\/uqactualites\/2016\/08\/29\/rentree-2016\/#breadcrumb\"},\"inLanguage\":\"fr-CA\",\"potentialAction\":[{\"@type\":\"ReadAction\",\"target\":[\"https:\/\/www.uqac.ca\/uqactualites\/2016\/08\/29\/rentree-2016\/\"]}]},{\"@type\":\"ImageObject\",\"inLanguage\":\"fr-CA\",\"@id\":\"https:\/\/www.uqac.ca\/uqactualites\/2016\/08\/29\/rentree-2016\/#primaryimage\",\"url\":\"https:\/\/www.uqac.ca\/uqactualites\/wp-content\/uploads\/2016\/08\/GRAF_UqactualiteRentr\u00e9e2016-04.jpg\",\"contentUrl\":\"https:\/\/www.uqac.ca\/uqactualites\/wp-content\/uploads\/2016\/08\/GRAF_UqactualiteRentr\u00e9e2016-04.jpg\",\"width\":621,\"height\":301},{\"@type\":\"BreadcrumbList\",\"@id\":\"https:\/\/www.uqac.ca\/uqactualites\/2016\/08\/29\/rentree-2016\/#breadcrumb\",\"itemListElement\":[{\"@type\":\"ListItem\",\"position\":1,\"name\":\"Home\",\"item\":\"https:\/\/www.uqac.ca\/uqactualites\/\"},{\"@type\":\"ListItem\",\"position\":2,\"name\":\"La Rentr\u00e9e 2016 \u00e0 l\u2019UQAC : \u00e7a commence ici!\"}]},{\"@type\":\"WebSite\",\"@id\":\"https:\/\/www.uqac.ca\/uqactualites\/#website\",\"url\":\"https:\/\/www.uqac.ca\/uqactualites\/\",\"name\":\"UQACtualit\u00e9s\",\"description\":\"Le portail des nouvelles de l&#039;UQAC\",\"potentialAction\":[{\"@type\":\"SearchAction\",\"target\":{\"@type\":\"EntryPoint\",\"urlTemplate\":\"https:\/\/www.uqac.ca\/uqactualites\/?s={search_term_string}\"},\"query-input\":{\"@type\":\"PropertyValueSpecification\",\"valueRequired\":true,\"valueName\":\"search_term_string\"}}],\"inLanguage\":\"fr-CA\"},{\"@type\":\"Person\",\"@id\":\"https:\/\/www.uqac.ca\/uqactualites\/#\/schema\/person\/366c45a0c4f0e677b41b4af5886e2018\",\"name\":\"Service des communications et des relations publiques\",\"image\":{\"@type\":\"ImageObject\",\"inLanguage\":\"fr-CA\",\"@id\":\"https:\/\/www.uqac.ca\/uqactualites\/#\/schema\/person\/image\/\",\"url\":\"https:\/\/secure.gravatar.com\/avatar\/20fbbda8a292f59f2d3461a5b999c00b?s=96&d=mm&r=g\",\"contentUrl\":\"https:\/\/secure.gravatar.com\/avatar\/20fbbda8a292f59f2d3461a5b999c00b?s=96&d=mm&r=g\",\"caption\":\"Service des communications et des relations publiques\"},\"url\":\"https:\/\/www.uqac.ca\/uqactualites\/author\/bap\/\"}]}<\/script>\r\n<!-- \/ Yoast SEO plugin. -->","yoast_head_json":{"title":"La Rentr\u00e9e 2016 \u00e0 l\u2019UQAC : \u00e7a commence ici! - UQACtualit\u00e9s","robots":{"index":"index","follow":"follow","max-snippet":"max-snippet:-1","max-image-preview":"max-image-preview:large","max-video-preview":"max-video-preview:-1"},"canonical":"https:\/\/www.uqac.ca\/uqactualites\/2016\/08\/29\/rentree-2016\/","og_locale":"fr_CA","og_type":"article","og_title":"La Rentr\u00e9e 2016 \u00e0 l\u2019UQAC : \u00e7a commence ici! - UQACtualit\u00e9s","og_description":"Ce sont quelque 7\u00a0000 \u00e9tudiants qui fouleront cette semaine le campus de l\u2019UQAC \u00e0 l\u2019occasion de la rentr\u00e9e universitaire. D\u00e9ploy\u00e9es gr\u00e2ce \u00e0 une collaboration entre le Mouvement des associations g\u00e9n\u00e9rales \u00e9tudiantes de l\u2019UQAC (MAGE-UQAC) et les Services aux \u00e9tudiants (SAE), les activit\u00e9s de la Rentr\u00e9e 2016 promettent d\u2019en mettre plein la vue! Le coup d\u2019envoi [&hellip;]","og_url":"https:\/\/www.uqac.ca\/uqactualites\/2016\/08\/29\/rentree-2016\/","og_site_name":"UQACtualit\u00e9s","article_published_time":"2016-08-29T14:34:20+00:00","og_image":[{"width":621,"height":301,"url":"https:\/\/www.uqac.ca\/uqactualites\/wp-content\/uploads\/2016\/08\/GRAF_UqactualiteRentr\u00e9e2016-04.jpg","type":"image\/jpeg"}],"author":"Service des communications et des relations publiques","twitter_card":"summary_large_image","twitter_misc":{"\u00c9crit par":"Service des communications et des relations publiques","Estimation du temps de lecture":"2 minutes"},"schema":{"@context":"https:\/\/schema.org","@graph":[{"@type":"WebPage","@id":"https:\/\/www.uqac.ca\/uqactualites\/2016\/08\/29\/rentree-2016\/","url":"https:\/\/www.uqac.ca\/uqactualites\/2016\/08\/29\/rentree-2016\/","name":"La Rentr\u00e9e 2016 \u00e0 l\u2019UQAC : \u00e7a commence ici! - UQACtualit\u00e9s","isPartOf":{"@id":"https:\/\/www.uqac.ca\/uqactualites\/#website"},"primaryImageOfPage":{"@id":"https:\/\/www.uqac.ca\/uqactualites\/2016\/08\/29\/rentree-2016\/#primaryimage"},"image":{"@id":"https:\/\/www.uqac.ca\/uqactualites\/2016\/08\/29\/rentree-2016\/#primaryimage"},"thumbnailUrl":"https:\/\/www.uqac.ca\/uqactualites\/wp-content\/uploads\/2016\/08\/GRAF_UqactualiteRentr\u00e9e2016-04.jpg","datePublished":"2016-08-29T14:34:20+00:00","dateModified":"2016-08-29T14:34:20+00:00","author":{"@id":"https:\/\/www.uqac.ca\/uqactualites\/#\/schema\/person\/366c45a0c4f0e677b41b4af5886e2018"},"breadcrumb":{"@id":"https:\/\/www.uqac.ca\/uqactualites\/2016\/08\/29\/rentree-2016\/#breadcrumb"},"inLanguage":"fr-CA","potentialAction":[{"@type":"ReadAction","target":["https:\/\/www.uqac.ca\/uqactualites\/2016\/08\/29\/rentree-2016\/"]}]},{"@type":"ImageObject","inLanguage":"fr-CA","@id":"https:\/\/www.uqac.ca\/uqactualites\/2016\/08\/29\/rentree-2016\/#primaryimage","url":"https:\/\/www.uqac.ca\/uqactualites\/wp-content\/uploads\/2016\/08\/GRAF_UqactualiteRentr\u00e9e2016-04.jpg","contentUrl":"https:\/\/www.uqac.ca\/uqactualites\/wp-content\/uploads\/2016\/08\/GRAF_UqactualiteRentr\u00e9e2016-04.jpg","width":621,"height":301},{"@type":"BreadcrumbList","@id":"https:\/\/www.uqac.ca\/uqactualites\/2016\/08\/29\/rentree-2016\/#breadcrumb","itemListElement":[{"@type":"ListItem","position":1,"name":"Home","item":"https:\/\/www.uqac.ca\/uqactualites\/"},{"@type":"ListItem","position":2,"name":"La Rentr\u00e9e 2016 \u00e0 l\u2019UQAC : \u00e7a commence ici!"}]},{"@type":"WebSite","@id":"https:\/\/www.uqac.ca\/uqactualites\/#website","url":"https:\/\/www.uqac.ca\/uqactualites\/","name":"UQACtualit\u00e9s","description":"Le portail des nouvelles de l&#039;UQAC","potentialAction":[{"@type":"SearchAction","target":{"@type":"EntryPoint","urlTemplate":"https:\/\/www.uqac.ca\/uqactualites\/?s={search_term_string}"},"query-input":{"@type":"PropertyValueSpecification","valueRequired":true,"valueName":"search_term_string"}}],"inLanguage":"fr-CA"},{"@type":"Person","@id":"https:\/\/www.uqac.ca\/uqactualites\/#\/schema\/person\/366c45a0c4f0e677b41b4af5886e2018","name":"Service des communications et des relations publiques","image":{"@type":"ImageObject","inLanguage":"fr-CA","@id":"https:\/\/www.uqac.ca\/uqactualites\/#\/schema\/person\/image\/","url":"https:\/\/secure.gravatar.com\/avatar\/20fbbda8a292f59f2d3461a5b999c00b?s=96&d=mm&r=g","contentUrl":"https:\/\/secure.gravatar.com\/avatar\/20fbbda8a292f59f2d3461a5b999c00b?s=96&d=mm&r=g","caption":"Service des communications et des relations publiques"},"url":"https:\/\/www.uqac.ca\/uqactualites\/author\/bap\/"}]}},"_links":{"self":[{"href":"https:\/\/www.uqac.ca\/uqactualites\/wp-json\/wp\/v2\/posts\/32318"}],"collection":[{"href":"https:\/\/www.uqac.ca\/uqactualites\/wp-json\/wp\/v2\/posts"}],"about":[{"href":"https:\/\/www.uqac.ca\/uqactualites\/wp-json\/wp\/v2\/types\/post"}],"author":[{"embeddable":true,"href":"https:\/\/www.uqac.ca\/uqactualites\/wp-json\/wp\/v2\/users\/5"}],"replies":[{"embeddable":true,"href":"https:\/\/www.uqac.ca\/uqactualites\/wp-json\/wp\/v2\/comments?post=32318"}],"version-history":[{"count":0,"href":"https:\/\/www.uqac.ca\/uqactualites\/wp-json\/wp\/v2\/posts\/32318\/revisions"}],"wp:featuredmedia":[{"embeddable":true,"href":"https:\/\/www.uqac.ca\/uqactualites\/wp-json\/wp\/v2\/media\/32319"}],"wp:attachment":[{"href":"https:\/\/www.uqac.ca\/uqactualites\/wp-json\/wp\/v2\/media?parent=32318"}],"wp:term":[{"taxonomy":"category","embeddable":true,"href":"https:\/\/www.uqac.ca\/uqactualites\/wp-json\/wp\/v2\/categories?post=32318"},{"taxonomy":"post_tag","embeddable":true,"href":"https:\/\/www.uqac.ca\/uqactualites\/wp-json\/wp\/v2\/tags?post=32318"}],"curies":[{"name":"wp","href":"https:\/\/api.w.org\/{rel}","templated":true}]}}