{"id":32326,"date":"2016-09-01T14:54:28","date_gmt":"2016-09-01T18:54:28","guid":{"rendered":"http:\/\/uqactualite.odev.ca\/?p=32326"},"modified":"2016-09-01T14:54:28","modified_gmt":"2016-09-01T18:54:28","slug":"le-fonds-de-la-recherche-forestiere-legue-ses-connaissances-au-centre-de-recherche-sur-la-borealie-de-luqac","status":"publish","type":"post","link":"https:\/\/www.uqac.ca\/uqactualites\/2016\/09\/01\/le-fonds-de-la-recherche-forestiere-legue-ses-connaissances-au-centre-de-recherche-sur-la-borealie-de-luqac\/","title":{"rendered":"Le Fonds de la recherche foresti\u00e8re l\u00e8gue ses connaissances au Centre de recherche sur la Bor\u00e9alie de l\u2019UQAC"},"content":{"rendered":"<p><strong>Saguenay, le 1<sup>er<\/sup> septembre 2016 \u2013<\/strong> Le Fonds de la recherche foresti\u00e8re du Saguenay\u2013Lac-Saint-Jean (FRF-02) c\u00e8de au <a href=\"http:\/\/recherche.uqac.ca\/centre-de-recherche-sur-la-borealie\/\">Centre de recherche sur la Bor\u00e9alie<\/a> (CRB) de l\u2019Universit\u00e9 du Qu\u00e9bec \u00e0 Chicoutimi (UQAC) son patrimoine de connaissances sur la recherche en for\u00eat bor\u00e9ale. Entre 2002 et 2015, le FRF-02 a dirig\u00e9 l\u2019investissement de 10 M$ dans 46 projets de recherche se d\u00e9roulant dans la for\u00eat bor\u00e9ale r\u00e9gionale.<\/p>\n<p>La directrice g\u00e9n\u00e9rale du Fonds, Ursula Larouche, mentionne\u00a0: \u00ab\u00a0Le Fonds a contribu\u00e9 \u00e0 la formation des \u00e9tudiants ainsi qu\u2019\u00e0 l\u2019avancement et au transfert des connaissances dans le milieu socio-\u00e9conomique et chez l\u2019ensemble des partenaires sociaux int\u00e9ress\u00e9s par l\u2019avenir de la for\u00eat bor\u00e9ale\u00a0\u00bb.<\/p>\n<p>Selon madame Larouche, les projets de recherche financ\u00e9s par le Fonds ont permis de mieux conna\u00eetre la for\u00eat bor\u00e9ale et d\u2019en faire une meilleure gestion. Elle mentionne que les pratiques d\u2019am\u00e9nagement forestier ont \u00e9t\u00e9 am\u00e9lior\u00e9es gr\u00e2ce aux r\u00e9sultats de projets. \u00ab\u00a0Gr\u00e2ce \u00e0 ces \u00e9tudes, nous avons d\u00e9couvert, entre autres, que la for\u00eat bor\u00e9ale ferm\u00e9e est en r\u00e9gression naturelle constante et que la coupe en mosa\u00efque est n\u00e9faste \u00e0 la biodiversit\u00e9 de cette zone. Les projets de recherche men\u00e9s sur le caribou forestier ont contribu\u00e9 \u00e0 l\u2019\u00e9laboration de nouvelles approches de planification de la r\u00e9colte. Le th\u00e9 du Labrador a fait conna\u00eetre ses propri\u00e9t\u00e9s antivieillissement, ce qui a permis \u00e0 la grande maison de beaut\u00e9 Lise Watier d\u2019en faire un de ses produits vedettes. Enfin, nos investissements ont permis de d\u00e9montrer que certaines essences v\u00e9g\u00e9tales bor\u00e9ales pourraient bient\u00f4t servir \u00e0 la gu\u00e9rison de certaines maladies graves. Ce ne sont que quelques exemples.\u00a0\u00bb<\/p>\n<p>Madame Larouche, qui dirige le Fonds de recherche depuis ses d\u00e9buts, conclut\u00a0: \u00ab\u00a0Les besoins de recherche sur la for\u00eat bor\u00e9ale \u00e9taient criants en 2002. Nous devions trouver des r\u00e9ponses scientifiques pour aider les am\u00e9nagistes \u00e0 relever les d\u00e9fis pos\u00e9s par l\u2019am\u00e9nagement durable de cette importante ressource. Nous avons su g\u00e9rer un Fonds de recherche d\u00e9di\u00e9 \u00e0 la for\u00eat bor\u00e9ale pour et \u00e0 partir de la plus grande r\u00e9gion foresti\u00e8re du Qu\u00e9bec. L\u2019exercice d\u2019identification des besoins de recherche r\u00e9alis\u00e9 par le FRF-02 en 2015 a d\u00e9montr\u00e9 que la recherche scientifique est encore n\u00e9cessaire au d\u00e9veloppement de pratiques adapt\u00e9es et de nouveaux produits issus de la for\u00eat bor\u00e9ale et que cette recherche ne peut se faire sans la contribution financi\u00e8re des organismes publics.\u00a0\u00bb<\/p>\n<p>Le pr\u00e9sident du FRF-02, Claude Bouchard, se dit tr\u00e8s satisfait des r\u00e9alisations du Fonds de recherche depuis 2002. \u00ab\u00a0Je remercie les membres du conseil d\u2019administration qui s\u2019y sont succ\u00e9d\u00e9 et je suis confiant que le transfert des actifs au <a href=\"http:\/\/recherche.uqac.ca\/centre-de-recherche-sur-la-borealie\/\">Centre de recherche sur la Bor\u00e9alie<\/a> de l\u2019UQAC permettra la diffusion des connaissances aupr\u00e8s des utilisateurs et des chercheurs. \u00c0 titre de gestionnaire de fonds publics, nous devons nous assurer que les r\u00e9sultats de recherche continuent de contribuer au d\u00e9veloppement et \u00e0 l\u2019essor de notre soci\u00e9t\u00e9.\u00a0\u00bb<\/p>\n<p style=\"text-align: center\">\u00a0&#8211; 30 &#8211;<\/p>\n<p style=\"text-align: left\"><strong>Renseignements\u00a0:<br \/>\n<\/strong>Jean-Fran\u00e7ois Boucher, professeur<br \/>\nD\u00e9partement des sciences fondamentales<br \/>\nMembre du <a href=\"http:\/\/recherche.uqac.ca\/centre-de-recherche-sur-la-borealie\/\">Centre de recherche sur la Bor\u00e9alie<\/a><br \/>\nUniversit\u00e9 du Qu\u00e9bec \u00e0 Chicoutimi<br \/>\n418 545-5011, poste\u00a05385 \u25aa <a href=\"mailto:jean-francois_boucher@uqac.ca\">jean-francois_boucher@uqac.ca<\/a><\/p>\n<p style=\"text-align: left\">Ursula Larouche, directrice g\u00e9n\u00e9rale<br \/>\nFonds de la recherche foresti\u00e8re du Saguenay\u2013Lac-Saint-Jean<br \/>\n418 540-4335 \u25aa <a href=\"mailto:ursulalarouche@gmail.com\">ursulalarouche@gmail.com<\/a><\/p>\n","protected":false},"excerpt":{"rendered":"<p>Saguenay, le 1er septembre 2016 \u2013 Le Fonds de la recherche foresti\u00e8re du Saguenay\u2013Lac-Saint-Jean (FRF-02) c\u00e8de au Centre de recherche sur la Bor\u00e9alie (CRB) de l\u2019Universit\u00e9 du Qu\u00e9bec \u00e0 Chicoutimi (UQAC) son patrimoine de connaissances sur la recherche en for\u00eat bor\u00e9ale. Entre 2002 et 2015, le FRF-02 a dirig\u00e9 l\u2019investissement de 10 M$ dans 46 [&hellip;]<\/p>\n","protected":false},"author":5,"featured_media":24871,"comment_status":"open","ping_status":"open","sticky":false,"template":"","format":"standard","meta":{"footnotes":""},"categories":[2772],"tags":[],"yoast_head":"<!-- This site is optimized with the Yoast SEO plugin v24.2 - https:\/\/yoast.com\/wordpress\/plugins\/seo\/ -->\r\n<title>Le Fonds de la recherche foresti\u00e8re l\u00e8gue ses connaissances au Centre de recherche sur la Bor\u00e9alie de l\u2019UQAC - UQACtualit\u00e9s<\/title>\r\n<meta name=\"robots\" content=\"index, follow, max-snippet:-1, max-image-preview:large, max-video-preview:-1\" \/>\r\n<link rel=\"canonical\" href=\"https:\/\/www.uqac.ca\/uqactualites\/2016\/09\/01\/le-fonds-de-la-recherche-forestiere-legue-ses-connaissances-au-centre-de-recherche-sur-la-borealie-de-luqac\/\" \/>\r\n<meta property=\"og:locale\" content=\"fr_CA\" \/>\r\n<meta property=\"og:type\" content=\"article\" \/>\r\n<meta property=\"og:title\" content=\"Le Fonds de la recherche foresti\u00e8re l\u00e8gue ses connaissances au Centre de recherche sur la Bor\u00e9alie de l\u2019UQAC - UQACtualit\u00e9s\" \/>\r\n<meta property=\"og:description\" content=\"Saguenay, le 1er septembre 2016 \u2013 Le Fonds de la recherche foresti\u00e8re du Saguenay\u2013Lac-Saint-Jean (FRF-02) c\u00e8de au Centre de recherche sur la Bor\u00e9alie (CRB) de l\u2019Universit\u00e9 du Qu\u00e9bec \u00e0 Chicoutimi (UQAC) son patrimoine de connaissances sur la recherche en for\u00eat bor\u00e9ale. Entre 2002 et 2015, le FRF-02 a dirig\u00e9 l\u2019investissement de 10 M$ dans 46 [&hellip;]\" \/>\r\n<meta property=\"og:url\" content=\"https:\/\/www.uqac.ca\/uqactualites\/2016\/09\/01\/le-fonds-de-la-recherche-forestiere-legue-ses-connaissances-au-centre-de-recherche-sur-la-borealie-de-luqac\/\" \/>\r\n<meta property=\"og:site_name\" content=\"UQACtualit\u00e9s\" \/>\r\n<meta property=\"article:published_time\" content=\"2016-09-01T18:54:28+00:00\" \/>\r\n<meta property=\"og:image\" content=\"https:\/\/www.uqac.ca\/uqactualites\/wp-content\/uploads\/2013\/07\/GRAF-Uqactualit\u00e9s-\u00c913-03.jpg\" \/>\r\n\t<meta property=\"og:image:width\" content=\"620\" \/>\r\n\t<meta property=\"og:image:height\" content=\"301\" \/>\r\n\t<meta property=\"og:image:type\" content=\"image\/jpeg\" \/>\r\n<meta name=\"author\" content=\"Service des communications et des relations publiques\" \/>\r\n<meta name=\"twitter:card\" content=\"summary_large_image\" \/>\r\n<meta name=\"twitter:label1\" content=\"\u00c9crit par\" \/>\n\t<meta name=\"twitter:data1\" content=\"Service des communications et des relations publiques\" \/>\n\t<meta name=\"twitter:label2\" content=\"Estimation du temps de lecture\" \/>\n\t<meta name=\"twitter:data2\" content=\"3 minutes\" \/>\r\n<script type=\"application\/ld+json\" class=\"yoast-schema-graph\">{\"@context\":\"https:\/\/schema.org\",\"@graph\":[{\"@type\":\"WebPage\",\"@id\":\"https:\/\/www.uqac.ca\/uqactualites\/2016\/09\/01\/le-fonds-de-la-recherche-forestiere-legue-ses-connaissances-au-centre-de-recherche-sur-la-borealie-de-luqac\/\",\"url\":\"https:\/\/www.uqac.ca\/uqactualites\/2016\/09\/01\/le-fonds-de-la-recherche-forestiere-legue-ses-connaissances-au-centre-de-recherche-sur-la-borealie-de-luqac\/\",\"name\":\"Le Fonds de la recherche foresti\u00e8re l\u00e8gue ses connaissances au Centre de recherche sur la Bor\u00e9alie de l\u2019UQAC - UQACtualit\u00e9s\",\"isPartOf\":{\"@id\":\"https:\/\/www.uqac.ca\/uqactualites\/#website\"},\"primaryImageOfPage\":{\"@id\":\"https:\/\/www.uqac.ca\/uqactualites\/2016\/09\/01\/le-fonds-de-la-recherche-forestiere-legue-ses-connaissances-au-centre-de-recherche-sur-la-borealie-de-luqac\/#primaryimage\"},\"image\":{\"@id\":\"https:\/\/www.uqac.ca\/uqactualites\/2016\/09\/01\/le-fonds-de-la-recherche-forestiere-legue-ses-connaissances-au-centre-de-recherche-sur-la-borealie-de-luqac\/#primaryimage\"},\"thumbnailUrl\":\"https:\/\/www.uqac.ca\/uqactualites\/wp-content\/uploads\/2013\/07\/GRAF-Uqactualit\u00e9s-\u00c913-03.jpg\",\"datePublished\":\"2016-09-01T18:54:28+00:00\",\"dateModified\":\"2016-09-01T18:54:28+00:00\",\"author\":{\"@id\":\"https:\/\/www.uqac.ca\/uqactualites\/#\/schema\/person\/366c45a0c4f0e677b41b4af5886e2018\"},\"breadcrumb\":{\"@id\":\"https:\/\/www.uqac.ca\/uqactualites\/2016\/09\/01\/le-fonds-de-la-recherche-forestiere-legue-ses-connaissances-au-centre-de-recherche-sur-la-borealie-de-luqac\/#breadcrumb\"},\"inLanguage\":\"fr-CA\",\"potentialAction\":[{\"@type\":\"ReadAction\",\"target\":[\"https:\/\/www.uqac.ca\/uqactualites\/2016\/09\/01\/le-fonds-de-la-recherche-forestiere-legue-ses-connaissances-au-centre-de-recherche-sur-la-borealie-de-luqac\/\"]}]},{\"@type\":\"ImageObject\",\"inLanguage\":\"fr-CA\",\"@id\":\"https:\/\/www.uqac.ca\/uqactualites\/2016\/09\/01\/le-fonds-de-la-recherche-forestiere-legue-ses-connaissances-au-centre-de-recherche-sur-la-borealie-de-luqac\/#primaryimage\",\"url\":\"https:\/\/www.uqac.ca\/uqactualites\/wp-content\/uploads\/2013\/07\/GRAF-Uqactualit\u00e9s-\u00c913-03.jpg\",\"contentUrl\":\"https:\/\/www.uqac.ca\/uqactualites\/wp-content\/uploads\/2013\/07\/GRAF-Uqactualit\u00e9s-\u00c913-03.jpg\",\"width\":620,\"height\":301},{\"@type\":\"BreadcrumbList\",\"@id\":\"https:\/\/www.uqac.ca\/uqactualites\/2016\/09\/01\/le-fonds-de-la-recherche-forestiere-legue-ses-connaissances-au-centre-de-recherche-sur-la-borealie-de-luqac\/#breadcrumb\",\"itemListElement\":[{\"@type\":\"ListItem\",\"position\":1,\"name\":\"Home\",\"item\":\"https:\/\/www.uqac.ca\/uqactualites\/\"},{\"@type\":\"ListItem\",\"position\":2,\"name\":\"Le Fonds de la recherche foresti\u00e8re l\u00e8gue ses connaissances au Centre de recherche sur la Bor\u00e9alie de l\u2019UQAC\"}]},{\"@type\":\"WebSite\",\"@id\":\"https:\/\/www.uqac.ca\/uqactualites\/#website\",\"url\":\"https:\/\/www.uqac.ca\/uqactualites\/\",\"name\":\"UQACtualit\u00e9s\",\"description\":\"Le portail des nouvelles de l&#039;UQAC\",\"potentialAction\":[{\"@type\":\"SearchAction\",\"target\":{\"@type\":\"EntryPoint\",\"urlTemplate\":\"https:\/\/www.uqac.ca\/uqactualites\/?s={search_term_string}\"},\"query-input\":{\"@type\":\"PropertyValueSpecification\",\"valueRequired\":true,\"valueName\":\"search_term_string\"}}],\"inLanguage\":\"fr-CA\"},{\"@type\":\"Person\",\"@id\":\"https:\/\/www.uqac.ca\/uqactualites\/#\/schema\/person\/366c45a0c4f0e677b41b4af5886e2018\",\"name\":\"Service des communications et des relations publiques\",\"image\":{\"@type\":\"ImageObject\",\"inLanguage\":\"fr-CA\",\"@id\":\"https:\/\/www.uqac.ca\/uqactualites\/#\/schema\/person\/image\/\",\"url\":\"https:\/\/secure.gravatar.com\/avatar\/20fbbda8a292f59f2d3461a5b999c00b?s=96&d=mm&r=g\",\"contentUrl\":\"https:\/\/secure.gravatar.com\/avatar\/20fbbda8a292f59f2d3461a5b999c00b?s=96&d=mm&r=g\",\"caption\":\"Service des communications et des relations publiques\"},\"url\":\"https:\/\/www.uqac.ca\/uqactualites\/author\/bap\/\"}]}<\/script>\r\n<!-- \/ Yoast SEO plugin. -->","yoast_head_json":{"title":"Le Fonds de la recherche foresti\u00e8re l\u00e8gue ses connaissances au Centre de recherche sur la Bor\u00e9alie de l\u2019UQAC - UQACtualit\u00e9s","robots":{"index":"index","follow":"follow","max-snippet":"max-snippet:-1","max-image-preview":"max-image-preview:large","max-video-preview":"max-video-preview:-1"},"canonical":"https:\/\/www.uqac.ca\/uqactualites\/2016\/09\/01\/le-fonds-de-la-recherche-forestiere-legue-ses-connaissances-au-centre-de-recherche-sur-la-borealie-de-luqac\/","og_locale":"fr_CA","og_type":"article","og_title":"Le Fonds de la recherche foresti\u00e8re l\u00e8gue ses connaissances au Centre de recherche sur la Bor\u00e9alie de l\u2019UQAC - UQACtualit\u00e9s","og_description":"Saguenay, le 1er septembre 2016 \u2013 Le Fonds de la recherche foresti\u00e8re du Saguenay\u2013Lac-Saint-Jean (FRF-02) c\u00e8de au Centre de recherche sur la Bor\u00e9alie (CRB) de l\u2019Universit\u00e9 du Qu\u00e9bec \u00e0 Chicoutimi (UQAC) son patrimoine de connaissances sur la recherche en for\u00eat bor\u00e9ale. Entre 2002 et 2015, le FRF-02 a dirig\u00e9 l\u2019investissement de 10 M$ dans 46 [&hellip;]","og_url":"https:\/\/www.uqac.ca\/uqactualites\/2016\/09\/01\/le-fonds-de-la-recherche-forestiere-legue-ses-connaissances-au-centre-de-recherche-sur-la-borealie-de-luqac\/","og_site_name":"UQACtualit\u00e9s","article_published_time":"2016-09-01T18:54:28+00:00","og_image":[{"width":620,"height":301,"url":"https:\/\/www.uqac.ca\/uqactualites\/wp-content\/uploads\/2013\/07\/GRAF-Uqactualit\u00e9s-\u00c913-03.jpg","type":"image\/jpeg"}],"author":"Service des communications et des relations publiques","twitter_card":"summary_large_image","twitter_misc":{"\u00c9crit par":"Service des communications et des relations publiques","Estimation du temps de lecture":"3 minutes"},"schema":{"@context":"https:\/\/schema.org","@graph":[{"@type":"WebPage","@id":"https:\/\/www.uqac.ca\/uqactualites\/2016\/09\/01\/le-fonds-de-la-recherche-forestiere-legue-ses-connaissances-au-centre-de-recherche-sur-la-borealie-de-luqac\/","url":"https:\/\/www.uqac.ca\/uqactualites\/2016\/09\/01\/le-fonds-de-la-recherche-forestiere-legue-ses-connaissances-au-centre-de-recherche-sur-la-borealie-de-luqac\/","name":"Le Fonds de la recherche foresti\u00e8re l\u00e8gue ses connaissances au Centre de recherche sur la Bor\u00e9alie de l\u2019UQAC - UQACtualit\u00e9s","isPartOf":{"@id":"https:\/\/www.uqac.ca\/uqactualites\/#website"},"primaryImageOfPage":{"@id":"https:\/\/www.uqac.ca\/uqactualites\/2016\/09\/01\/le-fonds-de-la-recherche-forestiere-legue-ses-connaissances-au-centre-de-recherche-sur-la-borealie-de-luqac\/#primaryimage"},"image":{"@id":"https:\/\/www.uqac.ca\/uqactualites\/2016\/09\/01\/le-fonds-de-la-recherche-forestiere-legue-ses-connaissances-au-centre-de-recherche-sur-la-borealie-de-luqac\/#primaryimage"},"thumbnailUrl":"https:\/\/www.uqac.ca\/uqactualites\/wp-content\/uploads\/2013\/07\/GRAF-Uqactualit\u00e9s-\u00c913-03.jpg","datePublished":"2016-09-01T18:54:28+00:00","dateModified":"2016-09-01T18:54:28+00:00","author":{"@id":"https:\/\/www.uqac.ca\/uqactualites\/#\/schema\/person\/366c45a0c4f0e677b41b4af5886e2018"},"breadcrumb":{"@id":"https:\/\/www.uqac.ca\/uqactualites\/2016\/09\/01\/le-fonds-de-la-recherche-forestiere-legue-ses-connaissances-au-centre-de-recherche-sur-la-borealie-de-luqac\/#breadcrumb"},"inLanguage":"fr-CA","potentialAction":[{"@type":"ReadAction","target":["https:\/\/www.uqac.ca\/uqactualites\/2016\/09\/01\/le-fonds-de-la-recherche-forestiere-legue-ses-connaissances-au-centre-de-recherche-sur-la-borealie-de-luqac\/"]}]},{"@type":"ImageObject","inLanguage":"fr-CA","@id":"https:\/\/www.uqac.ca\/uqactualites\/2016\/09\/01\/le-fonds-de-la-recherche-forestiere-legue-ses-connaissances-au-centre-de-recherche-sur-la-borealie-de-luqac\/#primaryimage","url":"https:\/\/www.uqac.ca\/uqactualites\/wp-content\/uploads\/2013\/07\/GRAF-Uqactualit\u00e9s-\u00c913-03.jpg","contentUrl":"https:\/\/www.uqac.ca\/uqactualites\/wp-content\/uploads\/2013\/07\/GRAF-Uqactualit\u00e9s-\u00c913-03.jpg","width":620,"height":301},{"@type":"BreadcrumbList","@id":"https:\/\/www.uqac.ca\/uqactualites\/2016\/09\/01\/le-fonds-de-la-recherche-forestiere-legue-ses-connaissances-au-centre-de-recherche-sur-la-borealie-de-luqac\/#breadcrumb","itemListElement":[{"@type":"ListItem","position":1,"name":"Home","item":"https:\/\/www.uqac.ca\/uqactualites\/"},{"@type":"ListItem","position":2,"name":"Le Fonds de la recherche foresti\u00e8re l\u00e8gue ses connaissances au Centre de recherche sur la Bor\u00e9alie de l\u2019UQAC"}]},{"@type":"WebSite","@id":"https:\/\/www.uqac.ca\/uqactualites\/#website","url":"https:\/\/www.uqac.ca\/uqactualites\/","name":"UQACtualit\u00e9s","description":"Le portail des nouvelles de l&#039;UQAC","potentialAction":[{"@type":"SearchAction","target":{"@type":"EntryPoint","urlTemplate":"https:\/\/www.uqac.ca\/uqactualites\/?s={search_term_string}"},"query-input":{"@type":"PropertyValueSpecification","valueRequired":true,"valueName":"search_term_string"}}],"inLanguage":"fr-CA"},{"@type":"Person","@id":"https:\/\/www.uqac.ca\/uqactualites\/#\/schema\/person\/366c45a0c4f0e677b41b4af5886e2018","name":"Service des communications et des relations publiques","image":{"@type":"ImageObject","inLanguage":"fr-CA","@id":"https:\/\/www.uqac.ca\/uqactualites\/#\/schema\/person\/image\/","url":"https:\/\/secure.gravatar.com\/avatar\/20fbbda8a292f59f2d3461a5b999c00b?s=96&d=mm&r=g","contentUrl":"https:\/\/secure.gravatar.com\/avatar\/20fbbda8a292f59f2d3461a5b999c00b?s=96&d=mm&r=g","caption":"Service des communications et des relations publiques"},"url":"https:\/\/www.uqac.ca\/uqactualites\/author\/bap\/"}]}},"_links":{"self":[{"href":"https:\/\/www.uqac.ca\/uqactualites\/wp-json\/wp\/v2\/posts\/32326"}],"collection":[{"href":"https:\/\/www.uqac.ca\/uqactualites\/wp-json\/wp\/v2\/posts"}],"about":[{"href":"https:\/\/www.uqac.ca\/uqactualites\/wp-json\/wp\/v2\/types\/post"}],"author":[{"embeddable":true,"href":"https:\/\/www.uqac.ca\/uqactualites\/wp-json\/wp\/v2\/users\/5"}],"replies":[{"embeddable":true,"href":"https:\/\/www.uqac.ca\/uqactualites\/wp-json\/wp\/v2\/comments?post=32326"}],"version-history":[{"count":0,"href":"https:\/\/www.uqac.ca\/uqactualites\/wp-json\/wp\/v2\/posts\/32326\/revisions"}],"wp:featuredmedia":[{"embeddable":true,"href":"https:\/\/www.uqac.ca\/uqactualites\/wp-json\/wp\/v2\/media\/24871"}],"wp:attachment":[{"href":"https:\/\/www.uqac.ca\/uqactualites\/wp-json\/wp\/v2\/media?parent=32326"}],"wp:term":[{"taxonomy":"category","embeddable":true,"href":"https:\/\/www.uqac.ca\/uqactualites\/wp-json\/wp\/v2\/categories?post=32326"},{"taxonomy":"post_tag","embeddable":true,"href":"https:\/\/www.uqac.ca\/uqactualites\/wp-json\/wp\/v2\/tags?post=32326"}],"curies":[{"name":"wp","href":"https:\/\/api.w.org\/{rel}","templated":true}]}}