{"id":32338,"date":"2016-09-02T10:20:06","date_gmt":"2016-09-02T14:20:06","guid":{"rendered":"http:\/\/uqactualite.odev.ca\/?p=32338"},"modified":"2016-09-02T10:20:06","modified_gmt":"2016-09-02T14:20:06","slug":"inuk-anne-marie-fortin","status":"publish","type":"post","link":"https:\/\/www.uqac.ca\/uqactualites\/2016\/09\/02\/inuk-anne-marie-fortin\/","title":{"rendered":"Anne-Marie Fortin devient la nouvelle entra\u00eeneuse en chef des \u00e9quipes d\u2019athl\u00e9tisme et de cross-country"},"content":{"rendered":"<p>L\u2019organisation des Inuk de l\u2019Universit\u00e9 du Qu\u00e9bec \u00e0 Chicoutimi a proc\u00e9d\u00e9 \u00e0 la nomination d\u2019Anne-Marie Fortin \u00e0 titre d\u2019entra\u00eeneuse-chef des \u00e9quipes d\u2019athl\u00e9tisme et de cross-country du programme de sports universitaires.<\/p>\n<p>La vision de la nouvelle entra\u00eeneuse concordait avec les valeurs v\u00e9hicul\u00e9es par les Inuk\u00a0: \u00ab\u00a0Je d\u00e9sire aider les \u00e9tudiants-athl\u00e8tes \u00e0 d\u00e9velopper leur plein potentiel, tout en maintenant un esprit d\u2019\u00e9quipe et en ayant du plaisir \u00e0 l\u2019entra\u00eenement. Je souhaite qu\u2019ils soient fiers d\u2019appartenir \u00e0 l\u2019organisation.\u00a0\u00bb<\/p>\n<p>L\u2019UQAC et les Inuk sont loin d\u2019\u00eatre inconnus pour Anne-Marie. Cette derni\u00e8re est une dipl\u00f4m\u00e9e du baccalaur\u00e9at en kin\u00e9siologie. Elle termine en ce moment sa ma\u00eetrise dans le m\u00eame domaine. Elle travaille \u00e9galement comme kin\u00e9siologue au Pavillon sportif de l\u2019UQAC et est auxiliaire d\u2019enseignement. S\u2019impliquer au sein du sport universitaire est quelque chose qui lui tenait \u00e0 c\u0153ur\u00a0: \u00ab\u00a0J\u2019ai fait partie de l\u2019\u00e9quipe des Inuk pendant cinq ans. Le programme m\u2019a \u00e9norm\u00e9ment apport\u00e9 et je tenais \u00e0 redonner \u00e0 mon tour\u00a0\u00bb, confirme-t-elle.<\/p>\n<p>Ses objectifs pour l\u2019ann\u00e9e \u00e0 venir ne se traduisent pas en r\u00e9sultats, mais bien en objectifs humains\u00a0: \u00ab\u00a0Je vais apprendre \u00e0 bien conna\u00eetre mes \u00e9tudiants-athl\u00e8tes. Je veux les aider \u00e0 d\u00e9passer leurs limites dans un environnement sain. Je suis rigoureuse, j\u2019aime le travail bien fait, mais je veux absolument d\u00e9velopper une belle relation avec eux\u00a0\u00bb, souligne-t-elle.<\/p>\n<p><strong>\u00c0 propos des Inuk<br \/>\n<\/strong>Les Inuk de l\u2019Universit\u00e9 du Qu\u00e9bec \u00e0 Chicoutimi regroupent les \u00e9quipes d\u2019athl\u00e9tisme, de cross-country, de soccer masculin et f\u00e9minin, ainsi que de volleyball f\u00e9minin. L\u2019UQAC d\u00e9sire offrir \u00e0 des \u00e9tudiants-athl\u00e8tes qui ont un int\u00e9r\u00eat marqu\u00e9 et des aptitudes exceptionnelles dans leur sport respectif, les moyens n\u00e9cessaires pour favoriser leur r\u00e9ussite acad\u00e9mique et sportive.En plus de maintenir sa vaste gamme de services offerts \u00e0 la population, l\u2019Universit\u00e9 d\u00e9sire instaurer une tradition de sport d\u2019excellence et en favoriser l\u2019\u00e9volution en harmonie avec la programmation r\u00e9guli\u00e8re.<\/p>\n<p>&nbsp;<\/p>\n<p><strong>Renseignements\u00a0:<br \/>\n<\/strong>Philippe Gagnon, responsable des sports universitaires<br \/>\nUniversit\u00e9 du Qu\u00e9bec \u00e0 Chicoutimi<br \/>\n418\u00a0545-5011, poste 4002 \u25aa <a href=\"mailto:philippe_gagnon2@uqac.ca\">philippe_gagnon2@uqac.ca<\/a><\/p>\n<p>&nbsp;<\/p>\n<hr \/>\n<p>PHOTO : Philippe Gagnon, responsable des sports universitaires de l\u2019UQAC et Anne-Marie Fortin, entra\u00eeneuse des \u00e9quipes d\u2019athl\u00e9tisme et de cross-country<\/p>\n<hr \/>\n<p>&nbsp;<\/p>\n","protected":false},"excerpt":{"rendered":"<p>L\u2019organisation des Inuk de l\u2019Universit\u00e9 du Qu\u00e9bec \u00e0 Chicoutimi a proc\u00e9d\u00e9 \u00e0 la nomination d\u2019Anne-Marie Fortin \u00e0 titre d\u2019entra\u00eeneuse-chef des \u00e9quipes d\u2019athl\u00e9tisme et de cross-country du programme de sports universitaires. La vision de la nouvelle entra\u00eeneuse concordait avec les valeurs v\u00e9hicul\u00e9es par les Inuk\u00a0: \u00ab\u00a0Je d\u00e9sire aider les \u00e9tudiants-athl\u00e8tes \u00e0 d\u00e9velopper leur plein potentiel, tout [&hellip;]<\/p>\n","protected":false},"author":5,"featured_media":32339,"comment_status":"open","ping_status":"open","sticky":false,"template":"","format":"standard","meta":{"footnotes":""},"categories":[2],"tags":[],"yoast_head":"<!-- This site is optimized with the Yoast SEO plugin v24.2 - https:\/\/yoast.com\/wordpress\/plugins\/seo\/ -->\r\n<title>Anne-Marie Fortin devient la nouvelle entra\u00eeneuse en chef des \u00e9quipes d\u2019athl\u00e9tisme et de cross-country - UQACtualit\u00e9s<\/title>\r\n<meta name=\"robots\" content=\"index, follow, max-snippet:-1, max-image-preview:large, max-video-preview:-1\" \/>\r\n<link rel=\"canonical\" href=\"https:\/\/www.uqac.ca\/uqactualites\/2016\/09\/02\/inuk-anne-marie-fortin\/\" \/>\r\n<meta property=\"og:locale\" content=\"fr_CA\" \/>\r\n<meta property=\"og:type\" content=\"article\" \/>\r\n<meta property=\"og:title\" content=\"Anne-Marie Fortin devient la nouvelle entra\u00eeneuse en chef des \u00e9quipes d\u2019athl\u00e9tisme et de cross-country - UQACtualit\u00e9s\" \/>\r\n<meta property=\"og:description\" content=\"L\u2019organisation des Inuk de l\u2019Universit\u00e9 du Qu\u00e9bec \u00e0 Chicoutimi a proc\u00e9d\u00e9 \u00e0 la nomination d\u2019Anne-Marie Fortin \u00e0 titre d\u2019entra\u00eeneuse-chef des \u00e9quipes d\u2019athl\u00e9tisme et de cross-country du programme de sports universitaires. La vision de la nouvelle entra\u00eeneuse concordait avec les valeurs v\u00e9hicul\u00e9es par les Inuk\u00a0: \u00ab\u00a0Je d\u00e9sire aider les \u00e9tudiants-athl\u00e8tes \u00e0 d\u00e9velopper leur plein potentiel, tout [&hellip;]\" \/>\r\n<meta property=\"og:url\" content=\"https:\/\/www.uqac.ca\/uqactualites\/2016\/09\/02\/inuk-anne-marie-fortin\/\" \/>\r\n<meta property=\"og:site_name\" content=\"UQACtualit\u00e9s\" \/>\r\n<meta property=\"article:published_time\" content=\"2016-09-02T14:20:06+00:00\" \/>\r\n<meta property=\"og:image\" content=\"https:\/\/www.uqac.ca\/uqactualites\/wp-content\/uploads\/2016\/09\/UQACtualite-nouvelle-entraineuse-scaled.jpg\" \/>\r\n\t<meta property=\"og:image:width\" content=\"2560\" \/>\r\n\t<meta property=\"og:image:height\" content=\"1232\" \/>\r\n\t<meta property=\"og:image:type\" content=\"image\/jpeg\" \/>\r\n<meta name=\"author\" content=\"Service des communications et des relations publiques\" \/>\r\n<meta name=\"twitter:card\" content=\"summary_large_image\" \/>\r\n<meta name=\"twitter:label1\" content=\"\u00c9crit par\" \/>\n\t<meta name=\"twitter:data1\" content=\"Service des communications et des relations publiques\" \/>\n\t<meta name=\"twitter:label2\" content=\"Estimation du temps de lecture\" \/>\n\t<meta name=\"twitter:data2\" content=\"2 minutes\" \/>\r\n<script type=\"application\/ld+json\" class=\"yoast-schema-graph\">{\"@context\":\"https:\/\/schema.org\",\"@graph\":[{\"@type\":\"WebPage\",\"@id\":\"https:\/\/www.uqac.ca\/uqactualites\/2016\/09\/02\/inuk-anne-marie-fortin\/\",\"url\":\"https:\/\/www.uqac.ca\/uqactualites\/2016\/09\/02\/inuk-anne-marie-fortin\/\",\"name\":\"Anne-Marie Fortin devient la nouvelle entra\u00eeneuse en chef des \u00e9quipes d\u2019athl\u00e9tisme et de cross-country - UQACtualit\u00e9s\",\"isPartOf\":{\"@id\":\"https:\/\/www.uqac.ca\/uqactualites\/#website\"},\"primaryImageOfPage\":{\"@id\":\"https:\/\/www.uqac.ca\/uqactualites\/2016\/09\/02\/inuk-anne-marie-fortin\/#primaryimage\"},\"image\":{\"@id\":\"https:\/\/www.uqac.ca\/uqactualites\/2016\/09\/02\/inuk-anne-marie-fortin\/#primaryimage\"},\"thumbnailUrl\":\"https:\/\/www.uqac.ca\/uqactualites\/wp-content\/uploads\/2016\/09\/UQACtualite-nouvelle-entraineuse-scaled.jpg\",\"datePublished\":\"2016-09-02T14:20:06+00:00\",\"dateModified\":\"2016-09-02T14:20:06+00:00\",\"author\":{\"@id\":\"https:\/\/www.uqac.ca\/uqactualites\/#\/schema\/person\/366c45a0c4f0e677b41b4af5886e2018\"},\"breadcrumb\":{\"@id\":\"https:\/\/www.uqac.ca\/uqactualites\/2016\/09\/02\/inuk-anne-marie-fortin\/#breadcrumb\"},\"inLanguage\":\"fr-CA\",\"potentialAction\":[{\"@type\":\"ReadAction\",\"target\":[\"https:\/\/www.uqac.ca\/uqactualites\/2016\/09\/02\/inuk-anne-marie-fortin\/\"]}]},{\"@type\":\"ImageObject\",\"inLanguage\":\"fr-CA\",\"@id\":\"https:\/\/www.uqac.ca\/uqactualites\/2016\/09\/02\/inuk-anne-marie-fortin\/#primaryimage\",\"url\":\"https:\/\/www.uqac.ca\/uqactualites\/wp-content\/uploads\/2016\/09\/UQACtualite-nouvelle-entraineuse-scaled.jpg\",\"contentUrl\":\"https:\/\/www.uqac.ca\/uqactualites\/wp-content\/uploads\/2016\/09\/UQACtualite-nouvelle-entraineuse-scaled.jpg\",\"width\":2560,\"height\":1232},{\"@type\":\"BreadcrumbList\",\"@id\":\"https:\/\/www.uqac.ca\/uqactualites\/2016\/09\/02\/inuk-anne-marie-fortin\/#breadcrumb\",\"itemListElement\":[{\"@type\":\"ListItem\",\"position\":1,\"name\":\"Home\",\"item\":\"https:\/\/www.uqac.ca\/uqactualites\/\"},{\"@type\":\"ListItem\",\"position\":2,\"name\":\"Anne-Marie Fortin devient la nouvelle entra\u00eeneuse en chef des \u00e9quipes d\u2019athl\u00e9tisme et de cross-country\"}]},{\"@type\":\"WebSite\",\"@id\":\"https:\/\/www.uqac.ca\/uqactualites\/#website\",\"url\":\"https:\/\/www.uqac.ca\/uqactualites\/\",\"name\":\"UQACtualit\u00e9s\",\"description\":\"Le portail des nouvelles de l&#039;UQAC\",\"potentialAction\":[{\"@type\":\"SearchAction\",\"target\":{\"@type\":\"EntryPoint\",\"urlTemplate\":\"https:\/\/www.uqac.ca\/uqactualites\/?s={search_term_string}\"},\"query-input\":{\"@type\":\"PropertyValueSpecification\",\"valueRequired\":true,\"valueName\":\"search_term_string\"}}],\"inLanguage\":\"fr-CA\"},{\"@type\":\"Person\",\"@id\":\"https:\/\/www.uqac.ca\/uqactualites\/#\/schema\/person\/366c45a0c4f0e677b41b4af5886e2018\",\"name\":\"Service des communications et des relations publiques\",\"image\":{\"@type\":\"ImageObject\",\"inLanguage\":\"fr-CA\",\"@id\":\"https:\/\/www.uqac.ca\/uqactualites\/#\/schema\/person\/image\/\",\"url\":\"https:\/\/secure.gravatar.com\/avatar\/20fbbda8a292f59f2d3461a5b999c00b?s=96&d=mm&r=g\",\"contentUrl\":\"https:\/\/secure.gravatar.com\/avatar\/20fbbda8a292f59f2d3461a5b999c00b?s=96&d=mm&r=g\",\"caption\":\"Service des communications et des relations publiques\"},\"url\":\"https:\/\/www.uqac.ca\/uqactualites\/author\/bap\/\"}]}<\/script>\r\n<!-- \/ Yoast SEO plugin. -->","yoast_head_json":{"title":"Anne-Marie Fortin devient la nouvelle entra\u00eeneuse en chef des \u00e9quipes d\u2019athl\u00e9tisme et de cross-country - UQACtualit\u00e9s","robots":{"index":"index","follow":"follow","max-snippet":"max-snippet:-1","max-image-preview":"max-image-preview:large","max-video-preview":"max-video-preview:-1"},"canonical":"https:\/\/www.uqac.ca\/uqactualites\/2016\/09\/02\/inuk-anne-marie-fortin\/","og_locale":"fr_CA","og_type":"article","og_title":"Anne-Marie Fortin devient la nouvelle entra\u00eeneuse en chef des \u00e9quipes d\u2019athl\u00e9tisme et de cross-country - UQACtualit\u00e9s","og_description":"L\u2019organisation des Inuk de l\u2019Universit\u00e9 du Qu\u00e9bec \u00e0 Chicoutimi a proc\u00e9d\u00e9 \u00e0 la nomination d\u2019Anne-Marie Fortin \u00e0 titre d\u2019entra\u00eeneuse-chef des \u00e9quipes d\u2019athl\u00e9tisme et de cross-country du programme de sports universitaires. La vision de la nouvelle entra\u00eeneuse concordait avec les valeurs v\u00e9hicul\u00e9es par les Inuk\u00a0: \u00ab\u00a0Je d\u00e9sire aider les \u00e9tudiants-athl\u00e8tes \u00e0 d\u00e9velopper leur plein potentiel, tout [&hellip;]","og_url":"https:\/\/www.uqac.ca\/uqactualites\/2016\/09\/02\/inuk-anne-marie-fortin\/","og_site_name":"UQACtualit\u00e9s","article_published_time":"2016-09-02T14:20:06+00:00","og_image":[{"width":2560,"height":1232,"url":"https:\/\/www.uqac.ca\/uqactualites\/wp-content\/uploads\/2016\/09\/UQACtualite-nouvelle-entraineuse-scaled.jpg","type":"image\/jpeg"}],"author":"Service des communications et des relations publiques","twitter_card":"summary_large_image","twitter_misc":{"\u00c9crit par":"Service des communications et des relations publiques","Estimation du temps de lecture":"2 minutes"},"schema":{"@context":"https:\/\/schema.org","@graph":[{"@type":"WebPage","@id":"https:\/\/www.uqac.ca\/uqactualites\/2016\/09\/02\/inuk-anne-marie-fortin\/","url":"https:\/\/www.uqac.ca\/uqactualites\/2016\/09\/02\/inuk-anne-marie-fortin\/","name":"Anne-Marie Fortin devient la nouvelle entra\u00eeneuse en chef des \u00e9quipes d\u2019athl\u00e9tisme et de cross-country - UQACtualit\u00e9s","isPartOf":{"@id":"https:\/\/www.uqac.ca\/uqactualites\/#website"},"primaryImageOfPage":{"@id":"https:\/\/www.uqac.ca\/uqactualites\/2016\/09\/02\/inuk-anne-marie-fortin\/#primaryimage"},"image":{"@id":"https:\/\/www.uqac.ca\/uqactualites\/2016\/09\/02\/inuk-anne-marie-fortin\/#primaryimage"},"thumbnailUrl":"https:\/\/www.uqac.ca\/uqactualites\/wp-content\/uploads\/2016\/09\/UQACtualite-nouvelle-entraineuse-scaled.jpg","datePublished":"2016-09-02T14:20:06+00:00","dateModified":"2016-09-02T14:20:06+00:00","author":{"@id":"https:\/\/www.uqac.ca\/uqactualites\/#\/schema\/person\/366c45a0c4f0e677b41b4af5886e2018"},"breadcrumb":{"@id":"https:\/\/www.uqac.ca\/uqactualites\/2016\/09\/02\/inuk-anne-marie-fortin\/#breadcrumb"},"inLanguage":"fr-CA","potentialAction":[{"@type":"ReadAction","target":["https:\/\/www.uqac.ca\/uqactualites\/2016\/09\/02\/inuk-anne-marie-fortin\/"]}]},{"@type":"ImageObject","inLanguage":"fr-CA","@id":"https:\/\/www.uqac.ca\/uqactualites\/2016\/09\/02\/inuk-anne-marie-fortin\/#primaryimage","url":"https:\/\/www.uqac.ca\/uqactualites\/wp-content\/uploads\/2016\/09\/UQACtualite-nouvelle-entraineuse-scaled.jpg","contentUrl":"https:\/\/www.uqac.ca\/uqactualites\/wp-content\/uploads\/2016\/09\/UQACtualite-nouvelle-entraineuse-scaled.jpg","width":2560,"height":1232},{"@type":"BreadcrumbList","@id":"https:\/\/www.uqac.ca\/uqactualites\/2016\/09\/02\/inuk-anne-marie-fortin\/#breadcrumb","itemListElement":[{"@type":"ListItem","position":1,"name":"Home","item":"https:\/\/www.uqac.ca\/uqactualites\/"},{"@type":"ListItem","position":2,"name":"Anne-Marie Fortin devient la nouvelle entra\u00eeneuse en chef des \u00e9quipes d\u2019athl\u00e9tisme et de cross-country"}]},{"@type":"WebSite","@id":"https:\/\/www.uqac.ca\/uqactualites\/#website","url":"https:\/\/www.uqac.ca\/uqactualites\/","name":"UQACtualit\u00e9s","description":"Le portail des nouvelles de l&#039;UQAC","potentialAction":[{"@type":"SearchAction","target":{"@type":"EntryPoint","urlTemplate":"https:\/\/www.uqac.ca\/uqactualites\/?s={search_term_string}"},"query-input":{"@type":"PropertyValueSpecification","valueRequired":true,"valueName":"search_term_string"}}],"inLanguage":"fr-CA"},{"@type":"Person","@id":"https:\/\/www.uqac.ca\/uqactualites\/#\/schema\/person\/366c45a0c4f0e677b41b4af5886e2018","name":"Service des communications et des relations publiques","image":{"@type":"ImageObject","inLanguage":"fr-CA","@id":"https:\/\/www.uqac.ca\/uqactualites\/#\/schema\/person\/image\/","url":"https:\/\/secure.gravatar.com\/avatar\/20fbbda8a292f59f2d3461a5b999c00b?s=96&d=mm&r=g","contentUrl":"https:\/\/secure.gravatar.com\/avatar\/20fbbda8a292f59f2d3461a5b999c00b?s=96&d=mm&r=g","caption":"Service des communications et des relations publiques"},"url":"https:\/\/www.uqac.ca\/uqactualites\/author\/bap\/"}]}},"_links":{"self":[{"href":"https:\/\/www.uqac.ca\/uqactualites\/wp-json\/wp\/v2\/posts\/32338"}],"collection":[{"href":"https:\/\/www.uqac.ca\/uqactualites\/wp-json\/wp\/v2\/posts"}],"about":[{"href":"https:\/\/www.uqac.ca\/uqactualites\/wp-json\/wp\/v2\/types\/post"}],"author":[{"embeddable":true,"href":"https:\/\/www.uqac.ca\/uqactualites\/wp-json\/wp\/v2\/users\/5"}],"replies":[{"embeddable":true,"href":"https:\/\/www.uqac.ca\/uqactualites\/wp-json\/wp\/v2\/comments?post=32338"}],"version-history":[{"count":0,"href":"https:\/\/www.uqac.ca\/uqactualites\/wp-json\/wp\/v2\/posts\/32338\/revisions"}],"wp:featuredmedia":[{"embeddable":true,"href":"https:\/\/www.uqac.ca\/uqactualites\/wp-json\/wp\/v2\/media\/32339"}],"wp:attachment":[{"href":"https:\/\/www.uqac.ca\/uqactualites\/wp-json\/wp\/v2\/media?parent=32338"}],"wp:term":[{"taxonomy":"category","embeddable":true,"href":"https:\/\/www.uqac.ca\/uqactualites\/wp-json\/wp\/v2\/categories?post=32338"},{"taxonomy":"post_tag","embeddable":true,"href":"https:\/\/www.uqac.ca\/uqactualites\/wp-json\/wp\/v2\/tags?post=32338"}],"curies":[{"name":"wp","href":"https:\/\/api.w.org\/{rel}","templated":true}]}}