{"id":32341,"date":"2016-09-02T14:51:38","date_gmt":"2016-09-02T18:51:38","guid":{"rendered":"http:\/\/uqactualite.odev.ca\/?p=32341"},"modified":"2016-09-02T14:51:38","modified_gmt":"2016-09-02T18:51:38","slug":"nomination-de-stephane-allaire-et-helene-vezina-au-conseil-superieur-de-leducation","status":"publish","type":"post","link":"https:\/\/www.uqac.ca\/uqactualites\/2016\/09\/02\/nomination-de-stephane-allaire-et-helene-vezina-au-conseil-superieur-de-leducation\/","title":{"rendered":"Nomination de St\u00e9phane Allaire et H\u00e9l\u00e8ne V\u00e9zina au Conseil sup\u00e9rieur de l\u2019\u00e9ducation"},"content":{"rendered":"<p>La secr\u00e9taire g\u00e9n\u00e9rale et pr\u00e9sidente par int\u00e9rim du Conseil sup\u00e9rieur de l\u2019\u00e9ducation, Mme Lucie Bouchard, annonce la nomination de trois nouveaux membres qui si\u00e9geront \u00e0 diff\u00e9rentes commissions du Conseil.<\/p>\n<p>Il s\u2019agit de <strong>M. St\u00e9phane Allaire<\/strong>, doyen du D\u00e9canat de la recherche et de la cr\u00e9ation \u00e0 l\u2019Universit\u00e9 du Qu\u00e9bec \u00e0 Chicoutimi, qui si\u00e9gera \u00e0 la Commission de l\u2019enseignement secondaire, de <strong>M<\/strong><strong>me <\/strong><strong>Isabelle Girard<\/strong>, directrice des Services \u00e9ducatifs jeunes et adultes \u00e0 la Commission scolaire De La Jonqui\u00e8re, qui si\u00e9gera \u00e0 la Commission de l\u2019enseignement coll\u00e9gial, et de <strong>M<\/strong><strong>me <\/strong><strong>H\u00e9l\u00e8ne V\u00e9zina<\/strong>, professeure au D\u00e9partement des sciences humaines et sociales de l\u2019Universit\u00e9 du Qu\u00e9bec \u00e0 Chicoutimi, qui si\u00e9gera \u00e0 la Commission de l\u2019enseignement et de la recherche universitaires.<\/p>\n<p>Le Conseil pourra b\u00e9n\u00e9ficier de leurs connaissances et de leur expertise en mati\u00e8re d\u2019\u00e9ducation jusqu\u2019au 31 ao\u00fbt 2018 pour Mmes Girard et V\u00e9zina, et jusqu\u2019au 31 ao\u00fbt 2019 pour M. Allaire.<\/p>\n<p>Les membres des commissions sont nomm\u00e9s par le Conseil apr\u00e8s consultation des institutions et des organismes int\u00e9ress\u00e9s par l\u2019ordre ou le secteur d\u2019enseignement vis\u00e9. Soulignons toutefois qu\u2019ils n\u2019agissent pas \u00e0 titre de porte-parole de leur organisation respective, mais que c\u2019est par l\u2019expression de leur point de vue et leur expertise qu\u2019ils contribuent \u00e0 ce que les travaux du Conseil tiennent compte de la diversit\u00e9 des perspectives. Leur mandat est d\u2019au plus trois ans et n\u2019est renouvelable cons\u00e9cutivement qu\u2019une seule fois.<\/p>\n<p>Les commissions sont charg\u00e9es de pr\u00e9parer, par mandat de la table du Conseil, des avis qu\u2019elles lui soumettent ensuite pour adoption. Elles se r\u00e9unissent au moins quatre fois par ann\u00e9e.<\/p>\n<p>Le Conseil, en vertu de sa loi constitutive, est institu\u00e9 en tant que lieu privil\u00e9gi\u00e9 de r\u00e9flexion. Sa mission est de veiller \u00e0 la d\u00e9finition d\u2019une vision globale et prospective de l\u2019\u00e9ducation pour conseiller le ministre de l\u2019\u00c9ducation, du Loisir et du Sport et la ministre responsable de l\u2019Enseignement sup\u00e9rieur sur toute question relative \u00e0 l\u2019\u00e9ducation. \u00c0 cette fin, il vise l\u2019ajustement continu du syst\u00e8me \u00e9ducatif en fonction de l\u2019\u00e9volution des besoins de la soci\u00e9t\u00e9 et des personnes. Par la diversit\u00e9 des personnes qui le composent, le Conseil permet le rapprochement entre les acteurs de l\u2019\u00e9ducation, la population en g\u00e9n\u00e9ral et les d\u00e9cideurs. On y trouve des repr\u00e9sentants de tous les ordres et secteurs d\u2019enseignement, tant des membres du personnel de l\u2019\u00e9ducation que des parents et des \u00e9tudiants, ainsi que des repr\u00e9sentants d\u2019autres secteurs d\u2019activit\u00e9 de la soci\u00e9t\u00e9 qu\u00e9b\u00e9coise. Ce sont ainsi plus de 75 personnes qui, gr\u00e2ce \u00e0 leur engagement citoyen et \u00e0 titre b\u00e9n\u00e9vole, contribuent aux travaux du Conseil au sein de ses diff\u00e9rents comit\u00e9s et commissions.<\/p>\n<p>&nbsp;<\/p>\n<p><strong>Source :<\/strong><br \/>\nSophie Allard<br \/>\nResponsable des communications<br \/>\nConseil sup\u00e9rieur de l\u2019\u00e9ducation<br \/>\nT\u00e9l. : 418 643-8253 ou 418 571-1359<\/p>\n","protected":false},"excerpt":{"rendered":"<p>La secr\u00e9taire g\u00e9n\u00e9rale et pr\u00e9sidente par int\u00e9rim du Conseil sup\u00e9rieur de l\u2019\u00e9ducation, Mme Lucie Bouchard, annonce la nomination de trois nouveaux membres qui si\u00e9geront \u00e0 diff\u00e9rentes commissions du Conseil. Il s\u2019agit de M. St\u00e9phane Allaire, doyen du D\u00e9canat de la recherche et de la cr\u00e9ation \u00e0 l\u2019Universit\u00e9 du Qu\u00e9bec \u00e0 Chicoutimi, qui si\u00e9gera \u00e0 la [&hellip;]<\/p>\n","protected":false},"author":5,"featured_media":32342,"comment_status":"open","ping_status":"open","sticky":false,"template":"","format":"standard","meta":{"footnotes":""},"categories":[2],"tags":[],"yoast_head":"<!-- This site is optimized with the Yoast SEO plugin v24.2 - https:\/\/yoast.com\/wordpress\/plugins\/seo\/ -->\r\n<title>Nomination de St\u00e9phane Allaire et H\u00e9l\u00e8ne V\u00e9zina au Conseil sup\u00e9rieur de l\u2019\u00e9ducation - UQACtualit\u00e9s<\/title>\r\n<meta name=\"robots\" content=\"index, follow, max-snippet:-1, max-image-preview:large, max-video-preview:-1\" \/>\r\n<link rel=\"canonical\" href=\"https:\/\/www.uqac.ca\/uqactualites\/2016\/09\/02\/nomination-de-stephane-allaire-et-helene-vezina-au-conseil-superieur-de-leducation\/\" \/>\r\n<meta property=\"og:locale\" content=\"fr_CA\" \/>\r\n<meta property=\"og:type\" content=\"article\" \/>\r\n<meta property=\"og:title\" content=\"Nomination de St\u00e9phane Allaire et H\u00e9l\u00e8ne V\u00e9zina au Conseil sup\u00e9rieur de l\u2019\u00e9ducation - UQACtualit\u00e9s\" \/>\r\n<meta property=\"og:description\" content=\"La secr\u00e9taire g\u00e9n\u00e9rale et pr\u00e9sidente par int\u00e9rim du Conseil sup\u00e9rieur de l\u2019\u00e9ducation, Mme Lucie Bouchard, annonce la nomination de trois nouveaux membres qui si\u00e9geront \u00e0 diff\u00e9rentes commissions du Conseil. Il s\u2019agit de M. St\u00e9phane Allaire, doyen du D\u00e9canat de la recherche et de la cr\u00e9ation \u00e0 l\u2019Universit\u00e9 du Qu\u00e9bec \u00e0 Chicoutimi, qui si\u00e9gera \u00e0 la [&hellip;]\" \/>\r\n<meta property=\"og:url\" content=\"https:\/\/www.uqac.ca\/uqactualites\/2016\/09\/02\/nomination-de-stephane-allaire-et-helene-vezina-au-conseil-superieur-de-leducation\/\" \/>\r\n<meta property=\"og:site_name\" content=\"UQACtualit\u00e9s\" \/>\r\n<meta property=\"article:published_time\" content=\"2016-09-02T18:51:38+00:00\" \/>\r\n<meta property=\"og:image\" content=\"https:\/\/www.uqac.ca\/uqactualites\/wp-content\/uploads\/2016\/09\/Nomination_StephaneAllaire-HeleneVezinaA16.jpg\" \/>\r\n\t<meta property=\"og:image:width\" content=\"971\" \/>\r\n\t<meta property=\"og:image:height\" content=\"469\" \/>\r\n\t<meta property=\"og:image:type\" content=\"image\/jpeg\" \/>\r\n<meta name=\"author\" content=\"Service des communications et des relations publiques\" \/>\r\n<meta name=\"twitter:card\" content=\"summary_large_image\" \/>\r\n<meta name=\"twitter:label1\" content=\"\u00c9crit par\" \/>\n\t<meta name=\"twitter:data1\" content=\"Service des communications et des relations publiques\" \/>\n\t<meta name=\"twitter:label2\" content=\"Estimation du temps de lecture\" \/>\n\t<meta name=\"twitter:data2\" content=\"3 minutes\" \/>\r\n<script type=\"application\/ld+json\" class=\"yoast-schema-graph\">{\"@context\":\"https:\/\/schema.org\",\"@graph\":[{\"@type\":\"WebPage\",\"@id\":\"https:\/\/www.uqac.ca\/uqactualites\/2016\/09\/02\/nomination-de-stephane-allaire-et-helene-vezina-au-conseil-superieur-de-leducation\/\",\"url\":\"https:\/\/www.uqac.ca\/uqactualites\/2016\/09\/02\/nomination-de-stephane-allaire-et-helene-vezina-au-conseil-superieur-de-leducation\/\",\"name\":\"Nomination de St\u00e9phane Allaire et H\u00e9l\u00e8ne V\u00e9zina au Conseil sup\u00e9rieur de l\u2019\u00e9ducation - UQACtualit\u00e9s\",\"isPartOf\":{\"@id\":\"https:\/\/www.uqac.ca\/uqactualites\/#website\"},\"primaryImageOfPage\":{\"@id\":\"https:\/\/www.uqac.ca\/uqactualites\/2016\/09\/02\/nomination-de-stephane-allaire-et-helene-vezina-au-conseil-superieur-de-leducation\/#primaryimage\"},\"image\":{\"@id\":\"https:\/\/www.uqac.ca\/uqactualites\/2016\/09\/02\/nomination-de-stephane-allaire-et-helene-vezina-au-conseil-superieur-de-leducation\/#primaryimage\"},\"thumbnailUrl\":\"https:\/\/www.uqac.ca\/uqactualites\/wp-content\/uploads\/2016\/09\/Nomination_StephaneAllaire-HeleneVezinaA16.jpg\",\"datePublished\":\"2016-09-02T18:51:38+00:00\",\"dateModified\":\"2016-09-02T18:51:38+00:00\",\"author\":{\"@id\":\"https:\/\/www.uqac.ca\/uqactualites\/#\/schema\/person\/366c45a0c4f0e677b41b4af5886e2018\"},\"breadcrumb\":{\"@id\":\"https:\/\/www.uqac.ca\/uqactualites\/2016\/09\/02\/nomination-de-stephane-allaire-et-helene-vezina-au-conseil-superieur-de-leducation\/#breadcrumb\"},\"inLanguage\":\"fr-CA\",\"potentialAction\":[{\"@type\":\"ReadAction\",\"target\":[\"https:\/\/www.uqac.ca\/uqactualites\/2016\/09\/02\/nomination-de-stephane-allaire-et-helene-vezina-au-conseil-superieur-de-leducation\/\"]}]},{\"@type\":\"ImageObject\",\"inLanguage\":\"fr-CA\",\"@id\":\"https:\/\/www.uqac.ca\/uqactualites\/2016\/09\/02\/nomination-de-stephane-allaire-et-helene-vezina-au-conseil-superieur-de-leducation\/#primaryimage\",\"url\":\"https:\/\/www.uqac.ca\/uqactualites\/wp-content\/uploads\/2016\/09\/Nomination_StephaneAllaire-HeleneVezinaA16.jpg\",\"contentUrl\":\"https:\/\/www.uqac.ca\/uqactualites\/wp-content\/uploads\/2016\/09\/Nomination_StephaneAllaire-HeleneVezinaA16.jpg\",\"width\":971,\"height\":469},{\"@type\":\"BreadcrumbList\",\"@id\":\"https:\/\/www.uqac.ca\/uqactualites\/2016\/09\/02\/nomination-de-stephane-allaire-et-helene-vezina-au-conseil-superieur-de-leducation\/#breadcrumb\",\"itemListElement\":[{\"@type\":\"ListItem\",\"position\":1,\"name\":\"Home\",\"item\":\"https:\/\/www.uqac.ca\/uqactualites\/\"},{\"@type\":\"ListItem\",\"position\":2,\"name\":\"Nomination de St\u00e9phane Allaire et H\u00e9l\u00e8ne V\u00e9zina au Conseil sup\u00e9rieur de l\u2019\u00e9ducation\"}]},{\"@type\":\"WebSite\",\"@id\":\"https:\/\/www.uqac.ca\/uqactualites\/#website\",\"url\":\"https:\/\/www.uqac.ca\/uqactualites\/\",\"name\":\"UQACtualit\u00e9s\",\"description\":\"Le portail des nouvelles de l&#039;UQAC\",\"potentialAction\":[{\"@type\":\"SearchAction\",\"target\":{\"@type\":\"EntryPoint\",\"urlTemplate\":\"https:\/\/www.uqac.ca\/uqactualites\/?s={search_term_string}\"},\"query-input\":{\"@type\":\"PropertyValueSpecification\",\"valueRequired\":true,\"valueName\":\"search_term_string\"}}],\"inLanguage\":\"fr-CA\"},{\"@type\":\"Person\",\"@id\":\"https:\/\/www.uqac.ca\/uqactualites\/#\/schema\/person\/366c45a0c4f0e677b41b4af5886e2018\",\"name\":\"Service des communications et des relations publiques\",\"image\":{\"@type\":\"ImageObject\",\"inLanguage\":\"fr-CA\",\"@id\":\"https:\/\/www.uqac.ca\/uqactualites\/#\/schema\/person\/image\/\",\"url\":\"https:\/\/secure.gravatar.com\/avatar\/20fbbda8a292f59f2d3461a5b999c00b?s=96&d=mm&r=g\",\"contentUrl\":\"https:\/\/secure.gravatar.com\/avatar\/20fbbda8a292f59f2d3461a5b999c00b?s=96&d=mm&r=g\",\"caption\":\"Service des communications et des relations publiques\"},\"url\":\"https:\/\/www.uqac.ca\/uqactualites\/author\/bap\/\"}]}<\/script>\r\n<!-- \/ Yoast SEO plugin. -->","yoast_head_json":{"title":"Nomination de St\u00e9phane Allaire et H\u00e9l\u00e8ne V\u00e9zina au Conseil sup\u00e9rieur de l\u2019\u00e9ducation - UQACtualit\u00e9s","robots":{"index":"index","follow":"follow","max-snippet":"max-snippet:-1","max-image-preview":"max-image-preview:large","max-video-preview":"max-video-preview:-1"},"canonical":"https:\/\/www.uqac.ca\/uqactualites\/2016\/09\/02\/nomination-de-stephane-allaire-et-helene-vezina-au-conseil-superieur-de-leducation\/","og_locale":"fr_CA","og_type":"article","og_title":"Nomination de St\u00e9phane Allaire et H\u00e9l\u00e8ne V\u00e9zina au Conseil sup\u00e9rieur de l\u2019\u00e9ducation - UQACtualit\u00e9s","og_description":"La secr\u00e9taire g\u00e9n\u00e9rale et pr\u00e9sidente par int\u00e9rim du Conseil sup\u00e9rieur de l\u2019\u00e9ducation, Mme Lucie Bouchard, annonce la nomination de trois nouveaux membres qui si\u00e9geront \u00e0 diff\u00e9rentes commissions du Conseil. Il s\u2019agit de M. St\u00e9phane Allaire, doyen du D\u00e9canat de la recherche et de la cr\u00e9ation \u00e0 l\u2019Universit\u00e9 du Qu\u00e9bec \u00e0 Chicoutimi, qui si\u00e9gera \u00e0 la [&hellip;]","og_url":"https:\/\/www.uqac.ca\/uqactualites\/2016\/09\/02\/nomination-de-stephane-allaire-et-helene-vezina-au-conseil-superieur-de-leducation\/","og_site_name":"UQACtualit\u00e9s","article_published_time":"2016-09-02T18:51:38+00:00","og_image":[{"width":971,"height":469,"url":"https:\/\/www.uqac.ca\/uqactualites\/wp-content\/uploads\/2016\/09\/Nomination_StephaneAllaire-HeleneVezinaA16.jpg","type":"image\/jpeg"}],"author":"Service des communications et des relations publiques","twitter_card":"summary_large_image","twitter_misc":{"\u00c9crit par":"Service des communications et des relations publiques","Estimation du temps de lecture":"3 minutes"},"schema":{"@context":"https:\/\/schema.org","@graph":[{"@type":"WebPage","@id":"https:\/\/www.uqac.ca\/uqactualites\/2016\/09\/02\/nomination-de-stephane-allaire-et-helene-vezina-au-conseil-superieur-de-leducation\/","url":"https:\/\/www.uqac.ca\/uqactualites\/2016\/09\/02\/nomination-de-stephane-allaire-et-helene-vezina-au-conseil-superieur-de-leducation\/","name":"Nomination de St\u00e9phane Allaire et H\u00e9l\u00e8ne V\u00e9zina au Conseil sup\u00e9rieur de l\u2019\u00e9ducation - UQACtualit\u00e9s","isPartOf":{"@id":"https:\/\/www.uqac.ca\/uqactualites\/#website"},"primaryImageOfPage":{"@id":"https:\/\/www.uqac.ca\/uqactualites\/2016\/09\/02\/nomination-de-stephane-allaire-et-helene-vezina-au-conseil-superieur-de-leducation\/#primaryimage"},"image":{"@id":"https:\/\/www.uqac.ca\/uqactualites\/2016\/09\/02\/nomination-de-stephane-allaire-et-helene-vezina-au-conseil-superieur-de-leducation\/#primaryimage"},"thumbnailUrl":"https:\/\/www.uqac.ca\/uqactualites\/wp-content\/uploads\/2016\/09\/Nomination_StephaneAllaire-HeleneVezinaA16.jpg","datePublished":"2016-09-02T18:51:38+00:00","dateModified":"2016-09-02T18:51:38+00:00","author":{"@id":"https:\/\/www.uqac.ca\/uqactualites\/#\/schema\/person\/366c45a0c4f0e677b41b4af5886e2018"},"breadcrumb":{"@id":"https:\/\/www.uqac.ca\/uqactualites\/2016\/09\/02\/nomination-de-stephane-allaire-et-helene-vezina-au-conseil-superieur-de-leducation\/#breadcrumb"},"inLanguage":"fr-CA","potentialAction":[{"@type":"ReadAction","target":["https:\/\/www.uqac.ca\/uqactualites\/2016\/09\/02\/nomination-de-stephane-allaire-et-helene-vezina-au-conseil-superieur-de-leducation\/"]}]},{"@type":"ImageObject","inLanguage":"fr-CA","@id":"https:\/\/www.uqac.ca\/uqactualites\/2016\/09\/02\/nomination-de-stephane-allaire-et-helene-vezina-au-conseil-superieur-de-leducation\/#primaryimage","url":"https:\/\/www.uqac.ca\/uqactualites\/wp-content\/uploads\/2016\/09\/Nomination_StephaneAllaire-HeleneVezinaA16.jpg","contentUrl":"https:\/\/www.uqac.ca\/uqactualites\/wp-content\/uploads\/2016\/09\/Nomination_StephaneAllaire-HeleneVezinaA16.jpg","width":971,"height":469},{"@type":"BreadcrumbList","@id":"https:\/\/www.uqac.ca\/uqactualites\/2016\/09\/02\/nomination-de-stephane-allaire-et-helene-vezina-au-conseil-superieur-de-leducation\/#breadcrumb","itemListElement":[{"@type":"ListItem","position":1,"name":"Home","item":"https:\/\/www.uqac.ca\/uqactualites\/"},{"@type":"ListItem","position":2,"name":"Nomination de St\u00e9phane Allaire et H\u00e9l\u00e8ne V\u00e9zina au Conseil sup\u00e9rieur de l\u2019\u00e9ducation"}]},{"@type":"WebSite","@id":"https:\/\/www.uqac.ca\/uqactualites\/#website","url":"https:\/\/www.uqac.ca\/uqactualites\/","name":"UQACtualit\u00e9s","description":"Le portail des nouvelles de l&#039;UQAC","potentialAction":[{"@type":"SearchAction","target":{"@type":"EntryPoint","urlTemplate":"https:\/\/www.uqac.ca\/uqactualites\/?s={search_term_string}"},"query-input":{"@type":"PropertyValueSpecification","valueRequired":true,"valueName":"search_term_string"}}],"inLanguage":"fr-CA"},{"@type":"Person","@id":"https:\/\/www.uqac.ca\/uqactualites\/#\/schema\/person\/366c45a0c4f0e677b41b4af5886e2018","name":"Service des communications et des relations publiques","image":{"@type":"ImageObject","inLanguage":"fr-CA","@id":"https:\/\/www.uqac.ca\/uqactualites\/#\/schema\/person\/image\/","url":"https:\/\/secure.gravatar.com\/avatar\/20fbbda8a292f59f2d3461a5b999c00b?s=96&d=mm&r=g","contentUrl":"https:\/\/secure.gravatar.com\/avatar\/20fbbda8a292f59f2d3461a5b999c00b?s=96&d=mm&r=g","caption":"Service des communications et des relations publiques"},"url":"https:\/\/www.uqac.ca\/uqactualites\/author\/bap\/"}]}},"_links":{"self":[{"href":"https:\/\/www.uqac.ca\/uqactualites\/wp-json\/wp\/v2\/posts\/32341"}],"collection":[{"href":"https:\/\/www.uqac.ca\/uqactualites\/wp-json\/wp\/v2\/posts"}],"about":[{"href":"https:\/\/www.uqac.ca\/uqactualites\/wp-json\/wp\/v2\/types\/post"}],"author":[{"embeddable":true,"href":"https:\/\/www.uqac.ca\/uqactualites\/wp-json\/wp\/v2\/users\/5"}],"replies":[{"embeddable":true,"href":"https:\/\/www.uqac.ca\/uqactualites\/wp-json\/wp\/v2\/comments?post=32341"}],"version-history":[{"count":0,"href":"https:\/\/www.uqac.ca\/uqactualites\/wp-json\/wp\/v2\/posts\/32341\/revisions"}],"wp:featuredmedia":[{"embeddable":true,"href":"https:\/\/www.uqac.ca\/uqactualites\/wp-json\/wp\/v2\/media\/32342"}],"wp:attachment":[{"href":"https:\/\/www.uqac.ca\/uqactualites\/wp-json\/wp\/v2\/media?parent=32341"}],"wp:term":[{"taxonomy":"category","embeddable":true,"href":"https:\/\/www.uqac.ca\/uqactualites\/wp-json\/wp\/v2\/categories?post=32341"},{"taxonomy":"post_tag","embeddable":true,"href":"https:\/\/www.uqac.ca\/uqactualites\/wp-json\/wp\/v2\/tags?post=32341"}],"curies":[{"name":"wp","href":"https:\/\/api.w.org\/{rel}","templated":true}]}}