{"id":32351,"date":"2016-09-06T11:27:50","date_gmt":"2016-09-06T15:27:50","guid":{"rendered":"http:\/\/uqactualite.odev.ca\/?p=32351"},"modified":"2016-09-06T11:27:50","modified_gmt":"2016-09-06T15:27:50","slug":"inscription-jusquau-8-septembre-journees-de-la-releve-en-recherche","status":"publish","type":"post","link":"https:\/\/www.uqac.ca\/uqactualites\/2016\/09\/06\/inscription-jusquau-8-septembre-journees-de-la-releve-en-recherche\/","title":{"rendered":"Inscription jusqu&rsquo;au 8 septembre &#8211; Journ\u00e9es de la rel\u00e8ve en recherche"},"content":{"rendered":"<p style=\"text-align: justify\">La communaut\u00e9 universitaire est invit\u00e9e \u00e0 participer aux prochaines Journ\u00e9es de la rel\u00e8ve en recherche, qui auront lieu les 22 et 23 septembre prochain \u00e0 l\u2019Universit\u00e9 de Montr\u00e9al (UdeM). \u00c9tienne H\u00e9bert, doyen des \u00e9tudes, et St\u00e9phane Allaire, doyen de la recherche et de la cr\u00e9ation, repr\u00e9senteront l\u2019UQAC en offrant un atelier \u00e0 l\u2019occasion de cet \u00e9v\u00e9nement mis sur pied par l\u2019Association francophone pour le savoir (Acfas)\u00a0:<\/p>\n<p style=\"text-align: center\"><strong><em>G\u00e9rer son stress durant ses \u00e9tudes<br \/>\n<\/em><\/strong><span style=\"color: #808080\">avec \u00c9tienne H\u00e9bert<\/span><br \/>\nVendredi 23 septembre 2016\u00a0 |\u00a0 9 h \u00e0 10 h 15<\/p>\n<p style=\"text-align: center\"><strong><em>Bonnes pratiques \u00e0 adopter et pi\u00e8ges \u00e0 \u00e9viter<br \/>\n<\/em><\/strong><strong><em>lors du processus de publication scientifique<br \/>\n<\/em><\/strong><span style=\"color: #808080\">avec St\u00e9phane Allaire<\/span><br \/>\nVendredi 23 septembre 2016\u00a0 |\u00a0 10 h 45 \u00e0 12 h<\/p>\n<p style=\"text-align: justify\">Pour conna\u00eetre la programmation compl\u00e8te de l\u2019\u00e9v\u00e9nement ou pour vous y inscrire, consultez le <span style=\"text-decoration: underline\"><strong><a href=\"http:\/\/www.acfas.ca\/evenements\/journees-de-la-releve-en-recherche\" target=\"_blank\" rel=\"noopener\">site Web de l\u2019Acfas<\/a><\/strong><\/span>.<\/p>\n<p style=\"text-align: justify\"><strong>Quelques mots sur les Journ\u00e9es de la rel\u00e8ve en recherche<br \/>\n<\/strong>Ces deux journ\u00e9es, qui sont d\u00e9di\u00e9es \u00e0 la valorisation et \u00e0 l\u2019accompagnement de la rel\u00e8ve en recherche, proposent aux participants des trucs et des conseils afin de favoriser leur r\u00e9ussite aux \u00e9tudes de cycles sup\u00e9rieurs ou leur int\u00e9gration sur le march\u00e9 du travail.<\/p>\n<p><strong><br \/>\nRenseignements\u00a0:<br \/>\n<\/strong>Association francophone pour le savoir (Acfas)<br \/>\n<a href=\"www.acfas.ca\/evenements\/journees-de-la-releve-en-recherche\" target=\"_blank\" rel=\"noopener\">www.acfas.ca\/evenements\/journees-de-la-releve-en-recherche<\/a><br \/>\n<a href=\"mailto:ha-loan.phan@acfas.ca\" target=\"_blank\" rel=\"noopener\">ha-loan.phan@acfas.ca<\/a><\/p>\n","protected":false},"excerpt":{"rendered":"<p>La communaut\u00e9 universitaire est invit\u00e9e \u00e0 participer aux prochaines Journ\u00e9es de la rel\u00e8ve en recherche, qui auront lieu les 22 et 23 septembre prochain \u00e0 l\u2019Universit\u00e9 de Montr\u00e9al (UdeM). \u00c9tienne H\u00e9bert, doyen des \u00e9tudes, et St\u00e9phane Allaire, doyen de la recherche et de la cr\u00e9ation, repr\u00e9senteront l\u2019UQAC en offrant un atelier \u00e0 l\u2019occasion de cet [&hellip;]<\/p>\n","protected":false},"author":5,"featured_media":20989,"comment_status":"open","ping_status":"open","sticky":false,"template":"","format":"standard","meta":{"footnotes":""},"categories":[2772],"tags":[],"yoast_head":"<!-- This site is optimized with the Yoast SEO plugin v24.2 - https:\/\/yoast.com\/wordpress\/plugins\/seo\/ -->\r\n<title>Inscription jusqu&#039;au 8 septembre - Journ\u00e9es de la rel\u00e8ve en recherche - UQACtualit\u00e9s<\/title>\r\n<meta name=\"robots\" content=\"index, follow, max-snippet:-1, max-image-preview:large, max-video-preview:-1\" \/>\r\n<link rel=\"canonical\" href=\"https:\/\/www.uqac.ca\/uqactualites\/2016\/09\/06\/inscription-jusquau-8-septembre-journees-de-la-releve-en-recherche\/\" \/>\r\n<meta property=\"og:locale\" content=\"fr_CA\" \/>\r\n<meta property=\"og:type\" content=\"article\" \/>\r\n<meta property=\"og:title\" content=\"Inscription jusqu&#039;au 8 septembre - Journ\u00e9es de la rel\u00e8ve en recherche - UQACtualit\u00e9s\" \/>\r\n<meta property=\"og:description\" content=\"La communaut\u00e9 universitaire est invit\u00e9e \u00e0 participer aux prochaines Journ\u00e9es de la rel\u00e8ve en recherche, qui auront lieu les 22 et 23 septembre prochain \u00e0 l\u2019Universit\u00e9 de Montr\u00e9al (UdeM). \u00c9tienne H\u00e9bert, doyen des \u00e9tudes, et St\u00e9phane Allaire, doyen de la recherche et de la cr\u00e9ation, repr\u00e9senteront l\u2019UQAC en offrant un atelier \u00e0 l\u2019occasion de cet [&hellip;]\" \/>\r\n<meta property=\"og:url\" content=\"https:\/\/www.uqac.ca\/uqactualites\/2016\/09\/06\/inscription-jusquau-8-septembre-journees-de-la-releve-en-recherche\/\" \/>\r\n<meta property=\"og:site_name\" content=\"UQACtualit\u00e9s\" \/>\r\n<meta property=\"article:published_time\" content=\"2016-09-06T15:27:50+00:00\" \/>\r\n<meta property=\"og:image\" content=\"https:\/\/www.uqac.ca\/uqactualites\/wp-content\/uploads\/2012\/05\/avis-laCommunaut-.jpg\" \/>\r\n\t<meta property=\"og:image:width\" content=\"620\" \/>\r\n\t<meta property=\"og:image:height\" content=\"300\" \/>\r\n\t<meta property=\"og:image:type\" content=\"image\/jpeg\" \/>\r\n<meta name=\"author\" content=\"Service des communications et des relations publiques\" \/>\r\n<meta name=\"twitter:card\" content=\"summary_large_image\" \/>\r\n<meta name=\"twitter:label1\" content=\"\u00c9crit par\" \/>\n\t<meta name=\"twitter:data1\" content=\"Service des communications et des relations publiques\" \/>\n\t<meta name=\"twitter:label2\" content=\"Estimation du temps de lecture\" \/>\n\t<meta name=\"twitter:data2\" content=\"1 minute\" \/>\r\n<script type=\"application\/ld+json\" class=\"yoast-schema-graph\">{\"@context\":\"https:\/\/schema.org\",\"@graph\":[{\"@type\":\"WebPage\",\"@id\":\"https:\/\/www.uqac.ca\/uqactualites\/2016\/09\/06\/inscription-jusquau-8-septembre-journees-de-la-releve-en-recherche\/\",\"url\":\"https:\/\/www.uqac.ca\/uqactualites\/2016\/09\/06\/inscription-jusquau-8-septembre-journees-de-la-releve-en-recherche\/\",\"name\":\"Inscription jusqu'au 8 septembre - Journ\u00e9es de la rel\u00e8ve en recherche - UQACtualit\u00e9s\",\"isPartOf\":{\"@id\":\"https:\/\/www.uqac.ca\/uqactualites\/#website\"},\"primaryImageOfPage\":{\"@id\":\"https:\/\/www.uqac.ca\/uqactualites\/2016\/09\/06\/inscription-jusquau-8-septembre-journees-de-la-releve-en-recherche\/#primaryimage\"},\"image\":{\"@id\":\"https:\/\/www.uqac.ca\/uqactualites\/2016\/09\/06\/inscription-jusquau-8-septembre-journees-de-la-releve-en-recherche\/#primaryimage\"},\"thumbnailUrl\":\"https:\/\/www.uqac.ca\/uqactualites\/wp-content\/uploads\/2012\/05\/avis-laCommunaut-.jpg\",\"datePublished\":\"2016-09-06T15:27:50+00:00\",\"dateModified\":\"2016-09-06T15:27:50+00:00\",\"author\":{\"@id\":\"https:\/\/www.uqac.ca\/uqactualites\/#\/schema\/person\/366c45a0c4f0e677b41b4af5886e2018\"},\"breadcrumb\":{\"@id\":\"https:\/\/www.uqac.ca\/uqactualites\/2016\/09\/06\/inscription-jusquau-8-septembre-journees-de-la-releve-en-recherche\/#breadcrumb\"},\"inLanguage\":\"fr-CA\",\"potentialAction\":[{\"@type\":\"ReadAction\",\"target\":[\"https:\/\/www.uqac.ca\/uqactualites\/2016\/09\/06\/inscription-jusquau-8-septembre-journees-de-la-releve-en-recherche\/\"]}]},{\"@type\":\"ImageObject\",\"inLanguage\":\"fr-CA\",\"@id\":\"https:\/\/www.uqac.ca\/uqactualites\/2016\/09\/06\/inscription-jusquau-8-septembre-journees-de-la-releve-en-recherche\/#primaryimage\",\"url\":\"https:\/\/www.uqac.ca\/uqactualites\/wp-content\/uploads\/2012\/05\/avis-laCommunaut-.jpg\",\"contentUrl\":\"https:\/\/www.uqac.ca\/uqactualites\/wp-content\/uploads\/2012\/05\/avis-laCommunaut-.jpg\",\"width\":620,\"height\":300},{\"@type\":\"BreadcrumbList\",\"@id\":\"https:\/\/www.uqac.ca\/uqactualites\/2016\/09\/06\/inscription-jusquau-8-septembre-journees-de-la-releve-en-recherche\/#breadcrumb\",\"itemListElement\":[{\"@type\":\"ListItem\",\"position\":1,\"name\":\"Home\",\"item\":\"https:\/\/www.uqac.ca\/uqactualites\/\"},{\"@type\":\"ListItem\",\"position\":2,\"name\":\"Inscription jusqu&rsquo;au 8 septembre &#8211; Journ\u00e9es de la rel\u00e8ve en recherche\"}]},{\"@type\":\"WebSite\",\"@id\":\"https:\/\/www.uqac.ca\/uqactualites\/#website\",\"url\":\"https:\/\/www.uqac.ca\/uqactualites\/\",\"name\":\"UQACtualit\u00e9s\",\"description\":\"Le portail des nouvelles de l&#039;UQAC\",\"potentialAction\":[{\"@type\":\"SearchAction\",\"target\":{\"@type\":\"EntryPoint\",\"urlTemplate\":\"https:\/\/www.uqac.ca\/uqactualites\/?s={search_term_string}\"},\"query-input\":{\"@type\":\"PropertyValueSpecification\",\"valueRequired\":true,\"valueName\":\"search_term_string\"}}],\"inLanguage\":\"fr-CA\"},{\"@type\":\"Person\",\"@id\":\"https:\/\/www.uqac.ca\/uqactualites\/#\/schema\/person\/366c45a0c4f0e677b41b4af5886e2018\",\"name\":\"Service des communications et des relations publiques\",\"image\":{\"@type\":\"ImageObject\",\"inLanguage\":\"fr-CA\",\"@id\":\"https:\/\/www.uqac.ca\/uqactualites\/#\/schema\/person\/image\/\",\"url\":\"https:\/\/secure.gravatar.com\/avatar\/20fbbda8a292f59f2d3461a5b999c00b?s=96&d=mm&r=g\",\"contentUrl\":\"https:\/\/secure.gravatar.com\/avatar\/20fbbda8a292f59f2d3461a5b999c00b?s=96&d=mm&r=g\",\"caption\":\"Service des communications et des relations publiques\"},\"url\":\"https:\/\/www.uqac.ca\/uqactualites\/author\/bap\/\"}]}<\/script>\r\n<!-- \/ Yoast SEO plugin. -->","yoast_head_json":{"title":"Inscription jusqu'au 8 septembre - Journ\u00e9es de la rel\u00e8ve en recherche - UQACtualit\u00e9s","robots":{"index":"index","follow":"follow","max-snippet":"max-snippet:-1","max-image-preview":"max-image-preview:large","max-video-preview":"max-video-preview:-1"},"canonical":"https:\/\/www.uqac.ca\/uqactualites\/2016\/09\/06\/inscription-jusquau-8-septembre-journees-de-la-releve-en-recherche\/","og_locale":"fr_CA","og_type":"article","og_title":"Inscription jusqu'au 8 septembre - Journ\u00e9es de la rel\u00e8ve en recherche - UQACtualit\u00e9s","og_description":"La communaut\u00e9 universitaire est invit\u00e9e \u00e0 participer aux prochaines Journ\u00e9es de la rel\u00e8ve en recherche, qui auront lieu les 22 et 23 septembre prochain \u00e0 l\u2019Universit\u00e9 de Montr\u00e9al (UdeM). \u00c9tienne H\u00e9bert, doyen des \u00e9tudes, et St\u00e9phane Allaire, doyen de la recherche et de la cr\u00e9ation, repr\u00e9senteront l\u2019UQAC en offrant un atelier \u00e0 l\u2019occasion de cet [&hellip;]","og_url":"https:\/\/www.uqac.ca\/uqactualites\/2016\/09\/06\/inscription-jusquau-8-septembre-journees-de-la-releve-en-recherche\/","og_site_name":"UQACtualit\u00e9s","article_published_time":"2016-09-06T15:27:50+00:00","og_image":[{"width":620,"height":300,"url":"https:\/\/www.uqac.ca\/uqactualites\/wp-content\/uploads\/2012\/05\/avis-laCommunaut-.jpg","type":"image\/jpeg"}],"author":"Service des communications et des relations publiques","twitter_card":"summary_large_image","twitter_misc":{"\u00c9crit par":"Service des communications et des relations publiques","Estimation du temps de lecture":"1 minute"},"schema":{"@context":"https:\/\/schema.org","@graph":[{"@type":"WebPage","@id":"https:\/\/www.uqac.ca\/uqactualites\/2016\/09\/06\/inscription-jusquau-8-septembre-journees-de-la-releve-en-recherche\/","url":"https:\/\/www.uqac.ca\/uqactualites\/2016\/09\/06\/inscription-jusquau-8-septembre-journees-de-la-releve-en-recherche\/","name":"Inscription jusqu'au 8 septembre - Journ\u00e9es de la rel\u00e8ve en recherche - UQACtualit\u00e9s","isPartOf":{"@id":"https:\/\/www.uqac.ca\/uqactualites\/#website"},"primaryImageOfPage":{"@id":"https:\/\/www.uqac.ca\/uqactualites\/2016\/09\/06\/inscription-jusquau-8-septembre-journees-de-la-releve-en-recherche\/#primaryimage"},"image":{"@id":"https:\/\/www.uqac.ca\/uqactualites\/2016\/09\/06\/inscription-jusquau-8-septembre-journees-de-la-releve-en-recherche\/#primaryimage"},"thumbnailUrl":"https:\/\/www.uqac.ca\/uqactualites\/wp-content\/uploads\/2012\/05\/avis-laCommunaut-.jpg","datePublished":"2016-09-06T15:27:50+00:00","dateModified":"2016-09-06T15:27:50+00:00","author":{"@id":"https:\/\/www.uqac.ca\/uqactualites\/#\/schema\/person\/366c45a0c4f0e677b41b4af5886e2018"},"breadcrumb":{"@id":"https:\/\/www.uqac.ca\/uqactualites\/2016\/09\/06\/inscription-jusquau-8-septembre-journees-de-la-releve-en-recherche\/#breadcrumb"},"inLanguage":"fr-CA","potentialAction":[{"@type":"ReadAction","target":["https:\/\/www.uqac.ca\/uqactualites\/2016\/09\/06\/inscription-jusquau-8-septembre-journees-de-la-releve-en-recherche\/"]}]},{"@type":"ImageObject","inLanguage":"fr-CA","@id":"https:\/\/www.uqac.ca\/uqactualites\/2016\/09\/06\/inscription-jusquau-8-septembre-journees-de-la-releve-en-recherche\/#primaryimage","url":"https:\/\/www.uqac.ca\/uqactualites\/wp-content\/uploads\/2012\/05\/avis-laCommunaut-.jpg","contentUrl":"https:\/\/www.uqac.ca\/uqactualites\/wp-content\/uploads\/2012\/05\/avis-laCommunaut-.jpg","width":620,"height":300},{"@type":"BreadcrumbList","@id":"https:\/\/www.uqac.ca\/uqactualites\/2016\/09\/06\/inscription-jusquau-8-septembre-journees-de-la-releve-en-recherche\/#breadcrumb","itemListElement":[{"@type":"ListItem","position":1,"name":"Home","item":"https:\/\/www.uqac.ca\/uqactualites\/"},{"@type":"ListItem","position":2,"name":"Inscription jusqu&rsquo;au 8 septembre &#8211; Journ\u00e9es de la rel\u00e8ve en recherche"}]},{"@type":"WebSite","@id":"https:\/\/www.uqac.ca\/uqactualites\/#website","url":"https:\/\/www.uqac.ca\/uqactualites\/","name":"UQACtualit\u00e9s","description":"Le portail des nouvelles de l&#039;UQAC","potentialAction":[{"@type":"SearchAction","target":{"@type":"EntryPoint","urlTemplate":"https:\/\/www.uqac.ca\/uqactualites\/?s={search_term_string}"},"query-input":{"@type":"PropertyValueSpecification","valueRequired":true,"valueName":"search_term_string"}}],"inLanguage":"fr-CA"},{"@type":"Person","@id":"https:\/\/www.uqac.ca\/uqactualites\/#\/schema\/person\/366c45a0c4f0e677b41b4af5886e2018","name":"Service des communications et des relations publiques","image":{"@type":"ImageObject","inLanguage":"fr-CA","@id":"https:\/\/www.uqac.ca\/uqactualites\/#\/schema\/person\/image\/","url":"https:\/\/secure.gravatar.com\/avatar\/20fbbda8a292f59f2d3461a5b999c00b?s=96&d=mm&r=g","contentUrl":"https:\/\/secure.gravatar.com\/avatar\/20fbbda8a292f59f2d3461a5b999c00b?s=96&d=mm&r=g","caption":"Service des communications et des relations publiques"},"url":"https:\/\/www.uqac.ca\/uqactualites\/author\/bap\/"}]}},"_links":{"self":[{"href":"https:\/\/www.uqac.ca\/uqactualites\/wp-json\/wp\/v2\/posts\/32351"}],"collection":[{"href":"https:\/\/www.uqac.ca\/uqactualites\/wp-json\/wp\/v2\/posts"}],"about":[{"href":"https:\/\/www.uqac.ca\/uqactualites\/wp-json\/wp\/v2\/types\/post"}],"author":[{"embeddable":true,"href":"https:\/\/www.uqac.ca\/uqactualites\/wp-json\/wp\/v2\/users\/5"}],"replies":[{"embeddable":true,"href":"https:\/\/www.uqac.ca\/uqactualites\/wp-json\/wp\/v2\/comments?post=32351"}],"version-history":[{"count":0,"href":"https:\/\/www.uqac.ca\/uqactualites\/wp-json\/wp\/v2\/posts\/32351\/revisions"}],"wp:featuredmedia":[{"embeddable":true,"href":"https:\/\/www.uqac.ca\/uqactualites\/wp-json\/wp\/v2\/media\/20989"}],"wp:attachment":[{"href":"https:\/\/www.uqac.ca\/uqactualites\/wp-json\/wp\/v2\/media?parent=32351"}],"wp:term":[{"taxonomy":"category","embeddable":true,"href":"https:\/\/www.uqac.ca\/uqactualites\/wp-json\/wp\/v2\/categories?post=32351"},{"taxonomy":"post_tag","embeddable":true,"href":"https:\/\/www.uqac.ca\/uqactualites\/wp-json\/wp\/v2\/tags?post=32351"}],"curies":[{"name":"wp","href":"https:\/\/api.w.org\/{rel}","templated":true}]}}