{"id":32357,"date":"2016-09-06T11:49:13","date_gmt":"2016-09-06T15:49:13","guid":{"rendered":"http:\/\/uqactualite.odev.ca\/?p=32357"},"modified":"2016-09-06T11:49:13","modified_gmt":"2016-09-06T15:49:13","slug":"savoir-affaires-tremplin-vers-le-nord","status":"publish","type":"post","link":"https:\/\/www.uqac.ca\/uqactualites\/2016\/09\/06\/savoir-affaires-tremplin-vers-le-nord\/","title":{"rendered":"Savoir Affaires Tremplin vers le Nord"},"content":{"rendered":"<p>Vous \u00eates \u00e9tudiant aux cycles sup\u00e9rieurs ou postdoctorant? Vous aimez imaginer des solutions innovantes ? Vous avez envie de participer \u00e0 une exp\u00e9rience entrepreneuriale qui sort des sentiers battus ? Vous souhaitez d\u00e9velopper vos comp\u00e9tences en leadership, en communication ou en travail d\u2019\u00e9quipe multidisciplinaires ?<\/p>\n<p>Le <strong>Savoir Affaires Tremplin vers le Nord<\/strong> est fait pour vous! Cette toute nouvelle \u00e9dition du Savoir Affaires se d\u00e9roulera du <strong>5 au 11 novembre 2016<\/strong>.<\/p>\n<p>Au cours de cet \u00e9v\u00e9nement, l&rsquo;expertise et le talent des \u00e9tudiants\/postdoctorants de l&rsquo;ensemble des \u00e9tablissements du r\u00e9seau de l&rsquo;Universit\u00e9 du Qu\u00e9bec seront une fois de plus \u00e0 l\u2019honneur !<\/p>\n<p>Faites vite, <strong>vous avez jusqu\u2019au 24 septembre pour poser votre candidature<\/strong> !<\/p>\n<p>Pour tous les d\u00e9tails, consultez <a href=\"http:\/\/www.savoiraffaires.ca\/uq\/savoir-affaires-tremplin-vers-le-nord-2016\/information-pour-les-etudiants-postdoctorants\">notre espace de recrutement<\/a> ou contactez Lucie Charbonneau au 418 657-4423 ou <a href=\"mailto:lucie.charbonneau@uquebec.ca\">lucie.charbonneau@uquebec.ca<\/a>.<\/p>\n<p>Merci de partager cet appel de candidatures dans votre milieu !<\/p>\n","protected":false},"excerpt":{"rendered":"<p>Vous \u00eates \u00e9tudiant aux cycles sup\u00e9rieurs ou postdoctorant? Vous aimez imaginer des solutions innovantes ? Vous avez envie de participer \u00e0 une exp\u00e9rience entrepreneuriale qui sort des sentiers battus ? Vous souhaitez d\u00e9velopper vos comp\u00e9tences en leadership, en communication ou en travail d\u2019\u00e9quipe multidisciplinaires ? Le Savoir Affaires Tremplin vers le Nord est fait pour [&hellip;]<\/p>\n","protected":false},"author":5,"featured_media":20989,"comment_status":"open","ping_status":"open","sticky":false,"template":"","format":"standard","meta":{"footnotes":""},"categories":[2772],"tags":[],"yoast_head":"<!-- This site is optimized with the Yoast SEO plugin v24.2 - https:\/\/yoast.com\/wordpress\/plugins\/seo\/ -->\r\n<title>Savoir Affaires Tremplin vers le Nord - UQACtualit\u00e9s<\/title>\r\n<meta name=\"robots\" content=\"index, follow, max-snippet:-1, max-image-preview:large, max-video-preview:-1\" \/>\r\n<link rel=\"canonical\" href=\"https:\/\/www.uqac.ca\/uqactualites\/2016\/09\/06\/savoir-affaires-tremplin-vers-le-nord\/\" \/>\r\n<meta property=\"og:locale\" content=\"fr_CA\" \/>\r\n<meta property=\"og:type\" content=\"article\" \/>\r\n<meta property=\"og:title\" content=\"Savoir Affaires Tremplin vers le Nord - UQACtualit\u00e9s\" \/>\r\n<meta property=\"og:description\" content=\"Vous \u00eates \u00e9tudiant aux cycles sup\u00e9rieurs ou postdoctorant? Vous aimez imaginer des solutions innovantes ? Vous avez envie de participer \u00e0 une exp\u00e9rience entrepreneuriale qui sort des sentiers battus ? Vous souhaitez d\u00e9velopper vos comp\u00e9tences en leadership, en communication ou en travail d\u2019\u00e9quipe multidisciplinaires ? Le Savoir Affaires Tremplin vers le Nord est fait pour [&hellip;]\" \/>\r\n<meta property=\"og:url\" content=\"https:\/\/www.uqac.ca\/uqactualites\/2016\/09\/06\/savoir-affaires-tremplin-vers-le-nord\/\" \/>\r\n<meta property=\"og:site_name\" content=\"UQACtualit\u00e9s\" \/>\r\n<meta property=\"article:published_time\" content=\"2016-09-06T15:49:13+00:00\" \/>\r\n<meta property=\"og:image\" content=\"https:\/\/www.uqac.ca\/uqactualites\/wp-content\/uploads\/2012\/05\/avis-laCommunaut-.jpg\" \/>\r\n\t<meta property=\"og:image:width\" content=\"620\" \/>\r\n\t<meta property=\"og:image:height\" content=\"300\" \/>\r\n\t<meta property=\"og:image:type\" content=\"image\/jpeg\" \/>\r\n<meta name=\"author\" content=\"Service des communications et des relations publiques\" \/>\r\n<meta name=\"twitter:card\" content=\"summary_large_image\" \/>\r\n<meta name=\"twitter:label1\" content=\"\u00c9crit par\" \/>\n\t<meta name=\"twitter:data1\" content=\"Service des communications et des relations publiques\" \/>\n\t<meta name=\"twitter:label2\" content=\"Estimation du temps de lecture\" \/>\n\t<meta name=\"twitter:data2\" content=\"1 minute\" \/>\r\n<script type=\"application\/ld+json\" class=\"yoast-schema-graph\">{\"@context\":\"https:\/\/schema.org\",\"@graph\":[{\"@type\":\"WebPage\",\"@id\":\"https:\/\/www.uqac.ca\/uqactualites\/2016\/09\/06\/savoir-affaires-tremplin-vers-le-nord\/\",\"url\":\"https:\/\/www.uqac.ca\/uqactualites\/2016\/09\/06\/savoir-affaires-tremplin-vers-le-nord\/\",\"name\":\"Savoir Affaires Tremplin vers le Nord - UQACtualit\u00e9s\",\"isPartOf\":{\"@id\":\"https:\/\/www.uqac.ca\/uqactualites\/#website\"},\"primaryImageOfPage\":{\"@id\":\"https:\/\/www.uqac.ca\/uqactualites\/2016\/09\/06\/savoir-affaires-tremplin-vers-le-nord\/#primaryimage\"},\"image\":{\"@id\":\"https:\/\/www.uqac.ca\/uqactualites\/2016\/09\/06\/savoir-affaires-tremplin-vers-le-nord\/#primaryimage\"},\"thumbnailUrl\":\"https:\/\/www.uqac.ca\/uqactualites\/wp-content\/uploads\/2012\/05\/avis-laCommunaut-.jpg\",\"datePublished\":\"2016-09-06T15:49:13+00:00\",\"dateModified\":\"2016-09-06T15:49:13+00:00\",\"author\":{\"@id\":\"https:\/\/www.uqac.ca\/uqactualites\/#\/schema\/person\/366c45a0c4f0e677b41b4af5886e2018\"},\"breadcrumb\":{\"@id\":\"https:\/\/www.uqac.ca\/uqactualites\/2016\/09\/06\/savoir-affaires-tremplin-vers-le-nord\/#breadcrumb\"},\"inLanguage\":\"fr-CA\",\"potentialAction\":[{\"@type\":\"ReadAction\",\"target\":[\"https:\/\/www.uqac.ca\/uqactualites\/2016\/09\/06\/savoir-affaires-tremplin-vers-le-nord\/\"]}]},{\"@type\":\"ImageObject\",\"inLanguage\":\"fr-CA\",\"@id\":\"https:\/\/www.uqac.ca\/uqactualites\/2016\/09\/06\/savoir-affaires-tremplin-vers-le-nord\/#primaryimage\",\"url\":\"https:\/\/www.uqac.ca\/uqactualites\/wp-content\/uploads\/2012\/05\/avis-laCommunaut-.jpg\",\"contentUrl\":\"https:\/\/www.uqac.ca\/uqactualites\/wp-content\/uploads\/2012\/05\/avis-laCommunaut-.jpg\",\"width\":620,\"height\":300},{\"@type\":\"BreadcrumbList\",\"@id\":\"https:\/\/www.uqac.ca\/uqactualites\/2016\/09\/06\/savoir-affaires-tremplin-vers-le-nord\/#breadcrumb\",\"itemListElement\":[{\"@type\":\"ListItem\",\"position\":1,\"name\":\"Home\",\"item\":\"https:\/\/www.uqac.ca\/uqactualites\/\"},{\"@type\":\"ListItem\",\"position\":2,\"name\":\"Savoir Affaires Tremplin vers le Nord\"}]},{\"@type\":\"WebSite\",\"@id\":\"https:\/\/www.uqac.ca\/uqactualites\/#website\",\"url\":\"https:\/\/www.uqac.ca\/uqactualites\/\",\"name\":\"UQACtualit\u00e9s\",\"description\":\"Le portail des nouvelles de l&#039;UQAC\",\"potentialAction\":[{\"@type\":\"SearchAction\",\"target\":{\"@type\":\"EntryPoint\",\"urlTemplate\":\"https:\/\/www.uqac.ca\/uqactualites\/?s={search_term_string}\"},\"query-input\":{\"@type\":\"PropertyValueSpecification\",\"valueRequired\":true,\"valueName\":\"search_term_string\"}}],\"inLanguage\":\"fr-CA\"},{\"@type\":\"Person\",\"@id\":\"https:\/\/www.uqac.ca\/uqactualites\/#\/schema\/person\/366c45a0c4f0e677b41b4af5886e2018\",\"name\":\"Service des communications et des relations publiques\",\"image\":{\"@type\":\"ImageObject\",\"inLanguage\":\"fr-CA\",\"@id\":\"https:\/\/www.uqac.ca\/uqactualites\/#\/schema\/person\/image\/\",\"url\":\"https:\/\/secure.gravatar.com\/avatar\/20fbbda8a292f59f2d3461a5b999c00b?s=96&d=mm&r=g\",\"contentUrl\":\"https:\/\/secure.gravatar.com\/avatar\/20fbbda8a292f59f2d3461a5b999c00b?s=96&d=mm&r=g\",\"caption\":\"Service des communications et des relations publiques\"},\"url\":\"https:\/\/www.uqac.ca\/uqactualites\/author\/bap\/\"}]}<\/script>\r\n<!-- \/ Yoast SEO plugin. -->","yoast_head_json":{"title":"Savoir Affaires Tremplin vers le Nord - UQACtualit\u00e9s","robots":{"index":"index","follow":"follow","max-snippet":"max-snippet:-1","max-image-preview":"max-image-preview:large","max-video-preview":"max-video-preview:-1"},"canonical":"https:\/\/www.uqac.ca\/uqactualites\/2016\/09\/06\/savoir-affaires-tremplin-vers-le-nord\/","og_locale":"fr_CA","og_type":"article","og_title":"Savoir Affaires Tremplin vers le Nord - UQACtualit\u00e9s","og_description":"Vous \u00eates \u00e9tudiant aux cycles sup\u00e9rieurs ou postdoctorant? Vous aimez imaginer des solutions innovantes ? Vous avez envie de participer \u00e0 une exp\u00e9rience entrepreneuriale qui sort des sentiers battus ? Vous souhaitez d\u00e9velopper vos comp\u00e9tences en leadership, en communication ou en travail d\u2019\u00e9quipe multidisciplinaires ? Le Savoir Affaires Tremplin vers le Nord est fait pour [&hellip;]","og_url":"https:\/\/www.uqac.ca\/uqactualites\/2016\/09\/06\/savoir-affaires-tremplin-vers-le-nord\/","og_site_name":"UQACtualit\u00e9s","article_published_time":"2016-09-06T15:49:13+00:00","og_image":[{"width":620,"height":300,"url":"https:\/\/www.uqac.ca\/uqactualites\/wp-content\/uploads\/2012\/05\/avis-laCommunaut-.jpg","type":"image\/jpeg"}],"author":"Service des communications et des relations publiques","twitter_card":"summary_large_image","twitter_misc":{"\u00c9crit par":"Service des communications et des relations publiques","Estimation du temps de lecture":"1 minute"},"schema":{"@context":"https:\/\/schema.org","@graph":[{"@type":"WebPage","@id":"https:\/\/www.uqac.ca\/uqactualites\/2016\/09\/06\/savoir-affaires-tremplin-vers-le-nord\/","url":"https:\/\/www.uqac.ca\/uqactualites\/2016\/09\/06\/savoir-affaires-tremplin-vers-le-nord\/","name":"Savoir Affaires Tremplin vers le Nord - UQACtualit\u00e9s","isPartOf":{"@id":"https:\/\/www.uqac.ca\/uqactualites\/#website"},"primaryImageOfPage":{"@id":"https:\/\/www.uqac.ca\/uqactualites\/2016\/09\/06\/savoir-affaires-tremplin-vers-le-nord\/#primaryimage"},"image":{"@id":"https:\/\/www.uqac.ca\/uqactualites\/2016\/09\/06\/savoir-affaires-tremplin-vers-le-nord\/#primaryimage"},"thumbnailUrl":"https:\/\/www.uqac.ca\/uqactualites\/wp-content\/uploads\/2012\/05\/avis-laCommunaut-.jpg","datePublished":"2016-09-06T15:49:13+00:00","dateModified":"2016-09-06T15:49:13+00:00","author":{"@id":"https:\/\/www.uqac.ca\/uqactualites\/#\/schema\/person\/366c45a0c4f0e677b41b4af5886e2018"},"breadcrumb":{"@id":"https:\/\/www.uqac.ca\/uqactualites\/2016\/09\/06\/savoir-affaires-tremplin-vers-le-nord\/#breadcrumb"},"inLanguage":"fr-CA","potentialAction":[{"@type":"ReadAction","target":["https:\/\/www.uqac.ca\/uqactualites\/2016\/09\/06\/savoir-affaires-tremplin-vers-le-nord\/"]}]},{"@type":"ImageObject","inLanguage":"fr-CA","@id":"https:\/\/www.uqac.ca\/uqactualites\/2016\/09\/06\/savoir-affaires-tremplin-vers-le-nord\/#primaryimage","url":"https:\/\/www.uqac.ca\/uqactualites\/wp-content\/uploads\/2012\/05\/avis-laCommunaut-.jpg","contentUrl":"https:\/\/www.uqac.ca\/uqactualites\/wp-content\/uploads\/2012\/05\/avis-laCommunaut-.jpg","width":620,"height":300},{"@type":"BreadcrumbList","@id":"https:\/\/www.uqac.ca\/uqactualites\/2016\/09\/06\/savoir-affaires-tremplin-vers-le-nord\/#breadcrumb","itemListElement":[{"@type":"ListItem","position":1,"name":"Home","item":"https:\/\/www.uqac.ca\/uqactualites\/"},{"@type":"ListItem","position":2,"name":"Savoir Affaires Tremplin vers le Nord"}]},{"@type":"WebSite","@id":"https:\/\/www.uqac.ca\/uqactualites\/#website","url":"https:\/\/www.uqac.ca\/uqactualites\/","name":"UQACtualit\u00e9s","description":"Le portail des nouvelles de l&#039;UQAC","potentialAction":[{"@type":"SearchAction","target":{"@type":"EntryPoint","urlTemplate":"https:\/\/www.uqac.ca\/uqactualites\/?s={search_term_string}"},"query-input":{"@type":"PropertyValueSpecification","valueRequired":true,"valueName":"search_term_string"}}],"inLanguage":"fr-CA"},{"@type":"Person","@id":"https:\/\/www.uqac.ca\/uqactualites\/#\/schema\/person\/366c45a0c4f0e677b41b4af5886e2018","name":"Service des communications et des relations publiques","image":{"@type":"ImageObject","inLanguage":"fr-CA","@id":"https:\/\/www.uqac.ca\/uqactualites\/#\/schema\/person\/image\/","url":"https:\/\/secure.gravatar.com\/avatar\/20fbbda8a292f59f2d3461a5b999c00b?s=96&d=mm&r=g","contentUrl":"https:\/\/secure.gravatar.com\/avatar\/20fbbda8a292f59f2d3461a5b999c00b?s=96&d=mm&r=g","caption":"Service des communications et des relations publiques"},"url":"https:\/\/www.uqac.ca\/uqactualites\/author\/bap\/"}]}},"_links":{"self":[{"href":"https:\/\/www.uqac.ca\/uqactualites\/wp-json\/wp\/v2\/posts\/32357"}],"collection":[{"href":"https:\/\/www.uqac.ca\/uqactualites\/wp-json\/wp\/v2\/posts"}],"about":[{"href":"https:\/\/www.uqac.ca\/uqactualites\/wp-json\/wp\/v2\/types\/post"}],"author":[{"embeddable":true,"href":"https:\/\/www.uqac.ca\/uqactualites\/wp-json\/wp\/v2\/users\/5"}],"replies":[{"embeddable":true,"href":"https:\/\/www.uqac.ca\/uqactualites\/wp-json\/wp\/v2\/comments?post=32357"}],"version-history":[{"count":0,"href":"https:\/\/www.uqac.ca\/uqactualites\/wp-json\/wp\/v2\/posts\/32357\/revisions"}],"wp:featuredmedia":[{"embeddable":true,"href":"https:\/\/www.uqac.ca\/uqactualites\/wp-json\/wp\/v2\/media\/20989"}],"wp:attachment":[{"href":"https:\/\/www.uqac.ca\/uqactualites\/wp-json\/wp\/v2\/media?parent=32357"}],"wp:term":[{"taxonomy":"category","embeddable":true,"href":"https:\/\/www.uqac.ca\/uqactualites\/wp-json\/wp\/v2\/categories?post=32357"},{"taxonomy":"post_tag","embeddable":true,"href":"https:\/\/www.uqac.ca\/uqactualites\/wp-json\/wp\/v2\/tags?post=32357"}],"curies":[{"name":"wp","href":"https:\/\/api.w.org\/{rel}","templated":true}]}}