{"id":32359,"date":"2016-09-06T11:52:00","date_gmt":"2016-09-06T15:52:00","guid":{"rendered":"http:\/\/uqactualite.odev.ca\/?p=32359"},"modified":"2016-09-06T11:52:00","modified_gmt":"2016-09-06T15:52:00","slug":"ateliers-de-la-vie-etudiante-2","status":"publish","type":"post","link":"https:\/\/www.uqac.ca\/uqactualites\/2016\/09\/06\/ateliers-de-la-vie-etudiante-2\/","title":{"rendered":"Ateliers de la Vie \u00e9tudiante"},"content":{"rendered":"<p>Encore une fois cette ann\u00e9e, la Vie \u00e9tudiante vous offre une gamme vari\u00e9e d\u2019ateliers pouvant correspondre \u00e0 vos besoins ou encore \u00e0 votre envie de d\u00e9paysement.<\/p>\n<p><span style=\"text-decoration: underline\"><strong><a href=\"http:\/\/sae.uqac.ca\/vie-etudiante\/ateliers\/\" target=\"_blank\" rel=\"noopener\">Consultez en ligne l\u2019offre des ateliers<\/a><\/strong><\/span> et inscrivez-vous d\u2019ici le 9 septembre prochain\u00a0au bureau de la Vie \u00e9tudiante (local P1\u20111045).<\/p>\n<p><strong><br \/>\nRenseignements :<br \/>\n<\/strong>Myriam Tremblay, commis aux services \u00e0 la vie \u00e9tudiante et \u00e0 l\u2019aide psychosociale<br \/>\nServices aux \u00e9tudiants<br \/>\nUniversit\u00e9 du Qu\u00e9bec \u00e0 Chicoutimi<br \/>\n418 545-5011, poste 5617\u00a0 \u25aa\u00a0 <span style=\"text-decoration: underline\"><a href=\"mailto:vie_etudiante@uqac.ca\">vie_etudiante@uqac.ca<\/a><\/span><\/p>\n","protected":false},"excerpt":{"rendered":"<p>Encore une fois cette ann\u00e9e, la Vie \u00e9tudiante vous offre une gamme vari\u00e9e d\u2019ateliers pouvant correspondre \u00e0 vos besoins ou encore \u00e0 votre envie de d\u00e9paysement. Consultez en ligne l\u2019offre des ateliers et inscrivez-vous d\u2019ici le 9 septembre prochain\u00a0au bureau de la Vie \u00e9tudiante (local P1\u20111045). Renseignements : Myriam Tremblay, commis aux services \u00e0 la [&hellip;]<\/p>\n","protected":false},"author":5,"featured_media":20989,"comment_status":"open","ping_status":"open","sticky":false,"template":"","format":"standard","meta":{"footnotes":""},"categories":[2772],"tags":[],"yoast_head":"<!-- This site is optimized with the Yoast SEO plugin v24.2 - https:\/\/yoast.com\/wordpress\/plugins\/seo\/ -->\r\n<title>Ateliers de la Vie \u00e9tudiante - UQACtualit\u00e9s<\/title>\r\n<meta name=\"robots\" content=\"index, follow, max-snippet:-1, max-image-preview:large, max-video-preview:-1\" \/>\r\n<link rel=\"canonical\" href=\"https:\/\/www.uqac.ca\/uqactualites\/2016\/09\/06\/ateliers-de-la-vie-etudiante-2\/\" \/>\r\n<meta property=\"og:locale\" content=\"fr_CA\" \/>\r\n<meta property=\"og:type\" content=\"article\" \/>\r\n<meta property=\"og:title\" content=\"Ateliers de la Vie \u00e9tudiante - UQACtualit\u00e9s\" \/>\r\n<meta property=\"og:description\" content=\"Encore une fois cette ann\u00e9e, la Vie \u00e9tudiante vous offre une gamme vari\u00e9e d\u2019ateliers pouvant correspondre \u00e0 vos besoins ou encore \u00e0 votre envie de d\u00e9paysement. Consultez en ligne l\u2019offre des ateliers et inscrivez-vous d\u2019ici le 9 septembre prochain\u00a0au bureau de la Vie \u00e9tudiante (local P1\u20111045). Renseignements : Myriam Tremblay, commis aux services \u00e0 la [&hellip;]\" \/>\r\n<meta property=\"og:url\" content=\"https:\/\/www.uqac.ca\/uqactualites\/2016\/09\/06\/ateliers-de-la-vie-etudiante-2\/\" \/>\r\n<meta property=\"og:site_name\" content=\"UQACtualit\u00e9s\" \/>\r\n<meta property=\"article:published_time\" content=\"2016-09-06T15:52:00+00:00\" \/>\r\n<meta property=\"og:image\" content=\"https:\/\/www.uqac.ca\/uqactualites\/wp-content\/uploads\/2012\/05\/avis-laCommunaut-.jpg\" \/>\r\n\t<meta property=\"og:image:width\" content=\"620\" \/>\r\n\t<meta property=\"og:image:height\" content=\"300\" \/>\r\n\t<meta property=\"og:image:type\" content=\"image\/jpeg\" \/>\r\n<meta name=\"author\" content=\"Service des communications et des relations publiques\" \/>\r\n<meta name=\"twitter:card\" content=\"summary_large_image\" \/>\r\n<meta name=\"twitter:label1\" content=\"\u00c9crit par\" \/>\n\t<meta name=\"twitter:data1\" content=\"Service des communications et des relations publiques\" \/>\r\n<script type=\"application\/ld+json\" class=\"yoast-schema-graph\">{\"@context\":\"https:\/\/schema.org\",\"@graph\":[{\"@type\":\"WebPage\",\"@id\":\"https:\/\/www.uqac.ca\/uqactualites\/2016\/09\/06\/ateliers-de-la-vie-etudiante-2\/\",\"url\":\"https:\/\/www.uqac.ca\/uqactualites\/2016\/09\/06\/ateliers-de-la-vie-etudiante-2\/\",\"name\":\"Ateliers de la Vie \u00e9tudiante - UQACtualit\u00e9s\",\"isPartOf\":{\"@id\":\"https:\/\/www.uqac.ca\/uqactualites\/#website\"},\"primaryImageOfPage\":{\"@id\":\"https:\/\/www.uqac.ca\/uqactualites\/2016\/09\/06\/ateliers-de-la-vie-etudiante-2\/#primaryimage\"},\"image\":{\"@id\":\"https:\/\/www.uqac.ca\/uqactualites\/2016\/09\/06\/ateliers-de-la-vie-etudiante-2\/#primaryimage\"},\"thumbnailUrl\":\"https:\/\/www.uqac.ca\/uqactualites\/wp-content\/uploads\/2012\/05\/avis-laCommunaut-.jpg\",\"datePublished\":\"2016-09-06T15:52:00+00:00\",\"dateModified\":\"2016-09-06T15:52:00+00:00\",\"author\":{\"@id\":\"https:\/\/www.uqac.ca\/uqactualites\/#\/schema\/person\/366c45a0c4f0e677b41b4af5886e2018\"},\"breadcrumb\":{\"@id\":\"https:\/\/www.uqac.ca\/uqactualites\/2016\/09\/06\/ateliers-de-la-vie-etudiante-2\/#breadcrumb\"},\"inLanguage\":\"fr-CA\",\"potentialAction\":[{\"@type\":\"ReadAction\",\"target\":[\"https:\/\/www.uqac.ca\/uqactualites\/2016\/09\/06\/ateliers-de-la-vie-etudiante-2\/\"]}]},{\"@type\":\"ImageObject\",\"inLanguage\":\"fr-CA\",\"@id\":\"https:\/\/www.uqac.ca\/uqactualites\/2016\/09\/06\/ateliers-de-la-vie-etudiante-2\/#primaryimage\",\"url\":\"https:\/\/www.uqac.ca\/uqactualites\/wp-content\/uploads\/2012\/05\/avis-laCommunaut-.jpg\",\"contentUrl\":\"https:\/\/www.uqac.ca\/uqactualites\/wp-content\/uploads\/2012\/05\/avis-laCommunaut-.jpg\",\"width\":620,\"height\":300},{\"@type\":\"BreadcrumbList\",\"@id\":\"https:\/\/www.uqac.ca\/uqactualites\/2016\/09\/06\/ateliers-de-la-vie-etudiante-2\/#breadcrumb\",\"itemListElement\":[{\"@type\":\"ListItem\",\"position\":1,\"name\":\"Home\",\"item\":\"https:\/\/www.uqac.ca\/uqactualites\/\"},{\"@type\":\"ListItem\",\"position\":2,\"name\":\"Ateliers de la Vie \u00e9tudiante\"}]},{\"@type\":\"WebSite\",\"@id\":\"https:\/\/www.uqac.ca\/uqactualites\/#website\",\"url\":\"https:\/\/www.uqac.ca\/uqactualites\/\",\"name\":\"UQACtualit\u00e9s\",\"description\":\"Le portail des nouvelles de l&#039;UQAC\",\"potentialAction\":[{\"@type\":\"SearchAction\",\"target\":{\"@type\":\"EntryPoint\",\"urlTemplate\":\"https:\/\/www.uqac.ca\/uqactualites\/?s={search_term_string}\"},\"query-input\":{\"@type\":\"PropertyValueSpecification\",\"valueRequired\":true,\"valueName\":\"search_term_string\"}}],\"inLanguage\":\"fr-CA\"},{\"@type\":\"Person\",\"@id\":\"https:\/\/www.uqac.ca\/uqactualites\/#\/schema\/person\/366c45a0c4f0e677b41b4af5886e2018\",\"name\":\"Service des communications et des relations publiques\",\"image\":{\"@type\":\"ImageObject\",\"inLanguage\":\"fr-CA\",\"@id\":\"https:\/\/www.uqac.ca\/uqactualites\/#\/schema\/person\/image\/\",\"url\":\"https:\/\/secure.gravatar.com\/avatar\/20fbbda8a292f59f2d3461a5b999c00b?s=96&d=mm&r=g\",\"contentUrl\":\"https:\/\/secure.gravatar.com\/avatar\/20fbbda8a292f59f2d3461a5b999c00b?s=96&d=mm&r=g\",\"caption\":\"Service des communications et des relations publiques\"},\"url\":\"https:\/\/www.uqac.ca\/uqactualites\/author\/bap\/\"}]}<\/script>\r\n<!-- \/ Yoast SEO plugin. -->","yoast_head_json":{"title":"Ateliers de la Vie \u00e9tudiante - UQACtualit\u00e9s","robots":{"index":"index","follow":"follow","max-snippet":"max-snippet:-1","max-image-preview":"max-image-preview:large","max-video-preview":"max-video-preview:-1"},"canonical":"https:\/\/www.uqac.ca\/uqactualites\/2016\/09\/06\/ateliers-de-la-vie-etudiante-2\/","og_locale":"fr_CA","og_type":"article","og_title":"Ateliers de la Vie \u00e9tudiante - UQACtualit\u00e9s","og_description":"Encore une fois cette ann\u00e9e, la Vie \u00e9tudiante vous offre une gamme vari\u00e9e d\u2019ateliers pouvant correspondre \u00e0 vos besoins ou encore \u00e0 votre envie de d\u00e9paysement. Consultez en ligne l\u2019offre des ateliers et inscrivez-vous d\u2019ici le 9 septembre prochain\u00a0au bureau de la Vie \u00e9tudiante (local P1\u20111045). Renseignements : Myriam Tremblay, commis aux services \u00e0 la [&hellip;]","og_url":"https:\/\/www.uqac.ca\/uqactualites\/2016\/09\/06\/ateliers-de-la-vie-etudiante-2\/","og_site_name":"UQACtualit\u00e9s","article_published_time":"2016-09-06T15:52:00+00:00","og_image":[{"width":620,"height":300,"url":"https:\/\/www.uqac.ca\/uqactualites\/wp-content\/uploads\/2012\/05\/avis-laCommunaut-.jpg","type":"image\/jpeg"}],"author":"Service des communications et des relations publiques","twitter_card":"summary_large_image","twitter_misc":{"\u00c9crit par":"Service des communications et des relations publiques"},"schema":{"@context":"https:\/\/schema.org","@graph":[{"@type":"WebPage","@id":"https:\/\/www.uqac.ca\/uqactualites\/2016\/09\/06\/ateliers-de-la-vie-etudiante-2\/","url":"https:\/\/www.uqac.ca\/uqactualites\/2016\/09\/06\/ateliers-de-la-vie-etudiante-2\/","name":"Ateliers de la Vie \u00e9tudiante - UQACtualit\u00e9s","isPartOf":{"@id":"https:\/\/www.uqac.ca\/uqactualites\/#website"},"primaryImageOfPage":{"@id":"https:\/\/www.uqac.ca\/uqactualites\/2016\/09\/06\/ateliers-de-la-vie-etudiante-2\/#primaryimage"},"image":{"@id":"https:\/\/www.uqac.ca\/uqactualites\/2016\/09\/06\/ateliers-de-la-vie-etudiante-2\/#primaryimage"},"thumbnailUrl":"https:\/\/www.uqac.ca\/uqactualites\/wp-content\/uploads\/2012\/05\/avis-laCommunaut-.jpg","datePublished":"2016-09-06T15:52:00+00:00","dateModified":"2016-09-06T15:52:00+00:00","author":{"@id":"https:\/\/www.uqac.ca\/uqactualites\/#\/schema\/person\/366c45a0c4f0e677b41b4af5886e2018"},"breadcrumb":{"@id":"https:\/\/www.uqac.ca\/uqactualites\/2016\/09\/06\/ateliers-de-la-vie-etudiante-2\/#breadcrumb"},"inLanguage":"fr-CA","potentialAction":[{"@type":"ReadAction","target":["https:\/\/www.uqac.ca\/uqactualites\/2016\/09\/06\/ateliers-de-la-vie-etudiante-2\/"]}]},{"@type":"ImageObject","inLanguage":"fr-CA","@id":"https:\/\/www.uqac.ca\/uqactualites\/2016\/09\/06\/ateliers-de-la-vie-etudiante-2\/#primaryimage","url":"https:\/\/www.uqac.ca\/uqactualites\/wp-content\/uploads\/2012\/05\/avis-laCommunaut-.jpg","contentUrl":"https:\/\/www.uqac.ca\/uqactualites\/wp-content\/uploads\/2012\/05\/avis-laCommunaut-.jpg","width":620,"height":300},{"@type":"BreadcrumbList","@id":"https:\/\/www.uqac.ca\/uqactualites\/2016\/09\/06\/ateliers-de-la-vie-etudiante-2\/#breadcrumb","itemListElement":[{"@type":"ListItem","position":1,"name":"Home","item":"https:\/\/www.uqac.ca\/uqactualites\/"},{"@type":"ListItem","position":2,"name":"Ateliers de la Vie \u00e9tudiante"}]},{"@type":"WebSite","@id":"https:\/\/www.uqac.ca\/uqactualites\/#website","url":"https:\/\/www.uqac.ca\/uqactualites\/","name":"UQACtualit\u00e9s","description":"Le portail des nouvelles de l&#039;UQAC","potentialAction":[{"@type":"SearchAction","target":{"@type":"EntryPoint","urlTemplate":"https:\/\/www.uqac.ca\/uqactualites\/?s={search_term_string}"},"query-input":{"@type":"PropertyValueSpecification","valueRequired":true,"valueName":"search_term_string"}}],"inLanguage":"fr-CA"},{"@type":"Person","@id":"https:\/\/www.uqac.ca\/uqactualites\/#\/schema\/person\/366c45a0c4f0e677b41b4af5886e2018","name":"Service des communications et des relations publiques","image":{"@type":"ImageObject","inLanguage":"fr-CA","@id":"https:\/\/www.uqac.ca\/uqactualites\/#\/schema\/person\/image\/","url":"https:\/\/secure.gravatar.com\/avatar\/20fbbda8a292f59f2d3461a5b999c00b?s=96&d=mm&r=g","contentUrl":"https:\/\/secure.gravatar.com\/avatar\/20fbbda8a292f59f2d3461a5b999c00b?s=96&d=mm&r=g","caption":"Service des communications et des relations publiques"},"url":"https:\/\/www.uqac.ca\/uqactualites\/author\/bap\/"}]}},"_links":{"self":[{"href":"https:\/\/www.uqac.ca\/uqactualites\/wp-json\/wp\/v2\/posts\/32359"}],"collection":[{"href":"https:\/\/www.uqac.ca\/uqactualites\/wp-json\/wp\/v2\/posts"}],"about":[{"href":"https:\/\/www.uqac.ca\/uqactualites\/wp-json\/wp\/v2\/types\/post"}],"author":[{"embeddable":true,"href":"https:\/\/www.uqac.ca\/uqactualites\/wp-json\/wp\/v2\/users\/5"}],"replies":[{"embeddable":true,"href":"https:\/\/www.uqac.ca\/uqactualites\/wp-json\/wp\/v2\/comments?post=32359"}],"version-history":[{"count":0,"href":"https:\/\/www.uqac.ca\/uqactualites\/wp-json\/wp\/v2\/posts\/32359\/revisions"}],"wp:featuredmedia":[{"embeddable":true,"href":"https:\/\/www.uqac.ca\/uqactualites\/wp-json\/wp\/v2\/media\/20989"}],"wp:attachment":[{"href":"https:\/\/www.uqac.ca\/uqactualites\/wp-json\/wp\/v2\/media?parent=32359"}],"wp:term":[{"taxonomy":"category","embeddable":true,"href":"https:\/\/www.uqac.ca\/uqactualites\/wp-json\/wp\/v2\/categories?post=32359"},{"taxonomy":"post_tag","embeddable":true,"href":"https:\/\/www.uqac.ca\/uqactualites\/wp-json\/wp\/v2\/tags?post=32359"}],"curies":[{"name":"wp","href":"https:\/\/api.w.org\/{rel}","templated":true}]}}