{"id":32361,"date":"2016-09-06T11:54:54","date_gmt":"2016-09-06T15:54:54","guid":{"rendered":"http:\/\/uqactualite.odev.ca\/?p=32361"},"modified":"2016-09-06T11:54:54","modified_gmt":"2016-09-06T15:54:54","slug":"etudiants-ambassadeurs-recherches","status":"publish","type":"post","link":"https:\/\/www.uqac.ca\/uqactualites\/2016\/09\/06\/etudiants-ambassadeurs-recherches\/","title":{"rendered":"\u00c9tudiants-ambassadeurs recherch\u00e9s"},"content":{"rendered":"<p>Vous \u00eates dynamiques, enthousiastes et bon communicateur? Vous voulez vivre \u00e0 fond votre exp\u00e9rience universitaire, avez envie d\u2019\u00e9largir votre r\u00e9seau et d\u2019acqu\u00e9rir de l\u2019exp\u00e9rience? Faites partie de l\u2019\u00e9quipe des \u00e9tudiants ambassadeurs de l\u2019UQAC!<\/p>\n<p>Le secteur du Recrutement et de la promotion des programmes de l\u2019UQAC organise de nombreux \u00e9v\u00e9nements institutionnels et participe \u00e0 diverses activit\u00e9s qui ont lieu sur et hors campus. En cours d\u2019ann\u00e9e, il est possible pour un \u00e9tudiant de participer \u00e0 plusieurs de ces \u00e9v\u00e9nements, selon son programme d\u2019\u00e9tudes, ses disponibilit\u00e9s, son int\u00e9r\u00eat et ses comp\u00e9tences.<\/p>\n<p>Int\u00e9ress\u00e9s? N\u2019h\u00e9sitez pas \u00e0 compl\u00e9ter le formulaire en ligne au <a href=\"http:\/\/sae.uqac.ca\/activites-dinformation-scolaire\/\">http:\/\/sae.uqac.ca\/activites-dinformation-scolaire\/<\/a> Vous serez contact\u00e9s par la suite via courriel.<\/p>\n<p>Vous \u00eates passionn\u00e9s par votre programme? On vous veut dans notre \u00e9quipe.<\/p>\n<p><strong>Renseignements :<\/strong><br \/>\nJustine L\u00e9vesque, agente de recrutement<br \/>\n<a href=\"mailto:justine.levesque@uqac.ca\">justine.levesque@uqac.ca<\/a><br \/>\n418 545-5011, poste 2135<br \/>\nP1-1040-5<\/p>\n","protected":false},"excerpt":{"rendered":"<p>Vous \u00eates dynamiques, enthousiastes et bon communicateur? Vous voulez vivre \u00e0 fond votre exp\u00e9rience universitaire, avez envie d\u2019\u00e9largir votre r\u00e9seau et d\u2019acqu\u00e9rir de l\u2019exp\u00e9rience? Faites partie de l\u2019\u00e9quipe des \u00e9tudiants ambassadeurs de l\u2019UQAC! Le secteur du Recrutement et de la promotion des programmes de l\u2019UQAC organise de nombreux \u00e9v\u00e9nements institutionnels et participe \u00e0 diverses activit\u00e9s [&hellip;]<\/p>\n","protected":false},"author":5,"featured_media":20989,"comment_status":"open","ping_status":"open","sticky":false,"template":"","format":"standard","meta":{"footnotes":""},"categories":[2772],"tags":[],"yoast_head":"<!-- This site is optimized with the Yoast SEO plugin v24.2 - https:\/\/yoast.com\/wordpress\/plugins\/seo\/ -->\r\n<title>\u00c9tudiants-ambassadeurs recherch\u00e9s - UQACtualit\u00e9s<\/title>\r\n<meta name=\"robots\" content=\"index, follow, max-snippet:-1, max-image-preview:large, max-video-preview:-1\" \/>\r\n<link rel=\"canonical\" href=\"https:\/\/www.uqac.ca\/uqactualites\/2016\/09\/06\/etudiants-ambassadeurs-recherches\/\" \/>\r\n<meta property=\"og:locale\" content=\"fr_CA\" \/>\r\n<meta property=\"og:type\" content=\"article\" \/>\r\n<meta property=\"og:title\" content=\"\u00c9tudiants-ambassadeurs recherch\u00e9s - UQACtualit\u00e9s\" \/>\r\n<meta property=\"og:description\" content=\"Vous \u00eates dynamiques, enthousiastes et bon communicateur? Vous voulez vivre \u00e0 fond votre exp\u00e9rience universitaire, avez envie d\u2019\u00e9largir votre r\u00e9seau et d\u2019acqu\u00e9rir de l\u2019exp\u00e9rience? Faites partie de l\u2019\u00e9quipe des \u00e9tudiants ambassadeurs de l\u2019UQAC! Le secteur du Recrutement et de la promotion des programmes de l\u2019UQAC organise de nombreux \u00e9v\u00e9nements institutionnels et participe \u00e0 diverses activit\u00e9s [&hellip;]\" \/>\r\n<meta property=\"og:url\" content=\"https:\/\/www.uqac.ca\/uqactualites\/2016\/09\/06\/etudiants-ambassadeurs-recherches\/\" \/>\r\n<meta property=\"og:site_name\" content=\"UQACtualit\u00e9s\" \/>\r\n<meta property=\"article:published_time\" content=\"2016-09-06T15:54:54+00:00\" \/>\r\n<meta property=\"og:image\" content=\"https:\/\/www.uqac.ca\/uqactualites\/wp-content\/uploads\/2012\/05\/avis-laCommunaut-.jpg\" \/>\r\n\t<meta property=\"og:image:width\" content=\"620\" \/>\r\n\t<meta property=\"og:image:height\" content=\"300\" \/>\r\n\t<meta property=\"og:image:type\" content=\"image\/jpeg\" \/>\r\n<meta name=\"author\" content=\"Service des communications et des relations publiques\" \/>\r\n<meta name=\"twitter:card\" content=\"summary_large_image\" \/>\r\n<meta name=\"twitter:label1\" content=\"\u00c9crit par\" \/>\n\t<meta name=\"twitter:data1\" content=\"Service des communications et des relations publiques\" \/>\n\t<meta name=\"twitter:label2\" content=\"Estimation du temps de lecture\" \/>\n\t<meta name=\"twitter:data2\" content=\"1 minute\" \/>\r\n<script type=\"application\/ld+json\" class=\"yoast-schema-graph\">{\"@context\":\"https:\/\/schema.org\",\"@graph\":[{\"@type\":\"WebPage\",\"@id\":\"https:\/\/www.uqac.ca\/uqactualites\/2016\/09\/06\/etudiants-ambassadeurs-recherches\/\",\"url\":\"https:\/\/www.uqac.ca\/uqactualites\/2016\/09\/06\/etudiants-ambassadeurs-recherches\/\",\"name\":\"\u00c9tudiants-ambassadeurs recherch\u00e9s - UQACtualit\u00e9s\",\"isPartOf\":{\"@id\":\"https:\/\/www.uqac.ca\/uqactualites\/#website\"},\"primaryImageOfPage\":{\"@id\":\"https:\/\/www.uqac.ca\/uqactualites\/2016\/09\/06\/etudiants-ambassadeurs-recherches\/#primaryimage\"},\"image\":{\"@id\":\"https:\/\/www.uqac.ca\/uqactualites\/2016\/09\/06\/etudiants-ambassadeurs-recherches\/#primaryimage\"},\"thumbnailUrl\":\"https:\/\/www.uqac.ca\/uqactualites\/wp-content\/uploads\/2012\/05\/avis-laCommunaut-.jpg\",\"datePublished\":\"2016-09-06T15:54:54+00:00\",\"dateModified\":\"2016-09-06T15:54:54+00:00\",\"author\":{\"@id\":\"https:\/\/www.uqac.ca\/uqactualites\/#\/schema\/person\/366c45a0c4f0e677b41b4af5886e2018\"},\"breadcrumb\":{\"@id\":\"https:\/\/www.uqac.ca\/uqactualites\/2016\/09\/06\/etudiants-ambassadeurs-recherches\/#breadcrumb\"},\"inLanguage\":\"fr-CA\",\"potentialAction\":[{\"@type\":\"ReadAction\",\"target\":[\"https:\/\/www.uqac.ca\/uqactualites\/2016\/09\/06\/etudiants-ambassadeurs-recherches\/\"]}]},{\"@type\":\"ImageObject\",\"inLanguage\":\"fr-CA\",\"@id\":\"https:\/\/www.uqac.ca\/uqactualites\/2016\/09\/06\/etudiants-ambassadeurs-recherches\/#primaryimage\",\"url\":\"https:\/\/www.uqac.ca\/uqactualites\/wp-content\/uploads\/2012\/05\/avis-laCommunaut-.jpg\",\"contentUrl\":\"https:\/\/www.uqac.ca\/uqactualites\/wp-content\/uploads\/2012\/05\/avis-laCommunaut-.jpg\",\"width\":620,\"height\":300},{\"@type\":\"BreadcrumbList\",\"@id\":\"https:\/\/www.uqac.ca\/uqactualites\/2016\/09\/06\/etudiants-ambassadeurs-recherches\/#breadcrumb\",\"itemListElement\":[{\"@type\":\"ListItem\",\"position\":1,\"name\":\"Home\",\"item\":\"https:\/\/www.uqac.ca\/uqactualites\/\"},{\"@type\":\"ListItem\",\"position\":2,\"name\":\"\u00c9tudiants-ambassadeurs recherch\u00e9s\"}]},{\"@type\":\"WebSite\",\"@id\":\"https:\/\/www.uqac.ca\/uqactualites\/#website\",\"url\":\"https:\/\/www.uqac.ca\/uqactualites\/\",\"name\":\"UQACtualit\u00e9s\",\"description\":\"Le portail des nouvelles de l&#039;UQAC\",\"potentialAction\":[{\"@type\":\"SearchAction\",\"target\":{\"@type\":\"EntryPoint\",\"urlTemplate\":\"https:\/\/www.uqac.ca\/uqactualites\/?s={search_term_string}\"},\"query-input\":{\"@type\":\"PropertyValueSpecification\",\"valueRequired\":true,\"valueName\":\"search_term_string\"}}],\"inLanguage\":\"fr-CA\"},{\"@type\":\"Person\",\"@id\":\"https:\/\/www.uqac.ca\/uqactualites\/#\/schema\/person\/366c45a0c4f0e677b41b4af5886e2018\",\"name\":\"Service des communications et des relations publiques\",\"image\":{\"@type\":\"ImageObject\",\"inLanguage\":\"fr-CA\",\"@id\":\"https:\/\/www.uqac.ca\/uqactualites\/#\/schema\/person\/image\/\",\"url\":\"https:\/\/secure.gravatar.com\/avatar\/20fbbda8a292f59f2d3461a5b999c00b?s=96&d=mm&r=g\",\"contentUrl\":\"https:\/\/secure.gravatar.com\/avatar\/20fbbda8a292f59f2d3461a5b999c00b?s=96&d=mm&r=g\",\"caption\":\"Service des communications et des relations publiques\"},\"url\":\"https:\/\/www.uqac.ca\/uqactualites\/author\/bap\/\"}]}<\/script>\r\n<!-- \/ Yoast SEO plugin. -->","yoast_head_json":{"title":"\u00c9tudiants-ambassadeurs recherch\u00e9s - UQACtualit\u00e9s","robots":{"index":"index","follow":"follow","max-snippet":"max-snippet:-1","max-image-preview":"max-image-preview:large","max-video-preview":"max-video-preview:-1"},"canonical":"https:\/\/www.uqac.ca\/uqactualites\/2016\/09\/06\/etudiants-ambassadeurs-recherches\/","og_locale":"fr_CA","og_type":"article","og_title":"\u00c9tudiants-ambassadeurs recherch\u00e9s - UQACtualit\u00e9s","og_description":"Vous \u00eates dynamiques, enthousiastes et bon communicateur? Vous voulez vivre \u00e0 fond votre exp\u00e9rience universitaire, avez envie d\u2019\u00e9largir votre r\u00e9seau et d\u2019acqu\u00e9rir de l\u2019exp\u00e9rience? Faites partie de l\u2019\u00e9quipe des \u00e9tudiants ambassadeurs de l\u2019UQAC! Le secteur du Recrutement et de la promotion des programmes de l\u2019UQAC organise de nombreux \u00e9v\u00e9nements institutionnels et participe \u00e0 diverses activit\u00e9s [&hellip;]","og_url":"https:\/\/www.uqac.ca\/uqactualites\/2016\/09\/06\/etudiants-ambassadeurs-recherches\/","og_site_name":"UQACtualit\u00e9s","article_published_time":"2016-09-06T15:54:54+00:00","og_image":[{"width":620,"height":300,"url":"https:\/\/www.uqac.ca\/uqactualites\/wp-content\/uploads\/2012\/05\/avis-laCommunaut-.jpg","type":"image\/jpeg"}],"author":"Service des communications et des relations publiques","twitter_card":"summary_large_image","twitter_misc":{"\u00c9crit par":"Service des communications et des relations publiques","Estimation du temps de lecture":"1 minute"},"schema":{"@context":"https:\/\/schema.org","@graph":[{"@type":"WebPage","@id":"https:\/\/www.uqac.ca\/uqactualites\/2016\/09\/06\/etudiants-ambassadeurs-recherches\/","url":"https:\/\/www.uqac.ca\/uqactualites\/2016\/09\/06\/etudiants-ambassadeurs-recherches\/","name":"\u00c9tudiants-ambassadeurs recherch\u00e9s - UQACtualit\u00e9s","isPartOf":{"@id":"https:\/\/www.uqac.ca\/uqactualites\/#website"},"primaryImageOfPage":{"@id":"https:\/\/www.uqac.ca\/uqactualites\/2016\/09\/06\/etudiants-ambassadeurs-recherches\/#primaryimage"},"image":{"@id":"https:\/\/www.uqac.ca\/uqactualites\/2016\/09\/06\/etudiants-ambassadeurs-recherches\/#primaryimage"},"thumbnailUrl":"https:\/\/www.uqac.ca\/uqactualites\/wp-content\/uploads\/2012\/05\/avis-laCommunaut-.jpg","datePublished":"2016-09-06T15:54:54+00:00","dateModified":"2016-09-06T15:54:54+00:00","author":{"@id":"https:\/\/www.uqac.ca\/uqactualites\/#\/schema\/person\/366c45a0c4f0e677b41b4af5886e2018"},"breadcrumb":{"@id":"https:\/\/www.uqac.ca\/uqactualites\/2016\/09\/06\/etudiants-ambassadeurs-recherches\/#breadcrumb"},"inLanguage":"fr-CA","potentialAction":[{"@type":"ReadAction","target":["https:\/\/www.uqac.ca\/uqactualites\/2016\/09\/06\/etudiants-ambassadeurs-recherches\/"]}]},{"@type":"ImageObject","inLanguage":"fr-CA","@id":"https:\/\/www.uqac.ca\/uqactualites\/2016\/09\/06\/etudiants-ambassadeurs-recherches\/#primaryimage","url":"https:\/\/www.uqac.ca\/uqactualites\/wp-content\/uploads\/2012\/05\/avis-laCommunaut-.jpg","contentUrl":"https:\/\/www.uqac.ca\/uqactualites\/wp-content\/uploads\/2012\/05\/avis-laCommunaut-.jpg","width":620,"height":300},{"@type":"BreadcrumbList","@id":"https:\/\/www.uqac.ca\/uqactualites\/2016\/09\/06\/etudiants-ambassadeurs-recherches\/#breadcrumb","itemListElement":[{"@type":"ListItem","position":1,"name":"Home","item":"https:\/\/www.uqac.ca\/uqactualites\/"},{"@type":"ListItem","position":2,"name":"\u00c9tudiants-ambassadeurs recherch\u00e9s"}]},{"@type":"WebSite","@id":"https:\/\/www.uqac.ca\/uqactualites\/#website","url":"https:\/\/www.uqac.ca\/uqactualites\/","name":"UQACtualit\u00e9s","description":"Le portail des nouvelles de l&#039;UQAC","potentialAction":[{"@type":"SearchAction","target":{"@type":"EntryPoint","urlTemplate":"https:\/\/www.uqac.ca\/uqactualites\/?s={search_term_string}"},"query-input":{"@type":"PropertyValueSpecification","valueRequired":true,"valueName":"search_term_string"}}],"inLanguage":"fr-CA"},{"@type":"Person","@id":"https:\/\/www.uqac.ca\/uqactualites\/#\/schema\/person\/366c45a0c4f0e677b41b4af5886e2018","name":"Service des communications et des relations publiques","image":{"@type":"ImageObject","inLanguage":"fr-CA","@id":"https:\/\/www.uqac.ca\/uqactualites\/#\/schema\/person\/image\/","url":"https:\/\/secure.gravatar.com\/avatar\/20fbbda8a292f59f2d3461a5b999c00b?s=96&d=mm&r=g","contentUrl":"https:\/\/secure.gravatar.com\/avatar\/20fbbda8a292f59f2d3461a5b999c00b?s=96&d=mm&r=g","caption":"Service des communications et des relations publiques"},"url":"https:\/\/www.uqac.ca\/uqactualites\/author\/bap\/"}]}},"_links":{"self":[{"href":"https:\/\/www.uqac.ca\/uqactualites\/wp-json\/wp\/v2\/posts\/32361"}],"collection":[{"href":"https:\/\/www.uqac.ca\/uqactualites\/wp-json\/wp\/v2\/posts"}],"about":[{"href":"https:\/\/www.uqac.ca\/uqactualites\/wp-json\/wp\/v2\/types\/post"}],"author":[{"embeddable":true,"href":"https:\/\/www.uqac.ca\/uqactualites\/wp-json\/wp\/v2\/users\/5"}],"replies":[{"embeddable":true,"href":"https:\/\/www.uqac.ca\/uqactualites\/wp-json\/wp\/v2\/comments?post=32361"}],"version-history":[{"count":0,"href":"https:\/\/www.uqac.ca\/uqactualites\/wp-json\/wp\/v2\/posts\/32361\/revisions"}],"wp:featuredmedia":[{"embeddable":true,"href":"https:\/\/www.uqac.ca\/uqactualites\/wp-json\/wp\/v2\/media\/20989"}],"wp:attachment":[{"href":"https:\/\/www.uqac.ca\/uqactualites\/wp-json\/wp\/v2\/media?parent=32361"}],"wp:term":[{"taxonomy":"category","embeddable":true,"href":"https:\/\/www.uqac.ca\/uqactualites\/wp-json\/wp\/v2\/categories?post=32361"},{"taxonomy":"post_tag","embeddable":true,"href":"https:\/\/www.uqac.ca\/uqactualites\/wp-json\/wp\/v2\/tags?post=32361"}],"curies":[{"name":"wp","href":"https:\/\/api.w.org\/{rel}","templated":true}]}}