{"id":32371,"date":"2016-09-07T09:41:14","date_gmt":"2016-09-07T13:41:14","guid":{"rendered":"http:\/\/uqactualite.odev.ca\/?p=32371"},"modified":"2016-09-07T09:41:14","modified_gmt":"2016-09-07T13:41:14","slug":"deux-rendez-vous-a-ne-pas-manquer-avec-le-professeur-linguiste-jean-marcel-leard","status":"publish","type":"post","link":"https:\/\/www.uqac.ca\/uqactualites\/2016\/09\/07\/deux-rendez-vous-a-ne-pas-manquer-avec-le-professeur-linguiste-jean-marcel-leard\/","title":{"rendered":"Deux rendez-vous \u00e0 ne pas manquer avec le professeur linguiste Jean-Marcel L\u00e9ard"},"content":{"rendered":"<p>L\u2019Unit\u00e9 d\u2019enseignement en linguistique et en langues modernes de l\u2019Universit\u00e9 du Qu\u00e9bec \u00e0 Chicoutimi a accueillera les 12 et 13 septembre prochains un chercheur qu\u00e9b\u00e9cois renomm\u00e9 et de r\u00e9putation internationale le linguiste Jean-Marcel L\u00e9ard, professeur \u00e0 la retraite et associ\u00e9 \u00e0 l\u2019Universit\u00e9 de Sherbrooke. Deux activit\u00e9s sont au programme\u00a0:<\/p>\n<p><strong>Cours intitul\u00e9 \u00ab la grammaire : mais par o\u00f9 commencer?\u00a0\u00bb dans le cadre du s\u00e9minaire de \u00ab\u00a0pragmatique et analyse de textes\u00a0\u00bb<\/strong><br \/>\n<strong>Lundi 12 septembre 2016 de 16 h \u00e0 19 h<br \/>\nLocal P1-5130 (Pavillon principal)<\/strong><\/p>\n<p><strong>Causerie \u00e0 l\u2019intention des \u00e9tudiants et des professeurs de l\u2019unit\u00e9<\/strong><br \/>\n<strong>\u00ab\u00a0Pour encore aimer la linguistique aujourd\u2019hui\u00a0\u00bb<\/strong><br \/>\n<strong>Mardi 13 septembre 2016 de 11 h 45 \u00e0 13 h<br \/>\nLocal P4-1000 (Pavillon principal)<\/strong><\/p>\n<p>Jean-Marcel L\u00e9ard a enseign\u00e9 la linguistique \u00e0 l\u2019Universit\u00e9 de Sherbrooke, o\u00f9 il est encore rattach\u00e9 comme professeur associ\u00e9. Sp\u00e9cialiste de grammaire, il a publi\u00e9 deux livres, l\u2019un sur la grammaire fran\u00e7aise (Les gallicismes) et l\u2019autre sur le fran\u00e7ais qu\u00e9b\u00e9cois (Grammaire qu\u00e9b\u00e9coise d\u2019aujourd\u2019hui). Auteur de nombreux articles scientifiques marquants, surtout consacr\u00e9s \u00e0 la s\u00e9mantique grammaticale et aux marqueurs discursifs, il r\u00e9dige actuellement une Grammaire s\u00e9mantique modulaire, en collaboration avec S\u00e9bastien Marengo.<\/p>\n<p>Cette grammaire est d\u00e9j\u00e0 partiellement disponible sur la toile : <a href=\"http:\/\/www.usherbrooke.ca\/crifuq\/fileadmin\/sites\/crifuq\">www.usherbrooke.ca\/crifuq\/fileadmin\/sites\/crifuq<\/a><\/p>\n<p><strong>Renseignements\u00a0:<br \/>\n<\/strong>Khadiyatoulah Fall, professeur et responsable CERII<br \/>\nD\u00e9partement des arts et lettres<br \/>\n418 545-5011, poste 5633 \u2022 <a href=\"mailto:kfall@uqac.ca\">kfall@uqac.ca<\/a><\/p>\n<p>Jacinthe Girard, Secr\u00e9taire de l\u2019Unit\u00e9 d&rsquo;enseignement en linguistique et en langues modernes<br \/>\nD\u00e9partement des arts et lettres<br \/>\n418 545-5011, poste 5337 \u2022 <a href=\"mailto:jacinthe_girard@uqac.ca\">jacinthe_girard@uqac.ca<\/a><\/p>\n","protected":false},"excerpt":{"rendered":"<p>L\u2019Unit\u00e9 d\u2019enseignement en linguistique et en langues modernes de l\u2019Universit\u00e9 du Qu\u00e9bec \u00e0 Chicoutimi a accueillera les 12 et 13 septembre prochains un chercheur qu\u00e9b\u00e9cois renomm\u00e9 et de r\u00e9putation internationale le linguiste Jean-Marcel L\u00e9ard, professeur \u00e0 la retraite et associ\u00e9 \u00e0 l\u2019Universit\u00e9 de Sherbrooke. Deux activit\u00e9s sont au programme\u00a0: Cours intitul\u00e9 \u00ab la grammaire : [&hellip;]<\/p>\n","protected":false},"author":5,"featured_media":20989,"comment_status":"open","ping_status":"open","sticky":false,"template":"","format":"standard","meta":{"footnotes":""},"categories":[2772],"tags":[],"yoast_head":"<!-- This site is optimized with the Yoast SEO plugin v24.2 - https:\/\/yoast.com\/wordpress\/plugins\/seo\/ -->\r\n<title>Deux rendez-vous \u00e0 ne pas manquer avec le professeur linguiste Jean-Marcel L\u00e9ard - UQACtualit\u00e9s<\/title>\r\n<meta name=\"robots\" content=\"index, follow, max-snippet:-1, max-image-preview:large, max-video-preview:-1\" \/>\r\n<link rel=\"canonical\" href=\"https:\/\/www.uqac.ca\/uqactualites\/2016\/09\/07\/deux-rendez-vous-a-ne-pas-manquer-avec-le-professeur-linguiste-jean-marcel-leard\/\" \/>\r\n<meta property=\"og:locale\" content=\"fr_CA\" \/>\r\n<meta property=\"og:type\" content=\"article\" \/>\r\n<meta property=\"og:title\" content=\"Deux rendez-vous \u00e0 ne pas manquer avec le professeur linguiste Jean-Marcel L\u00e9ard - UQACtualit\u00e9s\" \/>\r\n<meta property=\"og:description\" content=\"L\u2019Unit\u00e9 d\u2019enseignement en linguistique et en langues modernes de l\u2019Universit\u00e9 du Qu\u00e9bec \u00e0 Chicoutimi a accueillera les 12 et 13 septembre prochains un chercheur qu\u00e9b\u00e9cois renomm\u00e9 et de r\u00e9putation internationale le linguiste Jean-Marcel L\u00e9ard, professeur \u00e0 la retraite et associ\u00e9 \u00e0 l\u2019Universit\u00e9 de Sherbrooke. Deux activit\u00e9s sont au programme\u00a0: Cours intitul\u00e9 \u00ab la grammaire : [&hellip;]\" \/>\r\n<meta property=\"og:url\" content=\"https:\/\/www.uqac.ca\/uqactualites\/2016\/09\/07\/deux-rendez-vous-a-ne-pas-manquer-avec-le-professeur-linguiste-jean-marcel-leard\/\" \/>\r\n<meta property=\"og:site_name\" content=\"UQACtualit\u00e9s\" \/>\r\n<meta property=\"article:published_time\" content=\"2016-09-07T13:41:14+00:00\" \/>\r\n<meta property=\"og:image\" content=\"https:\/\/www.uqac.ca\/uqactualites\/wp-content\/uploads\/2012\/05\/avis-laCommunaut-.jpg\" \/>\r\n\t<meta property=\"og:image:width\" content=\"620\" \/>\r\n\t<meta property=\"og:image:height\" content=\"300\" \/>\r\n\t<meta property=\"og:image:type\" content=\"image\/jpeg\" \/>\r\n<meta name=\"author\" content=\"Service des communications et des relations publiques\" \/>\r\n<meta name=\"twitter:card\" content=\"summary_large_image\" \/>\r\n<meta name=\"twitter:label1\" content=\"\u00c9crit par\" \/>\n\t<meta name=\"twitter:data1\" content=\"Service des communications et des relations publiques\" \/>\n\t<meta name=\"twitter:label2\" content=\"Estimation du temps de lecture\" \/>\n\t<meta name=\"twitter:data2\" content=\"1 minute\" \/>\r\n<script type=\"application\/ld+json\" class=\"yoast-schema-graph\">{\"@context\":\"https:\/\/schema.org\",\"@graph\":[{\"@type\":\"WebPage\",\"@id\":\"https:\/\/www.uqac.ca\/uqactualites\/2016\/09\/07\/deux-rendez-vous-a-ne-pas-manquer-avec-le-professeur-linguiste-jean-marcel-leard\/\",\"url\":\"https:\/\/www.uqac.ca\/uqactualites\/2016\/09\/07\/deux-rendez-vous-a-ne-pas-manquer-avec-le-professeur-linguiste-jean-marcel-leard\/\",\"name\":\"Deux rendez-vous \u00e0 ne pas manquer avec le professeur linguiste Jean-Marcel L\u00e9ard - UQACtualit\u00e9s\",\"isPartOf\":{\"@id\":\"https:\/\/www.uqac.ca\/uqactualites\/#website\"},\"primaryImageOfPage\":{\"@id\":\"https:\/\/www.uqac.ca\/uqactualites\/2016\/09\/07\/deux-rendez-vous-a-ne-pas-manquer-avec-le-professeur-linguiste-jean-marcel-leard\/#primaryimage\"},\"image\":{\"@id\":\"https:\/\/www.uqac.ca\/uqactualites\/2016\/09\/07\/deux-rendez-vous-a-ne-pas-manquer-avec-le-professeur-linguiste-jean-marcel-leard\/#primaryimage\"},\"thumbnailUrl\":\"https:\/\/www.uqac.ca\/uqactualites\/wp-content\/uploads\/2012\/05\/avis-laCommunaut-.jpg\",\"datePublished\":\"2016-09-07T13:41:14+00:00\",\"dateModified\":\"2016-09-07T13:41:14+00:00\",\"author\":{\"@id\":\"https:\/\/www.uqac.ca\/uqactualites\/#\/schema\/person\/366c45a0c4f0e677b41b4af5886e2018\"},\"breadcrumb\":{\"@id\":\"https:\/\/www.uqac.ca\/uqactualites\/2016\/09\/07\/deux-rendez-vous-a-ne-pas-manquer-avec-le-professeur-linguiste-jean-marcel-leard\/#breadcrumb\"},\"inLanguage\":\"fr-CA\",\"potentialAction\":[{\"@type\":\"ReadAction\",\"target\":[\"https:\/\/www.uqac.ca\/uqactualites\/2016\/09\/07\/deux-rendez-vous-a-ne-pas-manquer-avec-le-professeur-linguiste-jean-marcel-leard\/\"]}]},{\"@type\":\"ImageObject\",\"inLanguage\":\"fr-CA\",\"@id\":\"https:\/\/www.uqac.ca\/uqactualites\/2016\/09\/07\/deux-rendez-vous-a-ne-pas-manquer-avec-le-professeur-linguiste-jean-marcel-leard\/#primaryimage\",\"url\":\"https:\/\/www.uqac.ca\/uqactualites\/wp-content\/uploads\/2012\/05\/avis-laCommunaut-.jpg\",\"contentUrl\":\"https:\/\/www.uqac.ca\/uqactualites\/wp-content\/uploads\/2012\/05\/avis-laCommunaut-.jpg\",\"width\":620,\"height\":300},{\"@type\":\"BreadcrumbList\",\"@id\":\"https:\/\/www.uqac.ca\/uqactualites\/2016\/09\/07\/deux-rendez-vous-a-ne-pas-manquer-avec-le-professeur-linguiste-jean-marcel-leard\/#breadcrumb\",\"itemListElement\":[{\"@type\":\"ListItem\",\"position\":1,\"name\":\"Home\",\"item\":\"https:\/\/www.uqac.ca\/uqactualites\/\"},{\"@type\":\"ListItem\",\"position\":2,\"name\":\"Deux rendez-vous \u00e0 ne pas manquer avec le professeur linguiste Jean-Marcel L\u00e9ard\"}]},{\"@type\":\"WebSite\",\"@id\":\"https:\/\/www.uqac.ca\/uqactualites\/#website\",\"url\":\"https:\/\/www.uqac.ca\/uqactualites\/\",\"name\":\"UQACtualit\u00e9s\",\"description\":\"Le portail des nouvelles de l&#039;UQAC\",\"potentialAction\":[{\"@type\":\"SearchAction\",\"target\":{\"@type\":\"EntryPoint\",\"urlTemplate\":\"https:\/\/www.uqac.ca\/uqactualites\/?s={search_term_string}\"},\"query-input\":{\"@type\":\"PropertyValueSpecification\",\"valueRequired\":true,\"valueName\":\"search_term_string\"}}],\"inLanguage\":\"fr-CA\"},{\"@type\":\"Person\",\"@id\":\"https:\/\/www.uqac.ca\/uqactualites\/#\/schema\/person\/366c45a0c4f0e677b41b4af5886e2018\",\"name\":\"Service des communications et des relations publiques\",\"image\":{\"@type\":\"ImageObject\",\"inLanguage\":\"fr-CA\",\"@id\":\"https:\/\/www.uqac.ca\/uqactualites\/#\/schema\/person\/image\/\",\"url\":\"https:\/\/secure.gravatar.com\/avatar\/20fbbda8a292f59f2d3461a5b999c00b?s=96&d=mm&r=g\",\"contentUrl\":\"https:\/\/secure.gravatar.com\/avatar\/20fbbda8a292f59f2d3461a5b999c00b?s=96&d=mm&r=g\",\"caption\":\"Service des communications et des relations publiques\"},\"url\":\"https:\/\/www.uqac.ca\/uqactualites\/author\/bap\/\"}]}<\/script>\r\n<!-- \/ Yoast SEO plugin. -->","yoast_head_json":{"title":"Deux rendez-vous \u00e0 ne pas manquer avec le professeur linguiste Jean-Marcel L\u00e9ard - UQACtualit\u00e9s","robots":{"index":"index","follow":"follow","max-snippet":"max-snippet:-1","max-image-preview":"max-image-preview:large","max-video-preview":"max-video-preview:-1"},"canonical":"https:\/\/www.uqac.ca\/uqactualites\/2016\/09\/07\/deux-rendez-vous-a-ne-pas-manquer-avec-le-professeur-linguiste-jean-marcel-leard\/","og_locale":"fr_CA","og_type":"article","og_title":"Deux rendez-vous \u00e0 ne pas manquer avec le professeur linguiste Jean-Marcel L\u00e9ard - UQACtualit\u00e9s","og_description":"L\u2019Unit\u00e9 d\u2019enseignement en linguistique et en langues modernes de l\u2019Universit\u00e9 du Qu\u00e9bec \u00e0 Chicoutimi a accueillera les 12 et 13 septembre prochains un chercheur qu\u00e9b\u00e9cois renomm\u00e9 et de r\u00e9putation internationale le linguiste Jean-Marcel L\u00e9ard, professeur \u00e0 la retraite et associ\u00e9 \u00e0 l\u2019Universit\u00e9 de Sherbrooke. Deux activit\u00e9s sont au programme\u00a0: Cours intitul\u00e9 \u00ab la grammaire : [&hellip;]","og_url":"https:\/\/www.uqac.ca\/uqactualites\/2016\/09\/07\/deux-rendez-vous-a-ne-pas-manquer-avec-le-professeur-linguiste-jean-marcel-leard\/","og_site_name":"UQACtualit\u00e9s","article_published_time":"2016-09-07T13:41:14+00:00","og_image":[{"width":620,"height":300,"url":"https:\/\/www.uqac.ca\/uqactualites\/wp-content\/uploads\/2012\/05\/avis-laCommunaut-.jpg","type":"image\/jpeg"}],"author":"Service des communications et des relations publiques","twitter_card":"summary_large_image","twitter_misc":{"\u00c9crit par":"Service des communications et des relations publiques","Estimation du temps de lecture":"1 minute"},"schema":{"@context":"https:\/\/schema.org","@graph":[{"@type":"WebPage","@id":"https:\/\/www.uqac.ca\/uqactualites\/2016\/09\/07\/deux-rendez-vous-a-ne-pas-manquer-avec-le-professeur-linguiste-jean-marcel-leard\/","url":"https:\/\/www.uqac.ca\/uqactualites\/2016\/09\/07\/deux-rendez-vous-a-ne-pas-manquer-avec-le-professeur-linguiste-jean-marcel-leard\/","name":"Deux rendez-vous \u00e0 ne pas manquer avec le professeur linguiste Jean-Marcel L\u00e9ard - UQACtualit\u00e9s","isPartOf":{"@id":"https:\/\/www.uqac.ca\/uqactualites\/#website"},"primaryImageOfPage":{"@id":"https:\/\/www.uqac.ca\/uqactualites\/2016\/09\/07\/deux-rendez-vous-a-ne-pas-manquer-avec-le-professeur-linguiste-jean-marcel-leard\/#primaryimage"},"image":{"@id":"https:\/\/www.uqac.ca\/uqactualites\/2016\/09\/07\/deux-rendez-vous-a-ne-pas-manquer-avec-le-professeur-linguiste-jean-marcel-leard\/#primaryimage"},"thumbnailUrl":"https:\/\/www.uqac.ca\/uqactualites\/wp-content\/uploads\/2012\/05\/avis-laCommunaut-.jpg","datePublished":"2016-09-07T13:41:14+00:00","dateModified":"2016-09-07T13:41:14+00:00","author":{"@id":"https:\/\/www.uqac.ca\/uqactualites\/#\/schema\/person\/366c45a0c4f0e677b41b4af5886e2018"},"breadcrumb":{"@id":"https:\/\/www.uqac.ca\/uqactualites\/2016\/09\/07\/deux-rendez-vous-a-ne-pas-manquer-avec-le-professeur-linguiste-jean-marcel-leard\/#breadcrumb"},"inLanguage":"fr-CA","potentialAction":[{"@type":"ReadAction","target":["https:\/\/www.uqac.ca\/uqactualites\/2016\/09\/07\/deux-rendez-vous-a-ne-pas-manquer-avec-le-professeur-linguiste-jean-marcel-leard\/"]}]},{"@type":"ImageObject","inLanguage":"fr-CA","@id":"https:\/\/www.uqac.ca\/uqactualites\/2016\/09\/07\/deux-rendez-vous-a-ne-pas-manquer-avec-le-professeur-linguiste-jean-marcel-leard\/#primaryimage","url":"https:\/\/www.uqac.ca\/uqactualites\/wp-content\/uploads\/2012\/05\/avis-laCommunaut-.jpg","contentUrl":"https:\/\/www.uqac.ca\/uqactualites\/wp-content\/uploads\/2012\/05\/avis-laCommunaut-.jpg","width":620,"height":300},{"@type":"BreadcrumbList","@id":"https:\/\/www.uqac.ca\/uqactualites\/2016\/09\/07\/deux-rendez-vous-a-ne-pas-manquer-avec-le-professeur-linguiste-jean-marcel-leard\/#breadcrumb","itemListElement":[{"@type":"ListItem","position":1,"name":"Home","item":"https:\/\/www.uqac.ca\/uqactualites\/"},{"@type":"ListItem","position":2,"name":"Deux rendez-vous \u00e0 ne pas manquer avec le professeur linguiste Jean-Marcel L\u00e9ard"}]},{"@type":"WebSite","@id":"https:\/\/www.uqac.ca\/uqactualites\/#website","url":"https:\/\/www.uqac.ca\/uqactualites\/","name":"UQACtualit\u00e9s","description":"Le portail des nouvelles de l&#039;UQAC","potentialAction":[{"@type":"SearchAction","target":{"@type":"EntryPoint","urlTemplate":"https:\/\/www.uqac.ca\/uqactualites\/?s={search_term_string}"},"query-input":{"@type":"PropertyValueSpecification","valueRequired":true,"valueName":"search_term_string"}}],"inLanguage":"fr-CA"},{"@type":"Person","@id":"https:\/\/www.uqac.ca\/uqactualites\/#\/schema\/person\/366c45a0c4f0e677b41b4af5886e2018","name":"Service des communications et des relations publiques","image":{"@type":"ImageObject","inLanguage":"fr-CA","@id":"https:\/\/www.uqac.ca\/uqactualites\/#\/schema\/person\/image\/","url":"https:\/\/secure.gravatar.com\/avatar\/20fbbda8a292f59f2d3461a5b999c00b?s=96&d=mm&r=g","contentUrl":"https:\/\/secure.gravatar.com\/avatar\/20fbbda8a292f59f2d3461a5b999c00b?s=96&d=mm&r=g","caption":"Service des communications et des relations publiques"},"url":"https:\/\/www.uqac.ca\/uqactualites\/author\/bap\/"}]}},"_links":{"self":[{"href":"https:\/\/www.uqac.ca\/uqactualites\/wp-json\/wp\/v2\/posts\/32371"}],"collection":[{"href":"https:\/\/www.uqac.ca\/uqactualites\/wp-json\/wp\/v2\/posts"}],"about":[{"href":"https:\/\/www.uqac.ca\/uqactualites\/wp-json\/wp\/v2\/types\/post"}],"author":[{"embeddable":true,"href":"https:\/\/www.uqac.ca\/uqactualites\/wp-json\/wp\/v2\/users\/5"}],"replies":[{"embeddable":true,"href":"https:\/\/www.uqac.ca\/uqactualites\/wp-json\/wp\/v2\/comments?post=32371"}],"version-history":[{"count":0,"href":"https:\/\/www.uqac.ca\/uqactualites\/wp-json\/wp\/v2\/posts\/32371\/revisions"}],"wp:featuredmedia":[{"embeddable":true,"href":"https:\/\/www.uqac.ca\/uqactualites\/wp-json\/wp\/v2\/media\/20989"}],"wp:attachment":[{"href":"https:\/\/www.uqac.ca\/uqactualites\/wp-json\/wp\/v2\/media?parent=32371"}],"wp:term":[{"taxonomy":"category","embeddable":true,"href":"https:\/\/www.uqac.ca\/uqactualites\/wp-json\/wp\/v2\/categories?post=32371"},{"taxonomy":"post_tag","embeddable":true,"href":"https:\/\/www.uqac.ca\/uqactualites\/wp-json\/wp\/v2\/tags?post=32371"}],"curies":[{"name":"wp","href":"https:\/\/api.w.org\/{rel}","templated":true}]}}