{"id":32373,"date":"2016-09-07T09:50:11","date_gmt":"2016-09-07T13:50:11","guid":{"rendered":"http:\/\/uqactualite.odev.ca\/?p=32373"},"modified":"2016-09-07T09:50:11","modified_gmt":"2016-09-07T13:50:11","slug":"conference-le-quebec-la-revolution-silencieuse","status":"publish","type":"post","link":"https:\/\/www.uqac.ca\/uqactualites\/2016\/09\/07\/conference-le-quebec-la-revolution-silencieuse\/","title":{"rendered":"Conf\u00e9rence \u00ab Le Qu\u00e9bec : la r\u00e9volution silencieuse \u00bb"},"content":{"rendered":"<p>Le C\u00c9LAT, en collaboration avec la Chaire de recherches interculturelles (CERII) et le Groupe de recherches en interventions r\u00e9gionales (GRIR) de l\u2019UQAC, vous invite \u00e0 la conf\u00e9rence du professeur Jocelyn L\u00e9tourneau.<\/p>\n<p><strong>15 septembre 2016 \u00e0 13\u00a0h<br \/>\nLocal : P1-7070<br \/>\nEntr\u00e9e libre<\/strong><\/p>\n<p><strong>Le Qu\u00e9bec : la r\u00e9volution silencieuse<br \/>\n<\/strong>Le Qu\u00e9bec serait-il en train de vivre en sourdine une mutation aussi importante que celle qu\u2019il a connue il y a 50 ans, au moment de la R\u00e9volution&#8230; tranquille? Dans cette pr\u00e9sentation, o\u00f9 le public sera invit\u00e9 \u00e0 participer \u00e0 un brassage d\u2019id\u00e9es, le conf\u00e9rencier proposera une lecture \u2013 sa lecture \u2013 des transformations en cours de sa soci\u00e9t\u00e9 d\u2019appartenance. \u00c0 l\u2019Universit\u00e9 Laval, Jocelyn L\u00e9tourneau a \u00e9t\u00e9 titulaire de la Chaire de recherche du Canada en histoire du Qu\u00e9bec contemporain. Il est chercheur au C\u00c9LAT et professeur au D\u00e9partement des sciences historiques. Il est l\u2019auteur d\u2019une quinzaine d\u2019ouvrages publi\u00e9s en solo ou en codirection. Parmi ses derni\u00e8res publications, mentionnons, aux Presses de l\u2019Universit\u00e9 de Toronto, en collaboration avec six autres coll\u00e8gues, <em>Canadians and their Pasts<\/em>, et, chez Fides, \u00e0 Montr\u00e9al, <em>Je me souviens? Le pass\u00e9 du Qu\u00e9bec dans la conscience de sa jeunesse.<\/em><\/p>\n<p><strong>Renseignements\u00a0:<\/strong><br \/>\nKhadiyatoulah Fall, professeur et responsable CERII<br \/>\nD\u00e9partement des arts et lettres<br \/>\n418 545-5011, poste 5633 \u2022 <a href=\"mailto:kfall@uqac.ca\">kfall@uqac.ca<\/a><\/p>\n","protected":false},"excerpt":{"rendered":"<p>Le C\u00c9LAT, en collaboration avec la Chaire de recherches interculturelles (CERII) et le Groupe de recherches en interventions r\u00e9gionales (GRIR) de l\u2019UQAC, vous invite \u00e0 la conf\u00e9rence du professeur Jocelyn L\u00e9tourneau. 15 septembre 2016 \u00e0 13\u00a0h Local : P1-7070 Entr\u00e9e libre Le Qu\u00e9bec : la r\u00e9volution silencieuse Le Qu\u00e9bec serait-il en train de vivre en [&hellip;]<\/p>\n","protected":false},"author":5,"featured_media":20989,"comment_status":"open","ping_status":"open","sticky":false,"template":"","format":"standard","meta":{"footnotes":""},"categories":[2772],"tags":[],"yoast_head":"<!-- This site is optimized with the Yoast SEO plugin v24.2 - https:\/\/yoast.com\/wordpress\/plugins\/seo\/ -->\r\n<title>Conf\u00e9rence \u00ab Le Qu\u00e9bec : la r\u00e9volution silencieuse \u00bb - UQACtualit\u00e9s<\/title>\r\n<meta name=\"robots\" content=\"index, follow, max-snippet:-1, max-image-preview:large, max-video-preview:-1\" \/>\r\n<link rel=\"canonical\" href=\"https:\/\/www.uqac.ca\/uqactualites\/2016\/09\/07\/conference-le-quebec-la-revolution-silencieuse\/\" \/>\r\n<meta property=\"og:locale\" content=\"fr_CA\" \/>\r\n<meta property=\"og:type\" content=\"article\" \/>\r\n<meta property=\"og:title\" content=\"Conf\u00e9rence \u00ab Le Qu\u00e9bec : la r\u00e9volution silencieuse \u00bb - UQACtualit\u00e9s\" \/>\r\n<meta property=\"og:description\" content=\"Le C\u00c9LAT, en collaboration avec la Chaire de recherches interculturelles (CERII) et le Groupe de recherches en interventions r\u00e9gionales (GRIR) de l\u2019UQAC, vous invite \u00e0 la conf\u00e9rence du professeur Jocelyn L\u00e9tourneau. 15 septembre 2016 \u00e0 13\u00a0h Local : P1-7070 Entr\u00e9e libre Le Qu\u00e9bec : la r\u00e9volution silencieuse Le Qu\u00e9bec serait-il en train de vivre en [&hellip;]\" \/>\r\n<meta property=\"og:url\" content=\"https:\/\/www.uqac.ca\/uqactualites\/2016\/09\/07\/conference-le-quebec-la-revolution-silencieuse\/\" \/>\r\n<meta property=\"og:site_name\" content=\"UQACtualit\u00e9s\" \/>\r\n<meta property=\"article:published_time\" content=\"2016-09-07T13:50:11+00:00\" \/>\r\n<meta property=\"og:image\" content=\"https:\/\/www.uqac.ca\/uqactualites\/wp-content\/uploads\/2012\/05\/avis-laCommunaut-.jpg\" \/>\r\n\t<meta property=\"og:image:width\" content=\"620\" \/>\r\n\t<meta property=\"og:image:height\" content=\"300\" \/>\r\n\t<meta property=\"og:image:type\" content=\"image\/jpeg\" \/>\r\n<meta name=\"author\" content=\"Service des communications et des relations publiques\" \/>\r\n<meta name=\"twitter:card\" content=\"summary_large_image\" \/>\r\n<meta name=\"twitter:label1\" content=\"\u00c9crit par\" \/>\n\t<meta name=\"twitter:data1\" content=\"Service des communications et des relations publiques\" \/>\n\t<meta name=\"twitter:label2\" content=\"Estimation du temps de lecture\" \/>\n\t<meta name=\"twitter:data2\" content=\"1 minute\" \/>\r\n<script type=\"application\/ld+json\" class=\"yoast-schema-graph\">{\"@context\":\"https:\/\/schema.org\",\"@graph\":[{\"@type\":\"WebPage\",\"@id\":\"https:\/\/www.uqac.ca\/uqactualites\/2016\/09\/07\/conference-le-quebec-la-revolution-silencieuse\/\",\"url\":\"https:\/\/www.uqac.ca\/uqactualites\/2016\/09\/07\/conference-le-quebec-la-revolution-silencieuse\/\",\"name\":\"Conf\u00e9rence \u00ab Le Qu\u00e9bec : la r\u00e9volution silencieuse \u00bb - UQACtualit\u00e9s\",\"isPartOf\":{\"@id\":\"https:\/\/www.uqac.ca\/uqactualites\/#website\"},\"primaryImageOfPage\":{\"@id\":\"https:\/\/www.uqac.ca\/uqactualites\/2016\/09\/07\/conference-le-quebec-la-revolution-silencieuse\/#primaryimage\"},\"image\":{\"@id\":\"https:\/\/www.uqac.ca\/uqactualites\/2016\/09\/07\/conference-le-quebec-la-revolution-silencieuse\/#primaryimage\"},\"thumbnailUrl\":\"https:\/\/www.uqac.ca\/uqactualites\/wp-content\/uploads\/2012\/05\/avis-laCommunaut-.jpg\",\"datePublished\":\"2016-09-07T13:50:11+00:00\",\"dateModified\":\"2016-09-07T13:50:11+00:00\",\"author\":{\"@id\":\"https:\/\/www.uqac.ca\/uqactualites\/#\/schema\/person\/366c45a0c4f0e677b41b4af5886e2018\"},\"breadcrumb\":{\"@id\":\"https:\/\/www.uqac.ca\/uqactualites\/2016\/09\/07\/conference-le-quebec-la-revolution-silencieuse\/#breadcrumb\"},\"inLanguage\":\"fr-CA\",\"potentialAction\":[{\"@type\":\"ReadAction\",\"target\":[\"https:\/\/www.uqac.ca\/uqactualites\/2016\/09\/07\/conference-le-quebec-la-revolution-silencieuse\/\"]}]},{\"@type\":\"ImageObject\",\"inLanguage\":\"fr-CA\",\"@id\":\"https:\/\/www.uqac.ca\/uqactualites\/2016\/09\/07\/conference-le-quebec-la-revolution-silencieuse\/#primaryimage\",\"url\":\"https:\/\/www.uqac.ca\/uqactualites\/wp-content\/uploads\/2012\/05\/avis-laCommunaut-.jpg\",\"contentUrl\":\"https:\/\/www.uqac.ca\/uqactualites\/wp-content\/uploads\/2012\/05\/avis-laCommunaut-.jpg\",\"width\":620,\"height\":300},{\"@type\":\"BreadcrumbList\",\"@id\":\"https:\/\/www.uqac.ca\/uqactualites\/2016\/09\/07\/conference-le-quebec-la-revolution-silencieuse\/#breadcrumb\",\"itemListElement\":[{\"@type\":\"ListItem\",\"position\":1,\"name\":\"Home\",\"item\":\"https:\/\/www.uqac.ca\/uqactualites\/\"},{\"@type\":\"ListItem\",\"position\":2,\"name\":\"Conf\u00e9rence \u00ab Le Qu\u00e9bec : la r\u00e9volution silencieuse \u00bb\"}]},{\"@type\":\"WebSite\",\"@id\":\"https:\/\/www.uqac.ca\/uqactualites\/#website\",\"url\":\"https:\/\/www.uqac.ca\/uqactualites\/\",\"name\":\"UQACtualit\u00e9s\",\"description\":\"Le portail des nouvelles de l&#039;UQAC\",\"potentialAction\":[{\"@type\":\"SearchAction\",\"target\":{\"@type\":\"EntryPoint\",\"urlTemplate\":\"https:\/\/www.uqac.ca\/uqactualites\/?s={search_term_string}\"},\"query-input\":{\"@type\":\"PropertyValueSpecification\",\"valueRequired\":true,\"valueName\":\"search_term_string\"}}],\"inLanguage\":\"fr-CA\"},{\"@type\":\"Person\",\"@id\":\"https:\/\/www.uqac.ca\/uqactualites\/#\/schema\/person\/366c45a0c4f0e677b41b4af5886e2018\",\"name\":\"Service des communications et des relations publiques\",\"image\":{\"@type\":\"ImageObject\",\"inLanguage\":\"fr-CA\",\"@id\":\"https:\/\/www.uqac.ca\/uqactualites\/#\/schema\/person\/image\/\",\"url\":\"https:\/\/secure.gravatar.com\/avatar\/20fbbda8a292f59f2d3461a5b999c00b?s=96&d=mm&r=g\",\"contentUrl\":\"https:\/\/secure.gravatar.com\/avatar\/20fbbda8a292f59f2d3461a5b999c00b?s=96&d=mm&r=g\",\"caption\":\"Service des communications et des relations publiques\"},\"url\":\"https:\/\/www.uqac.ca\/uqactualites\/author\/bap\/\"}]}<\/script>\r\n<!-- \/ Yoast SEO plugin. -->","yoast_head_json":{"title":"Conf\u00e9rence \u00ab Le Qu\u00e9bec : la r\u00e9volution silencieuse \u00bb - UQACtualit\u00e9s","robots":{"index":"index","follow":"follow","max-snippet":"max-snippet:-1","max-image-preview":"max-image-preview:large","max-video-preview":"max-video-preview:-1"},"canonical":"https:\/\/www.uqac.ca\/uqactualites\/2016\/09\/07\/conference-le-quebec-la-revolution-silencieuse\/","og_locale":"fr_CA","og_type":"article","og_title":"Conf\u00e9rence \u00ab Le Qu\u00e9bec : la r\u00e9volution silencieuse \u00bb - UQACtualit\u00e9s","og_description":"Le C\u00c9LAT, en collaboration avec la Chaire de recherches interculturelles (CERII) et le Groupe de recherches en interventions r\u00e9gionales (GRIR) de l\u2019UQAC, vous invite \u00e0 la conf\u00e9rence du professeur Jocelyn L\u00e9tourneau. 15 septembre 2016 \u00e0 13\u00a0h Local : P1-7070 Entr\u00e9e libre Le Qu\u00e9bec : la r\u00e9volution silencieuse Le Qu\u00e9bec serait-il en train de vivre en [&hellip;]","og_url":"https:\/\/www.uqac.ca\/uqactualites\/2016\/09\/07\/conference-le-quebec-la-revolution-silencieuse\/","og_site_name":"UQACtualit\u00e9s","article_published_time":"2016-09-07T13:50:11+00:00","og_image":[{"width":620,"height":300,"url":"https:\/\/www.uqac.ca\/uqactualites\/wp-content\/uploads\/2012\/05\/avis-laCommunaut-.jpg","type":"image\/jpeg"}],"author":"Service des communications et des relations publiques","twitter_card":"summary_large_image","twitter_misc":{"\u00c9crit par":"Service des communications et des relations publiques","Estimation du temps de lecture":"1 minute"},"schema":{"@context":"https:\/\/schema.org","@graph":[{"@type":"WebPage","@id":"https:\/\/www.uqac.ca\/uqactualites\/2016\/09\/07\/conference-le-quebec-la-revolution-silencieuse\/","url":"https:\/\/www.uqac.ca\/uqactualites\/2016\/09\/07\/conference-le-quebec-la-revolution-silencieuse\/","name":"Conf\u00e9rence \u00ab Le Qu\u00e9bec : la r\u00e9volution silencieuse \u00bb - UQACtualit\u00e9s","isPartOf":{"@id":"https:\/\/www.uqac.ca\/uqactualites\/#website"},"primaryImageOfPage":{"@id":"https:\/\/www.uqac.ca\/uqactualites\/2016\/09\/07\/conference-le-quebec-la-revolution-silencieuse\/#primaryimage"},"image":{"@id":"https:\/\/www.uqac.ca\/uqactualites\/2016\/09\/07\/conference-le-quebec-la-revolution-silencieuse\/#primaryimage"},"thumbnailUrl":"https:\/\/www.uqac.ca\/uqactualites\/wp-content\/uploads\/2012\/05\/avis-laCommunaut-.jpg","datePublished":"2016-09-07T13:50:11+00:00","dateModified":"2016-09-07T13:50:11+00:00","author":{"@id":"https:\/\/www.uqac.ca\/uqactualites\/#\/schema\/person\/366c45a0c4f0e677b41b4af5886e2018"},"breadcrumb":{"@id":"https:\/\/www.uqac.ca\/uqactualites\/2016\/09\/07\/conference-le-quebec-la-revolution-silencieuse\/#breadcrumb"},"inLanguage":"fr-CA","potentialAction":[{"@type":"ReadAction","target":["https:\/\/www.uqac.ca\/uqactualites\/2016\/09\/07\/conference-le-quebec-la-revolution-silencieuse\/"]}]},{"@type":"ImageObject","inLanguage":"fr-CA","@id":"https:\/\/www.uqac.ca\/uqactualites\/2016\/09\/07\/conference-le-quebec-la-revolution-silencieuse\/#primaryimage","url":"https:\/\/www.uqac.ca\/uqactualites\/wp-content\/uploads\/2012\/05\/avis-laCommunaut-.jpg","contentUrl":"https:\/\/www.uqac.ca\/uqactualites\/wp-content\/uploads\/2012\/05\/avis-laCommunaut-.jpg","width":620,"height":300},{"@type":"BreadcrumbList","@id":"https:\/\/www.uqac.ca\/uqactualites\/2016\/09\/07\/conference-le-quebec-la-revolution-silencieuse\/#breadcrumb","itemListElement":[{"@type":"ListItem","position":1,"name":"Home","item":"https:\/\/www.uqac.ca\/uqactualites\/"},{"@type":"ListItem","position":2,"name":"Conf\u00e9rence \u00ab Le Qu\u00e9bec : la r\u00e9volution silencieuse \u00bb"}]},{"@type":"WebSite","@id":"https:\/\/www.uqac.ca\/uqactualites\/#website","url":"https:\/\/www.uqac.ca\/uqactualites\/","name":"UQACtualit\u00e9s","description":"Le portail des nouvelles de l&#039;UQAC","potentialAction":[{"@type":"SearchAction","target":{"@type":"EntryPoint","urlTemplate":"https:\/\/www.uqac.ca\/uqactualites\/?s={search_term_string}"},"query-input":{"@type":"PropertyValueSpecification","valueRequired":true,"valueName":"search_term_string"}}],"inLanguage":"fr-CA"},{"@type":"Person","@id":"https:\/\/www.uqac.ca\/uqactualites\/#\/schema\/person\/366c45a0c4f0e677b41b4af5886e2018","name":"Service des communications et des relations publiques","image":{"@type":"ImageObject","inLanguage":"fr-CA","@id":"https:\/\/www.uqac.ca\/uqactualites\/#\/schema\/person\/image\/","url":"https:\/\/secure.gravatar.com\/avatar\/20fbbda8a292f59f2d3461a5b999c00b?s=96&d=mm&r=g","contentUrl":"https:\/\/secure.gravatar.com\/avatar\/20fbbda8a292f59f2d3461a5b999c00b?s=96&d=mm&r=g","caption":"Service des communications et des relations publiques"},"url":"https:\/\/www.uqac.ca\/uqactualites\/author\/bap\/"}]}},"_links":{"self":[{"href":"https:\/\/www.uqac.ca\/uqactualites\/wp-json\/wp\/v2\/posts\/32373"}],"collection":[{"href":"https:\/\/www.uqac.ca\/uqactualites\/wp-json\/wp\/v2\/posts"}],"about":[{"href":"https:\/\/www.uqac.ca\/uqactualites\/wp-json\/wp\/v2\/types\/post"}],"author":[{"embeddable":true,"href":"https:\/\/www.uqac.ca\/uqactualites\/wp-json\/wp\/v2\/users\/5"}],"replies":[{"embeddable":true,"href":"https:\/\/www.uqac.ca\/uqactualites\/wp-json\/wp\/v2\/comments?post=32373"}],"version-history":[{"count":0,"href":"https:\/\/www.uqac.ca\/uqactualites\/wp-json\/wp\/v2\/posts\/32373\/revisions"}],"wp:featuredmedia":[{"embeddable":true,"href":"https:\/\/www.uqac.ca\/uqactualites\/wp-json\/wp\/v2\/media\/20989"}],"wp:attachment":[{"href":"https:\/\/www.uqac.ca\/uqactualites\/wp-json\/wp\/v2\/media?parent=32373"}],"wp:term":[{"taxonomy":"category","embeddable":true,"href":"https:\/\/www.uqac.ca\/uqactualites\/wp-json\/wp\/v2\/categories?post=32373"},{"taxonomy":"post_tag","embeddable":true,"href":"https:\/\/www.uqac.ca\/uqactualites\/wp-json\/wp\/v2\/tags?post=32373"}],"curies":[{"name":"wp","href":"https:\/\/api.w.org\/{rel}","templated":true}]}}