{"id":32376,"date":"2016-09-07T09:52:24","date_gmt":"2016-09-07T13:52:24","guid":{"rendered":"http:\/\/uqactualite.odev.ca\/?p=32376"},"modified":"2016-09-07T09:52:24","modified_gmt":"2016-09-07T13:52:24","slug":"conference-islamophobie-le-debat-est-mal-parti","status":"publish","type":"post","link":"https:\/\/www.uqac.ca\/uqactualites\/2016\/09\/07\/conference-islamophobie-le-debat-est-mal-parti\/","title":{"rendered":"Conf\u00e9rence \u00ab Islamophobie : le d\u00e9bat est mal parti \u00bb"},"content":{"rendered":"<p>La communaut\u00e9 universitaire est invit\u00e9e \u00e0 assister \u00e0 une conf\u00e9rence qui aura lieu le 23 septembre prochain en collaboration avec la Biblioth\u00e8que municipale Gabrielle Roy de Qu\u00e9bec et qui s&rsquo;inscrit dans les activit\u00e9s de mutualisation des expertises dans le r\u00e9seau UQ sur la question de l&rsquo;islam aujourd&rsquo;hui, activit\u00e9s support\u00e9es par le CELAT, la CERII, la Communaut\u00e9 scientifique R\u00e9seau et le CRSH. Cette conf\u00e9rence cl\u00f4turera un premier\u00a0 atelier R\u00e9seau qui\u00a0se tiendra \u00a0le 23 septembre en AM avec la pr\u00e9sence de chercheurs de l&rsquo;UQ (Trois Rivi\u00e8res, UQAC, UQAM, INRS).<\/p>\n<p>Pour en savoir plus, consultez le lien suivant\u00a0:<a href=\"http:\/\/www.bibliothequedequebec.qc.ca\/activites\/toutes_les_activites.aspx?recherchea=1&amp;mca=islam&amp;st=3&amp;arr=0&amp;lieu=0&amp;cid=0&amp;sdate=2016-09-23&amp;edate=&amp;sclient=0\">http:\/\/www.bibliothequedequebec.qc.ca\/activites\/toutes_les_activites.aspx?recherchea=1&amp;mca=islam&amp;st=3&amp;arr=0&amp;lieu=0&amp;cid=0&amp;sdate=2016-09-23&amp;edate=&amp;sclient=0<\/a><\/p>\n<p><strong>Renseignements\u00a0:<br \/>\n<\/strong>Khadiyatoulah Fall, professeur et responsable CERII<br \/>\nD\u00e9partement des arts et lettres<br \/>\n418 545-5011, poste 5633 \u2022 <a href=\"mailto:kfall@uqac.ca\">kfall@uqac.ca<\/a><\/p>\n","protected":false},"excerpt":{"rendered":"<p>La communaut\u00e9 universitaire est invit\u00e9e \u00e0 assister \u00e0 une conf\u00e9rence qui aura lieu le 23 septembre prochain en collaboration avec la Biblioth\u00e8que municipale Gabrielle Roy de Qu\u00e9bec et qui s&rsquo;inscrit dans les activit\u00e9s de mutualisation des expertises dans le r\u00e9seau UQ sur la question de l&rsquo;islam aujourd&rsquo;hui, activit\u00e9s support\u00e9es par le CELAT, la CERII, la [&hellip;]<\/p>\n","protected":false},"author":5,"featured_media":20989,"comment_status":"open","ping_status":"open","sticky":false,"template":"","format":"standard","meta":{"footnotes":""},"categories":[2772],"tags":[],"yoast_head":"<!-- This site is optimized with the Yoast SEO plugin v24.2 - https:\/\/yoast.com\/wordpress\/plugins\/seo\/ -->\r\n<title>Conf\u00e9rence \u00ab Islamophobie : le d\u00e9bat est mal parti \u00bb - UQACtualit\u00e9s<\/title>\r\n<meta name=\"robots\" content=\"index, follow, max-snippet:-1, max-image-preview:large, max-video-preview:-1\" \/>\r\n<link rel=\"canonical\" href=\"https:\/\/www.uqac.ca\/uqactualites\/2016\/09\/07\/conference-islamophobie-le-debat-est-mal-parti\/\" \/>\r\n<meta property=\"og:locale\" content=\"fr_CA\" \/>\r\n<meta property=\"og:type\" content=\"article\" \/>\r\n<meta property=\"og:title\" content=\"Conf\u00e9rence \u00ab Islamophobie : le d\u00e9bat est mal parti \u00bb - UQACtualit\u00e9s\" \/>\r\n<meta property=\"og:description\" content=\"La communaut\u00e9 universitaire est invit\u00e9e \u00e0 assister \u00e0 une conf\u00e9rence qui aura lieu le 23 septembre prochain en collaboration avec la Biblioth\u00e8que municipale Gabrielle Roy de Qu\u00e9bec et qui s&rsquo;inscrit dans les activit\u00e9s de mutualisation des expertises dans le r\u00e9seau UQ sur la question de l&rsquo;islam aujourd&rsquo;hui, activit\u00e9s support\u00e9es par le CELAT, la CERII, la [&hellip;]\" \/>\r\n<meta property=\"og:url\" content=\"https:\/\/www.uqac.ca\/uqactualites\/2016\/09\/07\/conference-islamophobie-le-debat-est-mal-parti\/\" \/>\r\n<meta property=\"og:site_name\" content=\"UQACtualit\u00e9s\" \/>\r\n<meta property=\"article:published_time\" content=\"2016-09-07T13:52:24+00:00\" \/>\r\n<meta property=\"og:image\" content=\"https:\/\/www.uqac.ca\/uqactualites\/wp-content\/uploads\/2012\/05\/avis-laCommunaut-.jpg\" \/>\r\n\t<meta property=\"og:image:width\" content=\"620\" \/>\r\n\t<meta property=\"og:image:height\" content=\"300\" \/>\r\n\t<meta property=\"og:image:type\" content=\"image\/jpeg\" \/>\r\n<meta name=\"author\" content=\"Service des communications et des relations publiques\" \/>\r\n<meta name=\"twitter:card\" content=\"summary_large_image\" \/>\r\n<meta name=\"twitter:label1\" content=\"\u00c9crit par\" \/>\n\t<meta name=\"twitter:data1\" content=\"Service des communications et des relations publiques\" \/>\n\t<meta name=\"twitter:label2\" content=\"Estimation du temps de lecture\" \/>\n\t<meta name=\"twitter:data2\" content=\"1 minute\" \/>\r\n<script type=\"application\/ld+json\" class=\"yoast-schema-graph\">{\"@context\":\"https:\/\/schema.org\",\"@graph\":[{\"@type\":\"WebPage\",\"@id\":\"https:\/\/www.uqac.ca\/uqactualites\/2016\/09\/07\/conference-islamophobie-le-debat-est-mal-parti\/\",\"url\":\"https:\/\/www.uqac.ca\/uqactualites\/2016\/09\/07\/conference-islamophobie-le-debat-est-mal-parti\/\",\"name\":\"Conf\u00e9rence \u00ab Islamophobie : le d\u00e9bat est mal parti \u00bb - UQACtualit\u00e9s\",\"isPartOf\":{\"@id\":\"https:\/\/www.uqac.ca\/uqactualites\/#website\"},\"primaryImageOfPage\":{\"@id\":\"https:\/\/www.uqac.ca\/uqactualites\/2016\/09\/07\/conference-islamophobie-le-debat-est-mal-parti\/#primaryimage\"},\"image\":{\"@id\":\"https:\/\/www.uqac.ca\/uqactualites\/2016\/09\/07\/conference-islamophobie-le-debat-est-mal-parti\/#primaryimage\"},\"thumbnailUrl\":\"https:\/\/www.uqac.ca\/uqactualites\/wp-content\/uploads\/2012\/05\/avis-laCommunaut-.jpg\",\"datePublished\":\"2016-09-07T13:52:24+00:00\",\"dateModified\":\"2016-09-07T13:52:24+00:00\",\"author\":{\"@id\":\"https:\/\/www.uqac.ca\/uqactualites\/#\/schema\/person\/366c45a0c4f0e677b41b4af5886e2018\"},\"breadcrumb\":{\"@id\":\"https:\/\/www.uqac.ca\/uqactualites\/2016\/09\/07\/conference-islamophobie-le-debat-est-mal-parti\/#breadcrumb\"},\"inLanguage\":\"fr-CA\",\"potentialAction\":[{\"@type\":\"ReadAction\",\"target\":[\"https:\/\/www.uqac.ca\/uqactualites\/2016\/09\/07\/conference-islamophobie-le-debat-est-mal-parti\/\"]}]},{\"@type\":\"ImageObject\",\"inLanguage\":\"fr-CA\",\"@id\":\"https:\/\/www.uqac.ca\/uqactualites\/2016\/09\/07\/conference-islamophobie-le-debat-est-mal-parti\/#primaryimage\",\"url\":\"https:\/\/www.uqac.ca\/uqactualites\/wp-content\/uploads\/2012\/05\/avis-laCommunaut-.jpg\",\"contentUrl\":\"https:\/\/www.uqac.ca\/uqactualites\/wp-content\/uploads\/2012\/05\/avis-laCommunaut-.jpg\",\"width\":620,\"height\":300},{\"@type\":\"BreadcrumbList\",\"@id\":\"https:\/\/www.uqac.ca\/uqactualites\/2016\/09\/07\/conference-islamophobie-le-debat-est-mal-parti\/#breadcrumb\",\"itemListElement\":[{\"@type\":\"ListItem\",\"position\":1,\"name\":\"Home\",\"item\":\"https:\/\/www.uqac.ca\/uqactualites\/\"},{\"@type\":\"ListItem\",\"position\":2,\"name\":\"Conf\u00e9rence \u00ab Islamophobie : le d\u00e9bat est mal parti \u00bb\"}]},{\"@type\":\"WebSite\",\"@id\":\"https:\/\/www.uqac.ca\/uqactualites\/#website\",\"url\":\"https:\/\/www.uqac.ca\/uqactualites\/\",\"name\":\"UQACtualit\u00e9s\",\"description\":\"Le portail des nouvelles de l&#039;UQAC\",\"potentialAction\":[{\"@type\":\"SearchAction\",\"target\":{\"@type\":\"EntryPoint\",\"urlTemplate\":\"https:\/\/www.uqac.ca\/uqactualites\/?s={search_term_string}\"},\"query-input\":{\"@type\":\"PropertyValueSpecification\",\"valueRequired\":true,\"valueName\":\"search_term_string\"}}],\"inLanguage\":\"fr-CA\"},{\"@type\":\"Person\",\"@id\":\"https:\/\/www.uqac.ca\/uqactualites\/#\/schema\/person\/366c45a0c4f0e677b41b4af5886e2018\",\"name\":\"Service des communications et des relations publiques\",\"image\":{\"@type\":\"ImageObject\",\"inLanguage\":\"fr-CA\",\"@id\":\"https:\/\/www.uqac.ca\/uqactualites\/#\/schema\/person\/image\/\",\"url\":\"https:\/\/secure.gravatar.com\/avatar\/20fbbda8a292f59f2d3461a5b999c00b?s=96&d=mm&r=g\",\"contentUrl\":\"https:\/\/secure.gravatar.com\/avatar\/20fbbda8a292f59f2d3461a5b999c00b?s=96&d=mm&r=g\",\"caption\":\"Service des communications et des relations publiques\"},\"url\":\"https:\/\/www.uqac.ca\/uqactualites\/author\/bap\/\"}]}<\/script>\r\n<!-- \/ Yoast SEO plugin. -->","yoast_head_json":{"title":"Conf\u00e9rence \u00ab Islamophobie : le d\u00e9bat est mal parti \u00bb - UQACtualit\u00e9s","robots":{"index":"index","follow":"follow","max-snippet":"max-snippet:-1","max-image-preview":"max-image-preview:large","max-video-preview":"max-video-preview:-1"},"canonical":"https:\/\/www.uqac.ca\/uqactualites\/2016\/09\/07\/conference-islamophobie-le-debat-est-mal-parti\/","og_locale":"fr_CA","og_type":"article","og_title":"Conf\u00e9rence \u00ab Islamophobie : le d\u00e9bat est mal parti \u00bb - UQACtualit\u00e9s","og_description":"La communaut\u00e9 universitaire est invit\u00e9e \u00e0 assister \u00e0 une conf\u00e9rence qui aura lieu le 23 septembre prochain en collaboration avec la Biblioth\u00e8que municipale Gabrielle Roy de Qu\u00e9bec et qui s&rsquo;inscrit dans les activit\u00e9s de mutualisation des expertises dans le r\u00e9seau UQ sur la question de l&rsquo;islam aujourd&rsquo;hui, activit\u00e9s support\u00e9es par le CELAT, la CERII, la [&hellip;]","og_url":"https:\/\/www.uqac.ca\/uqactualites\/2016\/09\/07\/conference-islamophobie-le-debat-est-mal-parti\/","og_site_name":"UQACtualit\u00e9s","article_published_time":"2016-09-07T13:52:24+00:00","og_image":[{"width":620,"height":300,"url":"https:\/\/www.uqac.ca\/uqactualites\/wp-content\/uploads\/2012\/05\/avis-laCommunaut-.jpg","type":"image\/jpeg"}],"author":"Service des communications et des relations publiques","twitter_card":"summary_large_image","twitter_misc":{"\u00c9crit par":"Service des communications et des relations publiques","Estimation du temps de lecture":"1 minute"},"schema":{"@context":"https:\/\/schema.org","@graph":[{"@type":"WebPage","@id":"https:\/\/www.uqac.ca\/uqactualites\/2016\/09\/07\/conference-islamophobie-le-debat-est-mal-parti\/","url":"https:\/\/www.uqac.ca\/uqactualites\/2016\/09\/07\/conference-islamophobie-le-debat-est-mal-parti\/","name":"Conf\u00e9rence \u00ab Islamophobie : le d\u00e9bat est mal parti \u00bb - UQACtualit\u00e9s","isPartOf":{"@id":"https:\/\/www.uqac.ca\/uqactualites\/#website"},"primaryImageOfPage":{"@id":"https:\/\/www.uqac.ca\/uqactualites\/2016\/09\/07\/conference-islamophobie-le-debat-est-mal-parti\/#primaryimage"},"image":{"@id":"https:\/\/www.uqac.ca\/uqactualites\/2016\/09\/07\/conference-islamophobie-le-debat-est-mal-parti\/#primaryimage"},"thumbnailUrl":"https:\/\/www.uqac.ca\/uqactualites\/wp-content\/uploads\/2012\/05\/avis-laCommunaut-.jpg","datePublished":"2016-09-07T13:52:24+00:00","dateModified":"2016-09-07T13:52:24+00:00","author":{"@id":"https:\/\/www.uqac.ca\/uqactualites\/#\/schema\/person\/366c45a0c4f0e677b41b4af5886e2018"},"breadcrumb":{"@id":"https:\/\/www.uqac.ca\/uqactualites\/2016\/09\/07\/conference-islamophobie-le-debat-est-mal-parti\/#breadcrumb"},"inLanguage":"fr-CA","potentialAction":[{"@type":"ReadAction","target":["https:\/\/www.uqac.ca\/uqactualites\/2016\/09\/07\/conference-islamophobie-le-debat-est-mal-parti\/"]}]},{"@type":"ImageObject","inLanguage":"fr-CA","@id":"https:\/\/www.uqac.ca\/uqactualites\/2016\/09\/07\/conference-islamophobie-le-debat-est-mal-parti\/#primaryimage","url":"https:\/\/www.uqac.ca\/uqactualites\/wp-content\/uploads\/2012\/05\/avis-laCommunaut-.jpg","contentUrl":"https:\/\/www.uqac.ca\/uqactualites\/wp-content\/uploads\/2012\/05\/avis-laCommunaut-.jpg","width":620,"height":300},{"@type":"BreadcrumbList","@id":"https:\/\/www.uqac.ca\/uqactualites\/2016\/09\/07\/conference-islamophobie-le-debat-est-mal-parti\/#breadcrumb","itemListElement":[{"@type":"ListItem","position":1,"name":"Home","item":"https:\/\/www.uqac.ca\/uqactualites\/"},{"@type":"ListItem","position":2,"name":"Conf\u00e9rence \u00ab Islamophobie : le d\u00e9bat est mal parti \u00bb"}]},{"@type":"WebSite","@id":"https:\/\/www.uqac.ca\/uqactualites\/#website","url":"https:\/\/www.uqac.ca\/uqactualites\/","name":"UQACtualit\u00e9s","description":"Le portail des nouvelles de l&#039;UQAC","potentialAction":[{"@type":"SearchAction","target":{"@type":"EntryPoint","urlTemplate":"https:\/\/www.uqac.ca\/uqactualites\/?s={search_term_string}"},"query-input":{"@type":"PropertyValueSpecification","valueRequired":true,"valueName":"search_term_string"}}],"inLanguage":"fr-CA"},{"@type":"Person","@id":"https:\/\/www.uqac.ca\/uqactualites\/#\/schema\/person\/366c45a0c4f0e677b41b4af5886e2018","name":"Service des communications et des relations publiques","image":{"@type":"ImageObject","inLanguage":"fr-CA","@id":"https:\/\/www.uqac.ca\/uqactualites\/#\/schema\/person\/image\/","url":"https:\/\/secure.gravatar.com\/avatar\/20fbbda8a292f59f2d3461a5b999c00b?s=96&d=mm&r=g","contentUrl":"https:\/\/secure.gravatar.com\/avatar\/20fbbda8a292f59f2d3461a5b999c00b?s=96&d=mm&r=g","caption":"Service des communications et des relations publiques"},"url":"https:\/\/www.uqac.ca\/uqactualites\/author\/bap\/"}]}},"_links":{"self":[{"href":"https:\/\/www.uqac.ca\/uqactualites\/wp-json\/wp\/v2\/posts\/32376"}],"collection":[{"href":"https:\/\/www.uqac.ca\/uqactualites\/wp-json\/wp\/v2\/posts"}],"about":[{"href":"https:\/\/www.uqac.ca\/uqactualites\/wp-json\/wp\/v2\/types\/post"}],"author":[{"embeddable":true,"href":"https:\/\/www.uqac.ca\/uqactualites\/wp-json\/wp\/v2\/users\/5"}],"replies":[{"embeddable":true,"href":"https:\/\/www.uqac.ca\/uqactualites\/wp-json\/wp\/v2\/comments?post=32376"}],"version-history":[{"count":0,"href":"https:\/\/www.uqac.ca\/uqactualites\/wp-json\/wp\/v2\/posts\/32376\/revisions"}],"wp:featuredmedia":[{"embeddable":true,"href":"https:\/\/www.uqac.ca\/uqactualites\/wp-json\/wp\/v2\/media\/20989"}],"wp:attachment":[{"href":"https:\/\/www.uqac.ca\/uqactualites\/wp-json\/wp\/v2\/media?parent=32376"}],"wp:term":[{"taxonomy":"category","embeddable":true,"href":"https:\/\/www.uqac.ca\/uqactualites\/wp-json\/wp\/v2\/categories?post=32376"},{"taxonomy":"post_tag","embeddable":true,"href":"https:\/\/www.uqac.ca\/uqactualites\/wp-json\/wp\/v2\/tags?post=32376"}],"curies":[{"name":"wp","href":"https:\/\/api.w.org\/{rel}","templated":true}]}}