{"id":32426,"date":"2016-09-15T14:20:49","date_gmt":"2016-09-15T18:20:49","guid":{"rendered":"http:\/\/uqactualite.odev.ca\/?p=32426"},"modified":"2016-09-15T14:20:49","modified_gmt":"2016-09-15T18:20:49","slug":"attribution-de-la-bourse-commemorative-jean-paul-simard-2015-2016","status":"publish","type":"post","link":"https:\/\/www.uqac.ca\/uqactualites\/2016\/09\/15\/attribution-de-la-bourse-commemorative-jean-paul-simard-2015-2016\/","title":{"rendered":"Attribution de la bourse comm\u00e9morative Jean-Paul Simard 2015-2016"},"content":{"rendered":"<p style=\"text-align: justify\">L\u2019\u00e9quipe du Centre des Premi\u00e8res Nations Nikanite de l\u2019UQAC est fi\u00e8re d\u2019annoncer le nom de la gagnante de la bourse comm\u00e9morative Jean-Paul Simard qui a \u00e9t\u00e9 remise dans le cadre de l\u2019attribution des bourses du Fonds de d\u00e9veloppement de l\u2019UQAC pour l\u2019ann\u00e9e\u00a02015-2016.<\/p>\n<p style=\"text-align: justify\">La laur\u00e9ate de cette bourse de 1000\u00a0$ est Karine Mongeon-Bobbitt, \u00e9tudiante autochtone inscrite en 4<sup>e<\/sup> ann\u00e9e au <a href=\"http:\/\/programmes.uqac.ca\/7992\" target=\"_blank\" rel=\"noopener\">baccalaur\u00e9at en \u00e9ducation pr\u00e9scolaire et en enseignement primaire<\/a>\u00a0fr\u00e9quentant le Centre d\u2019\u00e9tudes universitaires de l\u2019est de la C\u00f4te-Nord.<\/p>\n<p style=\"text-align: justify\">Afin d\u2019\u00eatre admissibles \u00e0 la bourse comm\u00e9morative Jean-Paul Simard, les candidats devaient \u00eatre \u00e9tudiants des Premi\u00e8res Nations, \u00eatre inscrits \u00e0 temps complet dans un programme de baccalaur\u00e9at, avoir accumul\u00e9 entre 36 et 60 cr\u00e9dits \u00e0 ce programme et avoir un excellent dossier scolaire.<\/p>\n<p style=\"text-align: justify\">L\u2019\u00e9quipe du Centre des Premi\u00e8res Nations Nikanite, celle du Centre d\u2019\u00e9tudes universitaires de l\u2019est de la C\u00f4te-Nord et l\u2019ensemble de la communaut\u00e9 universitaire r\u00e9it\u00e8rent toutes leurs f\u00e9licitations \u00e0 Karine Mongeon-Bobbitt pour son engagement scolaire et ses excellents r\u00e9sultats!<\/p>\n<p style=\"text-align: justify\">\n<span style=\"color: #808080\"><strong>Photo\u00a0: <\/strong>Roberto Gauthier, directeur du Centre d\u2019\u00e9tudes universitaires de l\u2019est de la C\u00f4te-Nord, Karine Mongeon-Bobbitt, laur\u00e9ate de la bourse comm\u00e9morative Jean-Paul Simard, et Marco Bacon, directeur du Centre des Premi\u00e8res Nations Nikanite de l\u2019UQAC<\/span><br \/>\n<span style=\"color: #808080\"><strong>\u00a9 Sophie Riverin<\/strong><\/span><\/p>\n","protected":false},"excerpt":{"rendered":"<p>L\u2019\u00e9quipe du Centre des Premi\u00e8res Nations Nikanite de l\u2019UQAC est fi\u00e8re d\u2019annoncer le nom de la gagnante de la bourse comm\u00e9morative Jean-Paul Simard qui a \u00e9t\u00e9 remise dans le cadre de l\u2019attribution des bourses du Fonds de d\u00e9veloppement de l\u2019UQAC pour l\u2019ann\u00e9e\u00a02015-2016. La laur\u00e9ate de cette bourse de 1000\u00a0$ est Karine Mongeon-Bobbitt, \u00e9tudiante autochtone inscrite [&hellip;]<\/p>\n","protected":false},"author":5,"featured_media":32427,"comment_status":"open","ping_status":"open","sticky":false,"template":"","format":"standard","meta":{"footnotes":""},"categories":[2,9],"tags":[],"yoast_head":"<!-- This site is optimized with the Yoast SEO plugin v24.2 - https:\/\/yoast.com\/wordpress\/plugins\/seo\/ -->\r\n<title>Attribution de la bourse comm\u00e9morative Jean-Paul Simard 2015-2016 - UQACtualit\u00e9s<\/title>\r\n<meta name=\"robots\" content=\"index, follow, max-snippet:-1, max-image-preview:large, max-video-preview:-1\" \/>\r\n<link rel=\"canonical\" href=\"https:\/\/www.uqac.ca\/uqactualites\/2016\/09\/15\/attribution-de-la-bourse-commemorative-jean-paul-simard-2015-2016\/\" \/>\r\n<meta property=\"og:locale\" content=\"fr_CA\" \/>\r\n<meta property=\"og:type\" content=\"article\" \/>\r\n<meta property=\"og:title\" content=\"Attribution de la bourse comm\u00e9morative Jean-Paul Simard 2015-2016 - UQACtualit\u00e9s\" \/>\r\n<meta property=\"og:description\" content=\"L\u2019\u00e9quipe du Centre des Premi\u00e8res Nations Nikanite de l\u2019UQAC est fi\u00e8re d\u2019annoncer le nom de la gagnante de la bourse comm\u00e9morative Jean-Paul Simard qui a \u00e9t\u00e9 remise dans le cadre de l\u2019attribution des bourses du Fonds de d\u00e9veloppement de l\u2019UQAC pour l\u2019ann\u00e9e\u00a02015-2016. La laur\u00e9ate de cette bourse de 1000\u00a0$ est Karine Mongeon-Bobbitt, \u00e9tudiante autochtone inscrite [&hellip;]\" \/>\r\n<meta property=\"og:url\" content=\"https:\/\/www.uqac.ca\/uqactualites\/2016\/09\/15\/attribution-de-la-bourse-commemorative-jean-paul-simard-2015-2016\/\" \/>\r\n<meta property=\"og:site_name\" content=\"UQACtualit\u00e9s\" \/>\r\n<meta property=\"article:published_time\" content=\"2016-09-15T18:20:49+00:00\" \/>\r\n<meta property=\"og:image\" content=\"https:\/\/www.uqac.ca\/uqactualites\/wp-content\/uploads\/2016\/09\/Bourse-JPSimard-Web-Sophie-Riverin.jpg\" \/>\r\n\t<meta property=\"og:image:width\" content=\"620\" \/>\r\n\t<meta property=\"og:image:height\" content=\"300\" \/>\r\n\t<meta property=\"og:image:type\" content=\"image\/jpeg\" \/>\r\n<meta name=\"author\" content=\"Service des communications et des relations publiques\" \/>\r\n<meta name=\"twitter:card\" content=\"summary_large_image\" \/>\r\n<meta name=\"twitter:label1\" content=\"\u00c9crit par\" \/>\n\t<meta name=\"twitter:data1\" content=\"Service des communications et des relations publiques\" \/>\n\t<meta name=\"twitter:label2\" content=\"Estimation du temps de lecture\" \/>\n\t<meta name=\"twitter:data2\" content=\"1 minute\" \/>\r\n<script type=\"application\/ld+json\" class=\"yoast-schema-graph\">{\"@context\":\"https:\/\/schema.org\",\"@graph\":[{\"@type\":\"WebPage\",\"@id\":\"https:\/\/www.uqac.ca\/uqactualites\/2016\/09\/15\/attribution-de-la-bourse-commemorative-jean-paul-simard-2015-2016\/\",\"url\":\"https:\/\/www.uqac.ca\/uqactualites\/2016\/09\/15\/attribution-de-la-bourse-commemorative-jean-paul-simard-2015-2016\/\",\"name\":\"Attribution de la bourse comm\u00e9morative Jean-Paul Simard 2015-2016 - UQACtualit\u00e9s\",\"isPartOf\":{\"@id\":\"https:\/\/www.uqac.ca\/uqactualites\/#website\"},\"primaryImageOfPage\":{\"@id\":\"https:\/\/www.uqac.ca\/uqactualites\/2016\/09\/15\/attribution-de-la-bourse-commemorative-jean-paul-simard-2015-2016\/#primaryimage\"},\"image\":{\"@id\":\"https:\/\/www.uqac.ca\/uqactualites\/2016\/09\/15\/attribution-de-la-bourse-commemorative-jean-paul-simard-2015-2016\/#primaryimage\"},\"thumbnailUrl\":\"https:\/\/www.uqac.ca\/uqactualites\/wp-content\/uploads\/2016\/09\/Bourse-JPSimard-Web-Sophie-Riverin.jpg\",\"datePublished\":\"2016-09-15T18:20:49+00:00\",\"dateModified\":\"2016-09-15T18:20:49+00:00\",\"author\":{\"@id\":\"https:\/\/www.uqac.ca\/uqactualites\/#\/schema\/person\/366c45a0c4f0e677b41b4af5886e2018\"},\"breadcrumb\":{\"@id\":\"https:\/\/www.uqac.ca\/uqactualites\/2016\/09\/15\/attribution-de-la-bourse-commemorative-jean-paul-simard-2015-2016\/#breadcrumb\"},\"inLanguage\":\"fr-CA\",\"potentialAction\":[{\"@type\":\"ReadAction\",\"target\":[\"https:\/\/www.uqac.ca\/uqactualites\/2016\/09\/15\/attribution-de-la-bourse-commemorative-jean-paul-simard-2015-2016\/\"]}]},{\"@type\":\"ImageObject\",\"inLanguage\":\"fr-CA\",\"@id\":\"https:\/\/www.uqac.ca\/uqactualites\/2016\/09\/15\/attribution-de-la-bourse-commemorative-jean-paul-simard-2015-2016\/#primaryimage\",\"url\":\"https:\/\/www.uqac.ca\/uqactualites\/wp-content\/uploads\/2016\/09\/Bourse-JPSimard-Web-Sophie-Riverin.jpg\",\"contentUrl\":\"https:\/\/www.uqac.ca\/uqactualites\/wp-content\/uploads\/2016\/09\/Bourse-JPSimard-Web-Sophie-Riverin.jpg\",\"width\":620,\"height\":300},{\"@type\":\"BreadcrumbList\",\"@id\":\"https:\/\/www.uqac.ca\/uqactualites\/2016\/09\/15\/attribution-de-la-bourse-commemorative-jean-paul-simard-2015-2016\/#breadcrumb\",\"itemListElement\":[{\"@type\":\"ListItem\",\"position\":1,\"name\":\"Home\",\"item\":\"https:\/\/www.uqac.ca\/uqactualites\/\"},{\"@type\":\"ListItem\",\"position\":2,\"name\":\"Attribution de la bourse comm\u00e9morative Jean-Paul Simard 2015-2016\"}]},{\"@type\":\"WebSite\",\"@id\":\"https:\/\/www.uqac.ca\/uqactualites\/#website\",\"url\":\"https:\/\/www.uqac.ca\/uqactualites\/\",\"name\":\"UQACtualit\u00e9s\",\"description\":\"Le portail des nouvelles de l&#039;UQAC\",\"potentialAction\":[{\"@type\":\"SearchAction\",\"target\":{\"@type\":\"EntryPoint\",\"urlTemplate\":\"https:\/\/www.uqac.ca\/uqactualites\/?s={search_term_string}\"},\"query-input\":{\"@type\":\"PropertyValueSpecification\",\"valueRequired\":true,\"valueName\":\"search_term_string\"}}],\"inLanguage\":\"fr-CA\"},{\"@type\":\"Person\",\"@id\":\"https:\/\/www.uqac.ca\/uqactualites\/#\/schema\/person\/366c45a0c4f0e677b41b4af5886e2018\",\"name\":\"Service des communications et des relations publiques\",\"image\":{\"@type\":\"ImageObject\",\"inLanguage\":\"fr-CA\",\"@id\":\"https:\/\/www.uqac.ca\/uqactualites\/#\/schema\/person\/image\/\",\"url\":\"https:\/\/secure.gravatar.com\/avatar\/20fbbda8a292f59f2d3461a5b999c00b?s=96&d=mm&r=g\",\"contentUrl\":\"https:\/\/secure.gravatar.com\/avatar\/20fbbda8a292f59f2d3461a5b999c00b?s=96&d=mm&r=g\",\"caption\":\"Service des communications et des relations publiques\"},\"url\":\"https:\/\/www.uqac.ca\/uqactualites\/author\/bap\/\"}]}<\/script>\r\n<!-- \/ Yoast SEO plugin. -->","yoast_head_json":{"title":"Attribution de la bourse comm\u00e9morative Jean-Paul Simard 2015-2016 - UQACtualit\u00e9s","robots":{"index":"index","follow":"follow","max-snippet":"max-snippet:-1","max-image-preview":"max-image-preview:large","max-video-preview":"max-video-preview:-1"},"canonical":"https:\/\/www.uqac.ca\/uqactualites\/2016\/09\/15\/attribution-de-la-bourse-commemorative-jean-paul-simard-2015-2016\/","og_locale":"fr_CA","og_type":"article","og_title":"Attribution de la bourse comm\u00e9morative Jean-Paul Simard 2015-2016 - UQACtualit\u00e9s","og_description":"L\u2019\u00e9quipe du Centre des Premi\u00e8res Nations Nikanite de l\u2019UQAC est fi\u00e8re d\u2019annoncer le nom de la gagnante de la bourse comm\u00e9morative Jean-Paul Simard qui a \u00e9t\u00e9 remise dans le cadre de l\u2019attribution des bourses du Fonds de d\u00e9veloppement de l\u2019UQAC pour l\u2019ann\u00e9e\u00a02015-2016. La laur\u00e9ate de cette bourse de 1000\u00a0$ est Karine Mongeon-Bobbitt, \u00e9tudiante autochtone inscrite [&hellip;]","og_url":"https:\/\/www.uqac.ca\/uqactualites\/2016\/09\/15\/attribution-de-la-bourse-commemorative-jean-paul-simard-2015-2016\/","og_site_name":"UQACtualit\u00e9s","article_published_time":"2016-09-15T18:20:49+00:00","og_image":[{"width":620,"height":300,"url":"https:\/\/www.uqac.ca\/uqactualites\/wp-content\/uploads\/2016\/09\/Bourse-JPSimard-Web-Sophie-Riverin.jpg","type":"image\/jpeg"}],"author":"Service des communications et des relations publiques","twitter_card":"summary_large_image","twitter_misc":{"\u00c9crit par":"Service des communications et des relations publiques","Estimation du temps de lecture":"1 minute"},"schema":{"@context":"https:\/\/schema.org","@graph":[{"@type":"WebPage","@id":"https:\/\/www.uqac.ca\/uqactualites\/2016\/09\/15\/attribution-de-la-bourse-commemorative-jean-paul-simard-2015-2016\/","url":"https:\/\/www.uqac.ca\/uqactualites\/2016\/09\/15\/attribution-de-la-bourse-commemorative-jean-paul-simard-2015-2016\/","name":"Attribution de la bourse comm\u00e9morative Jean-Paul Simard 2015-2016 - UQACtualit\u00e9s","isPartOf":{"@id":"https:\/\/www.uqac.ca\/uqactualites\/#website"},"primaryImageOfPage":{"@id":"https:\/\/www.uqac.ca\/uqactualites\/2016\/09\/15\/attribution-de-la-bourse-commemorative-jean-paul-simard-2015-2016\/#primaryimage"},"image":{"@id":"https:\/\/www.uqac.ca\/uqactualites\/2016\/09\/15\/attribution-de-la-bourse-commemorative-jean-paul-simard-2015-2016\/#primaryimage"},"thumbnailUrl":"https:\/\/www.uqac.ca\/uqactualites\/wp-content\/uploads\/2016\/09\/Bourse-JPSimard-Web-Sophie-Riverin.jpg","datePublished":"2016-09-15T18:20:49+00:00","dateModified":"2016-09-15T18:20:49+00:00","author":{"@id":"https:\/\/www.uqac.ca\/uqactualites\/#\/schema\/person\/366c45a0c4f0e677b41b4af5886e2018"},"breadcrumb":{"@id":"https:\/\/www.uqac.ca\/uqactualites\/2016\/09\/15\/attribution-de-la-bourse-commemorative-jean-paul-simard-2015-2016\/#breadcrumb"},"inLanguage":"fr-CA","potentialAction":[{"@type":"ReadAction","target":["https:\/\/www.uqac.ca\/uqactualites\/2016\/09\/15\/attribution-de-la-bourse-commemorative-jean-paul-simard-2015-2016\/"]}]},{"@type":"ImageObject","inLanguage":"fr-CA","@id":"https:\/\/www.uqac.ca\/uqactualites\/2016\/09\/15\/attribution-de-la-bourse-commemorative-jean-paul-simard-2015-2016\/#primaryimage","url":"https:\/\/www.uqac.ca\/uqactualites\/wp-content\/uploads\/2016\/09\/Bourse-JPSimard-Web-Sophie-Riverin.jpg","contentUrl":"https:\/\/www.uqac.ca\/uqactualites\/wp-content\/uploads\/2016\/09\/Bourse-JPSimard-Web-Sophie-Riverin.jpg","width":620,"height":300},{"@type":"BreadcrumbList","@id":"https:\/\/www.uqac.ca\/uqactualites\/2016\/09\/15\/attribution-de-la-bourse-commemorative-jean-paul-simard-2015-2016\/#breadcrumb","itemListElement":[{"@type":"ListItem","position":1,"name":"Home","item":"https:\/\/www.uqac.ca\/uqactualites\/"},{"@type":"ListItem","position":2,"name":"Attribution de la bourse comm\u00e9morative Jean-Paul Simard 2015-2016"}]},{"@type":"WebSite","@id":"https:\/\/www.uqac.ca\/uqactualites\/#website","url":"https:\/\/www.uqac.ca\/uqactualites\/","name":"UQACtualit\u00e9s","description":"Le portail des nouvelles de l&#039;UQAC","potentialAction":[{"@type":"SearchAction","target":{"@type":"EntryPoint","urlTemplate":"https:\/\/www.uqac.ca\/uqactualites\/?s={search_term_string}"},"query-input":{"@type":"PropertyValueSpecification","valueRequired":true,"valueName":"search_term_string"}}],"inLanguage":"fr-CA"},{"@type":"Person","@id":"https:\/\/www.uqac.ca\/uqactualites\/#\/schema\/person\/366c45a0c4f0e677b41b4af5886e2018","name":"Service des communications et des relations publiques","image":{"@type":"ImageObject","inLanguage":"fr-CA","@id":"https:\/\/www.uqac.ca\/uqactualites\/#\/schema\/person\/image\/","url":"https:\/\/secure.gravatar.com\/avatar\/20fbbda8a292f59f2d3461a5b999c00b?s=96&d=mm&r=g","contentUrl":"https:\/\/secure.gravatar.com\/avatar\/20fbbda8a292f59f2d3461a5b999c00b?s=96&d=mm&r=g","caption":"Service des communications et des relations publiques"},"url":"https:\/\/www.uqac.ca\/uqactualites\/author\/bap\/"}]}},"_links":{"self":[{"href":"https:\/\/www.uqac.ca\/uqactualites\/wp-json\/wp\/v2\/posts\/32426"}],"collection":[{"href":"https:\/\/www.uqac.ca\/uqactualites\/wp-json\/wp\/v2\/posts"}],"about":[{"href":"https:\/\/www.uqac.ca\/uqactualites\/wp-json\/wp\/v2\/types\/post"}],"author":[{"embeddable":true,"href":"https:\/\/www.uqac.ca\/uqactualites\/wp-json\/wp\/v2\/users\/5"}],"replies":[{"embeddable":true,"href":"https:\/\/www.uqac.ca\/uqactualites\/wp-json\/wp\/v2\/comments?post=32426"}],"version-history":[{"count":0,"href":"https:\/\/www.uqac.ca\/uqactualites\/wp-json\/wp\/v2\/posts\/32426\/revisions"}],"wp:featuredmedia":[{"embeddable":true,"href":"https:\/\/www.uqac.ca\/uqactualites\/wp-json\/wp\/v2\/media\/32427"}],"wp:attachment":[{"href":"https:\/\/www.uqac.ca\/uqactualites\/wp-json\/wp\/v2\/media?parent=32426"}],"wp:term":[{"taxonomy":"category","embeddable":true,"href":"https:\/\/www.uqac.ca\/uqactualites\/wp-json\/wp\/v2\/categories?post=32426"},{"taxonomy":"post_tag","embeddable":true,"href":"https:\/\/www.uqac.ca\/uqactualites\/wp-json\/wp\/v2\/tags?post=32426"}],"curies":[{"name":"wp","href":"https:\/\/api.w.org\/{rel}","templated":true}]}}