{"id":32463,"date":"2016-09-21T15:40:32","date_gmt":"2016-09-21T19:40:32","guid":{"rendered":"http:\/\/uqactualite.odev.ca\/?p=32463"},"modified":"2016-09-21T15:40:32","modified_gmt":"2016-09-21T19:40:32","slug":"certificat-en-enseignement-22-nouveaux-diplomes-haitiens","status":"publish","type":"post","link":"https:\/\/www.uqac.ca\/uqactualites\/2016\/09\/21\/certificat-en-enseignement-22-nouveaux-diplomes-haitiens\/","title":{"rendered":"Certificat en enseignement\u00a0:\u00a022 nouveaux dipl\u00f4m\u00e9s ha\u00eftiens"},"content":{"rendered":"<p style=\"text-align: justify\">Le 16 septembre dernier, pas moins de 22 \u00e9tudiants ha\u00eftiens ont re\u00e7u leur certificat en enseignement dans le cadre du programme conjoint entre l\u2019UQAC et l\u2019Universit\u00e9 d\u2019\u00c9tat d\u2019Ha\u00efti (via l\u2019\u00c9cole Normale Sup\u00e9rieure). La cohorte ayant amorc\u00e9 sa formation en 2013 a finalis\u00e9 les 10 cours du programme avec succ\u00e8s.<\/p>\n<p style=\"text-align: justify\">Cette r\u00e9ussite n\u2019aurait pu \u00eatre possible sans la collaboration de l\u2019Honorable Micha\u00eblle Jean \u2013 \u00e0 l\u2019\u00e9poque d\u00e9l\u00e9gu\u00e9e sp\u00e9ciale de l\u2019UNESCO pour Ha\u00efti \u2013 et des partenaires ha\u00eftiens, dont le minist\u00e8re de l\u2019\u00c9ducation. L\u2019apport du Bureau de l\u2019international de l\u2019UQAC et surtout celui de l\u2019instigatrice du projet, la professeure Pauline Minier, auront \u00e9galement \u00e9t\u00e9 essentiels.<\/p>\n<p style=\"text-align: justify\">L\u2019UQAC tient \u00e0 souligner la participation b\u00e9n\u00e9vole, dans des conditions difficiles telles que la chaleur extr\u00eame, les conditions sanitaires d\u00e9faillantes et les nombreuses manifestations dans la population locale, des membres de son corps professoral : Pauline Minier, Colette\u00a0Tremblay, H\u00e9bert M\u00e9tellus, Manon Doucet, Martine Maltais, Diane Bouchard, Pierre Ruel, Christiane Pilote et Jacques-Andr\u00e9 Gueyaud.<\/p>\n<p style=\"text-align: justify\">L\u2019Universit\u00e9 est fi\u00e8re d\u2019avoir soutenu ce projet, qui est un bel exemple de solidarit\u00e9, de travail d\u2019\u00e9quipe et d\u2019aide \u00e0 la communaut\u00e9.<\/p>\n<p style=\"text-align: justify\">F\u00e9licitations aux dipl\u00f4m\u00e9s!<\/p>\n<p style=\"text-align: justify\"><strong>\u00bb\u00a0<span style=\"text-decoration: underline\"><a href=\"http:\/\/uqactualite.odev.ca\/pauline-minier-realise-un-projet-humanitaire-en-haiti\/\" target=\"_blank\" rel=\"noopener\">Consultez l\u2019article publi\u00e9 en 2013 lors du lancement du projet en Ha\u00efti.<\/a><\/span><\/strong><\/p>\n<p style=\"text-align: justify\"><strong><br \/>\n<span style=\"color: #808080\">\u00a9 \u00c9cole Normale Sup\u00e9rieure (Grand-Go\u00e2ve, Ha\u00efti)<\/span><\/strong><\/p>\n","protected":false},"excerpt":{"rendered":"<p>Le 16 septembre dernier, pas moins de 22 \u00e9tudiants ha\u00eftiens ont re\u00e7u leur certificat en enseignement dans le cadre du programme conjoint entre l\u2019UQAC et l\u2019Universit\u00e9 d\u2019\u00c9tat d\u2019Ha\u00efti (via l\u2019\u00c9cole Normale Sup\u00e9rieure). La cohorte ayant amorc\u00e9 sa formation en 2013 a finalis\u00e9 les 10 cours du programme avec succ\u00e8s. Cette r\u00e9ussite n\u2019aurait pu \u00eatre possible [&hellip;]<\/p>\n","protected":false},"author":5,"featured_media":32464,"comment_status":"open","ping_status":"open","sticky":false,"template":"","format":"standard","meta":{"footnotes":""},"categories":[2],"tags":[],"yoast_head":"<!-- This site is optimized with the Yoast SEO plugin v24.2 - https:\/\/yoast.com\/wordpress\/plugins\/seo\/ -->\r\n<title>Certificat en enseignement\u00a0:\u00a022 nouveaux dipl\u00f4m\u00e9s ha\u00eftiens - UQACtualit\u00e9s<\/title>\r\n<meta name=\"robots\" content=\"index, follow, max-snippet:-1, max-image-preview:large, max-video-preview:-1\" \/>\r\n<link rel=\"canonical\" href=\"https:\/\/www.uqac.ca\/uqactualites\/2016\/09\/21\/certificat-en-enseignement-22-nouveaux-diplomes-haitiens\/\" \/>\r\n<meta property=\"og:locale\" content=\"fr_CA\" \/>\r\n<meta property=\"og:type\" content=\"article\" \/>\r\n<meta property=\"og:title\" content=\"Certificat en enseignement\u00a0:\u00a022 nouveaux dipl\u00f4m\u00e9s ha\u00eftiens - UQACtualit\u00e9s\" \/>\r\n<meta property=\"og:description\" content=\"Le 16 septembre dernier, pas moins de 22 \u00e9tudiants ha\u00eftiens ont re\u00e7u leur certificat en enseignement dans le cadre du programme conjoint entre l\u2019UQAC et l\u2019Universit\u00e9 d\u2019\u00c9tat d\u2019Ha\u00efti (via l\u2019\u00c9cole Normale Sup\u00e9rieure). La cohorte ayant amorc\u00e9 sa formation en 2013 a finalis\u00e9 les 10 cours du programme avec succ\u00e8s. Cette r\u00e9ussite n\u2019aurait pu \u00eatre possible [&hellip;]\" \/>\r\n<meta property=\"og:url\" content=\"https:\/\/www.uqac.ca\/uqactualites\/2016\/09\/21\/certificat-en-enseignement-22-nouveaux-diplomes-haitiens\/\" \/>\r\n<meta property=\"og:site_name\" content=\"UQACtualit\u00e9s\" \/>\r\n<meta property=\"article:published_time\" content=\"2016-09-21T19:40:32+00:00\" \/>\r\n<meta property=\"og:image\" content=\"https:\/\/www.uqac.ca\/uqactualites\/wp-content\/uploads\/2016\/09\/Diplom\u00e9s-Haiti-Web-ENS.jpg\" \/>\r\n\t<meta property=\"og:image:width\" content=\"620\" \/>\r\n\t<meta property=\"og:image:height\" content=\"300\" \/>\r\n\t<meta property=\"og:image:type\" content=\"image\/jpeg\" \/>\r\n<meta name=\"author\" content=\"Service des communications et des relations publiques\" \/>\r\n<meta name=\"twitter:card\" content=\"summary_large_image\" \/>\r\n<meta name=\"twitter:label1\" content=\"\u00c9crit par\" \/>\n\t<meta name=\"twitter:data1\" content=\"Service des communications et des relations publiques\" \/>\n\t<meta name=\"twitter:label2\" content=\"Estimation du temps de lecture\" \/>\n\t<meta name=\"twitter:data2\" content=\"1 minute\" \/>\r\n<script type=\"application\/ld+json\" class=\"yoast-schema-graph\">{\"@context\":\"https:\/\/schema.org\",\"@graph\":[{\"@type\":\"WebPage\",\"@id\":\"https:\/\/www.uqac.ca\/uqactualites\/2016\/09\/21\/certificat-en-enseignement-22-nouveaux-diplomes-haitiens\/\",\"url\":\"https:\/\/www.uqac.ca\/uqactualites\/2016\/09\/21\/certificat-en-enseignement-22-nouveaux-diplomes-haitiens\/\",\"name\":\"Certificat en enseignement\u00a0:\u00a022 nouveaux dipl\u00f4m\u00e9s ha\u00eftiens - UQACtualit\u00e9s\",\"isPartOf\":{\"@id\":\"https:\/\/www.uqac.ca\/uqactualites\/#website\"},\"primaryImageOfPage\":{\"@id\":\"https:\/\/www.uqac.ca\/uqactualites\/2016\/09\/21\/certificat-en-enseignement-22-nouveaux-diplomes-haitiens\/#primaryimage\"},\"image\":{\"@id\":\"https:\/\/www.uqac.ca\/uqactualites\/2016\/09\/21\/certificat-en-enseignement-22-nouveaux-diplomes-haitiens\/#primaryimage\"},\"thumbnailUrl\":\"https:\/\/www.uqac.ca\/uqactualites\/wp-content\/uploads\/2016\/09\/Diplom\u00e9s-Haiti-Web-ENS.jpg\",\"datePublished\":\"2016-09-21T19:40:32+00:00\",\"dateModified\":\"2016-09-21T19:40:32+00:00\",\"author\":{\"@id\":\"https:\/\/www.uqac.ca\/uqactualites\/#\/schema\/person\/366c45a0c4f0e677b41b4af5886e2018\"},\"breadcrumb\":{\"@id\":\"https:\/\/www.uqac.ca\/uqactualites\/2016\/09\/21\/certificat-en-enseignement-22-nouveaux-diplomes-haitiens\/#breadcrumb\"},\"inLanguage\":\"fr-CA\",\"potentialAction\":[{\"@type\":\"ReadAction\",\"target\":[\"https:\/\/www.uqac.ca\/uqactualites\/2016\/09\/21\/certificat-en-enseignement-22-nouveaux-diplomes-haitiens\/\"]}]},{\"@type\":\"ImageObject\",\"inLanguage\":\"fr-CA\",\"@id\":\"https:\/\/www.uqac.ca\/uqactualites\/2016\/09\/21\/certificat-en-enseignement-22-nouveaux-diplomes-haitiens\/#primaryimage\",\"url\":\"https:\/\/www.uqac.ca\/uqactualites\/wp-content\/uploads\/2016\/09\/Diplom\u00e9s-Haiti-Web-ENS.jpg\",\"contentUrl\":\"https:\/\/www.uqac.ca\/uqactualites\/wp-content\/uploads\/2016\/09\/Diplom\u00e9s-Haiti-Web-ENS.jpg\",\"width\":620,\"height\":300},{\"@type\":\"BreadcrumbList\",\"@id\":\"https:\/\/www.uqac.ca\/uqactualites\/2016\/09\/21\/certificat-en-enseignement-22-nouveaux-diplomes-haitiens\/#breadcrumb\",\"itemListElement\":[{\"@type\":\"ListItem\",\"position\":1,\"name\":\"Home\",\"item\":\"https:\/\/www.uqac.ca\/uqactualites\/\"},{\"@type\":\"ListItem\",\"position\":2,\"name\":\"Certificat en enseignement\u00a0:\u00a022 nouveaux dipl\u00f4m\u00e9s ha\u00eftiens\"}]},{\"@type\":\"WebSite\",\"@id\":\"https:\/\/www.uqac.ca\/uqactualites\/#website\",\"url\":\"https:\/\/www.uqac.ca\/uqactualites\/\",\"name\":\"UQACtualit\u00e9s\",\"description\":\"Le portail des nouvelles de l&#039;UQAC\",\"potentialAction\":[{\"@type\":\"SearchAction\",\"target\":{\"@type\":\"EntryPoint\",\"urlTemplate\":\"https:\/\/www.uqac.ca\/uqactualites\/?s={search_term_string}\"},\"query-input\":{\"@type\":\"PropertyValueSpecification\",\"valueRequired\":true,\"valueName\":\"search_term_string\"}}],\"inLanguage\":\"fr-CA\"},{\"@type\":\"Person\",\"@id\":\"https:\/\/www.uqac.ca\/uqactualites\/#\/schema\/person\/366c45a0c4f0e677b41b4af5886e2018\",\"name\":\"Service des communications et des relations publiques\",\"image\":{\"@type\":\"ImageObject\",\"inLanguage\":\"fr-CA\",\"@id\":\"https:\/\/www.uqac.ca\/uqactualites\/#\/schema\/person\/image\/\",\"url\":\"https:\/\/secure.gravatar.com\/avatar\/20fbbda8a292f59f2d3461a5b999c00b?s=96&d=mm&r=g\",\"contentUrl\":\"https:\/\/secure.gravatar.com\/avatar\/20fbbda8a292f59f2d3461a5b999c00b?s=96&d=mm&r=g\",\"caption\":\"Service des communications et des relations publiques\"},\"url\":\"https:\/\/www.uqac.ca\/uqactualites\/author\/bap\/\"}]}<\/script>\r\n<!-- \/ Yoast SEO plugin. -->","yoast_head_json":{"title":"Certificat en enseignement\u00a0:\u00a022 nouveaux dipl\u00f4m\u00e9s ha\u00eftiens - UQACtualit\u00e9s","robots":{"index":"index","follow":"follow","max-snippet":"max-snippet:-1","max-image-preview":"max-image-preview:large","max-video-preview":"max-video-preview:-1"},"canonical":"https:\/\/www.uqac.ca\/uqactualites\/2016\/09\/21\/certificat-en-enseignement-22-nouveaux-diplomes-haitiens\/","og_locale":"fr_CA","og_type":"article","og_title":"Certificat en enseignement\u00a0:\u00a022 nouveaux dipl\u00f4m\u00e9s ha\u00eftiens - UQACtualit\u00e9s","og_description":"Le 16 septembre dernier, pas moins de 22 \u00e9tudiants ha\u00eftiens ont re\u00e7u leur certificat en enseignement dans le cadre du programme conjoint entre l\u2019UQAC et l\u2019Universit\u00e9 d\u2019\u00c9tat d\u2019Ha\u00efti (via l\u2019\u00c9cole Normale Sup\u00e9rieure). La cohorte ayant amorc\u00e9 sa formation en 2013 a finalis\u00e9 les 10 cours du programme avec succ\u00e8s. Cette r\u00e9ussite n\u2019aurait pu \u00eatre possible [&hellip;]","og_url":"https:\/\/www.uqac.ca\/uqactualites\/2016\/09\/21\/certificat-en-enseignement-22-nouveaux-diplomes-haitiens\/","og_site_name":"UQACtualit\u00e9s","article_published_time":"2016-09-21T19:40:32+00:00","og_image":[{"width":620,"height":300,"url":"https:\/\/www.uqac.ca\/uqactualites\/wp-content\/uploads\/2016\/09\/Diplom\u00e9s-Haiti-Web-ENS.jpg","type":"image\/jpeg"}],"author":"Service des communications et des relations publiques","twitter_card":"summary_large_image","twitter_misc":{"\u00c9crit par":"Service des communications et des relations publiques","Estimation du temps de lecture":"1 minute"},"schema":{"@context":"https:\/\/schema.org","@graph":[{"@type":"WebPage","@id":"https:\/\/www.uqac.ca\/uqactualites\/2016\/09\/21\/certificat-en-enseignement-22-nouveaux-diplomes-haitiens\/","url":"https:\/\/www.uqac.ca\/uqactualites\/2016\/09\/21\/certificat-en-enseignement-22-nouveaux-diplomes-haitiens\/","name":"Certificat en enseignement\u00a0:\u00a022 nouveaux dipl\u00f4m\u00e9s ha\u00eftiens - UQACtualit\u00e9s","isPartOf":{"@id":"https:\/\/www.uqac.ca\/uqactualites\/#website"},"primaryImageOfPage":{"@id":"https:\/\/www.uqac.ca\/uqactualites\/2016\/09\/21\/certificat-en-enseignement-22-nouveaux-diplomes-haitiens\/#primaryimage"},"image":{"@id":"https:\/\/www.uqac.ca\/uqactualites\/2016\/09\/21\/certificat-en-enseignement-22-nouveaux-diplomes-haitiens\/#primaryimage"},"thumbnailUrl":"https:\/\/www.uqac.ca\/uqactualites\/wp-content\/uploads\/2016\/09\/Diplom\u00e9s-Haiti-Web-ENS.jpg","datePublished":"2016-09-21T19:40:32+00:00","dateModified":"2016-09-21T19:40:32+00:00","author":{"@id":"https:\/\/www.uqac.ca\/uqactualites\/#\/schema\/person\/366c45a0c4f0e677b41b4af5886e2018"},"breadcrumb":{"@id":"https:\/\/www.uqac.ca\/uqactualites\/2016\/09\/21\/certificat-en-enseignement-22-nouveaux-diplomes-haitiens\/#breadcrumb"},"inLanguage":"fr-CA","potentialAction":[{"@type":"ReadAction","target":["https:\/\/www.uqac.ca\/uqactualites\/2016\/09\/21\/certificat-en-enseignement-22-nouveaux-diplomes-haitiens\/"]}]},{"@type":"ImageObject","inLanguage":"fr-CA","@id":"https:\/\/www.uqac.ca\/uqactualites\/2016\/09\/21\/certificat-en-enseignement-22-nouveaux-diplomes-haitiens\/#primaryimage","url":"https:\/\/www.uqac.ca\/uqactualites\/wp-content\/uploads\/2016\/09\/Diplom\u00e9s-Haiti-Web-ENS.jpg","contentUrl":"https:\/\/www.uqac.ca\/uqactualites\/wp-content\/uploads\/2016\/09\/Diplom\u00e9s-Haiti-Web-ENS.jpg","width":620,"height":300},{"@type":"BreadcrumbList","@id":"https:\/\/www.uqac.ca\/uqactualites\/2016\/09\/21\/certificat-en-enseignement-22-nouveaux-diplomes-haitiens\/#breadcrumb","itemListElement":[{"@type":"ListItem","position":1,"name":"Home","item":"https:\/\/www.uqac.ca\/uqactualites\/"},{"@type":"ListItem","position":2,"name":"Certificat en enseignement\u00a0:\u00a022 nouveaux dipl\u00f4m\u00e9s ha\u00eftiens"}]},{"@type":"WebSite","@id":"https:\/\/www.uqac.ca\/uqactualites\/#website","url":"https:\/\/www.uqac.ca\/uqactualites\/","name":"UQACtualit\u00e9s","description":"Le portail des nouvelles de l&#039;UQAC","potentialAction":[{"@type":"SearchAction","target":{"@type":"EntryPoint","urlTemplate":"https:\/\/www.uqac.ca\/uqactualites\/?s={search_term_string}"},"query-input":{"@type":"PropertyValueSpecification","valueRequired":true,"valueName":"search_term_string"}}],"inLanguage":"fr-CA"},{"@type":"Person","@id":"https:\/\/www.uqac.ca\/uqactualites\/#\/schema\/person\/366c45a0c4f0e677b41b4af5886e2018","name":"Service des communications et des relations publiques","image":{"@type":"ImageObject","inLanguage":"fr-CA","@id":"https:\/\/www.uqac.ca\/uqactualites\/#\/schema\/person\/image\/","url":"https:\/\/secure.gravatar.com\/avatar\/20fbbda8a292f59f2d3461a5b999c00b?s=96&d=mm&r=g","contentUrl":"https:\/\/secure.gravatar.com\/avatar\/20fbbda8a292f59f2d3461a5b999c00b?s=96&d=mm&r=g","caption":"Service des communications et des relations publiques"},"url":"https:\/\/www.uqac.ca\/uqactualites\/author\/bap\/"}]}},"_links":{"self":[{"href":"https:\/\/www.uqac.ca\/uqactualites\/wp-json\/wp\/v2\/posts\/32463"}],"collection":[{"href":"https:\/\/www.uqac.ca\/uqactualites\/wp-json\/wp\/v2\/posts"}],"about":[{"href":"https:\/\/www.uqac.ca\/uqactualites\/wp-json\/wp\/v2\/types\/post"}],"author":[{"embeddable":true,"href":"https:\/\/www.uqac.ca\/uqactualites\/wp-json\/wp\/v2\/users\/5"}],"replies":[{"embeddable":true,"href":"https:\/\/www.uqac.ca\/uqactualites\/wp-json\/wp\/v2\/comments?post=32463"}],"version-history":[{"count":0,"href":"https:\/\/www.uqac.ca\/uqactualites\/wp-json\/wp\/v2\/posts\/32463\/revisions"}],"wp:featuredmedia":[{"embeddable":true,"href":"https:\/\/www.uqac.ca\/uqactualites\/wp-json\/wp\/v2\/media\/32464"}],"wp:attachment":[{"href":"https:\/\/www.uqac.ca\/uqactualites\/wp-json\/wp\/v2\/media?parent=32463"}],"wp:term":[{"taxonomy":"category","embeddable":true,"href":"https:\/\/www.uqac.ca\/uqactualites\/wp-json\/wp\/v2\/categories?post=32463"},{"taxonomy":"post_tag","embeddable":true,"href":"https:\/\/www.uqac.ca\/uqactualites\/wp-json\/wp\/v2\/tags?post=32463"}],"curies":[{"name":"wp","href":"https:\/\/api.w.org\/{rel}","templated":true}]}}