{"id":32490,"date":"2016-09-27T13:57:28","date_gmt":"2016-09-27T17:57:28","guid":{"rendered":"http:\/\/uqactualite.odev.ca\/?p=32490"},"modified":"2016-09-27T13:57:28","modified_gmt":"2016-09-27T17:57:28","slug":"lancement-de-la-cinquieme-edition-de-savoir-affaires","status":"publish","type":"post","link":"https:\/\/www.uqac.ca\/uqactualites\/2016\/09\/27\/lancement-de-la-cinquieme-edition-de-savoir-affaires\/","title":{"rendered":"Lancement de la cinqui\u00e8me \u00e9dition de Savoir affaires"},"content":{"rendered":"<p>M.\u00a0R\u00e9jean Porlier, maire de la Ville de Sept-\u00celes, M. Martin Gauthier, recteur de l\u2019Universit\u00e9 du Qu\u00e9bec \u00e0 Chicoutimi, M. Luc Gagnon, conseiller au d\u00e9veloppement des affaires et des infrastructures strat\u00e9giques pour la Soci\u00e9t\u00e9 du Plan Nord, et M.\u00a0Sylvain Larivi\u00e8re, directeur g\u00e9n\u00e9ral et commissaire industriel \u00e0 D\u00e9veloppement \u00e9conomique Sept-\u00celes, ont annonc\u00e9 la venue prochaine de l\u2019initiative de l\u2019Universit\u00e9 du Qu\u00e9bec, Savoir Affaires, en territoire nord-c\u00f4tier.<\/p>\n<p>Ainsi du 7 au 11 novembre, la cinqui\u00e8me \u00e9dition de l\u2019\u00e9v\u00e9nement, qui s\u2019intitulera <em>Tremplin vers le Nord<\/em>, misera sur une alliance entre le savoir sp\u00e9cialis\u00e9 d\u2019\u00e9tudiants universitaires de cycles sup\u00e9rieurs et de postdoctorants et l\u2019expertise du milieu entrepreneurial. Dans le cadre d\u2019une comp\u00e9tition s\u2019\u00e9chelonnant sur une semaine, une quarantaine d\u2019\u00e9tudiants de profils distincts, en provenance des dix \u00e9tablissements du r\u00e9seau de l\u2019Universit\u00e9 du Qu\u00e9bec, collaboreront en \u00e9quipe avec une centaine de gens d\u2019affaires, des intervenants cl\u00e9s du d\u00e9veloppement \u00e9conomique et des repr\u00e9sentants gouvernementaux de la r\u00e9gion de la C\u00f4te-Nord afin d\u2019identifier, d\u2019\u00e9laborer et de pr\u00e9senter de nouveaux projets d\u2019affaires.<\/p>\n<p>Les participants seront appel\u00e9s \u00e0 explorer des opportunit\u00e9s d\u2019affaires autour des th\u00e8mes suivants: le tourisme, la transformation m\u00e9tallique et min\u00e9rale, le bioalimentaire et les mati\u00e8res r\u00e9siduelles et rejets industriels. \u00c0 l\u2019issue de l\u2019\u00e9v\u00e9nement, une trentaine de propositions d\u2019affaires et plus d\u2019une centaine d\u2019id\u00e9es novatrices concernant ces th\u00e9matiques devraient \u00e9merger.<\/p>\n<p>Pour Sylvain Larivi\u00e8re de D\u00e9veloppement \u00e9conomique Sept-\u00celes, \u00ab\u2009Savoir-Affaires Tremplin vers le Nord repr\u00e9sente pour la r\u00e9gion de Sept-\u00celes et de Port-Cartier une initiative concr\u00e8te de combinaison des forces vives du milieu universitaire qu\u00e9b\u00e9cois, avec notre centre d\u2019\u00e9tudes universitaires de l\u2019UQAC \u00e0 Sept-\u00celes, le r\u00e9seau de l\u2019Universit\u00e9 du Qu\u00e9bec, et les hommes et femmes d\u2019affaires de la r\u00e9gion. En ayant comme livrable des plans d\u2019affaires dans nos cr\u00e9neaux cl\u00e9s, notre coffre \u00e0 outils de diversification \u00e9conomique s\u2019en trouve bonifi\u00e9e.\u2009\u00bb<\/p>\n<p>Pour M. Robert Sauv\u00e9, pr\u00e9sident-directeur g\u00e9n\u00e9ral de la Soci\u00e9t\u00e9 du Plan Nord\u00a0: \u00ab\u00a0La Soci\u00e9t\u00e9 du Plan Nord est fi\u00e8re de contribuer \u00e0 cet \u00e9v\u00e9nement mobilisateur pour les partenaires et entreprises de Sept-\u00celes et de Port-Cartier qui g\u00e9n\u00e9rera des id\u00e9es et des initiatives concr\u00e8tes afin de diversifier l\u2019\u00e9conomie de ce territoire.\u00a0\u00bb<\/p>\n<p>Le comit\u00e9 de gestion de cette cinqui\u00e8me \u00e9dition de Savoir Affaires est compos\u00e9 de D\u00e9veloppement \u00e9conomique Sept-\u00celes, qui agit \u00e0 titre de ma\u00eetre d\u2019\u0153uvre de l\u2019\u00e9v\u00e9nement, de la Ville de Sept-\u00celes, de la Corporation de d\u00e9veloppement \u00e9conomique de la r\u00e9gion de Port-Cartier, de l\u2019Universit\u00e9 du Qu\u00e9bec et de l\u2019Universit\u00e9 du Qu\u00e9bec \u00e0 Chicoutimi. Savoir Affaires <em>Tremplin vers le Nord<\/em> est rendu possible gr\u00e2ce au soutien financier de plusieurs partenaires des secteurs priv\u00e9s et publics ainsi que du milieu universitaire\u00a0: les \u00e9tablissements du r\u00e9seau de l\u2019Universit\u00e9 du Qu\u00e9bec, le minist\u00e8re de l\u2019\u00c9conomie, de la Science et de l\u2019Innovation, la Soci\u00e9t\u00e9 du Plan Nord, Emploi-Qu\u00e9bec, Rio Tinto, Aluminerie Alouette, ArcelorMittal, Desjardins, D\u00e9veloppement \u00e9conomique Sept-\u00celes, Air Canada, Corporation de d\u00e9veloppement \u00e9conomique de la r\u00e9gion <em>de Port-Cartier<\/em>, MRC de Sept-Rivi\u00e8res, Numerik Solutions d\u2019affaires et la Soci\u00e9t\u00e9 d\u2019aide au d\u00e9veloppement des collectivit\u00e9s de la <em>C\u00f4te<\/em>&#8211;<em>Nord<\/em>.<\/p>\n<p>\u00ab\u00a0La r\u00e9gion de la C\u00f4te\u2011Nord a besoin de projets innovants et porteurs comme ceux qui seront propos\u00e9s dans le cadre de l\u2019initiative Savoir\u00a0Affaires, afin d\u2019assurer sa diversification et sa croissance \u00e9conomiques. C\u2019est pourquoi je me r\u00e9jouis particuli\u00e8rement de la mobilisation et de la concertation des gens d\u2019affaires et des \u00e9tudiants, qui sont de dignes repr\u00e9sentants de la rel\u00e8ve entrepreneuriale qu\u00e9b\u00e9coise. Je suis convaincue qu\u2019ensemble, ils pourront dynamiser davantage l\u2019innovation et l\u2019entrepreneuriat dans leur r\u00e9gion, pour le plus grand b\u00e9n\u00e9fice de tout le Qu\u00e9bec\u00a0\u00bb, a fait savoir la vice\u2011premi\u00e8re ministre et ministre responsable des PME, de l\u2019All\u00e8gement r\u00e9glementaire et du D\u00e9veloppement \u00e9conomique r\u00e9gional, M<sup>me<\/sup>\u00a0Lise\u00a0Th\u00e9riault.<\/p>\n<p>Les quatre premi\u00e8res \u00e9ditions du Savoir Affaires se sont d\u00e9roul\u00e9es en Mauricie en 2011, au Centre-du-Qu\u00e9bec en 2013, dans Lanaudi\u00e8re-Laurentides en 2014 et au Saguenay\u2013Lac-Saint-Jean en f\u00e9vrier 2016. Elles ont contribu\u00e9 \u00e0 accro\u00eetre la collaboration entre les \u00e9tablissements universitaires et le milieu des affaires en mobilisant environ 800 personnes. Elles ont par ailleurs permis de d\u00e9tailler une centaine d\u2019opportunit\u00e9s d\u2019affaires originales ayant abouti au lancement d\u2019au moins six initiatives.<\/p>\n<p><strong>\u00c0 propos de l\u2019Universit\u00e9 du Qu\u00e9bec<br \/>\n<\/strong>L\u2019Universit\u00e9 du Qu\u00e9bec a pour mission de faciliter l\u2019accessibilit\u00e9 \u00e0 l\u2019enseignement universitaire, de contribuer au d\u00e9veloppement scientifique du Qu\u00e9bec et au d\u00e9veloppement de ses r\u00e9gions. Aujourd\u2019hui, ce sont 102\u00a0000 \u00e9tudiants qui fr\u00e9quentent plus de 1\u00a0000 programmes offerts par les \u00e9tablissements du r\u00e9seau : l\u2019Universit\u00e9 du Qu\u00e9bec \u00e0 Montr\u00e9al, l\u2019Universit\u00e9 du Qu\u00e9bec \u00e0 Trois-Rivi\u00e8res, l\u2019Universit\u00e9 du Qu\u00e9bec \u00e0 Chicoutimi, l\u2019Universit\u00e9 du Qu\u00e9bec \u00e0 Rimouski, l\u2019Universit\u00e9 du Qu\u00e9bec en Outaouais, l\u2019Universit\u00e9 du Qu\u00e9bec en Abitibi-T\u00e9miscamingue, l\u2019Institut national de la recherche scientifique, l\u2019\u00c9cole nationale d\u2019administration publique, l\u2019\u00c9cole de technologie sup\u00e9rieure et la T\u00e9l\u00e9-universit\u00e9. Quelque 7\u00a0300 professeurs et charg\u00e9s de cours et plus de 4\u00a0200 employ\u00e9s r\u00e9guliers assurent au quotidien la mission universitaire d\u2019enseignement et de recherche de ses institutions.<\/p>\n<p><span style=\"color: #808080\">PHOTO :<\/span><br \/>\n<span style=\"color: #808080\">M. R\u00e9jean Porlier, maire de la Ville de Sept-\u00celes<\/span><br \/>\n<span style=\"color: #808080\">Sur l&rsquo;\u00e9cran derri\u00e8re: M. Roberto Gauthier, directeur du Centre d&rsquo;\u00e9tudes universitaires de l&rsquo;Est de la C\u00f4te-Nord, M. Martin Gauthier, recteur de l&rsquo;UQAC, et Mme Marie-Karlynn Laflamme, directrice du Bureau des affaires publiques de l&rsquo;UQAC<\/span><\/p>\n","protected":false},"excerpt":{"rendered":"<p>M.\u00a0R\u00e9jean Porlier, maire de la Ville de Sept-\u00celes, M. Martin Gauthier, recteur de l\u2019Universit\u00e9 du Qu\u00e9bec \u00e0 Chicoutimi, M. Luc Gagnon, conseiller au d\u00e9veloppement des affaires et des infrastructures strat\u00e9giques pour la Soci\u00e9t\u00e9 du Plan Nord, et M.\u00a0Sylvain Larivi\u00e8re, directeur g\u00e9n\u00e9ral et commissaire industriel \u00e0 D\u00e9veloppement \u00e9conomique Sept-\u00celes, ont annonc\u00e9 la venue prochaine de l\u2019initiative [&hellip;]<\/p>\n","protected":false},"author":5,"featured_media":32491,"comment_status":"open","ping_status":"open","sticky":false,"template":"","format":"standard","meta":{"footnotes":""},"categories":[2,2772],"tags":[],"yoast_head":"<!-- This site is optimized with the Yoast SEO plugin v24.2 - https:\/\/yoast.com\/wordpress\/plugins\/seo\/ -->\r\n<title>Lancement de la cinqui\u00e8me \u00e9dition de Savoir affaires - UQACtualit\u00e9s<\/title>\r\n<meta name=\"robots\" content=\"index, follow, max-snippet:-1, max-image-preview:large, max-video-preview:-1\" \/>\r\n<link rel=\"canonical\" href=\"https:\/\/www.uqac.ca\/uqactualites\/2016\/09\/27\/lancement-de-la-cinquieme-edition-de-savoir-affaires\/\" \/>\r\n<meta property=\"og:locale\" content=\"fr_CA\" \/>\r\n<meta property=\"og:type\" content=\"article\" \/>\r\n<meta property=\"og:title\" content=\"Lancement de la cinqui\u00e8me \u00e9dition de Savoir affaires - UQACtualit\u00e9s\" \/>\r\n<meta property=\"og:description\" content=\"M.\u00a0R\u00e9jean Porlier, maire de la Ville de Sept-\u00celes, M. Martin Gauthier, recteur de l\u2019Universit\u00e9 du Qu\u00e9bec \u00e0 Chicoutimi, M. Luc Gagnon, conseiller au d\u00e9veloppement des affaires et des infrastructures strat\u00e9giques pour la Soci\u00e9t\u00e9 du Plan Nord, et M.\u00a0Sylvain Larivi\u00e8re, directeur g\u00e9n\u00e9ral et commissaire industriel \u00e0 D\u00e9veloppement \u00e9conomique Sept-\u00celes, ont annonc\u00e9 la venue prochaine de l\u2019initiative [&hellip;]\" \/>\r\n<meta property=\"og:url\" content=\"https:\/\/www.uqac.ca\/uqactualites\/2016\/09\/27\/lancement-de-la-cinquieme-edition-de-savoir-affaires\/\" \/>\r\n<meta property=\"og:site_name\" content=\"UQACtualit\u00e9s\" \/>\r\n<meta property=\"article:published_time\" content=\"2016-09-27T17:57:28+00:00\" \/>\r\n<meta property=\"og:image\" content=\"https:\/\/www.uqac.ca\/uqactualites\/wp-content\/uploads\/2016\/09\/photo_conf\u00e9rencedepresse_UQACtu.jpg\" \/>\r\n\t<meta property=\"og:image:width\" content=\"2119\" \/>\r\n\t<meta property=\"og:image:height\" content=\"1009\" \/>\r\n\t<meta property=\"og:image:type\" content=\"image\/jpeg\" \/>\r\n<meta name=\"author\" content=\"Service des communications et des relations publiques\" \/>\r\n<meta name=\"twitter:card\" content=\"summary_large_image\" \/>\r\n<meta name=\"twitter:label1\" content=\"\u00c9crit par\" \/>\n\t<meta name=\"twitter:data1\" content=\"Service des communications et des relations publiques\" \/>\n\t<meta name=\"twitter:label2\" content=\"Estimation du temps de lecture\" \/>\n\t<meta name=\"twitter:data2\" content=\"5 minutes\" \/>\r\n<script type=\"application\/ld+json\" class=\"yoast-schema-graph\">{\"@context\":\"https:\/\/schema.org\",\"@graph\":[{\"@type\":\"WebPage\",\"@id\":\"https:\/\/www.uqac.ca\/uqactualites\/2016\/09\/27\/lancement-de-la-cinquieme-edition-de-savoir-affaires\/\",\"url\":\"https:\/\/www.uqac.ca\/uqactualites\/2016\/09\/27\/lancement-de-la-cinquieme-edition-de-savoir-affaires\/\",\"name\":\"Lancement de la cinqui\u00e8me \u00e9dition de Savoir affaires - UQACtualit\u00e9s\",\"isPartOf\":{\"@id\":\"https:\/\/www.uqac.ca\/uqactualites\/#website\"},\"primaryImageOfPage\":{\"@id\":\"https:\/\/www.uqac.ca\/uqactualites\/2016\/09\/27\/lancement-de-la-cinquieme-edition-de-savoir-affaires\/#primaryimage\"},\"image\":{\"@id\":\"https:\/\/www.uqac.ca\/uqactualites\/2016\/09\/27\/lancement-de-la-cinquieme-edition-de-savoir-affaires\/#primaryimage\"},\"thumbnailUrl\":\"https:\/\/www.uqac.ca\/uqactualites\/wp-content\/uploads\/2016\/09\/photo_conf\u00e9rencedepresse_UQACtu.jpg\",\"datePublished\":\"2016-09-27T17:57:28+00:00\",\"dateModified\":\"2016-09-27T17:57:28+00:00\",\"author\":{\"@id\":\"https:\/\/www.uqac.ca\/uqactualites\/#\/schema\/person\/366c45a0c4f0e677b41b4af5886e2018\"},\"breadcrumb\":{\"@id\":\"https:\/\/www.uqac.ca\/uqactualites\/2016\/09\/27\/lancement-de-la-cinquieme-edition-de-savoir-affaires\/#breadcrumb\"},\"inLanguage\":\"fr-CA\",\"potentialAction\":[{\"@type\":\"ReadAction\",\"target\":[\"https:\/\/www.uqac.ca\/uqactualites\/2016\/09\/27\/lancement-de-la-cinquieme-edition-de-savoir-affaires\/\"]}]},{\"@type\":\"ImageObject\",\"inLanguage\":\"fr-CA\",\"@id\":\"https:\/\/www.uqac.ca\/uqactualites\/2016\/09\/27\/lancement-de-la-cinquieme-edition-de-savoir-affaires\/#primaryimage\",\"url\":\"https:\/\/www.uqac.ca\/uqactualites\/wp-content\/uploads\/2016\/09\/photo_conf\u00e9rencedepresse_UQACtu.jpg\",\"contentUrl\":\"https:\/\/www.uqac.ca\/uqactualites\/wp-content\/uploads\/2016\/09\/photo_conf\u00e9rencedepresse_UQACtu.jpg\",\"width\":2119,\"height\":1009},{\"@type\":\"BreadcrumbList\",\"@id\":\"https:\/\/www.uqac.ca\/uqactualites\/2016\/09\/27\/lancement-de-la-cinquieme-edition-de-savoir-affaires\/#breadcrumb\",\"itemListElement\":[{\"@type\":\"ListItem\",\"position\":1,\"name\":\"Home\",\"item\":\"https:\/\/www.uqac.ca\/uqactualites\/\"},{\"@type\":\"ListItem\",\"position\":2,\"name\":\"Lancement de la cinqui\u00e8me \u00e9dition de Savoir affaires\"}]},{\"@type\":\"WebSite\",\"@id\":\"https:\/\/www.uqac.ca\/uqactualites\/#website\",\"url\":\"https:\/\/www.uqac.ca\/uqactualites\/\",\"name\":\"UQACtualit\u00e9s\",\"description\":\"Le portail des nouvelles de l&#039;UQAC\",\"potentialAction\":[{\"@type\":\"SearchAction\",\"target\":{\"@type\":\"EntryPoint\",\"urlTemplate\":\"https:\/\/www.uqac.ca\/uqactualites\/?s={search_term_string}\"},\"query-input\":{\"@type\":\"PropertyValueSpecification\",\"valueRequired\":true,\"valueName\":\"search_term_string\"}}],\"inLanguage\":\"fr-CA\"},{\"@type\":\"Person\",\"@id\":\"https:\/\/www.uqac.ca\/uqactualites\/#\/schema\/person\/366c45a0c4f0e677b41b4af5886e2018\",\"name\":\"Service des communications et des relations publiques\",\"image\":{\"@type\":\"ImageObject\",\"inLanguage\":\"fr-CA\",\"@id\":\"https:\/\/www.uqac.ca\/uqactualites\/#\/schema\/person\/image\/\",\"url\":\"https:\/\/secure.gravatar.com\/avatar\/20fbbda8a292f59f2d3461a5b999c00b?s=96&d=mm&r=g\",\"contentUrl\":\"https:\/\/secure.gravatar.com\/avatar\/20fbbda8a292f59f2d3461a5b999c00b?s=96&d=mm&r=g\",\"caption\":\"Service des communications et des relations publiques\"},\"url\":\"https:\/\/www.uqac.ca\/uqactualites\/author\/bap\/\"}]}<\/script>\r\n<!-- \/ Yoast SEO plugin. -->","yoast_head_json":{"title":"Lancement de la cinqui\u00e8me \u00e9dition de Savoir affaires - UQACtualit\u00e9s","robots":{"index":"index","follow":"follow","max-snippet":"max-snippet:-1","max-image-preview":"max-image-preview:large","max-video-preview":"max-video-preview:-1"},"canonical":"https:\/\/www.uqac.ca\/uqactualites\/2016\/09\/27\/lancement-de-la-cinquieme-edition-de-savoir-affaires\/","og_locale":"fr_CA","og_type":"article","og_title":"Lancement de la cinqui\u00e8me \u00e9dition de Savoir affaires - UQACtualit\u00e9s","og_description":"M.\u00a0R\u00e9jean Porlier, maire de la Ville de Sept-\u00celes, M. Martin Gauthier, recteur de l\u2019Universit\u00e9 du Qu\u00e9bec \u00e0 Chicoutimi, M. Luc Gagnon, conseiller au d\u00e9veloppement des affaires et des infrastructures strat\u00e9giques pour la Soci\u00e9t\u00e9 du Plan Nord, et M.\u00a0Sylvain Larivi\u00e8re, directeur g\u00e9n\u00e9ral et commissaire industriel \u00e0 D\u00e9veloppement \u00e9conomique Sept-\u00celes, ont annonc\u00e9 la venue prochaine de l\u2019initiative [&hellip;]","og_url":"https:\/\/www.uqac.ca\/uqactualites\/2016\/09\/27\/lancement-de-la-cinquieme-edition-de-savoir-affaires\/","og_site_name":"UQACtualit\u00e9s","article_published_time":"2016-09-27T17:57:28+00:00","og_image":[{"width":2119,"height":1009,"url":"https:\/\/www.uqac.ca\/uqactualites\/wp-content\/uploads\/2016\/09\/photo_conf\u00e9rencedepresse_UQACtu.jpg","type":"image\/jpeg"}],"author":"Service des communications et des relations publiques","twitter_card":"summary_large_image","twitter_misc":{"\u00c9crit par":"Service des communications et des relations publiques","Estimation du temps de lecture":"5 minutes"},"schema":{"@context":"https:\/\/schema.org","@graph":[{"@type":"WebPage","@id":"https:\/\/www.uqac.ca\/uqactualites\/2016\/09\/27\/lancement-de-la-cinquieme-edition-de-savoir-affaires\/","url":"https:\/\/www.uqac.ca\/uqactualites\/2016\/09\/27\/lancement-de-la-cinquieme-edition-de-savoir-affaires\/","name":"Lancement de la cinqui\u00e8me \u00e9dition de Savoir affaires - UQACtualit\u00e9s","isPartOf":{"@id":"https:\/\/www.uqac.ca\/uqactualites\/#website"},"primaryImageOfPage":{"@id":"https:\/\/www.uqac.ca\/uqactualites\/2016\/09\/27\/lancement-de-la-cinquieme-edition-de-savoir-affaires\/#primaryimage"},"image":{"@id":"https:\/\/www.uqac.ca\/uqactualites\/2016\/09\/27\/lancement-de-la-cinquieme-edition-de-savoir-affaires\/#primaryimage"},"thumbnailUrl":"https:\/\/www.uqac.ca\/uqactualites\/wp-content\/uploads\/2016\/09\/photo_conf\u00e9rencedepresse_UQACtu.jpg","datePublished":"2016-09-27T17:57:28+00:00","dateModified":"2016-09-27T17:57:28+00:00","author":{"@id":"https:\/\/www.uqac.ca\/uqactualites\/#\/schema\/person\/366c45a0c4f0e677b41b4af5886e2018"},"breadcrumb":{"@id":"https:\/\/www.uqac.ca\/uqactualites\/2016\/09\/27\/lancement-de-la-cinquieme-edition-de-savoir-affaires\/#breadcrumb"},"inLanguage":"fr-CA","potentialAction":[{"@type":"ReadAction","target":["https:\/\/www.uqac.ca\/uqactualites\/2016\/09\/27\/lancement-de-la-cinquieme-edition-de-savoir-affaires\/"]}]},{"@type":"ImageObject","inLanguage":"fr-CA","@id":"https:\/\/www.uqac.ca\/uqactualites\/2016\/09\/27\/lancement-de-la-cinquieme-edition-de-savoir-affaires\/#primaryimage","url":"https:\/\/www.uqac.ca\/uqactualites\/wp-content\/uploads\/2016\/09\/photo_conf\u00e9rencedepresse_UQACtu.jpg","contentUrl":"https:\/\/www.uqac.ca\/uqactualites\/wp-content\/uploads\/2016\/09\/photo_conf\u00e9rencedepresse_UQACtu.jpg","width":2119,"height":1009},{"@type":"BreadcrumbList","@id":"https:\/\/www.uqac.ca\/uqactualites\/2016\/09\/27\/lancement-de-la-cinquieme-edition-de-savoir-affaires\/#breadcrumb","itemListElement":[{"@type":"ListItem","position":1,"name":"Home","item":"https:\/\/www.uqac.ca\/uqactualites\/"},{"@type":"ListItem","position":2,"name":"Lancement de la cinqui\u00e8me \u00e9dition de Savoir affaires"}]},{"@type":"WebSite","@id":"https:\/\/www.uqac.ca\/uqactualites\/#website","url":"https:\/\/www.uqac.ca\/uqactualites\/","name":"UQACtualit\u00e9s","description":"Le portail des nouvelles de l&#039;UQAC","potentialAction":[{"@type":"SearchAction","target":{"@type":"EntryPoint","urlTemplate":"https:\/\/www.uqac.ca\/uqactualites\/?s={search_term_string}"},"query-input":{"@type":"PropertyValueSpecification","valueRequired":true,"valueName":"search_term_string"}}],"inLanguage":"fr-CA"},{"@type":"Person","@id":"https:\/\/www.uqac.ca\/uqactualites\/#\/schema\/person\/366c45a0c4f0e677b41b4af5886e2018","name":"Service des communications et des relations publiques","image":{"@type":"ImageObject","inLanguage":"fr-CA","@id":"https:\/\/www.uqac.ca\/uqactualites\/#\/schema\/person\/image\/","url":"https:\/\/secure.gravatar.com\/avatar\/20fbbda8a292f59f2d3461a5b999c00b?s=96&d=mm&r=g","contentUrl":"https:\/\/secure.gravatar.com\/avatar\/20fbbda8a292f59f2d3461a5b999c00b?s=96&d=mm&r=g","caption":"Service des communications et des relations publiques"},"url":"https:\/\/www.uqac.ca\/uqactualites\/author\/bap\/"}]}},"_links":{"self":[{"href":"https:\/\/www.uqac.ca\/uqactualites\/wp-json\/wp\/v2\/posts\/32490"}],"collection":[{"href":"https:\/\/www.uqac.ca\/uqactualites\/wp-json\/wp\/v2\/posts"}],"about":[{"href":"https:\/\/www.uqac.ca\/uqactualites\/wp-json\/wp\/v2\/types\/post"}],"author":[{"embeddable":true,"href":"https:\/\/www.uqac.ca\/uqactualites\/wp-json\/wp\/v2\/users\/5"}],"replies":[{"embeddable":true,"href":"https:\/\/www.uqac.ca\/uqactualites\/wp-json\/wp\/v2\/comments?post=32490"}],"version-history":[{"count":0,"href":"https:\/\/www.uqac.ca\/uqactualites\/wp-json\/wp\/v2\/posts\/32490\/revisions"}],"wp:featuredmedia":[{"embeddable":true,"href":"https:\/\/www.uqac.ca\/uqactualites\/wp-json\/wp\/v2\/media\/32491"}],"wp:attachment":[{"href":"https:\/\/www.uqac.ca\/uqactualites\/wp-json\/wp\/v2\/media?parent=32490"}],"wp:term":[{"taxonomy":"category","embeddable":true,"href":"https:\/\/www.uqac.ca\/uqactualites\/wp-json\/wp\/v2\/categories?post=32490"},{"taxonomy":"post_tag","embeddable":true,"href":"https:\/\/www.uqac.ca\/uqactualites\/wp-json\/wp\/v2\/tags?post=32490"}],"curies":[{"name":"wp","href":"https:\/\/api.w.org\/{rel}","templated":true}]}}