{"id":32497,"date":"2016-09-28T11:55:18","date_gmt":"2016-09-28T15:55:18","guid":{"rendered":"http:\/\/uqactualite.odev.ca\/?p=32497"},"modified":"2016-09-28T11:55:18","modified_gmt":"2016-09-28T15:55:18","slug":"congres-de-lihaf-conference-douverture","status":"publish","type":"post","link":"https:\/\/www.uqac.ca\/uqactualites\/2016\/09\/28\/congres-de-lihaf-conference-douverture\/","title":{"rendered":"Congr\u00e8s de l\u2019IHAF : Conf\u00e9rence d\u2019ouverture"},"content":{"rendered":"<p style=\"text-align: justify\">L\u2019UQAC accueillera du 6 au 8 octobre prochains le 69<sup>e<\/sup> congr\u00e8s de l\u2019Institut d\u2019histoire de l\u2019Am\u00e9rique fran\u00e7aise (IHAF), propos\u00e9 cette ann\u00e9e sous le th\u00e8me \u00ab\u00a0Transmissions et tranferts\u00a0\u00bb. La communaut\u00e9 universitaire est invit\u00e9e \u00e0 assister \u00e0 la conf\u00e9rence d\u2019ouverture\u00a0:<\/p>\n<p style=\"text-align: center\"><em>Rendez-vous \u00e0 une auberge irlandaise pr\u00e8s du quai, un soir d\u2019octobre 1843<br \/>\n<\/em>Par Sherry Olson (Universit\u00e9 McGill)<\/p>\n<p style=\"text-align: center\"><strong>\u00a0<\/strong><strong>Jeudi 6 octobre 2016\u00a0 |\u00a0 19 h 30<br \/>\n<\/strong>Auditorium (local P0-5000)<\/p>\n<p style=\"text-align: justify\">Pour conna\u00eetre la programmation compl\u00e8te du congr\u00e8s et pour vous y inscrire, consultez le <span style=\"text-decoration: underline\"><strong><a href=\"http:\/\/congresihaf2016.cieq.ca\/\" target=\"_blank\" rel=\"noopener\">site Web de l\u2019\u00e9v\u00e9nement<\/a><\/strong><\/span>.<\/p>\n<p style=\"text-align: justify\"><strong>Renseignements\u00a0:<br \/>\n<\/strong>Institut d\u2019histoire de l\u2019Am\u00e9rique fran\u00e7aise<br \/>\n<a href=\"mailto:ihaf@ihaf.qc.ca\">ihaf@ihaf.qc.ca<\/a>\u00a0 |\u00a0 <a href=\"http:\/\/www.ihaf.qc.ca\/\">www.ihaf.qc.ca<\/a><\/p>\n<p style=\"text-align: justify\">\n","protected":false},"excerpt":{"rendered":"<p>L\u2019UQAC accueillera du 6 au 8 octobre prochains le 69e congr\u00e8s de l\u2019Institut d\u2019histoire de l\u2019Am\u00e9rique fran\u00e7aise (IHAF), propos\u00e9 cette ann\u00e9e sous le th\u00e8me \u00ab\u00a0Transmissions et tranferts\u00a0\u00bb. La communaut\u00e9 universitaire est invit\u00e9e \u00e0 assister \u00e0 la conf\u00e9rence d\u2019ouverture\u00a0: Rendez-vous \u00e0 une auberge irlandaise pr\u00e8s du quai, un soir d\u2019octobre 1843 Par Sherry Olson (Universit\u00e9 McGill) [&hellip;]<\/p>\n","protected":false},"author":5,"featured_media":20989,"comment_status":"open","ping_status":"open","sticky":false,"template":"","format":"standard","meta":{"footnotes":""},"categories":[2772],"tags":[],"yoast_head":"<!-- This site is optimized with the Yoast SEO plugin v24.2 - https:\/\/yoast.com\/wordpress\/plugins\/seo\/ -->\r\n<title>Congr\u00e8s de l\u2019IHAF : Conf\u00e9rence d\u2019ouverture - UQACtualit\u00e9s<\/title>\r\n<meta name=\"robots\" content=\"index, follow, max-snippet:-1, max-image-preview:large, max-video-preview:-1\" \/>\r\n<link rel=\"canonical\" href=\"https:\/\/www.uqac.ca\/uqactualites\/2016\/09\/28\/congres-de-lihaf-conference-douverture\/\" \/>\r\n<meta property=\"og:locale\" content=\"fr_CA\" \/>\r\n<meta property=\"og:type\" content=\"article\" \/>\r\n<meta property=\"og:title\" content=\"Congr\u00e8s de l\u2019IHAF : Conf\u00e9rence d\u2019ouverture - UQACtualit\u00e9s\" \/>\r\n<meta property=\"og:description\" content=\"L\u2019UQAC accueillera du 6 au 8 octobre prochains le 69e congr\u00e8s de l\u2019Institut d\u2019histoire de l\u2019Am\u00e9rique fran\u00e7aise (IHAF), propos\u00e9 cette ann\u00e9e sous le th\u00e8me \u00ab\u00a0Transmissions et tranferts\u00a0\u00bb. La communaut\u00e9 universitaire est invit\u00e9e \u00e0 assister \u00e0 la conf\u00e9rence d\u2019ouverture\u00a0: Rendez-vous \u00e0 une auberge irlandaise pr\u00e8s du quai, un soir d\u2019octobre 1843 Par Sherry Olson (Universit\u00e9 McGill) [&hellip;]\" \/>\r\n<meta property=\"og:url\" content=\"https:\/\/www.uqac.ca\/uqactualites\/2016\/09\/28\/congres-de-lihaf-conference-douverture\/\" \/>\r\n<meta property=\"og:site_name\" content=\"UQACtualit\u00e9s\" \/>\r\n<meta property=\"article:published_time\" content=\"2016-09-28T15:55:18+00:00\" \/>\r\n<meta property=\"og:image\" content=\"https:\/\/www.uqac.ca\/uqactualites\/wp-content\/uploads\/2012\/05\/avis-laCommunaut-.jpg\" \/>\r\n\t<meta property=\"og:image:width\" content=\"620\" \/>\r\n\t<meta property=\"og:image:height\" content=\"300\" \/>\r\n\t<meta property=\"og:image:type\" content=\"image\/jpeg\" \/>\r\n<meta name=\"author\" content=\"Service des communications et des relations publiques\" \/>\r\n<meta name=\"twitter:card\" content=\"summary_large_image\" \/>\r\n<meta name=\"twitter:label1\" content=\"\u00c9crit par\" \/>\n\t<meta name=\"twitter:data1\" content=\"Service des communications et des relations publiques\" \/>\n\t<meta name=\"twitter:label2\" content=\"Estimation du temps de lecture\" \/>\n\t<meta name=\"twitter:data2\" content=\"1 minute\" \/>\r\n<script type=\"application\/ld+json\" class=\"yoast-schema-graph\">{\"@context\":\"https:\/\/schema.org\",\"@graph\":[{\"@type\":\"WebPage\",\"@id\":\"https:\/\/www.uqac.ca\/uqactualites\/2016\/09\/28\/congres-de-lihaf-conference-douverture\/\",\"url\":\"https:\/\/www.uqac.ca\/uqactualites\/2016\/09\/28\/congres-de-lihaf-conference-douverture\/\",\"name\":\"Congr\u00e8s de l\u2019IHAF : Conf\u00e9rence d\u2019ouverture - UQACtualit\u00e9s\",\"isPartOf\":{\"@id\":\"https:\/\/www.uqac.ca\/uqactualites\/#website\"},\"primaryImageOfPage\":{\"@id\":\"https:\/\/www.uqac.ca\/uqactualites\/2016\/09\/28\/congres-de-lihaf-conference-douverture\/#primaryimage\"},\"image\":{\"@id\":\"https:\/\/www.uqac.ca\/uqactualites\/2016\/09\/28\/congres-de-lihaf-conference-douverture\/#primaryimage\"},\"thumbnailUrl\":\"https:\/\/www.uqac.ca\/uqactualites\/wp-content\/uploads\/2012\/05\/avis-laCommunaut-.jpg\",\"datePublished\":\"2016-09-28T15:55:18+00:00\",\"dateModified\":\"2016-09-28T15:55:18+00:00\",\"author\":{\"@id\":\"https:\/\/www.uqac.ca\/uqactualites\/#\/schema\/person\/366c45a0c4f0e677b41b4af5886e2018\"},\"breadcrumb\":{\"@id\":\"https:\/\/www.uqac.ca\/uqactualites\/2016\/09\/28\/congres-de-lihaf-conference-douverture\/#breadcrumb\"},\"inLanguage\":\"fr-CA\",\"potentialAction\":[{\"@type\":\"ReadAction\",\"target\":[\"https:\/\/www.uqac.ca\/uqactualites\/2016\/09\/28\/congres-de-lihaf-conference-douverture\/\"]}]},{\"@type\":\"ImageObject\",\"inLanguage\":\"fr-CA\",\"@id\":\"https:\/\/www.uqac.ca\/uqactualites\/2016\/09\/28\/congres-de-lihaf-conference-douverture\/#primaryimage\",\"url\":\"https:\/\/www.uqac.ca\/uqactualites\/wp-content\/uploads\/2012\/05\/avis-laCommunaut-.jpg\",\"contentUrl\":\"https:\/\/www.uqac.ca\/uqactualites\/wp-content\/uploads\/2012\/05\/avis-laCommunaut-.jpg\",\"width\":620,\"height\":300},{\"@type\":\"BreadcrumbList\",\"@id\":\"https:\/\/www.uqac.ca\/uqactualites\/2016\/09\/28\/congres-de-lihaf-conference-douverture\/#breadcrumb\",\"itemListElement\":[{\"@type\":\"ListItem\",\"position\":1,\"name\":\"Home\",\"item\":\"https:\/\/www.uqac.ca\/uqactualites\/\"},{\"@type\":\"ListItem\",\"position\":2,\"name\":\"Congr\u00e8s de l\u2019IHAF : Conf\u00e9rence d\u2019ouverture\"}]},{\"@type\":\"WebSite\",\"@id\":\"https:\/\/www.uqac.ca\/uqactualites\/#website\",\"url\":\"https:\/\/www.uqac.ca\/uqactualites\/\",\"name\":\"UQACtualit\u00e9s\",\"description\":\"Le portail des nouvelles de l&#039;UQAC\",\"potentialAction\":[{\"@type\":\"SearchAction\",\"target\":{\"@type\":\"EntryPoint\",\"urlTemplate\":\"https:\/\/www.uqac.ca\/uqactualites\/?s={search_term_string}\"},\"query-input\":{\"@type\":\"PropertyValueSpecification\",\"valueRequired\":true,\"valueName\":\"search_term_string\"}}],\"inLanguage\":\"fr-CA\"},{\"@type\":\"Person\",\"@id\":\"https:\/\/www.uqac.ca\/uqactualites\/#\/schema\/person\/366c45a0c4f0e677b41b4af5886e2018\",\"name\":\"Service des communications et des relations publiques\",\"image\":{\"@type\":\"ImageObject\",\"inLanguage\":\"fr-CA\",\"@id\":\"https:\/\/www.uqac.ca\/uqactualites\/#\/schema\/person\/image\/\",\"url\":\"https:\/\/secure.gravatar.com\/avatar\/20fbbda8a292f59f2d3461a5b999c00b?s=96&d=mm&r=g\",\"contentUrl\":\"https:\/\/secure.gravatar.com\/avatar\/20fbbda8a292f59f2d3461a5b999c00b?s=96&d=mm&r=g\",\"caption\":\"Service des communications et des relations publiques\"},\"url\":\"https:\/\/www.uqac.ca\/uqactualites\/author\/bap\/\"}]}<\/script>\r\n<!-- \/ Yoast SEO plugin. -->","yoast_head_json":{"title":"Congr\u00e8s de l\u2019IHAF : Conf\u00e9rence d\u2019ouverture - UQACtualit\u00e9s","robots":{"index":"index","follow":"follow","max-snippet":"max-snippet:-1","max-image-preview":"max-image-preview:large","max-video-preview":"max-video-preview:-1"},"canonical":"https:\/\/www.uqac.ca\/uqactualites\/2016\/09\/28\/congres-de-lihaf-conference-douverture\/","og_locale":"fr_CA","og_type":"article","og_title":"Congr\u00e8s de l\u2019IHAF : Conf\u00e9rence d\u2019ouverture - UQACtualit\u00e9s","og_description":"L\u2019UQAC accueillera du 6 au 8 octobre prochains le 69e congr\u00e8s de l\u2019Institut d\u2019histoire de l\u2019Am\u00e9rique fran\u00e7aise (IHAF), propos\u00e9 cette ann\u00e9e sous le th\u00e8me \u00ab\u00a0Transmissions et tranferts\u00a0\u00bb. La communaut\u00e9 universitaire est invit\u00e9e \u00e0 assister \u00e0 la conf\u00e9rence d\u2019ouverture\u00a0: Rendez-vous \u00e0 une auberge irlandaise pr\u00e8s du quai, un soir d\u2019octobre 1843 Par Sherry Olson (Universit\u00e9 McGill) [&hellip;]","og_url":"https:\/\/www.uqac.ca\/uqactualites\/2016\/09\/28\/congres-de-lihaf-conference-douverture\/","og_site_name":"UQACtualit\u00e9s","article_published_time":"2016-09-28T15:55:18+00:00","og_image":[{"width":620,"height":300,"url":"https:\/\/www.uqac.ca\/uqactualites\/wp-content\/uploads\/2012\/05\/avis-laCommunaut-.jpg","type":"image\/jpeg"}],"author":"Service des communications et des relations publiques","twitter_card":"summary_large_image","twitter_misc":{"\u00c9crit par":"Service des communications et des relations publiques","Estimation du temps de lecture":"1 minute"},"schema":{"@context":"https:\/\/schema.org","@graph":[{"@type":"WebPage","@id":"https:\/\/www.uqac.ca\/uqactualites\/2016\/09\/28\/congres-de-lihaf-conference-douverture\/","url":"https:\/\/www.uqac.ca\/uqactualites\/2016\/09\/28\/congres-de-lihaf-conference-douverture\/","name":"Congr\u00e8s de l\u2019IHAF : Conf\u00e9rence d\u2019ouverture - UQACtualit\u00e9s","isPartOf":{"@id":"https:\/\/www.uqac.ca\/uqactualites\/#website"},"primaryImageOfPage":{"@id":"https:\/\/www.uqac.ca\/uqactualites\/2016\/09\/28\/congres-de-lihaf-conference-douverture\/#primaryimage"},"image":{"@id":"https:\/\/www.uqac.ca\/uqactualites\/2016\/09\/28\/congres-de-lihaf-conference-douverture\/#primaryimage"},"thumbnailUrl":"https:\/\/www.uqac.ca\/uqactualites\/wp-content\/uploads\/2012\/05\/avis-laCommunaut-.jpg","datePublished":"2016-09-28T15:55:18+00:00","dateModified":"2016-09-28T15:55:18+00:00","author":{"@id":"https:\/\/www.uqac.ca\/uqactualites\/#\/schema\/person\/366c45a0c4f0e677b41b4af5886e2018"},"breadcrumb":{"@id":"https:\/\/www.uqac.ca\/uqactualites\/2016\/09\/28\/congres-de-lihaf-conference-douverture\/#breadcrumb"},"inLanguage":"fr-CA","potentialAction":[{"@type":"ReadAction","target":["https:\/\/www.uqac.ca\/uqactualites\/2016\/09\/28\/congres-de-lihaf-conference-douverture\/"]}]},{"@type":"ImageObject","inLanguage":"fr-CA","@id":"https:\/\/www.uqac.ca\/uqactualites\/2016\/09\/28\/congres-de-lihaf-conference-douverture\/#primaryimage","url":"https:\/\/www.uqac.ca\/uqactualites\/wp-content\/uploads\/2012\/05\/avis-laCommunaut-.jpg","contentUrl":"https:\/\/www.uqac.ca\/uqactualites\/wp-content\/uploads\/2012\/05\/avis-laCommunaut-.jpg","width":620,"height":300},{"@type":"BreadcrumbList","@id":"https:\/\/www.uqac.ca\/uqactualites\/2016\/09\/28\/congres-de-lihaf-conference-douverture\/#breadcrumb","itemListElement":[{"@type":"ListItem","position":1,"name":"Home","item":"https:\/\/www.uqac.ca\/uqactualites\/"},{"@type":"ListItem","position":2,"name":"Congr\u00e8s de l\u2019IHAF : Conf\u00e9rence d\u2019ouverture"}]},{"@type":"WebSite","@id":"https:\/\/www.uqac.ca\/uqactualites\/#website","url":"https:\/\/www.uqac.ca\/uqactualites\/","name":"UQACtualit\u00e9s","description":"Le portail des nouvelles de l&#039;UQAC","potentialAction":[{"@type":"SearchAction","target":{"@type":"EntryPoint","urlTemplate":"https:\/\/www.uqac.ca\/uqactualites\/?s={search_term_string}"},"query-input":{"@type":"PropertyValueSpecification","valueRequired":true,"valueName":"search_term_string"}}],"inLanguage":"fr-CA"},{"@type":"Person","@id":"https:\/\/www.uqac.ca\/uqactualites\/#\/schema\/person\/366c45a0c4f0e677b41b4af5886e2018","name":"Service des communications et des relations publiques","image":{"@type":"ImageObject","inLanguage":"fr-CA","@id":"https:\/\/www.uqac.ca\/uqactualites\/#\/schema\/person\/image\/","url":"https:\/\/secure.gravatar.com\/avatar\/20fbbda8a292f59f2d3461a5b999c00b?s=96&d=mm&r=g","contentUrl":"https:\/\/secure.gravatar.com\/avatar\/20fbbda8a292f59f2d3461a5b999c00b?s=96&d=mm&r=g","caption":"Service des communications et des relations publiques"},"url":"https:\/\/www.uqac.ca\/uqactualites\/author\/bap\/"}]}},"_links":{"self":[{"href":"https:\/\/www.uqac.ca\/uqactualites\/wp-json\/wp\/v2\/posts\/32497"}],"collection":[{"href":"https:\/\/www.uqac.ca\/uqactualites\/wp-json\/wp\/v2\/posts"}],"about":[{"href":"https:\/\/www.uqac.ca\/uqactualites\/wp-json\/wp\/v2\/types\/post"}],"author":[{"embeddable":true,"href":"https:\/\/www.uqac.ca\/uqactualites\/wp-json\/wp\/v2\/users\/5"}],"replies":[{"embeddable":true,"href":"https:\/\/www.uqac.ca\/uqactualites\/wp-json\/wp\/v2\/comments?post=32497"}],"version-history":[{"count":0,"href":"https:\/\/www.uqac.ca\/uqactualites\/wp-json\/wp\/v2\/posts\/32497\/revisions"}],"wp:featuredmedia":[{"embeddable":true,"href":"https:\/\/www.uqac.ca\/uqactualites\/wp-json\/wp\/v2\/media\/20989"}],"wp:attachment":[{"href":"https:\/\/www.uqac.ca\/uqactualites\/wp-json\/wp\/v2\/media?parent=32497"}],"wp:term":[{"taxonomy":"category","embeddable":true,"href":"https:\/\/www.uqac.ca\/uqactualites\/wp-json\/wp\/v2\/categories?post=32497"},{"taxonomy":"post_tag","embeddable":true,"href":"https:\/\/www.uqac.ca\/uqactualites\/wp-json\/wp\/v2\/tags?post=32497"}],"curies":[{"name":"wp","href":"https:\/\/api.w.org\/{rel}","templated":true}]}}