{"id":32614,"date":"2016-10-21T14:55:36","date_gmt":"2016-10-21T18:55:36","guid":{"rendered":"http:\/\/uqactualite.odev.ca\/?p=32614"},"modified":"2016-10-21T14:55:36","modified_gmt":"2016-10-21T18:55:36","slug":"lancement-du-salon-de-lemploi-2016-prenez-votre-avenir-en-main","status":"publish","type":"post","link":"https:\/\/www.uqac.ca\/uqactualites\/2016\/10\/21\/lancement-du-salon-de-lemploi-2016-prenez-votre-avenir-en-main\/","title":{"rendered":"Lancement du Salon de l\u2019emploi 2016\u00a0:\u00a0\u00ab Prenez votre avenir en main \u00bb"},"content":{"rendered":"<p style=\"text-align: justify\">L\u2019Association des dipl\u00f4m\u00e9s de l\u2019UQAC (ADUQAC) a le privil\u00e8ge de vous pr\u00e9senter la seconde \u00e9dition de son Salon de l\u2019emploi, propos\u00e9e sous le th\u00e8me \u00ab\u00a0Prenez votre avenir en main\u00a0\u00bb. Cet \u00e9v\u00e9nement tant attendu par les futurs dipl\u00f4m\u00e9s de l\u2019UQAC et par le public aura lieu le mercredi 16 novembre prochain d\u00e8s 9 h au centre social de l\u2019Universit\u00e9.<\/p>\n<p style=\"text-align: justify\">Cette ann\u00e9e, deux hommes d\u2019affaires et entrepreneurs aguerris de la grande r\u00e9gion du Saguenay\u2013Lac-Saint-Jean, Fran\u00e7ois Gagn\u00e9, directeur des ressources humaines et du d\u00e9veloppement des affaires de M\u00e9tatube, et Keyven Ferland, pr\u00e9sident-fondateur de la Web Shop, ont accept\u00e9 la copr\u00e9sidence d\u2019honneur de l\u2019\u00e9v\u00e9nement.<\/p>\n<p style=\"text-align: justify\">Le Salon de l\u2019emploi est l\u2019occasion id\u00e9ale pour les participants de se familiariser avec les entreprises r\u00e9gionales et nationales qui ont r\u00e9pondu pr\u00e9sentes. Le public aura le plaisir de d\u00e9couvrir et de rencontrer une quarantaine d\u2019entreprises de diff\u00e9rents secteurs d\u2019activit\u00e9. Un grand nombre d\u2019exposants pr\u00e9senteront des offres d\u2019emploi ainsi que des stages pour les \u00e9tudiants de l\u2019UQAC. De plus, la journ\u00e9e permettra \u00e0 ces entreprises de prendre contact avec les chercheurs d\u2019emploi et de partager avec eux la philosophie et les forces de leur organisation. Les visiteurs auront donc le privil\u00e8ge de d\u00e9poser leur curriculum vit\u00e6 et de se faire conna\u00eetre, mais \u00e9galement de valider leurs perceptions du march\u00e9 du travail aupr\u00e8s des acteurs qui composent le monde des affaires.<\/p>\n<p style=\"text-align: justify\">Parall\u00e8lement, des conf\u00e9rences et une entrevue-causerie concernant la recherche d\u2019emploi, la fibre entrepreneuriale et le d\u00e9marrage d\u2019une carri\u00e8re professionnelle seront offertes durant l\u2019\u00e9v\u00e9nement. D\u00e8s 11 h, la conf\u00e9rence \u00ab\u00a0Utiliser les r\u00e9seaux sociaux pour acc\u00e9der au march\u00e9 cach\u00e9 de l\u2019emploi\u00a0\u00bb sera offerte par Jessica Prescott, consultante Web, \u00e0 l\u2019auditorium (P0-5000). \u00c0 compter de 12 h, toujours \u00e0 l\u2019auditorium, une entrevue-causerie intitul\u00e9e \u00ab\u00a0De l\u2019id\u00e9ation \u00e0 la r\u00e9alisation, deux parcours professionnels inspirants\u00a0\u00bb sera propos\u00e9e par l\u2019ADUQAC. Il s\u2019agira d\u2019une occasion privil\u00e9gi\u00e9e pour conna\u00eetre le parcours des deux copr\u00e9sidents d\u2019honneur du Salon de l\u2019emploi 2016. \u00c0 13\u00a0h, \u00c9ric L\u2019Abb\u00e9e, directeur du centre financier de la Financi\u00e8re Sun Life \u00e0 Chicoutimi, pr\u00e9sentera sa\u00a0 conf\u00e9rence \u00ab\u00a0L\u2019intrapreunariat, vous avez ce qu\u2019il faut?\u00a0\u00bb. La derni\u00e8re conf\u00e9rence sera pr\u00e9sent\u00e9e \u00e0 l\u2019auditorium d\u00e8s 14 h par Beaudoin Bergeron de l\u2019entreprise R\u00e9seau Carri\u00e8res, sous le th\u00e8me \u00ab\u00a0D\u00e9marrer sa carri\u00e8re\u00a0\u00bb.<\/p>\n<p style=\"text-align: justify\">Pour terminer cette journ\u00e9e enrichissante, les \u00e9tudiants en administration et en sciences comptables organiseront la deuxi\u00e8me \u00e9dition du Salon de th\u00e9 des affaires, une activit\u00e9 de r\u00e9seautage \u00e0 ne pas manquer et qui se d\u00e9roulera de 16 h \u00e0 18 h dans la salle\u00a0Le Fjord du Saguenay de l\u2019h\u00f4tel la Saguen\u00e9enne.\u00a0L\u2019ADUQAC est fi\u00e8re de soutenir l\u2019implication des \u00e9tudiants et de s\u2019associer \u00e0 cette organisation qui sera sans doute un succ\u00e8s.<\/p>\n<p style=\"text-align: justify\"><strong>En bonus<\/strong><strong>\u00a0<\/strong><\/p>\n<ul style=\"text-align: justify\">\n<li>Entrez dans les coulisses de l\u2019organisation du Salon sur <span style=\"text-decoration: underline\"><a href=\"https:\/\/www.facebook.com\/ADUQAC\/\" target=\"_blank\" rel=\"noopener\">Facebook<\/a><\/span> et <span style=\"text-decoration: underline\"><a href=\"https:\/\/www.instagram.com\/aduqac\/\" target=\"_blank\" rel=\"noopener\">Instagram<\/a><\/span>.<\/li>\n<\/ul>\n<ul style=\"text-align: justify\">\n<li>Suivez l\u2019\u00e9volution de l\u2019\u00e9v\u00e9nement sur le <span style=\"text-decoration: underline\"><a href=\"http:\/\/www.aduqac.ca\/salondelemploi\" target=\"_blank\" rel=\"noopener\">site Web du Salon de l\u2019emploi<\/a><\/span>.<\/li>\n<\/ul>\n<ul style=\"text-align: justify\">\n<li>Pour aider \u00e0 maximiser l\u2019exp\u00e9rience des visiteurs du Salon, l\u2019\u00e9quipe de l\u2019ADUQAC publiera sur son <span style=\"text-decoration: underline\"><a href=\"http:\/\/www.aduqac.ca\/salondelemploi\" target=\"_blank\" rel=\"noopener\">site Web<\/a><\/span> des articles enrichissants qui permettront aux lecteurs de bonifier leur pr\u00e9paration au march\u00e9 de l\u2019emploi (r\u00e9daction d\u2019un CV, gestion d\u2019une page LinkedIn ou n\u00e9gociation de son premier salaire).<\/li>\n<\/ul>\n<p style=\"text-align: justify\">L\u2019ADUQAC tient \u00e0 remercier le partenaire principal du Salon de l\u2019emploi 2016, la Financi\u00e8re Sun Life, qui rend cette journ\u00e9e possible et lui permet d\u2019offrir diff\u00e9rentes activit\u00e9s gratuitement aux visiteurs.<\/p>\n<p style=\"text-align: justify;padding-left: 30px\">Rappelons que les entreprises \u00e9tant \u00e0 la recherche d\u2019une main-d\u2019\u0153uvre qualifi\u00e9e sont toujours invit\u00e9es \u00e0 venir rencontrer les finissants en se procurant un kiosque au Salon de l\u2019emploi. Pour plus de renseignements, veuillez communiquer avec l\u2019ADUQAC par t\u00e9l\u00e9phone au 418 545-5015, poste 4120 ou 4124, ou par courriel \u00e0 <span style=\"text-decoration: underline\"><a href=\"mailto:aduqac@uqac.ca\">aduqac@uqac.ca<\/a><\/span>.<\/p>\n","protected":false},"excerpt":{"rendered":"<p>L\u2019Association des dipl\u00f4m\u00e9s de l\u2019UQAC (ADUQAC) a le privil\u00e8ge de vous pr\u00e9senter la seconde \u00e9dition de son Salon de l\u2019emploi, propos\u00e9e sous le th\u00e8me \u00ab\u00a0Prenez votre avenir en main\u00a0\u00bb. Cet \u00e9v\u00e9nement tant attendu par les futurs dipl\u00f4m\u00e9s de l\u2019UQAC et par le public aura lieu le mercredi 16 novembre prochain d\u00e8s 9 h au centre [&hellip;]<\/p>\n","protected":false},"author":5,"featured_media":32615,"comment_status":"open","ping_status":"open","sticky":false,"template":"","format":"standard","meta":{"footnotes":""},"categories":[2],"tags":[],"yoast_head":"<!-- This site is optimized with the Yoast SEO plugin v24.2 - https:\/\/yoast.com\/wordpress\/plugins\/seo\/ -->\r\n<title>Lancement du Salon de l\u2019emploi 2016\u00a0:\u00a0\u00ab Prenez votre avenir en main \u00bb - UQACtualit\u00e9s<\/title>\r\n<meta name=\"robots\" content=\"index, follow, max-snippet:-1, max-image-preview:large, max-video-preview:-1\" \/>\r\n<link rel=\"canonical\" href=\"https:\/\/www.uqac.ca\/uqactualites\/2016\/10\/21\/lancement-du-salon-de-lemploi-2016-prenez-votre-avenir-en-main\/\" \/>\r\n<meta property=\"og:locale\" content=\"fr_CA\" \/>\r\n<meta property=\"og:type\" content=\"article\" \/>\r\n<meta property=\"og:title\" content=\"Lancement du Salon de l\u2019emploi 2016\u00a0:\u00a0\u00ab Prenez votre avenir en main \u00bb - UQACtualit\u00e9s\" \/>\r\n<meta property=\"og:description\" content=\"L\u2019Association des dipl\u00f4m\u00e9s de l\u2019UQAC (ADUQAC) a le privil\u00e8ge de vous pr\u00e9senter la seconde \u00e9dition de son Salon de l\u2019emploi, propos\u00e9e sous le th\u00e8me \u00ab\u00a0Prenez votre avenir en main\u00a0\u00bb. Cet \u00e9v\u00e9nement tant attendu par les futurs dipl\u00f4m\u00e9s de l\u2019UQAC et par le public aura lieu le mercredi 16 novembre prochain d\u00e8s 9 h au centre [&hellip;]\" \/>\r\n<meta property=\"og:url\" content=\"https:\/\/www.uqac.ca\/uqactualites\/2016\/10\/21\/lancement-du-salon-de-lemploi-2016-prenez-votre-avenir-en-main\/\" \/>\r\n<meta property=\"og:site_name\" content=\"UQACtualit\u00e9s\" \/>\r\n<meta property=\"article:published_time\" content=\"2016-10-21T18:55:36+00:00\" \/>\r\n<meta property=\"og:image\" content=\"https:\/\/www.uqac.ca\/uqactualites\/wp-content\/uploads\/2016\/10\/Salon-emploi-Web.jpg\" \/>\r\n\t<meta property=\"og:image:width\" content=\"620\" \/>\r\n\t<meta property=\"og:image:height\" content=\"300\" \/>\r\n\t<meta property=\"og:image:type\" content=\"image\/jpeg\" \/>\r\n<meta name=\"author\" content=\"Service des communications et des relations publiques\" \/>\r\n<meta name=\"twitter:card\" content=\"summary_large_image\" \/>\r\n<meta name=\"twitter:label1\" content=\"\u00c9crit par\" \/>\n\t<meta name=\"twitter:data1\" content=\"Service des communications et des relations publiques\" \/>\n\t<meta name=\"twitter:label2\" content=\"Estimation du temps de lecture\" \/>\n\t<meta name=\"twitter:data2\" content=\"3 minutes\" \/>\r\n<script type=\"application\/ld+json\" class=\"yoast-schema-graph\">{\"@context\":\"https:\/\/schema.org\",\"@graph\":[{\"@type\":\"WebPage\",\"@id\":\"https:\/\/www.uqac.ca\/uqactualites\/2016\/10\/21\/lancement-du-salon-de-lemploi-2016-prenez-votre-avenir-en-main\/\",\"url\":\"https:\/\/www.uqac.ca\/uqactualites\/2016\/10\/21\/lancement-du-salon-de-lemploi-2016-prenez-votre-avenir-en-main\/\",\"name\":\"Lancement du Salon de l\u2019emploi 2016\u00a0:\u00a0\u00ab Prenez votre avenir en main \u00bb - UQACtualit\u00e9s\",\"isPartOf\":{\"@id\":\"https:\/\/www.uqac.ca\/uqactualites\/#website\"},\"primaryImageOfPage\":{\"@id\":\"https:\/\/www.uqac.ca\/uqactualites\/2016\/10\/21\/lancement-du-salon-de-lemploi-2016-prenez-votre-avenir-en-main\/#primaryimage\"},\"image\":{\"@id\":\"https:\/\/www.uqac.ca\/uqactualites\/2016\/10\/21\/lancement-du-salon-de-lemploi-2016-prenez-votre-avenir-en-main\/#primaryimage\"},\"thumbnailUrl\":\"https:\/\/www.uqac.ca\/uqactualites\/wp-content\/uploads\/2016\/10\/Salon-emploi-Web.jpg\",\"datePublished\":\"2016-10-21T18:55:36+00:00\",\"dateModified\":\"2016-10-21T18:55:36+00:00\",\"author\":{\"@id\":\"https:\/\/www.uqac.ca\/uqactualites\/#\/schema\/person\/366c45a0c4f0e677b41b4af5886e2018\"},\"breadcrumb\":{\"@id\":\"https:\/\/www.uqac.ca\/uqactualites\/2016\/10\/21\/lancement-du-salon-de-lemploi-2016-prenez-votre-avenir-en-main\/#breadcrumb\"},\"inLanguage\":\"fr-CA\",\"potentialAction\":[{\"@type\":\"ReadAction\",\"target\":[\"https:\/\/www.uqac.ca\/uqactualites\/2016\/10\/21\/lancement-du-salon-de-lemploi-2016-prenez-votre-avenir-en-main\/\"]}]},{\"@type\":\"ImageObject\",\"inLanguage\":\"fr-CA\",\"@id\":\"https:\/\/www.uqac.ca\/uqactualites\/2016\/10\/21\/lancement-du-salon-de-lemploi-2016-prenez-votre-avenir-en-main\/#primaryimage\",\"url\":\"https:\/\/www.uqac.ca\/uqactualites\/wp-content\/uploads\/2016\/10\/Salon-emploi-Web.jpg\",\"contentUrl\":\"https:\/\/www.uqac.ca\/uqactualites\/wp-content\/uploads\/2016\/10\/Salon-emploi-Web.jpg\",\"width\":620,\"height\":300},{\"@type\":\"BreadcrumbList\",\"@id\":\"https:\/\/www.uqac.ca\/uqactualites\/2016\/10\/21\/lancement-du-salon-de-lemploi-2016-prenez-votre-avenir-en-main\/#breadcrumb\",\"itemListElement\":[{\"@type\":\"ListItem\",\"position\":1,\"name\":\"Home\",\"item\":\"https:\/\/www.uqac.ca\/uqactualites\/\"},{\"@type\":\"ListItem\",\"position\":2,\"name\":\"Lancement du Salon de l\u2019emploi 2016\u00a0:\u00a0\u00ab Prenez votre avenir en main \u00bb\"}]},{\"@type\":\"WebSite\",\"@id\":\"https:\/\/www.uqac.ca\/uqactualites\/#website\",\"url\":\"https:\/\/www.uqac.ca\/uqactualites\/\",\"name\":\"UQACtualit\u00e9s\",\"description\":\"Le portail des nouvelles de l&#039;UQAC\",\"potentialAction\":[{\"@type\":\"SearchAction\",\"target\":{\"@type\":\"EntryPoint\",\"urlTemplate\":\"https:\/\/www.uqac.ca\/uqactualites\/?s={search_term_string}\"},\"query-input\":{\"@type\":\"PropertyValueSpecification\",\"valueRequired\":true,\"valueName\":\"search_term_string\"}}],\"inLanguage\":\"fr-CA\"},{\"@type\":\"Person\",\"@id\":\"https:\/\/www.uqac.ca\/uqactualites\/#\/schema\/person\/366c45a0c4f0e677b41b4af5886e2018\",\"name\":\"Service des communications et des relations publiques\",\"image\":{\"@type\":\"ImageObject\",\"inLanguage\":\"fr-CA\",\"@id\":\"https:\/\/www.uqac.ca\/uqactualites\/#\/schema\/person\/image\/\",\"url\":\"https:\/\/secure.gravatar.com\/avatar\/20fbbda8a292f59f2d3461a5b999c00b?s=96&d=mm&r=g\",\"contentUrl\":\"https:\/\/secure.gravatar.com\/avatar\/20fbbda8a292f59f2d3461a5b999c00b?s=96&d=mm&r=g\",\"caption\":\"Service des communications et des relations publiques\"},\"url\":\"https:\/\/www.uqac.ca\/uqactualites\/author\/bap\/\"}]}<\/script>\r\n<!-- \/ Yoast SEO plugin. -->","yoast_head_json":{"title":"Lancement du Salon de l\u2019emploi 2016\u00a0:\u00a0\u00ab Prenez votre avenir en main \u00bb - UQACtualit\u00e9s","robots":{"index":"index","follow":"follow","max-snippet":"max-snippet:-1","max-image-preview":"max-image-preview:large","max-video-preview":"max-video-preview:-1"},"canonical":"https:\/\/www.uqac.ca\/uqactualites\/2016\/10\/21\/lancement-du-salon-de-lemploi-2016-prenez-votre-avenir-en-main\/","og_locale":"fr_CA","og_type":"article","og_title":"Lancement du Salon de l\u2019emploi 2016\u00a0:\u00a0\u00ab Prenez votre avenir en main \u00bb - UQACtualit\u00e9s","og_description":"L\u2019Association des dipl\u00f4m\u00e9s de l\u2019UQAC (ADUQAC) a le privil\u00e8ge de vous pr\u00e9senter la seconde \u00e9dition de son Salon de l\u2019emploi, propos\u00e9e sous le th\u00e8me \u00ab\u00a0Prenez votre avenir en main\u00a0\u00bb. Cet \u00e9v\u00e9nement tant attendu par les futurs dipl\u00f4m\u00e9s de l\u2019UQAC et par le public aura lieu le mercredi 16 novembre prochain d\u00e8s 9 h au centre [&hellip;]","og_url":"https:\/\/www.uqac.ca\/uqactualites\/2016\/10\/21\/lancement-du-salon-de-lemploi-2016-prenez-votre-avenir-en-main\/","og_site_name":"UQACtualit\u00e9s","article_published_time":"2016-10-21T18:55:36+00:00","og_image":[{"width":620,"height":300,"url":"https:\/\/www.uqac.ca\/uqactualites\/wp-content\/uploads\/2016\/10\/Salon-emploi-Web.jpg","type":"image\/jpeg"}],"author":"Service des communications et des relations publiques","twitter_card":"summary_large_image","twitter_misc":{"\u00c9crit par":"Service des communications et des relations publiques","Estimation du temps de lecture":"3 minutes"},"schema":{"@context":"https:\/\/schema.org","@graph":[{"@type":"WebPage","@id":"https:\/\/www.uqac.ca\/uqactualites\/2016\/10\/21\/lancement-du-salon-de-lemploi-2016-prenez-votre-avenir-en-main\/","url":"https:\/\/www.uqac.ca\/uqactualites\/2016\/10\/21\/lancement-du-salon-de-lemploi-2016-prenez-votre-avenir-en-main\/","name":"Lancement du Salon de l\u2019emploi 2016\u00a0:\u00a0\u00ab Prenez votre avenir en main \u00bb - UQACtualit\u00e9s","isPartOf":{"@id":"https:\/\/www.uqac.ca\/uqactualites\/#website"},"primaryImageOfPage":{"@id":"https:\/\/www.uqac.ca\/uqactualites\/2016\/10\/21\/lancement-du-salon-de-lemploi-2016-prenez-votre-avenir-en-main\/#primaryimage"},"image":{"@id":"https:\/\/www.uqac.ca\/uqactualites\/2016\/10\/21\/lancement-du-salon-de-lemploi-2016-prenez-votre-avenir-en-main\/#primaryimage"},"thumbnailUrl":"https:\/\/www.uqac.ca\/uqactualites\/wp-content\/uploads\/2016\/10\/Salon-emploi-Web.jpg","datePublished":"2016-10-21T18:55:36+00:00","dateModified":"2016-10-21T18:55:36+00:00","author":{"@id":"https:\/\/www.uqac.ca\/uqactualites\/#\/schema\/person\/366c45a0c4f0e677b41b4af5886e2018"},"breadcrumb":{"@id":"https:\/\/www.uqac.ca\/uqactualites\/2016\/10\/21\/lancement-du-salon-de-lemploi-2016-prenez-votre-avenir-en-main\/#breadcrumb"},"inLanguage":"fr-CA","potentialAction":[{"@type":"ReadAction","target":["https:\/\/www.uqac.ca\/uqactualites\/2016\/10\/21\/lancement-du-salon-de-lemploi-2016-prenez-votre-avenir-en-main\/"]}]},{"@type":"ImageObject","inLanguage":"fr-CA","@id":"https:\/\/www.uqac.ca\/uqactualites\/2016\/10\/21\/lancement-du-salon-de-lemploi-2016-prenez-votre-avenir-en-main\/#primaryimage","url":"https:\/\/www.uqac.ca\/uqactualites\/wp-content\/uploads\/2016\/10\/Salon-emploi-Web.jpg","contentUrl":"https:\/\/www.uqac.ca\/uqactualites\/wp-content\/uploads\/2016\/10\/Salon-emploi-Web.jpg","width":620,"height":300},{"@type":"BreadcrumbList","@id":"https:\/\/www.uqac.ca\/uqactualites\/2016\/10\/21\/lancement-du-salon-de-lemploi-2016-prenez-votre-avenir-en-main\/#breadcrumb","itemListElement":[{"@type":"ListItem","position":1,"name":"Home","item":"https:\/\/www.uqac.ca\/uqactualites\/"},{"@type":"ListItem","position":2,"name":"Lancement du Salon de l\u2019emploi 2016\u00a0:\u00a0\u00ab Prenez votre avenir en main \u00bb"}]},{"@type":"WebSite","@id":"https:\/\/www.uqac.ca\/uqactualites\/#website","url":"https:\/\/www.uqac.ca\/uqactualites\/","name":"UQACtualit\u00e9s","description":"Le portail des nouvelles de l&#039;UQAC","potentialAction":[{"@type":"SearchAction","target":{"@type":"EntryPoint","urlTemplate":"https:\/\/www.uqac.ca\/uqactualites\/?s={search_term_string}"},"query-input":{"@type":"PropertyValueSpecification","valueRequired":true,"valueName":"search_term_string"}}],"inLanguage":"fr-CA"},{"@type":"Person","@id":"https:\/\/www.uqac.ca\/uqactualites\/#\/schema\/person\/366c45a0c4f0e677b41b4af5886e2018","name":"Service des communications et des relations publiques","image":{"@type":"ImageObject","inLanguage":"fr-CA","@id":"https:\/\/www.uqac.ca\/uqactualites\/#\/schema\/person\/image\/","url":"https:\/\/secure.gravatar.com\/avatar\/20fbbda8a292f59f2d3461a5b999c00b?s=96&d=mm&r=g","contentUrl":"https:\/\/secure.gravatar.com\/avatar\/20fbbda8a292f59f2d3461a5b999c00b?s=96&d=mm&r=g","caption":"Service des communications et des relations publiques"},"url":"https:\/\/www.uqac.ca\/uqactualites\/author\/bap\/"}]}},"_links":{"self":[{"href":"https:\/\/www.uqac.ca\/uqactualites\/wp-json\/wp\/v2\/posts\/32614"}],"collection":[{"href":"https:\/\/www.uqac.ca\/uqactualites\/wp-json\/wp\/v2\/posts"}],"about":[{"href":"https:\/\/www.uqac.ca\/uqactualites\/wp-json\/wp\/v2\/types\/post"}],"author":[{"embeddable":true,"href":"https:\/\/www.uqac.ca\/uqactualites\/wp-json\/wp\/v2\/users\/5"}],"replies":[{"embeddable":true,"href":"https:\/\/www.uqac.ca\/uqactualites\/wp-json\/wp\/v2\/comments?post=32614"}],"version-history":[{"count":0,"href":"https:\/\/www.uqac.ca\/uqactualites\/wp-json\/wp\/v2\/posts\/32614\/revisions"}],"wp:featuredmedia":[{"embeddable":true,"href":"https:\/\/www.uqac.ca\/uqactualites\/wp-json\/wp\/v2\/media\/32615"}],"wp:attachment":[{"href":"https:\/\/www.uqac.ca\/uqactualites\/wp-json\/wp\/v2\/media?parent=32614"}],"wp:term":[{"taxonomy":"category","embeddable":true,"href":"https:\/\/www.uqac.ca\/uqactualites\/wp-json\/wp\/v2\/categories?post=32614"},{"taxonomy":"post_tag","embeddable":true,"href":"https:\/\/www.uqac.ca\/uqactualites\/wp-json\/wp\/v2\/tags?post=32614"}],"curies":[{"name":"wp","href":"https:\/\/api.w.org\/{rel}","templated":true}]}}