{"id":32665,"date":"2016-11-03T13:39:53","date_gmt":"2016-11-03T17:39:53","guid":{"rendered":"http:\/\/uqactualite.odev.ca\/?p=32665"},"modified":"2016-11-03T13:39:53","modified_gmt":"2016-11-03T17:39:53","slug":"elise-duchesne-recoit-un-appui-substantiel-de-la-fondation-gdpl","status":"publish","type":"post","link":"https:\/\/www.uqac.ca\/uqactualites\/2016\/11\/03\/elise-duchesne-recoit-un-appui-substantiel-de-la-fondation-gdpl\/","title":{"rendered":"\u00c9lise Duchesne re\u00e7oit un appui substantiel de la Fondation GDPL"},"content":{"rendered":"<p style=\"text-align: justify\">Professeure au D\u00e9partement des sciences de la sant\u00e9 de l\u2019UQAC et directrice par int\u00e9rim de l\u2019Unit\u00e9 d&rsquo;enseignement en physioth\u00e9rapie, \u00c9lise Duchesne a r\u00e9cemment re\u00e7u un important soutien de la part de la Fondation du Grand D\u00e9fi Pierre Lavoie. Le financement d\u2019un an, \u00e0 hauteur de 25\u00a0000\u00a0$, lui permettra de poursuivre ses recherches sur l\u2019effet d\u2019un programme d\u2019entra\u00eenement en force de 12 semaines sur les adaptations du muscle squelettique de patients atteints de dystrophie myotonique de type 1 (DM1).<\/p>\n<p style=\"text-align: justify\">Pour ce faire, 20 patients atteints de DM1 et 20 sujets sains seront recrut\u00e9s pour le projet. Ces patients participeront \u00e0 un programme d\u2019entra\u00eenement en force supervis\u00e9 de 12\u00a0semaines. Les muscles extenseurs du genou seront entra\u00een\u00e9s deux fois par semaine en utilisant une combinaison d\u2019appareils et des poids libres afin de cibler la contraction de ce groupe musculaire dans un mouvement fonctionnel. Des biopsies musculaires seront pr\u00e9lev\u00e9es avant et apr\u00e8s la p\u00e9riode d\u2019entra\u00eenement afin d\u2019\u00e9valuer la croissance des fibres musculaires, les niveaux d\u2019expression de certaines prot\u00e9ines impliqu\u00e9es dans les voies de signalisation de synth\u00e8se et de d\u00e9gradation prot\u00e9ique et, enfin, la capacit\u00e9 myog\u00e9nique des cellules satellites. Il est donc permis de croire que cette question de recherche obtiendra une r\u00e9ponse afin de d\u00e9velopper des strat\u00e9gies th\u00e9rapeutiques, fond\u00e9es sur des donn\u00e9es probantes, qui pourront \u00eatre utilis\u00e9es par divers professionnels de la sant\u00e9, incluant les physioth\u00e9rapeutes, dans le traitement et la prise en charge de l\u2019atrophie musculaire chez les patients atteints de DM1.<\/p>\n<p style=\"text-align: justify\"><strong>La DM1 en bref<br \/>\n<\/strong>La dystrophie myotonique de type 1 (DM1) est une maladie h\u00e9r\u00e9ditaire repr\u00e9sentant la myopathie la plus fr\u00e9quente chez l\u2019adulte. Les manifestations cliniques reli\u00e9es \u00e0 cette maladie sont extr\u00eamement vari\u00e9es et le muscle squelettique est particuli\u00e8rement touch\u00e9 par cette maladie. Certains signes, dont la perte de force musculaire, expliquent les difficult\u00e9s pr\u00e9sent\u00e9es par ces patients lors de la r\u00e9alisation de leurs activit\u00e9s courantes. Il n\u2019existe aucune th\u00e9rapie curative pour les personnes atteintes de DM1, et les recherches visant l\u2019identification d\u2019interventions pouvant r\u00e9duire la progression des d\u00e9ficiences et pouvant am\u00e9liorer la qualit\u00e9 de vie de cette population sont rares. Ceci peut s\u2019expliquer en partie par le fait que les \u00e9tudes portant sur l\u2019activit\u00e9 physique chez les patients atteints de DM1 n\u2019ont recours que tr\u00e8s rarement \u00e0 l\u2019utilisation de la biopsie musculaire qui permet l\u2019\u00e9tude de changements biologiques intrins\u00e8ques du muscle. Les experts internationaux reconnaissent pourtant l\u2019urgence de d\u00e9terminer si l\u2019entra\u00eenement d\u00e9clenche des r\u00e9ponses cellulaires et mol\u00e9culaires semblables \u00e0 celles observ\u00e9es dans les muscles de sujets sains, ce qui permettrait de freiner ou de renverser le ph\u00e9nom\u00e8ne d\u2019atrophie musculaire.<\/p>\n<p style=\"text-align: justify\">\n<p style=\"text-align: justify\"><span style=\"color: #808080\"><strong>\u00a9 Denis Blackburn<\/strong><\/span><\/p>\n","protected":false},"excerpt":{"rendered":"<p>Professeure au D\u00e9partement des sciences de la sant\u00e9 de l\u2019UQAC et directrice par int\u00e9rim de l\u2019Unit\u00e9 d&rsquo;enseignement en physioth\u00e9rapie, \u00c9lise Duchesne a r\u00e9cemment re\u00e7u un important soutien de la part de la Fondation du Grand D\u00e9fi Pierre Lavoie. Le financement d\u2019un an, \u00e0 hauteur de 25\u00a0000\u00a0$, lui permettra de poursuivre ses recherches sur l\u2019effet d\u2019un [&hellip;]<\/p>\n","protected":false},"author":5,"featured_media":32666,"comment_status":"open","ping_status":"open","sticky":false,"template":"","format":"standard","meta":{"footnotes":""},"categories":[2,4],"tags":[],"yoast_head":"<!-- This site is optimized with the Yoast SEO plugin v24.2 - https:\/\/yoast.com\/wordpress\/plugins\/seo\/ -->\r\n<title>\u00c9lise Duchesne re\u00e7oit un appui substantiel de la Fondation GDPL - UQACtualit\u00e9s<\/title>\r\n<meta name=\"robots\" content=\"index, follow, max-snippet:-1, max-image-preview:large, max-video-preview:-1\" \/>\r\n<link rel=\"canonical\" href=\"https:\/\/www.uqac.ca\/uqactualites\/2016\/11\/03\/elise-duchesne-recoit-un-appui-substantiel-de-la-fondation-gdpl\/\" \/>\r\n<meta property=\"og:locale\" content=\"fr_CA\" \/>\r\n<meta property=\"og:type\" content=\"article\" \/>\r\n<meta property=\"og:title\" content=\"\u00c9lise Duchesne re\u00e7oit un appui substantiel de la Fondation GDPL - UQACtualit\u00e9s\" \/>\r\n<meta property=\"og:description\" content=\"Professeure au D\u00e9partement des sciences de la sant\u00e9 de l\u2019UQAC et directrice par int\u00e9rim de l\u2019Unit\u00e9 d&rsquo;enseignement en physioth\u00e9rapie, \u00c9lise Duchesne a r\u00e9cemment re\u00e7u un important soutien de la part de la Fondation du Grand D\u00e9fi Pierre Lavoie. Le financement d\u2019un an, \u00e0 hauteur de 25\u00a0000\u00a0$, lui permettra de poursuivre ses recherches sur l\u2019effet d\u2019un [&hellip;]\" \/>\r\n<meta property=\"og:url\" content=\"https:\/\/www.uqac.ca\/uqactualites\/2016\/11\/03\/elise-duchesne-recoit-un-appui-substantiel-de-la-fondation-gdpl\/\" \/>\r\n<meta property=\"og:site_name\" content=\"UQACtualit\u00e9s\" \/>\r\n<meta property=\"article:published_time\" content=\"2016-11-03T17:39:53+00:00\" \/>\r\n<meta property=\"og:image\" content=\"https:\/\/www.uqac.ca\/uqactualites\/wp-content\/uploads\/2016\/11\/lise-Duchesne-Web-Denis-Blackburn.jpg\" \/>\r\n\t<meta property=\"og:image:width\" content=\"620\" \/>\r\n\t<meta property=\"og:image:height\" content=\"300\" \/>\r\n\t<meta property=\"og:image:type\" content=\"image\/jpeg\" \/>\r\n<meta name=\"author\" content=\"Service des communications et des relations publiques\" \/>\r\n<meta name=\"twitter:card\" content=\"summary_large_image\" \/>\r\n<meta name=\"twitter:label1\" content=\"\u00c9crit par\" \/>\n\t<meta name=\"twitter:data1\" content=\"Service des communications et des relations publiques\" \/>\n\t<meta name=\"twitter:label2\" content=\"Estimation du temps de lecture\" \/>\n\t<meta name=\"twitter:data2\" content=\"2 minutes\" \/>\r\n<script type=\"application\/ld+json\" class=\"yoast-schema-graph\">{\"@context\":\"https:\/\/schema.org\",\"@graph\":[{\"@type\":\"WebPage\",\"@id\":\"https:\/\/www.uqac.ca\/uqactualites\/2016\/11\/03\/elise-duchesne-recoit-un-appui-substantiel-de-la-fondation-gdpl\/\",\"url\":\"https:\/\/www.uqac.ca\/uqactualites\/2016\/11\/03\/elise-duchesne-recoit-un-appui-substantiel-de-la-fondation-gdpl\/\",\"name\":\"\u00c9lise Duchesne re\u00e7oit un appui substantiel de la Fondation GDPL - UQACtualit\u00e9s\",\"isPartOf\":{\"@id\":\"https:\/\/www.uqac.ca\/uqactualites\/#website\"},\"primaryImageOfPage\":{\"@id\":\"https:\/\/www.uqac.ca\/uqactualites\/2016\/11\/03\/elise-duchesne-recoit-un-appui-substantiel-de-la-fondation-gdpl\/#primaryimage\"},\"image\":{\"@id\":\"https:\/\/www.uqac.ca\/uqactualites\/2016\/11\/03\/elise-duchesne-recoit-un-appui-substantiel-de-la-fondation-gdpl\/#primaryimage\"},\"thumbnailUrl\":\"https:\/\/www.uqac.ca\/uqactualites\/wp-content\/uploads\/2016\/11\/lise-Duchesne-Web-Denis-Blackburn.jpg\",\"datePublished\":\"2016-11-03T17:39:53+00:00\",\"dateModified\":\"2016-11-03T17:39:53+00:00\",\"author\":{\"@id\":\"https:\/\/www.uqac.ca\/uqactualites\/#\/schema\/person\/366c45a0c4f0e677b41b4af5886e2018\"},\"breadcrumb\":{\"@id\":\"https:\/\/www.uqac.ca\/uqactualites\/2016\/11\/03\/elise-duchesne-recoit-un-appui-substantiel-de-la-fondation-gdpl\/#breadcrumb\"},\"inLanguage\":\"fr-CA\",\"potentialAction\":[{\"@type\":\"ReadAction\",\"target\":[\"https:\/\/www.uqac.ca\/uqactualites\/2016\/11\/03\/elise-duchesne-recoit-un-appui-substantiel-de-la-fondation-gdpl\/\"]}]},{\"@type\":\"ImageObject\",\"inLanguage\":\"fr-CA\",\"@id\":\"https:\/\/www.uqac.ca\/uqactualites\/2016\/11\/03\/elise-duchesne-recoit-un-appui-substantiel-de-la-fondation-gdpl\/#primaryimage\",\"url\":\"https:\/\/www.uqac.ca\/uqactualites\/wp-content\/uploads\/2016\/11\/lise-Duchesne-Web-Denis-Blackburn.jpg\",\"contentUrl\":\"https:\/\/www.uqac.ca\/uqactualites\/wp-content\/uploads\/2016\/11\/lise-Duchesne-Web-Denis-Blackburn.jpg\",\"width\":620,\"height\":300},{\"@type\":\"BreadcrumbList\",\"@id\":\"https:\/\/www.uqac.ca\/uqactualites\/2016\/11\/03\/elise-duchesne-recoit-un-appui-substantiel-de-la-fondation-gdpl\/#breadcrumb\",\"itemListElement\":[{\"@type\":\"ListItem\",\"position\":1,\"name\":\"Home\",\"item\":\"https:\/\/www.uqac.ca\/uqactualites\/\"},{\"@type\":\"ListItem\",\"position\":2,\"name\":\"\u00c9lise Duchesne re\u00e7oit un appui substantiel de la Fondation GDPL\"}]},{\"@type\":\"WebSite\",\"@id\":\"https:\/\/www.uqac.ca\/uqactualites\/#website\",\"url\":\"https:\/\/www.uqac.ca\/uqactualites\/\",\"name\":\"UQACtualit\u00e9s\",\"description\":\"Le portail des nouvelles de l&#039;UQAC\",\"potentialAction\":[{\"@type\":\"SearchAction\",\"target\":{\"@type\":\"EntryPoint\",\"urlTemplate\":\"https:\/\/www.uqac.ca\/uqactualites\/?s={search_term_string}\"},\"query-input\":{\"@type\":\"PropertyValueSpecification\",\"valueRequired\":true,\"valueName\":\"search_term_string\"}}],\"inLanguage\":\"fr-CA\"},{\"@type\":\"Person\",\"@id\":\"https:\/\/www.uqac.ca\/uqactualites\/#\/schema\/person\/366c45a0c4f0e677b41b4af5886e2018\",\"name\":\"Service des communications et des relations publiques\",\"image\":{\"@type\":\"ImageObject\",\"inLanguage\":\"fr-CA\",\"@id\":\"https:\/\/www.uqac.ca\/uqactualites\/#\/schema\/person\/image\/\",\"url\":\"https:\/\/secure.gravatar.com\/avatar\/20fbbda8a292f59f2d3461a5b999c00b?s=96&d=mm&r=g\",\"contentUrl\":\"https:\/\/secure.gravatar.com\/avatar\/20fbbda8a292f59f2d3461a5b999c00b?s=96&d=mm&r=g\",\"caption\":\"Service des communications et des relations publiques\"},\"url\":\"https:\/\/www.uqac.ca\/uqactualites\/author\/bap\/\"}]}<\/script>\r\n<!-- \/ Yoast SEO plugin. -->","yoast_head_json":{"title":"\u00c9lise Duchesne re\u00e7oit un appui substantiel de la Fondation GDPL - UQACtualit\u00e9s","robots":{"index":"index","follow":"follow","max-snippet":"max-snippet:-1","max-image-preview":"max-image-preview:large","max-video-preview":"max-video-preview:-1"},"canonical":"https:\/\/www.uqac.ca\/uqactualites\/2016\/11\/03\/elise-duchesne-recoit-un-appui-substantiel-de-la-fondation-gdpl\/","og_locale":"fr_CA","og_type":"article","og_title":"\u00c9lise Duchesne re\u00e7oit un appui substantiel de la Fondation GDPL - UQACtualit\u00e9s","og_description":"Professeure au D\u00e9partement des sciences de la sant\u00e9 de l\u2019UQAC et directrice par int\u00e9rim de l\u2019Unit\u00e9 d&rsquo;enseignement en physioth\u00e9rapie, \u00c9lise Duchesne a r\u00e9cemment re\u00e7u un important soutien de la part de la Fondation du Grand D\u00e9fi Pierre Lavoie. Le financement d\u2019un an, \u00e0 hauteur de 25\u00a0000\u00a0$, lui permettra de poursuivre ses recherches sur l\u2019effet d\u2019un [&hellip;]","og_url":"https:\/\/www.uqac.ca\/uqactualites\/2016\/11\/03\/elise-duchesne-recoit-un-appui-substantiel-de-la-fondation-gdpl\/","og_site_name":"UQACtualit\u00e9s","article_published_time":"2016-11-03T17:39:53+00:00","og_image":[{"width":620,"height":300,"url":"https:\/\/www.uqac.ca\/uqactualites\/wp-content\/uploads\/2016\/11\/lise-Duchesne-Web-Denis-Blackburn.jpg","type":"image\/jpeg"}],"author":"Service des communications et des relations publiques","twitter_card":"summary_large_image","twitter_misc":{"\u00c9crit par":"Service des communications et des relations publiques","Estimation du temps de lecture":"2 minutes"},"schema":{"@context":"https:\/\/schema.org","@graph":[{"@type":"WebPage","@id":"https:\/\/www.uqac.ca\/uqactualites\/2016\/11\/03\/elise-duchesne-recoit-un-appui-substantiel-de-la-fondation-gdpl\/","url":"https:\/\/www.uqac.ca\/uqactualites\/2016\/11\/03\/elise-duchesne-recoit-un-appui-substantiel-de-la-fondation-gdpl\/","name":"\u00c9lise Duchesne re\u00e7oit un appui substantiel de la Fondation GDPL - UQACtualit\u00e9s","isPartOf":{"@id":"https:\/\/www.uqac.ca\/uqactualites\/#website"},"primaryImageOfPage":{"@id":"https:\/\/www.uqac.ca\/uqactualites\/2016\/11\/03\/elise-duchesne-recoit-un-appui-substantiel-de-la-fondation-gdpl\/#primaryimage"},"image":{"@id":"https:\/\/www.uqac.ca\/uqactualites\/2016\/11\/03\/elise-duchesne-recoit-un-appui-substantiel-de-la-fondation-gdpl\/#primaryimage"},"thumbnailUrl":"https:\/\/www.uqac.ca\/uqactualites\/wp-content\/uploads\/2016\/11\/lise-Duchesne-Web-Denis-Blackburn.jpg","datePublished":"2016-11-03T17:39:53+00:00","dateModified":"2016-11-03T17:39:53+00:00","author":{"@id":"https:\/\/www.uqac.ca\/uqactualites\/#\/schema\/person\/366c45a0c4f0e677b41b4af5886e2018"},"breadcrumb":{"@id":"https:\/\/www.uqac.ca\/uqactualites\/2016\/11\/03\/elise-duchesne-recoit-un-appui-substantiel-de-la-fondation-gdpl\/#breadcrumb"},"inLanguage":"fr-CA","potentialAction":[{"@type":"ReadAction","target":["https:\/\/www.uqac.ca\/uqactualites\/2016\/11\/03\/elise-duchesne-recoit-un-appui-substantiel-de-la-fondation-gdpl\/"]}]},{"@type":"ImageObject","inLanguage":"fr-CA","@id":"https:\/\/www.uqac.ca\/uqactualites\/2016\/11\/03\/elise-duchesne-recoit-un-appui-substantiel-de-la-fondation-gdpl\/#primaryimage","url":"https:\/\/www.uqac.ca\/uqactualites\/wp-content\/uploads\/2016\/11\/lise-Duchesne-Web-Denis-Blackburn.jpg","contentUrl":"https:\/\/www.uqac.ca\/uqactualites\/wp-content\/uploads\/2016\/11\/lise-Duchesne-Web-Denis-Blackburn.jpg","width":620,"height":300},{"@type":"BreadcrumbList","@id":"https:\/\/www.uqac.ca\/uqactualites\/2016\/11\/03\/elise-duchesne-recoit-un-appui-substantiel-de-la-fondation-gdpl\/#breadcrumb","itemListElement":[{"@type":"ListItem","position":1,"name":"Home","item":"https:\/\/www.uqac.ca\/uqactualites\/"},{"@type":"ListItem","position":2,"name":"\u00c9lise Duchesne re\u00e7oit un appui substantiel de la Fondation GDPL"}]},{"@type":"WebSite","@id":"https:\/\/www.uqac.ca\/uqactualites\/#website","url":"https:\/\/www.uqac.ca\/uqactualites\/","name":"UQACtualit\u00e9s","description":"Le portail des nouvelles de l&#039;UQAC","potentialAction":[{"@type":"SearchAction","target":{"@type":"EntryPoint","urlTemplate":"https:\/\/www.uqac.ca\/uqactualites\/?s={search_term_string}"},"query-input":{"@type":"PropertyValueSpecification","valueRequired":true,"valueName":"search_term_string"}}],"inLanguage":"fr-CA"},{"@type":"Person","@id":"https:\/\/www.uqac.ca\/uqactualites\/#\/schema\/person\/366c45a0c4f0e677b41b4af5886e2018","name":"Service des communications et des relations publiques","image":{"@type":"ImageObject","inLanguage":"fr-CA","@id":"https:\/\/www.uqac.ca\/uqactualites\/#\/schema\/person\/image\/","url":"https:\/\/secure.gravatar.com\/avatar\/20fbbda8a292f59f2d3461a5b999c00b?s=96&d=mm&r=g","contentUrl":"https:\/\/secure.gravatar.com\/avatar\/20fbbda8a292f59f2d3461a5b999c00b?s=96&d=mm&r=g","caption":"Service des communications et des relations publiques"},"url":"https:\/\/www.uqac.ca\/uqactualites\/author\/bap\/"}]}},"_links":{"self":[{"href":"https:\/\/www.uqac.ca\/uqactualites\/wp-json\/wp\/v2\/posts\/32665"}],"collection":[{"href":"https:\/\/www.uqac.ca\/uqactualites\/wp-json\/wp\/v2\/posts"}],"about":[{"href":"https:\/\/www.uqac.ca\/uqactualites\/wp-json\/wp\/v2\/types\/post"}],"author":[{"embeddable":true,"href":"https:\/\/www.uqac.ca\/uqactualites\/wp-json\/wp\/v2\/users\/5"}],"replies":[{"embeddable":true,"href":"https:\/\/www.uqac.ca\/uqactualites\/wp-json\/wp\/v2\/comments?post=32665"}],"version-history":[{"count":0,"href":"https:\/\/www.uqac.ca\/uqactualites\/wp-json\/wp\/v2\/posts\/32665\/revisions"}],"wp:featuredmedia":[{"embeddable":true,"href":"https:\/\/www.uqac.ca\/uqactualites\/wp-json\/wp\/v2\/media\/32666"}],"wp:attachment":[{"href":"https:\/\/www.uqac.ca\/uqactualites\/wp-json\/wp\/v2\/media?parent=32665"}],"wp:term":[{"taxonomy":"category","embeddable":true,"href":"https:\/\/www.uqac.ca\/uqactualites\/wp-json\/wp\/v2\/categories?post=32665"},{"taxonomy":"post_tag","embeddable":true,"href":"https:\/\/www.uqac.ca\/uqactualites\/wp-json\/wp\/v2\/tags?post=32665"}],"curies":[{"name":"wp","href":"https:\/\/api.w.org\/{rel}","templated":true}]}}