{"id":32757,"date":"2016-11-22T16:09:39","date_gmt":"2016-11-22T21:09:39","guid":{"rendered":"http:\/\/uqactualite.odev.ca\/?p=32757"},"modified":"2016-11-22T16:09:39","modified_gmt":"2016-11-22T21:09:39","slug":"succes-pour-la-4e-edition-des-rendez-vous-critiques","status":"publish","type":"post","link":"https:\/\/www.uqac.ca\/uqactualites\/2016\/11\/22\/succes-pour-la-4e-edition-des-rendez-vous-critiques\/","title":{"rendered":"Succ\u00e8s pour la 4e \u00e9dition des Rendez-vous critiques"},"content":{"rendered":"<p style=\"text-align: justify\">La 4<sup>e<\/sup> \u00e9dition des Rendez-vous critiques s\u2019est tenue le vendredi 11 novembre dernier \u00e0 l\u2019UQAC sous le th\u00e8me \u00ab\u00a0Quand le travail blesse\u2026\u00a0\u00bb Lors de cette journ\u00e9e d\u2019\u00e9tude, l\u2019\u00e9quipe du Laboratoire sur les incidents critiques en milieu de travail (ICMT) a accueilli pr\u00e8s de 85 personnes issues de tous les milieux. En effet, plusieurs membres de la communaut\u00e9 universitaire ainsi que des gestionnaires et travailleurs de diff\u00e9rents milieux de travail \u00e9taient de la partie pour cette rencontre favorisant les \u00e9changes et les r\u00e9flexions sur les enjeux li\u00e9s au harc\u00e8lement psychologique et \u00e0 la violence en milieu de travail, \u00e0 la sant\u00e9 et \u00e0 la s\u00e9curit\u00e9 psychologiques et au retour post-\u00e9v\u00e9nement.<\/p>\n<p style=\"text-align: justify\">L\u2019\u00e9quipe du Laboratoire ICMT est tr\u00e8s heureuse de l\u2019engouement suscit\u00e9 par cet \u00e9v\u00e9nement et tient d\u2019ailleurs \u00e0 remercier le D\u00e9partement des sciences \u00e9conomiques et administratives pour l\u2019appui financier ayant permis de mener \u00e0 bien cette journ\u00e9e.<\/p>\n<p style=\"text-align: justify\"><span style=\"color: #808080\"><strong>Photo\u00a0: <\/strong>Les conf\u00e9renciers de la 4<sup>e<\/sup> \u00e9dition des Rendez-vous critiques\u00a0: \u00c9rick Chamberland, Cheikh Faye, Laetitia Larouche et Martin Perron<\/span><br \/>\n<span style=\"color: #808080\"><strong>\u00a9 Nicolas Turcotte<\/strong><\/span><\/p>\n","protected":false},"excerpt":{"rendered":"<p>La 4e \u00e9dition des Rendez-vous critiques s\u2019est tenue le vendredi 11 novembre dernier \u00e0 l\u2019UQAC sous le th\u00e8me \u00ab\u00a0Quand le travail blesse\u2026\u00a0\u00bb Lors de cette journ\u00e9e d\u2019\u00e9tude, l\u2019\u00e9quipe du Laboratoire sur les incidents critiques en milieu de travail (ICMT) a accueilli pr\u00e8s de 85 personnes issues de tous les milieux. En effet, plusieurs membres de [&hellip;]<\/p>\n","protected":false},"author":5,"featured_media":32758,"comment_status":"open","ping_status":"open","sticky":false,"template":"","format":"standard","meta":{"footnotes":""},"categories":[2],"tags":[],"yoast_head":"<!-- This site is optimized with the Yoast SEO plugin v24.2 - https:\/\/yoast.com\/wordpress\/plugins\/seo\/ -->\r\n<title>Succ\u00e8s pour la 4e \u00e9dition des Rendez-vous critiques - UQACtualit\u00e9s<\/title>\r\n<meta name=\"robots\" content=\"index, follow, max-snippet:-1, max-image-preview:large, max-video-preview:-1\" \/>\r\n<link rel=\"canonical\" href=\"https:\/\/www.uqac.ca\/uqactualites\/2016\/11\/22\/succes-pour-la-4e-edition-des-rendez-vous-critiques\/\" \/>\r\n<meta property=\"og:locale\" content=\"fr_CA\" \/>\r\n<meta property=\"og:type\" content=\"article\" \/>\r\n<meta property=\"og:title\" content=\"Succ\u00e8s pour la 4e \u00e9dition des Rendez-vous critiques - UQACtualit\u00e9s\" \/>\r\n<meta property=\"og:description\" content=\"La 4e \u00e9dition des Rendez-vous critiques s\u2019est tenue le vendredi 11 novembre dernier \u00e0 l\u2019UQAC sous le th\u00e8me \u00ab\u00a0Quand le travail blesse\u2026\u00a0\u00bb Lors de cette journ\u00e9e d\u2019\u00e9tude, l\u2019\u00e9quipe du Laboratoire sur les incidents critiques en milieu de travail (ICMT) a accueilli pr\u00e8s de 85 personnes issues de tous les milieux. En effet, plusieurs membres de [&hellip;]\" \/>\r\n<meta property=\"og:url\" content=\"https:\/\/www.uqac.ca\/uqactualites\/2016\/11\/22\/succes-pour-la-4e-edition-des-rendez-vous-critiques\/\" \/>\r\n<meta property=\"og:site_name\" content=\"UQACtualit\u00e9s\" \/>\r\n<meta property=\"article:published_time\" content=\"2016-11-22T21:09:39+00:00\" \/>\r\n<meta property=\"og:image\" content=\"https:\/\/www.uqac.ca\/uqactualites\/wp-content\/uploads\/2016\/11\/RVcritiques2016-Web-Nicolas-Turcotte.jpg\" \/>\r\n\t<meta property=\"og:image:width\" content=\"620\" \/>\r\n\t<meta property=\"og:image:height\" content=\"300\" \/>\r\n\t<meta property=\"og:image:type\" content=\"image\/jpeg\" \/>\r\n<meta name=\"author\" content=\"Service des communications et des relations publiques\" \/>\r\n<meta name=\"twitter:card\" content=\"summary_large_image\" \/>\r\n<meta name=\"twitter:label1\" content=\"\u00c9crit par\" \/>\n\t<meta name=\"twitter:data1\" content=\"Service des communications et des relations publiques\" \/>\n\t<meta name=\"twitter:label2\" content=\"Estimation du temps de lecture\" \/>\n\t<meta name=\"twitter:data2\" content=\"1 minute\" \/>\r\n<script type=\"application\/ld+json\" class=\"yoast-schema-graph\">{\"@context\":\"https:\/\/schema.org\",\"@graph\":[{\"@type\":\"WebPage\",\"@id\":\"https:\/\/www.uqac.ca\/uqactualites\/2016\/11\/22\/succes-pour-la-4e-edition-des-rendez-vous-critiques\/\",\"url\":\"https:\/\/www.uqac.ca\/uqactualites\/2016\/11\/22\/succes-pour-la-4e-edition-des-rendez-vous-critiques\/\",\"name\":\"Succ\u00e8s pour la 4e \u00e9dition des Rendez-vous critiques - UQACtualit\u00e9s\",\"isPartOf\":{\"@id\":\"https:\/\/www.uqac.ca\/uqactualites\/#website\"},\"primaryImageOfPage\":{\"@id\":\"https:\/\/www.uqac.ca\/uqactualites\/2016\/11\/22\/succes-pour-la-4e-edition-des-rendez-vous-critiques\/#primaryimage\"},\"image\":{\"@id\":\"https:\/\/www.uqac.ca\/uqactualites\/2016\/11\/22\/succes-pour-la-4e-edition-des-rendez-vous-critiques\/#primaryimage\"},\"thumbnailUrl\":\"https:\/\/www.uqac.ca\/uqactualites\/wp-content\/uploads\/2016\/11\/RVcritiques2016-Web-Nicolas-Turcotte.jpg\",\"datePublished\":\"2016-11-22T21:09:39+00:00\",\"dateModified\":\"2016-11-22T21:09:39+00:00\",\"author\":{\"@id\":\"https:\/\/www.uqac.ca\/uqactualites\/#\/schema\/person\/366c45a0c4f0e677b41b4af5886e2018\"},\"breadcrumb\":{\"@id\":\"https:\/\/www.uqac.ca\/uqactualites\/2016\/11\/22\/succes-pour-la-4e-edition-des-rendez-vous-critiques\/#breadcrumb\"},\"inLanguage\":\"fr-CA\",\"potentialAction\":[{\"@type\":\"ReadAction\",\"target\":[\"https:\/\/www.uqac.ca\/uqactualites\/2016\/11\/22\/succes-pour-la-4e-edition-des-rendez-vous-critiques\/\"]}]},{\"@type\":\"ImageObject\",\"inLanguage\":\"fr-CA\",\"@id\":\"https:\/\/www.uqac.ca\/uqactualites\/2016\/11\/22\/succes-pour-la-4e-edition-des-rendez-vous-critiques\/#primaryimage\",\"url\":\"https:\/\/www.uqac.ca\/uqactualites\/wp-content\/uploads\/2016\/11\/RVcritiques2016-Web-Nicolas-Turcotte.jpg\",\"contentUrl\":\"https:\/\/www.uqac.ca\/uqactualites\/wp-content\/uploads\/2016\/11\/RVcritiques2016-Web-Nicolas-Turcotte.jpg\",\"width\":620,\"height\":300},{\"@type\":\"BreadcrumbList\",\"@id\":\"https:\/\/www.uqac.ca\/uqactualites\/2016\/11\/22\/succes-pour-la-4e-edition-des-rendez-vous-critiques\/#breadcrumb\",\"itemListElement\":[{\"@type\":\"ListItem\",\"position\":1,\"name\":\"Home\",\"item\":\"https:\/\/www.uqac.ca\/uqactualites\/\"},{\"@type\":\"ListItem\",\"position\":2,\"name\":\"Succ\u00e8s pour la 4e \u00e9dition des Rendez-vous critiques\"}]},{\"@type\":\"WebSite\",\"@id\":\"https:\/\/www.uqac.ca\/uqactualites\/#website\",\"url\":\"https:\/\/www.uqac.ca\/uqactualites\/\",\"name\":\"UQACtualit\u00e9s\",\"description\":\"Le portail des nouvelles de l&#039;UQAC\",\"potentialAction\":[{\"@type\":\"SearchAction\",\"target\":{\"@type\":\"EntryPoint\",\"urlTemplate\":\"https:\/\/www.uqac.ca\/uqactualites\/?s={search_term_string}\"},\"query-input\":{\"@type\":\"PropertyValueSpecification\",\"valueRequired\":true,\"valueName\":\"search_term_string\"}}],\"inLanguage\":\"fr-CA\"},{\"@type\":\"Person\",\"@id\":\"https:\/\/www.uqac.ca\/uqactualites\/#\/schema\/person\/366c45a0c4f0e677b41b4af5886e2018\",\"name\":\"Service des communications et des relations publiques\",\"image\":{\"@type\":\"ImageObject\",\"inLanguage\":\"fr-CA\",\"@id\":\"https:\/\/www.uqac.ca\/uqactualites\/#\/schema\/person\/image\/\",\"url\":\"https:\/\/secure.gravatar.com\/avatar\/20fbbda8a292f59f2d3461a5b999c00b?s=96&d=mm&r=g\",\"contentUrl\":\"https:\/\/secure.gravatar.com\/avatar\/20fbbda8a292f59f2d3461a5b999c00b?s=96&d=mm&r=g\",\"caption\":\"Service des communications et des relations publiques\"},\"url\":\"https:\/\/www.uqac.ca\/uqactualites\/author\/bap\/\"}]}<\/script>\r\n<!-- \/ Yoast SEO plugin. -->","yoast_head_json":{"title":"Succ\u00e8s pour la 4e \u00e9dition des Rendez-vous critiques - UQACtualit\u00e9s","robots":{"index":"index","follow":"follow","max-snippet":"max-snippet:-1","max-image-preview":"max-image-preview:large","max-video-preview":"max-video-preview:-1"},"canonical":"https:\/\/www.uqac.ca\/uqactualites\/2016\/11\/22\/succes-pour-la-4e-edition-des-rendez-vous-critiques\/","og_locale":"fr_CA","og_type":"article","og_title":"Succ\u00e8s pour la 4e \u00e9dition des Rendez-vous critiques - UQACtualit\u00e9s","og_description":"La 4e \u00e9dition des Rendez-vous critiques s\u2019est tenue le vendredi 11 novembre dernier \u00e0 l\u2019UQAC sous le th\u00e8me \u00ab\u00a0Quand le travail blesse\u2026\u00a0\u00bb Lors de cette journ\u00e9e d\u2019\u00e9tude, l\u2019\u00e9quipe du Laboratoire sur les incidents critiques en milieu de travail (ICMT) a accueilli pr\u00e8s de 85 personnes issues de tous les milieux. En effet, plusieurs membres de [&hellip;]","og_url":"https:\/\/www.uqac.ca\/uqactualites\/2016\/11\/22\/succes-pour-la-4e-edition-des-rendez-vous-critiques\/","og_site_name":"UQACtualit\u00e9s","article_published_time":"2016-11-22T21:09:39+00:00","og_image":[{"width":620,"height":300,"url":"https:\/\/www.uqac.ca\/uqactualites\/wp-content\/uploads\/2016\/11\/RVcritiques2016-Web-Nicolas-Turcotte.jpg","type":"image\/jpeg"}],"author":"Service des communications et des relations publiques","twitter_card":"summary_large_image","twitter_misc":{"\u00c9crit par":"Service des communications et des relations publiques","Estimation du temps de lecture":"1 minute"},"schema":{"@context":"https:\/\/schema.org","@graph":[{"@type":"WebPage","@id":"https:\/\/www.uqac.ca\/uqactualites\/2016\/11\/22\/succes-pour-la-4e-edition-des-rendez-vous-critiques\/","url":"https:\/\/www.uqac.ca\/uqactualites\/2016\/11\/22\/succes-pour-la-4e-edition-des-rendez-vous-critiques\/","name":"Succ\u00e8s pour la 4e \u00e9dition des Rendez-vous critiques - UQACtualit\u00e9s","isPartOf":{"@id":"https:\/\/www.uqac.ca\/uqactualites\/#website"},"primaryImageOfPage":{"@id":"https:\/\/www.uqac.ca\/uqactualites\/2016\/11\/22\/succes-pour-la-4e-edition-des-rendez-vous-critiques\/#primaryimage"},"image":{"@id":"https:\/\/www.uqac.ca\/uqactualites\/2016\/11\/22\/succes-pour-la-4e-edition-des-rendez-vous-critiques\/#primaryimage"},"thumbnailUrl":"https:\/\/www.uqac.ca\/uqactualites\/wp-content\/uploads\/2016\/11\/RVcritiques2016-Web-Nicolas-Turcotte.jpg","datePublished":"2016-11-22T21:09:39+00:00","dateModified":"2016-11-22T21:09:39+00:00","author":{"@id":"https:\/\/www.uqac.ca\/uqactualites\/#\/schema\/person\/366c45a0c4f0e677b41b4af5886e2018"},"breadcrumb":{"@id":"https:\/\/www.uqac.ca\/uqactualites\/2016\/11\/22\/succes-pour-la-4e-edition-des-rendez-vous-critiques\/#breadcrumb"},"inLanguage":"fr-CA","potentialAction":[{"@type":"ReadAction","target":["https:\/\/www.uqac.ca\/uqactualites\/2016\/11\/22\/succes-pour-la-4e-edition-des-rendez-vous-critiques\/"]}]},{"@type":"ImageObject","inLanguage":"fr-CA","@id":"https:\/\/www.uqac.ca\/uqactualites\/2016\/11\/22\/succes-pour-la-4e-edition-des-rendez-vous-critiques\/#primaryimage","url":"https:\/\/www.uqac.ca\/uqactualites\/wp-content\/uploads\/2016\/11\/RVcritiques2016-Web-Nicolas-Turcotte.jpg","contentUrl":"https:\/\/www.uqac.ca\/uqactualites\/wp-content\/uploads\/2016\/11\/RVcritiques2016-Web-Nicolas-Turcotte.jpg","width":620,"height":300},{"@type":"BreadcrumbList","@id":"https:\/\/www.uqac.ca\/uqactualites\/2016\/11\/22\/succes-pour-la-4e-edition-des-rendez-vous-critiques\/#breadcrumb","itemListElement":[{"@type":"ListItem","position":1,"name":"Home","item":"https:\/\/www.uqac.ca\/uqactualites\/"},{"@type":"ListItem","position":2,"name":"Succ\u00e8s pour la 4e \u00e9dition des Rendez-vous critiques"}]},{"@type":"WebSite","@id":"https:\/\/www.uqac.ca\/uqactualites\/#website","url":"https:\/\/www.uqac.ca\/uqactualites\/","name":"UQACtualit\u00e9s","description":"Le portail des nouvelles de l&#039;UQAC","potentialAction":[{"@type":"SearchAction","target":{"@type":"EntryPoint","urlTemplate":"https:\/\/www.uqac.ca\/uqactualites\/?s={search_term_string}"},"query-input":{"@type":"PropertyValueSpecification","valueRequired":true,"valueName":"search_term_string"}}],"inLanguage":"fr-CA"},{"@type":"Person","@id":"https:\/\/www.uqac.ca\/uqactualites\/#\/schema\/person\/366c45a0c4f0e677b41b4af5886e2018","name":"Service des communications et des relations publiques","image":{"@type":"ImageObject","inLanguage":"fr-CA","@id":"https:\/\/www.uqac.ca\/uqactualites\/#\/schema\/person\/image\/","url":"https:\/\/secure.gravatar.com\/avatar\/20fbbda8a292f59f2d3461a5b999c00b?s=96&d=mm&r=g","contentUrl":"https:\/\/secure.gravatar.com\/avatar\/20fbbda8a292f59f2d3461a5b999c00b?s=96&d=mm&r=g","caption":"Service des communications et des relations publiques"},"url":"https:\/\/www.uqac.ca\/uqactualites\/author\/bap\/"}]}},"_links":{"self":[{"href":"https:\/\/www.uqac.ca\/uqactualites\/wp-json\/wp\/v2\/posts\/32757"}],"collection":[{"href":"https:\/\/www.uqac.ca\/uqactualites\/wp-json\/wp\/v2\/posts"}],"about":[{"href":"https:\/\/www.uqac.ca\/uqactualites\/wp-json\/wp\/v2\/types\/post"}],"author":[{"embeddable":true,"href":"https:\/\/www.uqac.ca\/uqactualites\/wp-json\/wp\/v2\/users\/5"}],"replies":[{"embeddable":true,"href":"https:\/\/www.uqac.ca\/uqactualites\/wp-json\/wp\/v2\/comments?post=32757"}],"version-history":[{"count":0,"href":"https:\/\/www.uqac.ca\/uqactualites\/wp-json\/wp\/v2\/posts\/32757\/revisions"}],"wp:featuredmedia":[{"embeddable":true,"href":"https:\/\/www.uqac.ca\/uqactualites\/wp-json\/wp\/v2\/media\/32758"}],"wp:attachment":[{"href":"https:\/\/www.uqac.ca\/uqactualites\/wp-json\/wp\/v2\/media?parent=32757"}],"wp:term":[{"taxonomy":"category","embeddable":true,"href":"https:\/\/www.uqac.ca\/uqactualites\/wp-json\/wp\/v2\/categories?post=32757"},{"taxonomy":"post_tag","embeddable":true,"href":"https:\/\/www.uqac.ca\/uqactualites\/wp-json\/wp\/v2\/tags?post=32757"}],"curies":[{"name":"wp","href":"https:\/\/api.w.org\/{rel}","templated":true}]}}