{"id":32882,"date":"2017-01-12T08:51:38","date_gmt":"2017-01-12T13:51:38","guid":{"rendered":"http:\/\/uqactualite.odev.ca\/?p=32882"},"modified":"2017-01-12T08:51:38","modified_gmt":"2017-01-12T13:51:38","slug":"de-nouveaux-mandats-pour-issouf-fofana","status":"publish","type":"post","link":"https:\/\/www.uqac.ca\/uqactualites\/2017\/01\/12\/de-nouveaux-mandats-pour-issouf-fofana\/","title":{"rendered":"De nouveaux mandats pour Issouf Fofana"},"content":{"rendered":"<p style=\"text-align: justify\">Issouf Fofana, professeur au D\u00e9partement des sciences appliqu\u00e9es, titulaire de la Chaire institutionnelle sur le vieillissement de l\u2019appareillage haute tension (ViAHT) et directeur par int\u00e9rim du CENGIVRE de l\u2019UQAC, a tout r\u00e9cemment \u00e9t\u00e9 nomm\u00e9 \u00e0 deux importantes fonctions sur le plan international. Il a en effet \u00e9t\u00e9 \u00e9lu en octobre dernier \u00e0 titre de membre du conseil d\u2019administration (AdCom) de l\u2019IEEE DEIS (Institute of Electrical and Electronics Engineers &#8211; Dielectrics and Electrical Insulation Society), en plus d\u2019\u00eatre nomm\u00e9 \u00e9diteur associ\u00e9 de la prestigieuse revue <em>IEEE Transactions on Dielectrics and Electrical Insulation<\/em>. Ces nominations traduisent le leadership et la valeur scientifique des travaux effectu\u00e9s \u00e0 l\u2019UQAC dans ce domaine de recherche.<\/p>\n<p style=\"text-align: justify\">C\u2019est un mandat de trois ans au sein du conseil d\u2019administration de l\u2019IEEE DEIS qui attend le professeur Fofana. \u00c0 titre d\u2019AdCom Member-at-Large, il sera ainsi partie prenante des affaires de la soci\u00e9t\u00e9 jusqu\u2019en d\u00e9cembre 2019. Les membres de l\u2019AdCom sont \u00e9lus \u00e9lectroniquement ou par bulletin postal par les membres de la DEIS. Il est \u00e0 noter que l\u2019IEEE, qui compte plus de 421\u00a0000 membres dans plus de 160\u00a0pays, est l\u2019autorit\u00e9 mondiale dans le domaine de l\u2019\u00e9lectricit\u00e9 et de l\u2019\u00e9lectronique.<\/p>\n<p style=\"text-align: justify\">C\u2019est sur proposition de l\u2019\u00e9diteur en chef de la revue <em>IEEE Transactions on Dielectrics and Electrical Insulation<\/em>, R. Hackam, ainsi que du pr\u00e9sident de l\u2019IEEE DEIS, Lewin Paul, qu\u2019a \u00e9t\u00e9 approuv\u00e9e par l\u2019AdCom la nomination de M. Fofana a titre d\u2019\u00e9diteur associ\u00e9 de la publication scientifique. Cette importante fonction n\u2019est confi\u00e9e qu\u2019aux chercheurs qui assument un leadership dans le domaine des di\u00e9lectriques et des isolants \u00e9lectriques. Le d\u00e9ploiement de l\u2019information et de la recherche dans ce domaine s\u2019effectue principalement par l\u2019entremise de cette prestigieuse revue. L\u2019IEEE DEIS assure la coordination et la communication parmi les chercheurs et ing\u00e9nieurs int\u00e9ress\u00e9s par les ph\u00e9nom\u00e8nes di\u00e9lectriques et les mat\u00e9riaux isolants.<\/p>\n<p style=\"text-align: justify\">Notons enfin que le professeur Fofana fait partie de comit\u00e9s scientifiques internationaux de quatre importantes conf\u00e9rences parrain\u00e9es par la DEIS, en plus d\u2019agir en tant qu\u2019\u00e9diteur associ\u00e9 de la revue <em>IET Transmissions, Distribution and Generation<\/em> (2015-2018). Il est \u00e9galement sollicit\u00e9 \u00e0 titre d\u2019\u00e9diteur invit\u00e9 pour la production d\u2019une \u00e9dition sp\u00e9ciale du magazine <a href=\"http:\/\/www.mdpi.com\/journal\/energies\/special_issues\"><em>Energies<\/em><\/a>, une autre publication de prestige du domaine.<\/p>\n<p style=\"text-align: justify\">Toutes nos f\u00e9licitations!<\/p>\n<p style=\"text-align: justify\">\n<p style=\"text-align: justify\"><span style=\"color: #808080\">Photo\u00a0: Issouf Fofana<\/span><br \/>\n<span style=\"color: #808080\">\u00a9 Denis Blackburn<\/span><\/p>\n","protected":false},"excerpt":{"rendered":"<p>Issouf Fofana, professeur au D\u00e9partement des sciences appliqu\u00e9es, titulaire de la Chaire institutionnelle sur le vieillissement de l\u2019appareillage haute tension (ViAHT) et directeur par int\u00e9rim du CENGIVRE de l\u2019UQAC, a tout r\u00e9cemment \u00e9t\u00e9 nomm\u00e9 \u00e0 deux importantes fonctions sur le plan international. Il a en effet \u00e9t\u00e9 \u00e9lu en octobre dernier \u00e0 titre de membre [&hellip;]<\/p>\n","protected":false},"author":5,"featured_media":32883,"comment_status":"open","ping_status":"open","sticky":false,"template":"","format":"standard","meta":{"footnotes":""},"categories":[2],"tags":[],"yoast_head":"<!-- This site is optimized with the Yoast SEO plugin v24.2 - https:\/\/yoast.com\/wordpress\/plugins\/seo\/ -->\r\n<title>De nouveaux mandats pour Issouf Fofana - UQACtualit\u00e9s<\/title>\r\n<meta name=\"robots\" content=\"index, follow, max-snippet:-1, max-image-preview:large, max-video-preview:-1\" \/>\r\n<link rel=\"canonical\" href=\"https:\/\/www.uqac.ca\/uqactualites\/2017\/01\/12\/de-nouveaux-mandats-pour-issouf-fofana\/\" \/>\r\n<meta property=\"og:locale\" content=\"fr_CA\" \/>\r\n<meta property=\"og:type\" content=\"article\" \/>\r\n<meta property=\"og:title\" content=\"De nouveaux mandats pour Issouf Fofana - UQACtualit\u00e9s\" \/>\r\n<meta property=\"og:description\" content=\"Issouf Fofana, professeur au D\u00e9partement des sciences appliqu\u00e9es, titulaire de la Chaire institutionnelle sur le vieillissement de l\u2019appareillage haute tension (ViAHT) et directeur par int\u00e9rim du CENGIVRE de l\u2019UQAC, a tout r\u00e9cemment \u00e9t\u00e9 nomm\u00e9 \u00e0 deux importantes fonctions sur le plan international. Il a en effet \u00e9t\u00e9 \u00e9lu en octobre dernier \u00e0 titre de membre [&hellip;]\" \/>\r\n<meta property=\"og:url\" content=\"https:\/\/www.uqac.ca\/uqactualites\/2017\/01\/12\/de-nouveaux-mandats-pour-issouf-fofana\/\" \/>\r\n<meta property=\"og:site_name\" content=\"UQACtualit\u00e9s\" \/>\r\n<meta property=\"article:published_time\" content=\"2017-01-12T13:51:38+00:00\" \/>\r\n<meta property=\"og:image\" content=\"https:\/\/www.uqac.ca\/uqactualites\/wp-content\/uploads\/2017\/01\/Issouf-Fofana-Web-Denis-Blackburn.jpg\" \/>\r\n\t<meta property=\"og:image:width\" content=\"620\" \/>\r\n\t<meta property=\"og:image:height\" content=\"300\" \/>\r\n\t<meta property=\"og:image:type\" content=\"image\/jpeg\" \/>\r\n<meta name=\"author\" content=\"Service des communications et des relations publiques\" \/>\r\n<meta name=\"twitter:card\" content=\"summary_large_image\" \/>\r\n<meta name=\"twitter:label1\" content=\"\u00c9crit par\" \/>\n\t<meta name=\"twitter:data1\" content=\"Service des communications et des relations publiques\" \/>\n\t<meta name=\"twitter:label2\" content=\"Estimation du temps de lecture\" \/>\n\t<meta name=\"twitter:data2\" content=\"2 minutes\" \/>\r\n<script type=\"application\/ld+json\" class=\"yoast-schema-graph\">{\"@context\":\"https:\/\/schema.org\",\"@graph\":[{\"@type\":\"WebPage\",\"@id\":\"https:\/\/www.uqac.ca\/uqactualites\/2017\/01\/12\/de-nouveaux-mandats-pour-issouf-fofana\/\",\"url\":\"https:\/\/www.uqac.ca\/uqactualites\/2017\/01\/12\/de-nouveaux-mandats-pour-issouf-fofana\/\",\"name\":\"De nouveaux mandats pour Issouf Fofana - UQACtualit\u00e9s\",\"isPartOf\":{\"@id\":\"https:\/\/www.uqac.ca\/uqactualites\/#website\"},\"primaryImageOfPage\":{\"@id\":\"https:\/\/www.uqac.ca\/uqactualites\/2017\/01\/12\/de-nouveaux-mandats-pour-issouf-fofana\/#primaryimage\"},\"image\":{\"@id\":\"https:\/\/www.uqac.ca\/uqactualites\/2017\/01\/12\/de-nouveaux-mandats-pour-issouf-fofana\/#primaryimage\"},\"thumbnailUrl\":\"https:\/\/www.uqac.ca\/uqactualites\/wp-content\/uploads\/2017\/01\/Issouf-Fofana-Web-Denis-Blackburn.jpg\",\"datePublished\":\"2017-01-12T13:51:38+00:00\",\"dateModified\":\"2017-01-12T13:51:38+00:00\",\"author\":{\"@id\":\"https:\/\/www.uqac.ca\/uqactualites\/#\/schema\/person\/366c45a0c4f0e677b41b4af5886e2018\"},\"breadcrumb\":{\"@id\":\"https:\/\/www.uqac.ca\/uqactualites\/2017\/01\/12\/de-nouveaux-mandats-pour-issouf-fofana\/#breadcrumb\"},\"inLanguage\":\"fr-CA\",\"potentialAction\":[{\"@type\":\"ReadAction\",\"target\":[\"https:\/\/www.uqac.ca\/uqactualites\/2017\/01\/12\/de-nouveaux-mandats-pour-issouf-fofana\/\"]}]},{\"@type\":\"ImageObject\",\"inLanguage\":\"fr-CA\",\"@id\":\"https:\/\/www.uqac.ca\/uqactualites\/2017\/01\/12\/de-nouveaux-mandats-pour-issouf-fofana\/#primaryimage\",\"url\":\"https:\/\/www.uqac.ca\/uqactualites\/wp-content\/uploads\/2017\/01\/Issouf-Fofana-Web-Denis-Blackburn.jpg\",\"contentUrl\":\"https:\/\/www.uqac.ca\/uqactualites\/wp-content\/uploads\/2017\/01\/Issouf-Fofana-Web-Denis-Blackburn.jpg\",\"width\":620,\"height\":300},{\"@type\":\"BreadcrumbList\",\"@id\":\"https:\/\/www.uqac.ca\/uqactualites\/2017\/01\/12\/de-nouveaux-mandats-pour-issouf-fofana\/#breadcrumb\",\"itemListElement\":[{\"@type\":\"ListItem\",\"position\":1,\"name\":\"Home\",\"item\":\"https:\/\/www.uqac.ca\/uqactualites\/\"},{\"@type\":\"ListItem\",\"position\":2,\"name\":\"De nouveaux mandats pour Issouf Fofana\"}]},{\"@type\":\"WebSite\",\"@id\":\"https:\/\/www.uqac.ca\/uqactualites\/#website\",\"url\":\"https:\/\/www.uqac.ca\/uqactualites\/\",\"name\":\"UQACtualit\u00e9s\",\"description\":\"Le portail des nouvelles de l&#039;UQAC\",\"potentialAction\":[{\"@type\":\"SearchAction\",\"target\":{\"@type\":\"EntryPoint\",\"urlTemplate\":\"https:\/\/www.uqac.ca\/uqactualites\/?s={search_term_string}\"},\"query-input\":{\"@type\":\"PropertyValueSpecification\",\"valueRequired\":true,\"valueName\":\"search_term_string\"}}],\"inLanguage\":\"fr-CA\"},{\"@type\":\"Person\",\"@id\":\"https:\/\/www.uqac.ca\/uqactualites\/#\/schema\/person\/366c45a0c4f0e677b41b4af5886e2018\",\"name\":\"Service des communications et des relations publiques\",\"image\":{\"@type\":\"ImageObject\",\"inLanguage\":\"fr-CA\",\"@id\":\"https:\/\/www.uqac.ca\/uqactualites\/#\/schema\/person\/image\/\",\"url\":\"https:\/\/secure.gravatar.com\/avatar\/20fbbda8a292f59f2d3461a5b999c00b?s=96&d=mm&r=g\",\"contentUrl\":\"https:\/\/secure.gravatar.com\/avatar\/20fbbda8a292f59f2d3461a5b999c00b?s=96&d=mm&r=g\",\"caption\":\"Service des communications et des relations publiques\"},\"url\":\"https:\/\/www.uqac.ca\/uqactualites\/author\/bap\/\"}]}<\/script>\r\n<!-- \/ Yoast SEO plugin. -->","yoast_head_json":{"title":"De nouveaux mandats pour Issouf Fofana - UQACtualit\u00e9s","robots":{"index":"index","follow":"follow","max-snippet":"max-snippet:-1","max-image-preview":"max-image-preview:large","max-video-preview":"max-video-preview:-1"},"canonical":"https:\/\/www.uqac.ca\/uqactualites\/2017\/01\/12\/de-nouveaux-mandats-pour-issouf-fofana\/","og_locale":"fr_CA","og_type":"article","og_title":"De nouveaux mandats pour Issouf Fofana - UQACtualit\u00e9s","og_description":"Issouf Fofana, professeur au D\u00e9partement des sciences appliqu\u00e9es, titulaire de la Chaire institutionnelle sur le vieillissement de l\u2019appareillage haute tension (ViAHT) et directeur par int\u00e9rim du CENGIVRE de l\u2019UQAC, a tout r\u00e9cemment \u00e9t\u00e9 nomm\u00e9 \u00e0 deux importantes fonctions sur le plan international. Il a en effet \u00e9t\u00e9 \u00e9lu en octobre dernier \u00e0 titre de membre [&hellip;]","og_url":"https:\/\/www.uqac.ca\/uqactualites\/2017\/01\/12\/de-nouveaux-mandats-pour-issouf-fofana\/","og_site_name":"UQACtualit\u00e9s","article_published_time":"2017-01-12T13:51:38+00:00","og_image":[{"width":620,"height":300,"url":"https:\/\/www.uqac.ca\/uqactualites\/wp-content\/uploads\/2017\/01\/Issouf-Fofana-Web-Denis-Blackburn.jpg","type":"image\/jpeg"}],"author":"Service des communications et des relations publiques","twitter_card":"summary_large_image","twitter_misc":{"\u00c9crit par":"Service des communications et des relations publiques","Estimation du temps de lecture":"2 minutes"},"schema":{"@context":"https:\/\/schema.org","@graph":[{"@type":"WebPage","@id":"https:\/\/www.uqac.ca\/uqactualites\/2017\/01\/12\/de-nouveaux-mandats-pour-issouf-fofana\/","url":"https:\/\/www.uqac.ca\/uqactualites\/2017\/01\/12\/de-nouveaux-mandats-pour-issouf-fofana\/","name":"De nouveaux mandats pour Issouf Fofana - UQACtualit\u00e9s","isPartOf":{"@id":"https:\/\/www.uqac.ca\/uqactualites\/#website"},"primaryImageOfPage":{"@id":"https:\/\/www.uqac.ca\/uqactualites\/2017\/01\/12\/de-nouveaux-mandats-pour-issouf-fofana\/#primaryimage"},"image":{"@id":"https:\/\/www.uqac.ca\/uqactualites\/2017\/01\/12\/de-nouveaux-mandats-pour-issouf-fofana\/#primaryimage"},"thumbnailUrl":"https:\/\/www.uqac.ca\/uqactualites\/wp-content\/uploads\/2017\/01\/Issouf-Fofana-Web-Denis-Blackburn.jpg","datePublished":"2017-01-12T13:51:38+00:00","dateModified":"2017-01-12T13:51:38+00:00","author":{"@id":"https:\/\/www.uqac.ca\/uqactualites\/#\/schema\/person\/366c45a0c4f0e677b41b4af5886e2018"},"breadcrumb":{"@id":"https:\/\/www.uqac.ca\/uqactualites\/2017\/01\/12\/de-nouveaux-mandats-pour-issouf-fofana\/#breadcrumb"},"inLanguage":"fr-CA","potentialAction":[{"@type":"ReadAction","target":["https:\/\/www.uqac.ca\/uqactualites\/2017\/01\/12\/de-nouveaux-mandats-pour-issouf-fofana\/"]}]},{"@type":"ImageObject","inLanguage":"fr-CA","@id":"https:\/\/www.uqac.ca\/uqactualites\/2017\/01\/12\/de-nouveaux-mandats-pour-issouf-fofana\/#primaryimage","url":"https:\/\/www.uqac.ca\/uqactualites\/wp-content\/uploads\/2017\/01\/Issouf-Fofana-Web-Denis-Blackburn.jpg","contentUrl":"https:\/\/www.uqac.ca\/uqactualites\/wp-content\/uploads\/2017\/01\/Issouf-Fofana-Web-Denis-Blackburn.jpg","width":620,"height":300},{"@type":"BreadcrumbList","@id":"https:\/\/www.uqac.ca\/uqactualites\/2017\/01\/12\/de-nouveaux-mandats-pour-issouf-fofana\/#breadcrumb","itemListElement":[{"@type":"ListItem","position":1,"name":"Home","item":"https:\/\/www.uqac.ca\/uqactualites\/"},{"@type":"ListItem","position":2,"name":"De nouveaux mandats pour Issouf Fofana"}]},{"@type":"WebSite","@id":"https:\/\/www.uqac.ca\/uqactualites\/#website","url":"https:\/\/www.uqac.ca\/uqactualites\/","name":"UQACtualit\u00e9s","description":"Le portail des nouvelles de l&#039;UQAC","potentialAction":[{"@type":"SearchAction","target":{"@type":"EntryPoint","urlTemplate":"https:\/\/www.uqac.ca\/uqactualites\/?s={search_term_string}"},"query-input":{"@type":"PropertyValueSpecification","valueRequired":true,"valueName":"search_term_string"}}],"inLanguage":"fr-CA"},{"@type":"Person","@id":"https:\/\/www.uqac.ca\/uqactualites\/#\/schema\/person\/366c45a0c4f0e677b41b4af5886e2018","name":"Service des communications et des relations publiques","image":{"@type":"ImageObject","inLanguage":"fr-CA","@id":"https:\/\/www.uqac.ca\/uqactualites\/#\/schema\/person\/image\/","url":"https:\/\/secure.gravatar.com\/avatar\/20fbbda8a292f59f2d3461a5b999c00b?s=96&d=mm&r=g","contentUrl":"https:\/\/secure.gravatar.com\/avatar\/20fbbda8a292f59f2d3461a5b999c00b?s=96&d=mm&r=g","caption":"Service des communications et des relations publiques"},"url":"https:\/\/www.uqac.ca\/uqactualites\/author\/bap\/"}]}},"_links":{"self":[{"href":"https:\/\/www.uqac.ca\/uqactualites\/wp-json\/wp\/v2\/posts\/32882"}],"collection":[{"href":"https:\/\/www.uqac.ca\/uqactualites\/wp-json\/wp\/v2\/posts"}],"about":[{"href":"https:\/\/www.uqac.ca\/uqactualites\/wp-json\/wp\/v2\/types\/post"}],"author":[{"embeddable":true,"href":"https:\/\/www.uqac.ca\/uqactualites\/wp-json\/wp\/v2\/users\/5"}],"replies":[{"embeddable":true,"href":"https:\/\/www.uqac.ca\/uqactualites\/wp-json\/wp\/v2\/comments?post=32882"}],"version-history":[{"count":0,"href":"https:\/\/www.uqac.ca\/uqactualites\/wp-json\/wp\/v2\/posts\/32882\/revisions"}],"wp:featuredmedia":[{"embeddable":true,"href":"https:\/\/www.uqac.ca\/uqactualites\/wp-json\/wp\/v2\/media\/32883"}],"wp:attachment":[{"href":"https:\/\/www.uqac.ca\/uqactualites\/wp-json\/wp\/v2\/media?parent=32882"}],"wp:term":[{"taxonomy":"category","embeddable":true,"href":"https:\/\/www.uqac.ca\/uqactualites\/wp-json\/wp\/v2\/categories?post=32882"},{"taxonomy":"post_tag","embeddable":true,"href":"https:\/\/www.uqac.ca\/uqactualites\/wp-json\/wp\/v2\/tags?post=32882"}],"curies":[{"name":"wp","href":"https:\/\/api.w.org\/{rel}","templated":true}]}}