{"id":32902,"date":"2017-01-20T09:52:40","date_gmt":"2017-01-20T14:52:40","guid":{"rendered":"http:\/\/uqactualite.odev.ca\/?p=32902"},"modified":"2017-01-20T09:52:40","modified_gmt":"2017-01-20T14:52:40","slug":"un-defi-de-taille-pour-lequipe-feminine-de-soccer-des-inuk","status":"publish","type":"post","link":"https:\/\/www.uqac.ca\/uqactualites\/2017\/01\/20\/un-defi-de-taille-pour-lequipe-feminine-de-soccer-des-inuk\/","title":{"rendered":"Un d\u00e9fi de taille pour l\u2019\u00e9quipe f\u00e9minine de soccer des Inuk"},"content":{"rendered":"<p><strong>Deuxi\u00e8me saison au sein de la premi\u00e8re division <\/strong><\/p>\n<p>Apr\u00e8s les \u00e9quipes de cross-country, de volleyball, d\u2019athl\u00e9tisme et de soccer masculin, c\u2019est finalement au tour de l\u2019\u00e9quipe f\u00e9minine de soccer de donner le coup d\u2019envoi \u00e0 sa saison 2017. Apr\u00e8s seulement une saison en division 1 de soccer int\u00e9rieur et une longue p\u00e9riode automnale d\u2019entra\u00eenement, les \u00e9tudiantes-athl\u00e8tes affronteront leurs premi\u00e8res rivales dimanche, alors qu\u2019elles croiseront le fer avec l\u2019Universit\u00e9 McGill. Aucun objectif en termes de victoires n\u2019a \u00e9t\u00e9 soulev\u00e9, mais c\u2019est la comp\u00e9titive constante que recherche l\u2019entra\u00eeneur en chef, Olivier Chartier.<\/p>\n<p>Pour la premi\u00e8re fois, l\u2019\u00e9quipe a eu quatre mois d\u2019entra\u00eenement afin de se pr\u00e9parer pour la saison intensive, tisser les liens entre les \u00e9tudiantes-athl\u00e8tes et d\u00e9velopper l\u2019esprit d\u2019\u00e9quipe. Elles ont m\u00eame eu l\u2019occasion \u00e0 trois reprises d\u2019affronter l\u2019\u00e9quipe du Coll\u00e8ge d\u2019Alma, dans le cadre de matchs hors concours. Cette p\u00e9riode a \u00e9t\u00e9 tr\u00e8s b\u00e9n\u00e9fique puisque l\u2019\u00e9quipe est compos\u00e9e majoritairement de recrues, \u00e0 l\u2019exception de sept v\u00e9t\u00e9ranes. L\u2019entra\u00eeneur-chef est conscient que ses prot\u00e9g\u00e9es n\u2019ont pas pu se mesurer \u00e0 plusieurs adversaires jusqu\u2019\u00e0 maintenant comme ont pu faire les autres \u00e9quipes, mais il voit le c\u00f4t\u00e9 positif de la situation. \u00ab Mes joueuses ne sont pas bless\u00e9es et sont en pleine forme pour le d\u00e9but de la saison \u00bb, soutient-il.<\/p>\n<p>Contrairement \u00e0 la saison derni\u00e8re o\u00f9 les matchs locaux se d\u00e9roulaient \u00e0 Trois-Rivi\u00e8res, les Inuk \u00e9volueront, cette saison, au Stade T\u00e9lus-Universit\u00e9 Laval de Qu\u00e9bec, puisqu\u2019aucun terrain synth\u00e9tique int\u00e9rieur n\u2019existe au Saguenay. Le duo d\u2019entra\u00eeneurs tire pleinement profit des voyages r\u00e9p\u00e9titifs et les longues heures que leur occasionnent cette situation. \u00ab Nous en profitons pour faire des rencontres individuelles avec les athl\u00e8tes ou visionner des vid\u00e9os des performances pass\u00e9es \u00bb, affirme Olivier Chartier.<\/p>\n<p>S\u2019impliquer dans le soccer universitaire demande un engagement immense de la part des \u00e9tudiants-athl\u00e8tes, particuli\u00e8rement pour l\u2019\u00e9quipe f\u00e9minine de soccer des Inuk, qui devra affronter un adversaire chaque dimanche, pour les sept prochaines semaines. Ce calendrier exigeant ne fait pas peur \u00e0 l\u2019entra\u00eeneur-chef, qui conna\u00eet les forces de ses joueuses. \u00ab En plus d\u2019\u00eatre rapides, elles sont d\u00e9di\u00e9es \u00e0 leur sport et n\u2019ont pas peur de se sacrifier en bloquant des ballons \u00bb, termine-t-il.<\/p>\n<hr \/>\n<p><span style=\"color: #808080\"><strong>Sur la photo :<br \/>\n<\/strong>Olivier Chartier, entra\u00eeneur en chef, Anne-Sophie Lepage, Christina Amboul\u00e9 et Pascal Fortier, entra\u00eeneur adjoint.<\/span><\/p>\n<hr \/>\n<p>&nbsp;<\/p>\n","protected":false},"excerpt":{"rendered":"<p>Deuxi\u00e8me saison au sein de la premi\u00e8re division Apr\u00e8s les \u00e9quipes de cross-country, de volleyball, d\u2019athl\u00e9tisme et de soccer masculin, c\u2019est finalement au tour de l\u2019\u00e9quipe f\u00e9minine de soccer de donner le coup d\u2019envoi \u00e0 sa saison 2017. Apr\u00e8s seulement une saison en division 1 de soccer int\u00e9rieur et une longue p\u00e9riode automnale d\u2019entra\u00eenement, les [&hellip;]<\/p>\n","protected":false},"author":5,"featured_media":32903,"comment_status":"open","ping_status":"open","sticky":false,"template":"","format":"standard","meta":{"footnotes":""},"categories":[2,2772],"tags":[],"yoast_head":"<!-- This site is optimized with the Yoast SEO plugin v24.2 - https:\/\/yoast.com\/wordpress\/plugins\/seo\/ -->\r\n<title>Un d\u00e9fi de taille pour l\u2019\u00e9quipe f\u00e9minine de soccer des Inuk - UQACtualit\u00e9s<\/title>\r\n<meta name=\"robots\" content=\"index, follow, max-snippet:-1, max-image-preview:large, max-video-preview:-1\" \/>\r\n<link rel=\"canonical\" href=\"https:\/\/www.uqac.ca\/uqactualites\/2017\/01\/20\/un-defi-de-taille-pour-lequipe-feminine-de-soccer-des-inuk\/\" \/>\r\n<meta property=\"og:locale\" content=\"fr_CA\" \/>\r\n<meta property=\"og:type\" content=\"article\" \/>\r\n<meta property=\"og:title\" content=\"Un d\u00e9fi de taille pour l\u2019\u00e9quipe f\u00e9minine de soccer des Inuk - UQACtualit\u00e9s\" \/>\r\n<meta property=\"og:description\" content=\"Deuxi\u00e8me saison au sein de la premi\u00e8re division Apr\u00e8s les \u00e9quipes de cross-country, de volleyball, d\u2019athl\u00e9tisme et de soccer masculin, c\u2019est finalement au tour de l\u2019\u00e9quipe f\u00e9minine de soccer de donner le coup d\u2019envoi \u00e0 sa saison 2017. Apr\u00e8s seulement une saison en division 1 de soccer int\u00e9rieur et une longue p\u00e9riode automnale d\u2019entra\u00eenement, les [&hellip;]\" \/>\r\n<meta property=\"og:url\" content=\"https:\/\/www.uqac.ca\/uqactualites\/2017\/01\/20\/un-defi-de-taille-pour-lequipe-feminine-de-soccer-des-inuk\/\" \/>\r\n<meta property=\"og:site_name\" content=\"UQACtualit\u00e9s\" \/>\r\n<meta property=\"article:published_time\" content=\"2017-01-20T14:52:40+00:00\" \/>\r\n<meta property=\"og:image\" content=\"https:\/\/www.uqac.ca\/uqactualites\/wp-content\/uploads\/2017\/01\/Communiqu\u00e9_SoccerF-scaled.jpg\" \/>\r\n\t<meta property=\"og:image:width\" content=\"2560\" \/>\r\n\t<meta property=\"og:image:height\" content=\"1244\" \/>\r\n\t<meta property=\"og:image:type\" content=\"image\/jpeg\" \/>\r\n<meta name=\"author\" content=\"Service des communications et des relations publiques\" \/>\r\n<meta name=\"twitter:card\" content=\"summary_large_image\" \/>\r\n<meta name=\"twitter:label1\" content=\"\u00c9crit par\" \/>\n\t<meta name=\"twitter:data1\" content=\"Service des communications et des relations publiques\" \/>\n\t<meta name=\"twitter:label2\" content=\"Estimation du temps de lecture\" \/>\n\t<meta name=\"twitter:data2\" content=\"2 minutes\" \/>\r\n<script type=\"application\/ld+json\" class=\"yoast-schema-graph\">{\"@context\":\"https:\/\/schema.org\",\"@graph\":[{\"@type\":\"WebPage\",\"@id\":\"https:\/\/www.uqac.ca\/uqactualites\/2017\/01\/20\/un-defi-de-taille-pour-lequipe-feminine-de-soccer-des-inuk\/\",\"url\":\"https:\/\/www.uqac.ca\/uqactualites\/2017\/01\/20\/un-defi-de-taille-pour-lequipe-feminine-de-soccer-des-inuk\/\",\"name\":\"Un d\u00e9fi de taille pour l\u2019\u00e9quipe f\u00e9minine de soccer des Inuk - UQACtualit\u00e9s\",\"isPartOf\":{\"@id\":\"https:\/\/www.uqac.ca\/uqactualites\/#website\"},\"primaryImageOfPage\":{\"@id\":\"https:\/\/www.uqac.ca\/uqactualites\/2017\/01\/20\/un-defi-de-taille-pour-lequipe-feminine-de-soccer-des-inuk\/#primaryimage\"},\"image\":{\"@id\":\"https:\/\/www.uqac.ca\/uqactualites\/2017\/01\/20\/un-defi-de-taille-pour-lequipe-feminine-de-soccer-des-inuk\/#primaryimage\"},\"thumbnailUrl\":\"https:\/\/www.uqac.ca\/uqactualites\/wp-content\/uploads\/2017\/01\/Communiqu\u00e9_SoccerF-scaled.jpg\",\"datePublished\":\"2017-01-20T14:52:40+00:00\",\"dateModified\":\"2017-01-20T14:52:40+00:00\",\"author\":{\"@id\":\"https:\/\/www.uqac.ca\/uqactualites\/#\/schema\/person\/366c45a0c4f0e677b41b4af5886e2018\"},\"breadcrumb\":{\"@id\":\"https:\/\/www.uqac.ca\/uqactualites\/2017\/01\/20\/un-defi-de-taille-pour-lequipe-feminine-de-soccer-des-inuk\/#breadcrumb\"},\"inLanguage\":\"fr-CA\",\"potentialAction\":[{\"@type\":\"ReadAction\",\"target\":[\"https:\/\/www.uqac.ca\/uqactualites\/2017\/01\/20\/un-defi-de-taille-pour-lequipe-feminine-de-soccer-des-inuk\/\"]}]},{\"@type\":\"ImageObject\",\"inLanguage\":\"fr-CA\",\"@id\":\"https:\/\/www.uqac.ca\/uqactualites\/2017\/01\/20\/un-defi-de-taille-pour-lequipe-feminine-de-soccer-des-inuk\/#primaryimage\",\"url\":\"https:\/\/www.uqac.ca\/uqactualites\/wp-content\/uploads\/2017\/01\/Communiqu\u00e9_SoccerF-scaled.jpg\",\"contentUrl\":\"https:\/\/www.uqac.ca\/uqactualites\/wp-content\/uploads\/2017\/01\/Communiqu\u00e9_SoccerF-scaled.jpg\",\"width\":2560,\"height\":1244},{\"@type\":\"BreadcrumbList\",\"@id\":\"https:\/\/www.uqac.ca\/uqactualites\/2017\/01\/20\/un-defi-de-taille-pour-lequipe-feminine-de-soccer-des-inuk\/#breadcrumb\",\"itemListElement\":[{\"@type\":\"ListItem\",\"position\":1,\"name\":\"Home\",\"item\":\"https:\/\/www.uqac.ca\/uqactualites\/\"},{\"@type\":\"ListItem\",\"position\":2,\"name\":\"Un d\u00e9fi de taille pour l\u2019\u00e9quipe f\u00e9minine de soccer des Inuk\"}]},{\"@type\":\"WebSite\",\"@id\":\"https:\/\/www.uqac.ca\/uqactualites\/#website\",\"url\":\"https:\/\/www.uqac.ca\/uqactualites\/\",\"name\":\"UQACtualit\u00e9s\",\"description\":\"Le portail des nouvelles de l&#039;UQAC\",\"potentialAction\":[{\"@type\":\"SearchAction\",\"target\":{\"@type\":\"EntryPoint\",\"urlTemplate\":\"https:\/\/www.uqac.ca\/uqactualites\/?s={search_term_string}\"},\"query-input\":{\"@type\":\"PropertyValueSpecification\",\"valueRequired\":true,\"valueName\":\"search_term_string\"}}],\"inLanguage\":\"fr-CA\"},{\"@type\":\"Person\",\"@id\":\"https:\/\/www.uqac.ca\/uqactualites\/#\/schema\/person\/366c45a0c4f0e677b41b4af5886e2018\",\"name\":\"Service des communications et des relations publiques\",\"image\":{\"@type\":\"ImageObject\",\"inLanguage\":\"fr-CA\",\"@id\":\"https:\/\/www.uqac.ca\/uqactualites\/#\/schema\/person\/image\/\",\"url\":\"https:\/\/secure.gravatar.com\/avatar\/20fbbda8a292f59f2d3461a5b999c00b?s=96&d=mm&r=g\",\"contentUrl\":\"https:\/\/secure.gravatar.com\/avatar\/20fbbda8a292f59f2d3461a5b999c00b?s=96&d=mm&r=g\",\"caption\":\"Service des communications et des relations publiques\"},\"url\":\"https:\/\/www.uqac.ca\/uqactualites\/author\/bap\/\"}]}<\/script>\r\n<!-- \/ Yoast SEO plugin. -->","yoast_head_json":{"title":"Un d\u00e9fi de taille pour l\u2019\u00e9quipe f\u00e9minine de soccer des Inuk - UQACtualit\u00e9s","robots":{"index":"index","follow":"follow","max-snippet":"max-snippet:-1","max-image-preview":"max-image-preview:large","max-video-preview":"max-video-preview:-1"},"canonical":"https:\/\/www.uqac.ca\/uqactualites\/2017\/01\/20\/un-defi-de-taille-pour-lequipe-feminine-de-soccer-des-inuk\/","og_locale":"fr_CA","og_type":"article","og_title":"Un d\u00e9fi de taille pour l\u2019\u00e9quipe f\u00e9minine de soccer des Inuk - UQACtualit\u00e9s","og_description":"Deuxi\u00e8me saison au sein de la premi\u00e8re division Apr\u00e8s les \u00e9quipes de cross-country, de volleyball, d\u2019athl\u00e9tisme et de soccer masculin, c\u2019est finalement au tour de l\u2019\u00e9quipe f\u00e9minine de soccer de donner le coup d\u2019envoi \u00e0 sa saison 2017. Apr\u00e8s seulement une saison en division 1 de soccer int\u00e9rieur et une longue p\u00e9riode automnale d\u2019entra\u00eenement, les [&hellip;]","og_url":"https:\/\/www.uqac.ca\/uqactualites\/2017\/01\/20\/un-defi-de-taille-pour-lequipe-feminine-de-soccer-des-inuk\/","og_site_name":"UQACtualit\u00e9s","article_published_time":"2017-01-20T14:52:40+00:00","og_image":[{"width":2560,"height":1244,"url":"https:\/\/www.uqac.ca\/uqactualites\/wp-content\/uploads\/2017\/01\/Communiqu\u00e9_SoccerF-scaled.jpg","type":"image\/jpeg"}],"author":"Service des communications et des relations publiques","twitter_card":"summary_large_image","twitter_misc":{"\u00c9crit par":"Service des communications et des relations publiques","Estimation du temps de lecture":"2 minutes"},"schema":{"@context":"https:\/\/schema.org","@graph":[{"@type":"WebPage","@id":"https:\/\/www.uqac.ca\/uqactualites\/2017\/01\/20\/un-defi-de-taille-pour-lequipe-feminine-de-soccer-des-inuk\/","url":"https:\/\/www.uqac.ca\/uqactualites\/2017\/01\/20\/un-defi-de-taille-pour-lequipe-feminine-de-soccer-des-inuk\/","name":"Un d\u00e9fi de taille pour l\u2019\u00e9quipe f\u00e9minine de soccer des Inuk - UQACtualit\u00e9s","isPartOf":{"@id":"https:\/\/www.uqac.ca\/uqactualites\/#website"},"primaryImageOfPage":{"@id":"https:\/\/www.uqac.ca\/uqactualites\/2017\/01\/20\/un-defi-de-taille-pour-lequipe-feminine-de-soccer-des-inuk\/#primaryimage"},"image":{"@id":"https:\/\/www.uqac.ca\/uqactualites\/2017\/01\/20\/un-defi-de-taille-pour-lequipe-feminine-de-soccer-des-inuk\/#primaryimage"},"thumbnailUrl":"https:\/\/www.uqac.ca\/uqactualites\/wp-content\/uploads\/2017\/01\/Communiqu\u00e9_SoccerF-scaled.jpg","datePublished":"2017-01-20T14:52:40+00:00","dateModified":"2017-01-20T14:52:40+00:00","author":{"@id":"https:\/\/www.uqac.ca\/uqactualites\/#\/schema\/person\/366c45a0c4f0e677b41b4af5886e2018"},"breadcrumb":{"@id":"https:\/\/www.uqac.ca\/uqactualites\/2017\/01\/20\/un-defi-de-taille-pour-lequipe-feminine-de-soccer-des-inuk\/#breadcrumb"},"inLanguage":"fr-CA","potentialAction":[{"@type":"ReadAction","target":["https:\/\/www.uqac.ca\/uqactualites\/2017\/01\/20\/un-defi-de-taille-pour-lequipe-feminine-de-soccer-des-inuk\/"]}]},{"@type":"ImageObject","inLanguage":"fr-CA","@id":"https:\/\/www.uqac.ca\/uqactualites\/2017\/01\/20\/un-defi-de-taille-pour-lequipe-feminine-de-soccer-des-inuk\/#primaryimage","url":"https:\/\/www.uqac.ca\/uqactualites\/wp-content\/uploads\/2017\/01\/Communiqu\u00e9_SoccerF-scaled.jpg","contentUrl":"https:\/\/www.uqac.ca\/uqactualites\/wp-content\/uploads\/2017\/01\/Communiqu\u00e9_SoccerF-scaled.jpg","width":2560,"height":1244},{"@type":"BreadcrumbList","@id":"https:\/\/www.uqac.ca\/uqactualites\/2017\/01\/20\/un-defi-de-taille-pour-lequipe-feminine-de-soccer-des-inuk\/#breadcrumb","itemListElement":[{"@type":"ListItem","position":1,"name":"Home","item":"https:\/\/www.uqac.ca\/uqactualites\/"},{"@type":"ListItem","position":2,"name":"Un d\u00e9fi de taille pour l\u2019\u00e9quipe f\u00e9minine de soccer des Inuk"}]},{"@type":"WebSite","@id":"https:\/\/www.uqac.ca\/uqactualites\/#website","url":"https:\/\/www.uqac.ca\/uqactualites\/","name":"UQACtualit\u00e9s","description":"Le portail des nouvelles de l&#039;UQAC","potentialAction":[{"@type":"SearchAction","target":{"@type":"EntryPoint","urlTemplate":"https:\/\/www.uqac.ca\/uqactualites\/?s={search_term_string}"},"query-input":{"@type":"PropertyValueSpecification","valueRequired":true,"valueName":"search_term_string"}}],"inLanguage":"fr-CA"},{"@type":"Person","@id":"https:\/\/www.uqac.ca\/uqactualites\/#\/schema\/person\/366c45a0c4f0e677b41b4af5886e2018","name":"Service des communications et des relations publiques","image":{"@type":"ImageObject","inLanguage":"fr-CA","@id":"https:\/\/www.uqac.ca\/uqactualites\/#\/schema\/person\/image\/","url":"https:\/\/secure.gravatar.com\/avatar\/20fbbda8a292f59f2d3461a5b999c00b?s=96&d=mm&r=g","contentUrl":"https:\/\/secure.gravatar.com\/avatar\/20fbbda8a292f59f2d3461a5b999c00b?s=96&d=mm&r=g","caption":"Service des communications et des relations publiques"},"url":"https:\/\/www.uqac.ca\/uqactualites\/author\/bap\/"}]}},"_links":{"self":[{"href":"https:\/\/www.uqac.ca\/uqactualites\/wp-json\/wp\/v2\/posts\/32902"}],"collection":[{"href":"https:\/\/www.uqac.ca\/uqactualites\/wp-json\/wp\/v2\/posts"}],"about":[{"href":"https:\/\/www.uqac.ca\/uqactualites\/wp-json\/wp\/v2\/types\/post"}],"author":[{"embeddable":true,"href":"https:\/\/www.uqac.ca\/uqactualites\/wp-json\/wp\/v2\/users\/5"}],"replies":[{"embeddable":true,"href":"https:\/\/www.uqac.ca\/uqactualites\/wp-json\/wp\/v2\/comments?post=32902"}],"version-history":[{"count":0,"href":"https:\/\/www.uqac.ca\/uqactualites\/wp-json\/wp\/v2\/posts\/32902\/revisions"}],"wp:featuredmedia":[{"embeddable":true,"href":"https:\/\/www.uqac.ca\/uqactualites\/wp-json\/wp\/v2\/media\/32903"}],"wp:attachment":[{"href":"https:\/\/www.uqac.ca\/uqactualites\/wp-json\/wp\/v2\/media?parent=32902"}],"wp:term":[{"taxonomy":"category","embeddable":true,"href":"https:\/\/www.uqac.ca\/uqactualites\/wp-json\/wp\/v2\/categories?post=32902"},{"taxonomy":"post_tag","embeddable":true,"href":"https:\/\/www.uqac.ca\/uqactualites\/wp-json\/wp\/v2\/tags?post=32902"}],"curies":[{"name":"wp","href":"https:\/\/api.w.org\/{rel}","templated":true}]}}