{"id":32916,"date":"2017-01-25T14:20:52","date_gmt":"2017-01-25T19:20:52","guid":{"rendered":"http:\/\/uqactualite.odev.ca\/?p=32916"},"modified":"2017-01-25T14:20:52","modified_gmt":"2017-01-25T19:20:52","slug":"une-rentree-reussie-pour-le-cpnn","status":"publish","type":"post","link":"https:\/\/www.uqac.ca\/uqactualites\/2017\/01\/25\/une-rentree-reussie-pour-le-cpnn\/","title":{"rendered":"Une rentr\u00e9e r\u00e9ussie pour le CPNN"},"content":{"rendered":"<p>Le mardi 24 janvier dernier, la direction et l\u2019\u00e9quipe du <a href=\"http:\/\/nikanite.uqac.ca\/\">Centre des Premi\u00e8res Nations Nikanite (CPNN)<\/a> de l\u2019UQAC ont organis\u00e9 une activit\u00e9 de la rentr\u00e9e pour les \u00e9tudiants autochtones. Au total, c\u2019est plus de 55 personnes qui ont pris part \u00e0 l\u2019\u00e9v\u00e8nement, \u00e9tudiants comme invit\u00e9s, qui a \u00e9t\u00e9 un r\u00e9el succ\u00e8s. Marco Bacon, directeur du CPNN, s\u2019est pr\u00eat\u00e9 au jeu de l\u2019animation pour l\u2019occasion.<\/p>\n<p>C\u2019est sous le signe du partage qu\u2019a commenc\u00e9 l\u2019activit\u00e9, par la prise de parole de Manishan Kapesh, intervenante et directrice du Centre Kutikunui et conf\u00e9renci\u00e8re sur les r\u00e9alit\u00e9s autochtones, qui a transmis aux gens pr\u00e9sents son parcours inspirant et ses souhaits de r\u00e9ussite inspir\u00e9s. Se sont ensuite succ\u00e9d\u00e9 mesdames Gina Gagnon, directrice des Services aux \u00e9tudiants, Sophie Riverin, charg\u00e9e de gestion du CPNN, et Annik Gill, coordonnatrice des projets de Partenariats urbains, ainsi que monsieur Jean-Fran\u00e7ois Vachon, charg\u00e9 de projet \u00e0 la Boite Rouge VIF (BRv), pour aborder respectivement les services offerts \u00e0 l\u2019UQAC, l\u2019encadrement et les activit\u00e9s culturelles pr\u00e9vues au CPNN, et les projets de la BRv. Les aides p\u00e9dagogiques et animatrices culturelles du Centre ont aussi \u00e9t\u00e9 officiellement pr\u00e9sent\u00e9es aux \u00e9tudiants. Monsieur Michel No\u00ebl, auteur, a cl\u00f4tur\u00e9 les discours par une allocution authentique et int\u00e9ressante, toute \u00e0 son image, pour pr\u00e9senter le Fonds litt\u00e9raire, culturel et artistique Michel No\u00ebl dont il a fait don au CPNN. Le groupe Wolf Spirit a finalement conclut, avant le diner servi, par des chants accompagn\u00e9s de tambours traditionnels autochtones.<\/p>\n<p>Plusieurs invit\u00e9s \u00e9taient pr\u00e9sents pour exprimer leur soutien envers les \u00e9tudiants et pour souligner le lancement de la collection Michel No\u00ebl. Parmi ceux-ci, nous comptons monsieur Mustapha Fahmi, vice-recteur \u00e0 l\u2019enseignement, \u00e0 la recherche et \u00e0 la cr\u00e9ation de l\u2019UQAC; monsieur \u00c9ric Pilote, doyen des affaires d\u00e9partementales de l&rsquo;UQAC; madame Sylvie Marcoux, directrice du Salon du livre du Saguenay\u2013Lac-Saint-Jean; mesdames Yvette Mollen, conseill\u00e8re en langue innue, et Karine P.Cleary, animatrice jeunesse, et monsieur Kevin Bacon, tous trois repr\u00e9sentants du Centre d\u2019amiti\u00e9 autochtone de Saguenay; monsieur Dominic Pr\u00e9vost, vice-pr\u00e9sident aux affaires institutionnelles du MAGE-UQAC; madame Sandrine Tailleur, cotitulaire de la Chaire de recherche sur la parole autochtone de l\u2019UQAC; toute l\u2019\u00e9quipe de la Boite Rouge VIF; Genevi\u00e8ve Ashini et Pamela Duciaume, animatrices culturelles du CPNN; Myl\u00e8ne Girard et Roxanne Labrecque, aides p\u00e9dagogiques du CPNN.<\/p>\n<p>Il y a des moments o\u00f9 une magie op\u00e8re, des moments qui inspirent chacune des personnes pr\u00e9sentes; l\u2019activit\u00e9 de la rentr\u00e9e hivernale\u00a02017 du CPNN s\u2019inscrit dans ces derniers.<\/p>\n<p><em>Partage<\/em>, <em>soutien<\/em> et <em>inspiration<\/em>, voil\u00e0 ce que nos \u00e9tudiants vont retenir de cette activit\u00e9.<\/p>\n<hr \/>\n<p><span style=\"color: #808080\">PHOTO : Manishan Kapesh en train de livrer un inspirant discours aux invit\u00e9s attentifs.<\/span><br \/>\n<span style=\"color: #808080\"><strong>\u00a9<\/strong> Denis Blackburn<\/span><\/p>\n<hr \/>\n<p>&nbsp;<\/p>\n","protected":false},"excerpt":{"rendered":"<p>Le mardi 24 janvier dernier, la direction et l\u2019\u00e9quipe du Centre des Premi\u00e8res Nations Nikanite (CPNN) de l\u2019UQAC ont organis\u00e9 une activit\u00e9 de la rentr\u00e9e pour les \u00e9tudiants autochtones. Au total, c\u2019est plus de 55 personnes qui ont pris part \u00e0 l\u2019\u00e9v\u00e8nement, \u00e9tudiants comme invit\u00e9s, qui a \u00e9t\u00e9 un r\u00e9el succ\u00e8s. Marco Bacon, directeur du [&hellip;]<\/p>\n","protected":false},"author":5,"featured_media":32917,"comment_status":"open","ping_status":"open","sticky":false,"template":"","format":"standard","meta":{"footnotes":""},"categories":[2],"tags":[],"yoast_head":"<!-- This site is optimized with the Yoast SEO plugin v24.2 - https:\/\/yoast.com\/wordpress\/plugins\/seo\/ -->\r\n<title>Une rentr\u00e9e r\u00e9ussie pour le CPNN - UQACtualit\u00e9s<\/title>\r\n<meta name=\"robots\" content=\"index, follow, max-snippet:-1, max-image-preview:large, max-video-preview:-1\" \/>\r\n<link rel=\"canonical\" href=\"https:\/\/www.uqac.ca\/uqactualites\/2017\/01\/25\/une-rentree-reussie-pour-le-cpnn\/\" \/>\r\n<meta property=\"og:locale\" content=\"fr_CA\" \/>\r\n<meta property=\"og:type\" content=\"article\" \/>\r\n<meta property=\"og:title\" content=\"Une rentr\u00e9e r\u00e9ussie pour le CPNN - UQACtualit\u00e9s\" \/>\r\n<meta property=\"og:description\" content=\"Le mardi 24 janvier dernier, la direction et l\u2019\u00e9quipe du Centre des Premi\u00e8res Nations Nikanite (CPNN) de l\u2019UQAC ont organis\u00e9 une activit\u00e9 de la rentr\u00e9e pour les \u00e9tudiants autochtones. Au total, c\u2019est plus de 55 personnes qui ont pris part \u00e0 l\u2019\u00e9v\u00e8nement, \u00e9tudiants comme invit\u00e9s, qui a \u00e9t\u00e9 un r\u00e9el succ\u00e8s. Marco Bacon, directeur du [&hellip;]\" \/>\r\n<meta property=\"og:url\" content=\"https:\/\/www.uqac.ca\/uqactualites\/2017\/01\/25\/une-rentree-reussie-pour-le-cpnn\/\" \/>\r\n<meta property=\"og:site_name\" content=\"UQACtualit\u00e9s\" \/>\r\n<meta property=\"article:published_time\" content=\"2017-01-25T19:20:52+00:00\" \/>\r\n<meta property=\"og:image\" content=\"https:\/\/www.uqac.ca\/uqactualites\/wp-content\/uploads\/2017\/01\/CPNN_photoUQACtu-scaled.jpg\" \/>\r\n\t<meta property=\"og:image:width\" content=\"2560\" \/>\r\n\t<meta property=\"og:image:height\" content=\"1248\" \/>\r\n\t<meta property=\"og:image:type\" content=\"image\/jpeg\" \/>\r\n<meta name=\"author\" content=\"Service des communications et des relations publiques\" \/>\r\n<meta name=\"twitter:card\" content=\"summary_large_image\" \/>\r\n<meta name=\"twitter:label1\" content=\"\u00c9crit par\" \/>\n\t<meta name=\"twitter:data1\" content=\"Service des communications et des relations publiques\" \/>\n\t<meta name=\"twitter:label2\" content=\"Estimation du temps de lecture\" \/>\n\t<meta name=\"twitter:data2\" content=\"2 minutes\" \/>\r\n<script type=\"application\/ld+json\" class=\"yoast-schema-graph\">{\"@context\":\"https:\/\/schema.org\",\"@graph\":[{\"@type\":\"WebPage\",\"@id\":\"https:\/\/www.uqac.ca\/uqactualites\/2017\/01\/25\/une-rentree-reussie-pour-le-cpnn\/\",\"url\":\"https:\/\/www.uqac.ca\/uqactualites\/2017\/01\/25\/une-rentree-reussie-pour-le-cpnn\/\",\"name\":\"Une rentr\u00e9e r\u00e9ussie pour le CPNN - UQACtualit\u00e9s\",\"isPartOf\":{\"@id\":\"https:\/\/www.uqac.ca\/uqactualites\/#website\"},\"primaryImageOfPage\":{\"@id\":\"https:\/\/www.uqac.ca\/uqactualites\/2017\/01\/25\/une-rentree-reussie-pour-le-cpnn\/#primaryimage\"},\"image\":{\"@id\":\"https:\/\/www.uqac.ca\/uqactualites\/2017\/01\/25\/une-rentree-reussie-pour-le-cpnn\/#primaryimage\"},\"thumbnailUrl\":\"https:\/\/www.uqac.ca\/uqactualites\/wp-content\/uploads\/2017\/01\/CPNN_photoUQACtu-scaled.jpg\",\"datePublished\":\"2017-01-25T19:20:52+00:00\",\"dateModified\":\"2017-01-25T19:20:52+00:00\",\"author\":{\"@id\":\"https:\/\/www.uqac.ca\/uqactualites\/#\/schema\/person\/366c45a0c4f0e677b41b4af5886e2018\"},\"breadcrumb\":{\"@id\":\"https:\/\/www.uqac.ca\/uqactualites\/2017\/01\/25\/une-rentree-reussie-pour-le-cpnn\/#breadcrumb\"},\"inLanguage\":\"fr-CA\",\"potentialAction\":[{\"@type\":\"ReadAction\",\"target\":[\"https:\/\/www.uqac.ca\/uqactualites\/2017\/01\/25\/une-rentree-reussie-pour-le-cpnn\/\"]}]},{\"@type\":\"ImageObject\",\"inLanguage\":\"fr-CA\",\"@id\":\"https:\/\/www.uqac.ca\/uqactualites\/2017\/01\/25\/une-rentree-reussie-pour-le-cpnn\/#primaryimage\",\"url\":\"https:\/\/www.uqac.ca\/uqactualites\/wp-content\/uploads\/2017\/01\/CPNN_photoUQACtu-scaled.jpg\",\"contentUrl\":\"https:\/\/www.uqac.ca\/uqactualites\/wp-content\/uploads\/2017\/01\/CPNN_photoUQACtu-scaled.jpg\",\"width\":2560,\"height\":1248},{\"@type\":\"BreadcrumbList\",\"@id\":\"https:\/\/www.uqac.ca\/uqactualites\/2017\/01\/25\/une-rentree-reussie-pour-le-cpnn\/#breadcrumb\",\"itemListElement\":[{\"@type\":\"ListItem\",\"position\":1,\"name\":\"Home\",\"item\":\"https:\/\/www.uqac.ca\/uqactualites\/\"},{\"@type\":\"ListItem\",\"position\":2,\"name\":\"Une rentr\u00e9e r\u00e9ussie pour le CPNN\"}]},{\"@type\":\"WebSite\",\"@id\":\"https:\/\/www.uqac.ca\/uqactualites\/#website\",\"url\":\"https:\/\/www.uqac.ca\/uqactualites\/\",\"name\":\"UQACtualit\u00e9s\",\"description\":\"Le portail des nouvelles de l&#039;UQAC\",\"potentialAction\":[{\"@type\":\"SearchAction\",\"target\":{\"@type\":\"EntryPoint\",\"urlTemplate\":\"https:\/\/www.uqac.ca\/uqactualites\/?s={search_term_string}\"},\"query-input\":{\"@type\":\"PropertyValueSpecification\",\"valueRequired\":true,\"valueName\":\"search_term_string\"}}],\"inLanguage\":\"fr-CA\"},{\"@type\":\"Person\",\"@id\":\"https:\/\/www.uqac.ca\/uqactualites\/#\/schema\/person\/366c45a0c4f0e677b41b4af5886e2018\",\"name\":\"Service des communications et des relations publiques\",\"image\":{\"@type\":\"ImageObject\",\"inLanguage\":\"fr-CA\",\"@id\":\"https:\/\/www.uqac.ca\/uqactualites\/#\/schema\/person\/image\/\",\"url\":\"https:\/\/secure.gravatar.com\/avatar\/20fbbda8a292f59f2d3461a5b999c00b?s=96&d=mm&r=g\",\"contentUrl\":\"https:\/\/secure.gravatar.com\/avatar\/20fbbda8a292f59f2d3461a5b999c00b?s=96&d=mm&r=g\",\"caption\":\"Service des communications et des relations publiques\"},\"url\":\"https:\/\/www.uqac.ca\/uqactualites\/author\/bap\/\"}]}<\/script>\r\n<!-- \/ Yoast SEO plugin. -->","yoast_head_json":{"title":"Une rentr\u00e9e r\u00e9ussie pour le CPNN - UQACtualit\u00e9s","robots":{"index":"index","follow":"follow","max-snippet":"max-snippet:-1","max-image-preview":"max-image-preview:large","max-video-preview":"max-video-preview:-1"},"canonical":"https:\/\/www.uqac.ca\/uqactualites\/2017\/01\/25\/une-rentree-reussie-pour-le-cpnn\/","og_locale":"fr_CA","og_type":"article","og_title":"Une rentr\u00e9e r\u00e9ussie pour le CPNN - UQACtualit\u00e9s","og_description":"Le mardi 24 janvier dernier, la direction et l\u2019\u00e9quipe du Centre des Premi\u00e8res Nations Nikanite (CPNN) de l\u2019UQAC ont organis\u00e9 une activit\u00e9 de la rentr\u00e9e pour les \u00e9tudiants autochtones. Au total, c\u2019est plus de 55 personnes qui ont pris part \u00e0 l\u2019\u00e9v\u00e8nement, \u00e9tudiants comme invit\u00e9s, qui a \u00e9t\u00e9 un r\u00e9el succ\u00e8s. Marco Bacon, directeur du [&hellip;]","og_url":"https:\/\/www.uqac.ca\/uqactualites\/2017\/01\/25\/une-rentree-reussie-pour-le-cpnn\/","og_site_name":"UQACtualit\u00e9s","article_published_time":"2017-01-25T19:20:52+00:00","og_image":[{"width":2560,"height":1248,"url":"https:\/\/www.uqac.ca\/uqactualites\/wp-content\/uploads\/2017\/01\/CPNN_photoUQACtu-scaled.jpg","type":"image\/jpeg"}],"author":"Service des communications et des relations publiques","twitter_card":"summary_large_image","twitter_misc":{"\u00c9crit par":"Service des communications et des relations publiques","Estimation du temps de lecture":"2 minutes"},"schema":{"@context":"https:\/\/schema.org","@graph":[{"@type":"WebPage","@id":"https:\/\/www.uqac.ca\/uqactualites\/2017\/01\/25\/une-rentree-reussie-pour-le-cpnn\/","url":"https:\/\/www.uqac.ca\/uqactualites\/2017\/01\/25\/une-rentree-reussie-pour-le-cpnn\/","name":"Une rentr\u00e9e r\u00e9ussie pour le CPNN - UQACtualit\u00e9s","isPartOf":{"@id":"https:\/\/www.uqac.ca\/uqactualites\/#website"},"primaryImageOfPage":{"@id":"https:\/\/www.uqac.ca\/uqactualites\/2017\/01\/25\/une-rentree-reussie-pour-le-cpnn\/#primaryimage"},"image":{"@id":"https:\/\/www.uqac.ca\/uqactualites\/2017\/01\/25\/une-rentree-reussie-pour-le-cpnn\/#primaryimage"},"thumbnailUrl":"https:\/\/www.uqac.ca\/uqactualites\/wp-content\/uploads\/2017\/01\/CPNN_photoUQACtu-scaled.jpg","datePublished":"2017-01-25T19:20:52+00:00","dateModified":"2017-01-25T19:20:52+00:00","author":{"@id":"https:\/\/www.uqac.ca\/uqactualites\/#\/schema\/person\/366c45a0c4f0e677b41b4af5886e2018"},"breadcrumb":{"@id":"https:\/\/www.uqac.ca\/uqactualites\/2017\/01\/25\/une-rentree-reussie-pour-le-cpnn\/#breadcrumb"},"inLanguage":"fr-CA","potentialAction":[{"@type":"ReadAction","target":["https:\/\/www.uqac.ca\/uqactualites\/2017\/01\/25\/une-rentree-reussie-pour-le-cpnn\/"]}]},{"@type":"ImageObject","inLanguage":"fr-CA","@id":"https:\/\/www.uqac.ca\/uqactualites\/2017\/01\/25\/une-rentree-reussie-pour-le-cpnn\/#primaryimage","url":"https:\/\/www.uqac.ca\/uqactualites\/wp-content\/uploads\/2017\/01\/CPNN_photoUQACtu-scaled.jpg","contentUrl":"https:\/\/www.uqac.ca\/uqactualites\/wp-content\/uploads\/2017\/01\/CPNN_photoUQACtu-scaled.jpg","width":2560,"height":1248},{"@type":"BreadcrumbList","@id":"https:\/\/www.uqac.ca\/uqactualites\/2017\/01\/25\/une-rentree-reussie-pour-le-cpnn\/#breadcrumb","itemListElement":[{"@type":"ListItem","position":1,"name":"Home","item":"https:\/\/www.uqac.ca\/uqactualites\/"},{"@type":"ListItem","position":2,"name":"Une rentr\u00e9e r\u00e9ussie pour le CPNN"}]},{"@type":"WebSite","@id":"https:\/\/www.uqac.ca\/uqactualites\/#website","url":"https:\/\/www.uqac.ca\/uqactualites\/","name":"UQACtualit\u00e9s","description":"Le portail des nouvelles de l&#039;UQAC","potentialAction":[{"@type":"SearchAction","target":{"@type":"EntryPoint","urlTemplate":"https:\/\/www.uqac.ca\/uqactualites\/?s={search_term_string}"},"query-input":{"@type":"PropertyValueSpecification","valueRequired":true,"valueName":"search_term_string"}}],"inLanguage":"fr-CA"},{"@type":"Person","@id":"https:\/\/www.uqac.ca\/uqactualites\/#\/schema\/person\/366c45a0c4f0e677b41b4af5886e2018","name":"Service des communications et des relations publiques","image":{"@type":"ImageObject","inLanguage":"fr-CA","@id":"https:\/\/www.uqac.ca\/uqactualites\/#\/schema\/person\/image\/","url":"https:\/\/secure.gravatar.com\/avatar\/20fbbda8a292f59f2d3461a5b999c00b?s=96&d=mm&r=g","contentUrl":"https:\/\/secure.gravatar.com\/avatar\/20fbbda8a292f59f2d3461a5b999c00b?s=96&d=mm&r=g","caption":"Service des communications et des relations publiques"},"url":"https:\/\/www.uqac.ca\/uqactualites\/author\/bap\/"}]}},"_links":{"self":[{"href":"https:\/\/www.uqac.ca\/uqactualites\/wp-json\/wp\/v2\/posts\/32916"}],"collection":[{"href":"https:\/\/www.uqac.ca\/uqactualites\/wp-json\/wp\/v2\/posts"}],"about":[{"href":"https:\/\/www.uqac.ca\/uqactualites\/wp-json\/wp\/v2\/types\/post"}],"author":[{"embeddable":true,"href":"https:\/\/www.uqac.ca\/uqactualites\/wp-json\/wp\/v2\/users\/5"}],"replies":[{"embeddable":true,"href":"https:\/\/www.uqac.ca\/uqactualites\/wp-json\/wp\/v2\/comments?post=32916"}],"version-history":[{"count":0,"href":"https:\/\/www.uqac.ca\/uqactualites\/wp-json\/wp\/v2\/posts\/32916\/revisions"}],"wp:featuredmedia":[{"embeddable":true,"href":"https:\/\/www.uqac.ca\/uqactualites\/wp-json\/wp\/v2\/media\/32917"}],"wp:attachment":[{"href":"https:\/\/www.uqac.ca\/uqactualites\/wp-json\/wp\/v2\/media?parent=32916"}],"wp:term":[{"taxonomy":"category","embeddable":true,"href":"https:\/\/www.uqac.ca\/uqactualites\/wp-json\/wp\/v2\/categories?post=32916"},{"taxonomy":"post_tag","embeddable":true,"href":"https:\/\/www.uqac.ca\/uqactualites\/wp-json\/wp\/v2\/tags?post=32916"}],"curies":[{"name":"wp","href":"https:\/\/api.w.org\/{rel}","templated":true}]}}