{"id":32976,"date":"2017-02-14T13:19:30","date_gmt":"2017-02-14T18:19:30","guid":{"rendered":"http:\/\/uqactualite.odev.ca\/?p=32976"},"modified":"2017-02-14T13:19:30","modified_gmt":"2017-02-14T18:19:30","slug":"ma-these-en-180-secondes-2017-appel-dinscriptions","status":"publish","type":"post","link":"https:\/\/www.uqac.ca\/uqactualites\/2017\/02\/14\/ma-these-en-180-secondes-2017-appel-dinscriptions\/","title":{"rendered":"Ma th\u00e8se en 180 secondes 2017  |  Appel d&rsquo;inscriptions"},"content":{"rendered":"<p style=\"text-align: justify\">L\u2019UQAC et l\u2019Association francophone pour le savoir (Acfas) invitent les doctorants \u00e0 participer \u00e0 l\u2019\u00e9dition\u00a02017 du concours \u00ab\u00a0Ma th\u00e8se en 180 secondes\u00a0\u00bb.<\/p>\n<p style=\"text-align: justify\">Ce concours permet aux \u00e9tudiants de pr\u00e9senter leur sujet de recherche, en fran\u00e7ais et en termes simples, \u00e0 un auditoire profane et diversifi\u00e9. Chaque \u00e9tudiant doit faire un expos\u00e9 clair, concis et convaincant sur son projet de recherche, et ce, en trois minutes tapantes.<\/p>\n<p style=\"text-align: center\"><strong>Inscrivez-vous avant le vendredi 3 mars 2017 \u00e0 12\u00a0h<br \/>\n<\/strong>aupr\u00e8s de Claude Gilbert, agent de recherche au<br \/>\nD\u00e9canat de la recherche et de la cr\u00e9ation (<span style=\"text-decoration: underline\"><strong><a href=\"mailto:claude_gilbert@uqac.ca\">claude_gilbert@uqac.ca<\/a><\/strong><\/span>).<\/p>\n<p style=\"text-align: justify\">Les candidats retenus seront joints par les membres du comit\u00e9 organisateur. Ils devront pr\u00e9senter leur expos\u00e9 devant jury lors de la finale locale du concours\u00a0qui aura lieu le jeudi 30 mars 2017, \u00e0 11 h 45, au BarUQAC. \u00c0 la suite de la comp\u00e9tition locale, un finaliste sera s\u00e9lectionn\u00e9 pour participer \u00e0 la grande finale du concours qui aura lieu le mercredi 4 mai 2017 \u00e0 l\u2019Universit\u00e9 McGill dans le cadre du 85<sup>e<\/sup> Congr\u00e8s de l\u2019Acfas.<\/p>\n<p style=\"text-align: justify\">Voil\u00e0 une occasion en or de parfaire vos aptitudes en communication, tout en ayant la possibilit\u00e9 de diffuser vos recherches dans l\u2019espace public!<\/p>\n<p style=\"text-align: justify\"><strong><a href=\"http:\/\/www.acfas.ca\/prix-concours\/ma-these-en-180-secondes\/appel-participation\">Consultez le site Web de l\u2019Acfas pour plus de d\u00e9tails sur le concours.<br \/>\n<\/a><\/strong>Une formation en ligne en format PDF\u00a0et un <em>Cahier des candidats<\/em>, \u00e9galement en format PDF, sont disponibles afin d\u2019aider les participants \u00e0 mieux pr\u00e9parer leur pr\u00e9sentation.<\/p>\n<p style=\"text-align: justify\">Visionnez \u00e9galement en ligne les <a href=\"http:\/\/www.acfas.ca\/prix-concours\/ma-these-en-180-secondes\/2016\"><strong>vid\u00e9os des laur\u00e9ats et des finalistes de l\u2019\u00e9dition\u00a02016 du concours<\/strong><\/a>.<\/p>\n<p style=\"text-align: justify\"><strong>Renseignements\u00a0:<br \/>\n<\/strong>Claude Gilbert, agent de recherche<br \/>\nD\u00e9canat de la recherche et de la cr\u00e9ation<br \/>\nUniversit\u00e9 du Qu\u00e9bec \u00e0 Chicoutimi<br \/>\n418 545-5011, poste\u00a02486\u00a0 \u25aa\u00a0 <a href=\"mailto:claude_gilbert@uqac.ca\">claude_gilbert@uqac.ca<\/a><\/p>\n","protected":false},"excerpt":{"rendered":"<p>L\u2019UQAC et l\u2019Association francophone pour le savoir (Acfas) invitent les doctorants \u00e0 participer \u00e0 l\u2019\u00e9dition\u00a02017 du concours \u00ab\u00a0Ma th\u00e8se en 180 secondes\u00a0\u00bb. Ce concours permet aux \u00e9tudiants de pr\u00e9senter leur sujet de recherche, en fran\u00e7ais et en termes simples, \u00e0 un auditoire profane et diversifi\u00e9. Chaque \u00e9tudiant doit faire un expos\u00e9 clair, concis et convaincant [&hellip;]<\/p>\n","protected":false},"author":5,"featured_media":32955,"comment_status":"open","ping_status":"open","sticky":false,"template":"","format":"standard","meta":{"footnotes":""},"categories":[2772],"tags":[],"yoast_head":"<!-- This site is optimized with the Yoast SEO plugin v24.2 - https:\/\/yoast.com\/wordpress\/plugins\/seo\/ -->\r\n<title>Ma th\u00e8se en 180 secondes 2017 | Appel d&#039;inscriptions - UQACtualit\u00e9s<\/title>\r\n<meta name=\"robots\" content=\"index, follow, max-snippet:-1, max-image-preview:large, max-video-preview:-1\" \/>\r\n<link rel=\"canonical\" href=\"https:\/\/www.uqac.ca\/uqactualites\/2017\/02\/14\/ma-these-en-180-secondes-2017-appel-dinscriptions\/\" \/>\r\n<meta property=\"og:locale\" content=\"fr_CA\" \/>\r\n<meta property=\"og:type\" content=\"article\" \/>\r\n<meta property=\"og:title\" content=\"Ma th\u00e8se en 180 secondes 2017 | Appel d&#039;inscriptions - UQACtualit\u00e9s\" \/>\r\n<meta property=\"og:description\" content=\"L\u2019UQAC et l\u2019Association francophone pour le savoir (Acfas) invitent les doctorants \u00e0 participer \u00e0 l\u2019\u00e9dition\u00a02017 du concours \u00ab\u00a0Ma th\u00e8se en 180 secondes\u00a0\u00bb. Ce concours permet aux \u00e9tudiants de pr\u00e9senter leur sujet de recherche, en fran\u00e7ais et en termes simples, \u00e0 un auditoire profane et diversifi\u00e9. Chaque \u00e9tudiant doit faire un expos\u00e9 clair, concis et convaincant [&hellip;]\" \/>\r\n<meta property=\"og:url\" content=\"https:\/\/www.uqac.ca\/uqactualites\/2017\/02\/14\/ma-these-en-180-secondes-2017-appel-dinscriptions\/\" \/>\r\n<meta property=\"og:site_name\" content=\"UQACtualit\u00e9s\" \/>\r\n<meta property=\"article:published_time\" content=\"2017-02-14T18:19:30+00:00\" \/>\r\n<meta property=\"og:image\" content=\"https:\/\/www.uqac.ca\/uqactualites\/wp-content\/uploads\/2017\/02\/avis-comm.jpg\" \/>\r\n\t<meta property=\"og:image:width\" content=\"620\" \/>\r\n\t<meta property=\"og:image:height\" content=\"300\" \/>\r\n\t<meta property=\"og:image:type\" content=\"image\/jpeg\" \/>\r\n<meta name=\"author\" content=\"Service des communications et des relations publiques\" \/>\r\n<meta name=\"twitter:card\" content=\"summary_large_image\" \/>\r\n<meta name=\"twitter:label1\" content=\"\u00c9crit par\" \/>\n\t<meta name=\"twitter:data1\" content=\"Service des communications et des relations publiques\" \/>\n\t<meta name=\"twitter:label2\" content=\"Estimation du temps de lecture\" \/>\n\t<meta name=\"twitter:data2\" content=\"1 minute\" \/>\r\n<script type=\"application\/ld+json\" class=\"yoast-schema-graph\">{\"@context\":\"https:\/\/schema.org\",\"@graph\":[{\"@type\":\"WebPage\",\"@id\":\"https:\/\/www.uqac.ca\/uqactualites\/2017\/02\/14\/ma-these-en-180-secondes-2017-appel-dinscriptions\/\",\"url\":\"https:\/\/www.uqac.ca\/uqactualites\/2017\/02\/14\/ma-these-en-180-secondes-2017-appel-dinscriptions\/\",\"name\":\"Ma th\u00e8se en 180 secondes 2017 | Appel d'inscriptions - UQACtualit\u00e9s\",\"isPartOf\":{\"@id\":\"https:\/\/www.uqac.ca\/uqactualites\/#website\"},\"primaryImageOfPage\":{\"@id\":\"https:\/\/www.uqac.ca\/uqactualites\/2017\/02\/14\/ma-these-en-180-secondes-2017-appel-dinscriptions\/#primaryimage\"},\"image\":{\"@id\":\"https:\/\/www.uqac.ca\/uqactualites\/2017\/02\/14\/ma-these-en-180-secondes-2017-appel-dinscriptions\/#primaryimage\"},\"thumbnailUrl\":\"https:\/\/www.uqac.ca\/uqactualites\/wp-content\/uploads\/2017\/02\/avis-comm.jpg\",\"datePublished\":\"2017-02-14T18:19:30+00:00\",\"dateModified\":\"2017-02-14T18:19:30+00:00\",\"author\":{\"@id\":\"https:\/\/www.uqac.ca\/uqactualites\/#\/schema\/person\/366c45a0c4f0e677b41b4af5886e2018\"},\"breadcrumb\":{\"@id\":\"https:\/\/www.uqac.ca\/uqactualites\/2017\/02\/14\/ma-these-en-180-secondes-2017-appel-dinscriptions\/#breadcrumb\"},\"inLanguage\":\"fr-CA\",\"potentialAction\":[{\"@type\":\"ReadAction\",\"target\":[\"https:\/\/www.uqac.ca\/uqactualites\/2017\/02\/14\/ma-these-en-180-secondes-2017-appel-dinscriptions\/\"]}]},{\"@type\":\"ImageObject\",\"inLanguage\":\"fr-CA\",\"@id\":\"https:\/\/www.uqac.ca\/uqactualites\/2017\/02\/14\/ma-these-en-180-secondes-2017-appel-dinscriptions\/#primaryimage\",\"url\":\"https:\/\/www.uqac.ca\/uqactualites\/wp-content\/uploads\/2017\/02\/avis-comm.jpg\",\"contentUrl\":\"https:\/\/www.uqac.ca\/uqactualites\/wp-content\/uploads\/2017\/02\/avis-comm.jpg\",\"width\":620,\"height\":300},{\"@type\":\"BreadcrumbList\",\"@id\":\"https:\/\/www.uqac.ca\/uqactualites\/2017\/02\/14\/ma-these-en-180-secondes-2017-appel-dinscriptions\/#breadcrumb\",\"itemListElement\":[{\"@type\":\"ListItem\",\"position\":1,\"name\":\"Home\",\"item\":\"https:\/\/www.uqac.ca\/uqactualites\/\"},{\"@type\":\"ListItem\",\"position\":2,\"name\":\"Ma th\u00e8se en 180 secondes 2017 | Appel d&rsquo;inscriptions\"}]},{\"@type\":\"WebSite\",\"@id\":\"https:\/\/www.uqac.ca\/uqactualites\/#website\",\"url\":\"https:\/\/www.uqac.ca\/uqactualites\/\",\"name\":\"UQACtualit\u00e9s\",\"description\":\"Le portail des nouvelles de l&#039;UQAC\",\"potentialAction\":[{\"@type\":\"SearchAction\",\"target\":{\"@type\":\"EntryPoint\",\"urlTemplate\":\"https:\/\/www.uqac.ca\/uqactualites\/?s={search_term_string}\"},\"query-input\":{\"@type\":\"PropertyValueSpecification\",\"valueRequired\":true,\"valueName\":\"search_term_string\"}}],\"inLanguage\":\"fr-CA\"},{\"@type\":\"Person\",\"@id\":\"https:\/\/www.uqac.ca\/uqactualites\/#\/schema\/person\/366c45a0c4f0e677b41b4af5886e2018\",\"name\":\"Service des communications et des relations publiques\",\"image\":{\"@type\":\"ImageObject\",\"inLanguage\":\"fr-CA\",\"@id\":\"https:\/\/www.uqac.ca\/uqactualites\/#\/schema\/person\/image\/\",\"url\":\"https:\/\/secure.gravatar.com\/avatar\/20fbbda8a292f59f2d3461a5b999c00b?s=96&d=mm&r=g\",\"contentUrl\":\"https:\/\/secure.gravatar.com\/avatar\/20fbbda8a292f59f2d3461a5b999c00b?s=96&d=mm&r=g\",\"caption\":\"Service des communications et des relations publiques\"},\"url\":\"https:\/\/www.uqac.ca\/uqactualites\/author\/bap\/\"}]}<\/script>\r\n<!-- \/ Yoast SEO plugin. -->","yoast_head_json":{"title":"Ma th\u00e8se en 180 secondes 2017 | Appel d'inscriptions - UQACtualit\u00e9s","robots":{"index":"index","follow":"follow","max-snippet":"max-snippet:-1","max-image-preview":"max-image-preview:large","max-video-preview":"max-video-preview:-1"},"canonical":"https:\/\/www.uqac.ca\/uqactualites\/2017\/02\/14\/ma-these-en-180-secondes-2017-appel-dinscriptions\/","og_locale":"fr_CA","og_type":"article","og_title":"Ma th\u00e8se en 180 secondes 2017 | Appel d'inscriptions - UQACtualit\u00e9s","og_description":"L\u2019UQAC et l\u2019Association francophone pour le savoir (Acfas) invitent les doctorants \u00e0 participer \u00e0 l\u2019\u00e9dition\u00a02017 du concours \u00ab\u00a0Ma th\u00e8se en 180 secondes\u00a0\u00bb. Ce concours permet aux \u00e9tudiants de pr\u00e9senter leur sujet de recherche, en fran\u00e7ais et en termes simples, \u00e0 un auditoire profane et diversifi\u00e9. Chaque \u00e9tudiant doit faire un expos\u00e9 clair, concis et convaincant [&hellip;]","og_url":"https:\/\/www.uqac.ca\/uqactualites\/2017\/02\/14\/ma-these-en-180-secondes-2017-appel-dinscriptions\/","og_site_name":"UQACtualit\u00e9s","article_published_time":"2017-02-14T18:19:30+00:00","og_image":[{"width":620,"height":300,"url":"https:\/\/www.uqac.ca\/uqactualites\/wp-content\/uploads\/2017\/02\/avis-comm.jpg","type":"image\/jpeg"}],"author":"Service des communications et des relations publiques","twitter_card":"summary_large_image","twitter_misc":{"\u00c9crit par":"Service des communications et des relations publiques","Estimation du temps de lecture":"1 minute"},"schema":{"@context":"https:\/\/schema.org","@graph":[{"@type":"WebPage","@id":"https:\/\/www.uqac.ca\/uqactualites\/2017\/02\/14\/ma-these-en-180-secondes-2017-appel-dinscriptions\/","url":"https:\/\/www.uqac.ca\/uqactualites\/2017\/02\/14\/ma-these-en-180-secondes-2017-appel-dinscriptions\/","name":"Ma th\u00e8se en 180 secondes 2017 | Appel d'inscriptions - UQACtualit\u00e9s","isPartOf":{"@id":"https:\/\/www.uqac.ca\/uqactualites\/#website"},"primaryImageOfPage":{"@id":"https:\/\/www.uqac.ca\/uqactualites\/2017\/02\/14\/ma-these-en-180-secondes-2017-appel-dinscriptions\/#primaryimage"},"image":{"@id":"https:\/\/www.uqac.ca\/uqactualites\/2017\/02\/14\/ma-these-en-180-secondes-2017-appel-dinscriptions\/#primaryimage"},"thumbnailUrl":"https:\/\/www.uqac.ca\/uqactualites\/wp-content\/uploads\/2017\/02\/avis-comm.jpg","datePublished":"2017-02-14T18:19:30+00:00","dateModified":"2017-02-14T18:19:30+00:00","author":{"@id":"https:\/\/www.uqac.ca\/uqactualites\/#\/schema\/person\/366c45a0c4f0e677b41b4af5886e2018"},"breadcrumb":{"@id":"https:\/\/www.uqac.ca\/uqactualites\/2017\/02\/14\/ma-these-en-180-secondes-2017-appel-dinscriptions\/#breadcrumb"},"inLanguage":"fr-CA","potentialAction":[{"@type":"ReadAction","target":["https:\/\/www.uqac.ca\/uqactualites\/2017\/02\/14\/ma-these-en-180-secondes-2017-appel-dinscriptions\/"]}]},{"@type":"ImageObject","inLanguage":"fr-CA","@id":"https:\/\/www.uqac.ca\/uqactualites\/2017\/02\/14\/ma-these-en-180-secondes-2017-appel-dinscriptions\/#primaryimage","url":"https:\/\/www.uqac.ca\/uqactualites\/wp-content\/uploads\/2017\/02\/avis-comm.jpg","contentUrl":"https:\/\/www.uqac.ca\/uqactualites\/wp-content\/uploads\/2017\/02\/avis-comm.jpg","width":620,"height":300},{"@type":"BreadcrumbList","@id":"https:\/\/www.uqac.ca\/uqactualites\/2017\/02\/14\/ma-these-en-180-secondes-2017-appel-dinscriptions\/#breadcrumb","itemListElement":[{"@type":"ListItem","position":1,"name":"Home","item":"https:\/\/www.uqac.ca\/uqactualites\/"},{"@type":"ListItem","position":2,"name":"Ma th\u00e8se en 180 secondes 2017 | Appel d&rsquo;inscriptions"}]},{"@type":"WebSite","@id":"https:\/\/www.uqac.ca\/uqactualites\/#website","url":"https:\/\/www.uqac.ca\/uqactualites\/","name":"UQACtualit\u00e9s","description":"Le portail des nouvelles de l&#039;UQAC","potentialAction":[{"@type":"SearchAction","target":{"@type":"EntryPoint","urlTemplate":"https:\/\/www.uqac.ca\/uqactualites\/?s={search_term_string}"},"query-input":{"@type":"PropertyValueSpecification","valueRequired":true,"valueName":"search_term_string"}}],"inLanguage":"fr-CA"},{"@type":"Person","@id":"https:\/\/www.uqac.ca\/uqactualites\/#\/schema\/person\/366c45a0c4f0e677b41b4af5886e2018","name":"Service des communications et des relations publiques","image":{"@type":"ImageObject","inLanguage":"fr-CA","@id":"https:\/\/www.uqac.ca\/uqactualites\/#\/schema\/person\/image\/","url":"https:\/\/secure.gravatar.com\/avatar\/20fbbda8a292f59f2d3461a5b999c00b?s=96&d=mm&r=g","contentUrl":"https:\/\/secure.gravatar.com\/avatar\/20fbbda8a292f59f2d3461a5b999c00b?s=96&d=mm&r=g","caption":"Service des communications et des relations publiques"},"url":"https:\/\/www.uqac.ca\/uqactualites\/author\/bap\/"}]}},"_links":{"self":[{"href":"https:\/\/www.uqac.ca\/uqactualites\/wp-json\/wp\/v2\/posts\/32976"}],"collection":[{"href":"https:\/\/www.uqac.ca\/uqactualites\/wp-json\/wp\/v2\/posts"}],"about":[{"href":"https:\/\/www.uqac.ca\/uqactualites\/wp-json\/wp\/v2\/types\/post"}],"author":[{"embeddable":true,"href":"https:\/\/www.uqac.ca\/uqactualites\/wp-json\/wp\/v2\/users\/5"}],"replies":[{"embeddable":true,"href":"https:\/\/www.uqac.ca\/uqactualites\/wp-json\/wp\/v2\/comments?post=32976"}],"version-history":[{"count":0,"href":"https:\/\/www.uqac.ca\/uqactualites\/wp-json\/wp\/v2\/posts\/32976\/revisions"}],"wp:featuredmedia":[{"embeddable":true,"href":"https:\/\/www.uqac.ca\/uqactualites\/wp-json\/wp\/v2\/media\/32955"}],"wp:attachment":[{"href":"https:\/\/www.uqac.ca\/uqactualites\/wp-json\/wp\/v2\/media?parent=32976"}],"wp:term":[{"taxonomy":"category","embeddable":true,"href":"https:\/\/www.uqac.ca\/uqactualites\/wp-json\/wp\/v2\/categories?post=32976"},{"taxonomy":"post_tag","embeddable":true,"href":"https:\/\/www.uqac.ca\/uqactualites\/wp-json\/wp\/v2\/tags?post=32976"}],"curies":[{"name":"wp","href":"https:\/\/api.w.org\/{rel}","templated":true}]}}