{"id":33033,"date":"2017-02-22T14:26:39","date_gmt":"2017-02-22T19:26:39","guid":{"rendered":"http:\/\/uqactualite.odev.ca\/?p=33033"},"modified":"2017-02-22T14:26:39","modified_gmt":"2017-02-22T19:26:39","slug":"lanesthesiologie-au-dela-du-sommeil","status":"publish","type":"post","link":"https:\/\/www.uqac.ca\/uqactualites\/2017\/02\/22\/lanesthesiologie-au-dela-du-sommeil\/","title":{"rendered":"La p\u00e9riode d&rsquo;inscription est lanc\u00e9e pour le Programme de formation populaire en sant\u00e9"},"content":{"rendered":"<p>Pour sa 9<sup>e<\/sup> ann\u00e9e d\u2019existence, le Programme de formation populaire en sant\u00e9 abordera pour la premi\u00e8re fois la th\u00e9matique de l\u2019anesth\u00e9siologie.<\/p>\n<p>Le programme de conf\u00e9rences \u00ab\u00a0L\u2019anesth\u00e9siologie au-del\u00e0 du sommeil\u00a0\u00bb se d\u00e9roulera du 4 avril au 23 mai prochain. Il comprendra huit rencontres de deux heures chacune, o\u00f9 neuf th\u00e8mes diff\u00e9rents seront abord\u00e9s, pr\u00e9sent\u00e9s et expliqu\u00e9s par six anesth\u00e9siologistes et une inhaloth\u00e9rapeute \u0153uvrant toutes et tous au Centre int\u00e9gr\u00e9 universitaire de sant\u00e9 et de services sociaux (CIUSSS) du Saguenay\u2013Lac-Saint-Jean.<\/p>\n<p><a href=\"http:\/\/www.uqac.ca\/wp-content\/uploads\/2017\/02\/DEP_FPSAnesthesiologieH17.pdf\">Cliquez pour consulter la programmation compl\u00e8te.<\/a><\/p>\n<p><strong>Objectifs du programme de conf\u00e9rences<\/strong><\/p>\n<ul>\n<li>Mieux comprendre les maladies courantes et leurs traitements<\/li>\n<li>Mieux comprendre le fonctionnement de son corps<\/li>\n<li>\u00catre mieux inform\u00e9 et prendre des d\u00e9cisions judicieuses quant \u00e0 ses propres soins de sant\u00e9 et ceux de ses proches<\/li>\n<li>Conna\u00eetre les avanc\u00e9es de la recherche m\u00e9dicale et ses retomb\u00e9es<\/li>\n<li>Conna\u00eetre les enjeux actuels en mati\u00e8re de soins de sant\u00e9 et d\u2019\u00e9thique m\u00e9dicale, particuli\u00e8rement dans le contexte de l\u2019anesth\u00e9siologie<\/li>\n<\/ul>\n<p><strong>Population vis\u00e9e<\/strong><\/p>\n<ul>\n<li>La population du Saguenay\u2013Lac-Saint-Jean de tous \u00e2ges, de tous milieux, de toutes professions<\/li>\n<li>Toute personne qui se soucie de sa sant\u00e9 et de celle de ses proches<\/li>\n<li>Toute personne qui veut comprendre les diff\u00e9rents aspects du th\u00e8me propos\u00e9<\/li>\n<\/ul>\n<p><strong>Pr\u00e9cisions<\/strong><\/p>\n<ul>\n<li>Tous les conf\u00e9renciers et conf\u00e9renci\u00e8res du pr\u00e9sent Programme de formation populaire en sant\u00e9\u00a0\u0153uvrent au Centre int\u00e9gr\u00e9 universitaire de sant\u00e9 et de services sociaux du Saguenay\u2013Lac-Saint-Jean. Les responsables et partenaires du Programme de formation populaire en sant\u00e9 leur sont d\u2019autant reconnaissants que leur implication est enti\u00e8rement b\u00e9n\u00e9vole.<\/li>\n<li>Noter que le \u00ab\u00a0Programme de formation populaire en sant\u00e9\u00a0\u00bb est toujours offert par le Programme de formation m\u00e9dicale \u00e0 Saguenay (PFMS) et ses partenaires, la Facult\u00e9 de m\u00e9decine et des sciences de la sant\u00e9 de l\u2019Universit\u00e9 de Sherbrooke (FMSSUS), le Centre int\u00e9gr\u00e9 universitaire de sant\u00e9 et de services sociaux du Saguenay\u2013Lac-Saint-Jean et l\u2019Universit\u00e9 du Qu\u00e9bec \u00e0 Chicoutimi (UQAC), en collaboration avec le Centre d\u2019expertise en sant\u00e9 de Sherbrooke (CESS) et le Centre du savoir sur mesure de l\u2019UQAC (CESAM)<\/li>\n<\/ul>\n<p><strong>Inscription jusqu\u2019\u00e0\u00a0mardi 28 mars 2017, 17\u00a0h<br \/>\nPar Internet : <\/strong><a href=\"http:\/\/cesam.uqac.ca\/\"><strong>cesam.uqac.ca<br \/>\n<\/strong><\/a><strong>Renseignements\u00a0: 418 545-5011, poste 1212<\/strong><\/p>\n","protected":false},"excerpt":{"rendered":"<p>Pour sa 9e ann\u00e9e d\u2019existence, le Programme de formation populaire en sant\u00e9 abordera pour la premi\u00e8re fois la th\u00e9matique de l\u2019anesth\u00e9siologie. Le programme de conf\u00e9rences \u00ab\u00a0L\u2019anesth\u00e9siologie au-del\u00e0 du sommeil\u00a0\u00bb se d\u00e9roulera du 4 avril au 23 mai prochain. Il comprendra huit rencontres de deux heures chacune, o\u00f9 neuf th\u00e8mes diff\u00e9rents seront abord\u00e9s, pr\u00e9sent\u00e9s et expliqu\u00e9s [&hellip;]<\/p>\n","protected":false},"author":5,"featured_media":33035,"comment_status":"open","ping_status":"open","sticky":false,"template":"","format":"standard","meta":{"footnotes":""},"categories":[2,2772],"tags":[],"yoast_head":"<!-- This site is optimized with the Yoast SEO plugin v24.2 - https:\/\/yoast.com\/wordpress\/plugins\/seo\/ -->\r\n<title>La p\u00e9riode d&#039;inscription est lanc\u00e9e pour le Programme de formation populaire en sant\u00e9 - UQACtualit\u00e9s<\/title>\r\n<meta name=\"robots\" content=\"index, follow, max-snippet:-1, max-image-preview:large, max-video-preview:-1\" \/>\r\n<link rel=\"canonical\" href=\"https:\/\/www.uqac.ca\/uqactualites\/2017\/02\/22\/lanesthesiologie-au-dela-du-sommeil\/\" \/>\r\n<meta property=\"og:locale\" content=\"fr_CA\" \/>\r\n<meta property=\"og:type\" content=\"article\" \/>\r\n<meta property=\"og:title\" content=\"La p\u00e9riode d&#039;inscription est lanc\u00e9e pour le Programme de formation populaire en sant\u00e9 - UQACtualit\u00e9s\" \/>\r\n<meta property=\"og:description\" content=\"Pour sa 9e ann\u00e9e d\u2019existence, le Programme de formation populaire en sant\u00e9 abordera pour la premi\u00e8re fois la th\u00e9matique de l\u2019anesth\u00e9siologie. Le programme de conf\u00e9rences \u00ab\u00a0L\u2019anesth\u00e9siologie au-del\u00e0 du sommeil\u00a0\u00bb se d\u00e9roulera du 4 avril au 23 mai prochain. Il comprendra huit rencontres de deux heures chacune, o\u00f9 neuf th\u00e8mes diff\u00e9rents seront abord\u00e9s, pr\u00e9sent\u00e9s et expliqu\u00e9s [&hellip;]\" \/>\r\n<meta property=\"og:url\" content=\"https:\/\/www.uqac.ca\/uqactualites\/2017\/02\/22\/lanesthesiologie-au-dela-du-sommeil\/\" \/>\r\n<meta property=\"og:site_name\" content=\"UQACtualit\u00e9s\" \/>\r\n<meta property=\"article:published_time\" content=\"2017-02-22T19:26:39+00:00\" \/>\r\n<meta property=\"og:image\" content=\"https:\/\/www.uqac.ca\/uqactualites\/wp-content\/uploads\/2017\/02\/GRAF_UQACtualiteFPSAnesthesiologieH17-01.jpg\" \/>\r\n\t<meta property=\"og:image:width\" content=\"620\" \/>\r\n\t<meta property=\"og:image:height\" content=\"300\" \/>\r\n\t<meta property=\"og:image:type\" content=\"image\/jpeg\" \/>\r\n<meta name=\"author\" content=\"Service des communications et des relations publiques\" \/>\r\n<meta name=\"twitter:card\" content=\"summary_large_image\" \/>\r\n<meta name=\"twitter:label1\" content=\"\u00c9crit par\" \/>\n\t<meta name=\"twitter:data1\" content=\"Service des communications et des relations publiques\" \/>\n\t<meta name=\"twitter:label2\" content=\"Estimation du temps de lecture\" \/>\n\t<meta name=\"twitter:data2\" content=\"2 minutes\" \/>\r\n<script type=\"application\/ld+json\" class=\"yoast-schema-graph\">{\"@context\":\"https:\/\/schema.org\",\"@graph\":[{\"@type\":\"WebPage\",\"@id\":\"https:\/\/www.uqac.ca\/uqactualites\/2017\/02\/22\/lanesthesiologie-au-dela-du-sommeil\/\",\"url\":\"https:\/\/www.uqac.ca\/uqactualites\/2017\/02\/22\/lanesthesiologie-au-dela-du-sommeil\/\",\"name\":\"La p\u00e9riode d'inscription est lanc\u00e9e pour le Programme de formation populaire en sant\u00e9 - UQACtualit\u00e9s\",\"isPartOf\":{\"@id\":\"https:\/\/www.uqac.ca\/uqactualites\/#website\"},\"primaryImageOfPage\":{\"@id\":\"https:\/\/www.uqac.ca\/uqactualites\/2017\/02\/22\/lanesthesiologie-au-dela-du-sommeil\/#primaryimage\"},\"image\":{\"@id\":\"https:\/\/www.uqac.ca\/uqactualites\/2017\/02\/22\/lanesthesiologie-au-dela-du-sommeil\/#primaryimage\"},\"thumbnailUrl\":\"https:\/\/www.uqac.ca\/uqactualites\/wp-content\/uploads\/2017\/02\/GRAF_UQACtualiteFPSAnesthesiologieH17-01.jpg\",\"datePublished\":\"2017-02-22T19:26:39+00:00\",\"dateModified\":\"2017-02-22T19:26:39+00:00\",\"author\":{\"@id\":\"https:\/\/www.uqac.ca\/uqactualites\/#\/schema\/person\/366c45a0c4f0e677b41b4af5886e2018\"},\"breadcrumb\":{\"@id\":\"https:\/\/www.uqac.ca\/uqactualites\/2017\/02\/22\/lanesthesiologie-au-dela-du-sommeil\/#breadcrumb\"},\"inLanguage\":\"fr-CA\",\"potentialAction\":[{\"@type\":\"ReadAction\",\"target\":[\"https:\/\/www.uqac.ca\/uqactualites\/2017\/02\/22\/lanesthesiologie-au-dela-du-sommeil\/\"]}]},{\"@type\":\"ImageObject\",\"inLanguage\":\"fr-CA\",\"@id\":\"https:\/\/www.uqac.ca\/uqactualites\/2017\/02\/22\/lanesthesiologie-au-dela-du-sommeil\/#primaryimage\",\"url\":\"https:\/\/www.uqac.ca\/uqactualites\/wp-content\/uploads\/2017\/02\/GRAF_UQACtualiteFPSAnesthesiologieH17-01.jpg\",\"contentUrl\":\"https:\/\/www.uqac.ca\/uqactualites\/wp-content\/uploads\/2017\/02\/GRAF_UQACtualiteFPSAnesthesiologieH17-01.jpg\",\"width\":620,\"height\":300},{\"@type\":\"BreadcrumbList\",\"@id\":\"https:\/\/www.uqac.ca\/uqactualites\/2017\/02\/22\/lanesthesiologie-au-dela-du-sommeil\/#breadcrumb\",\"itemListElement\":[{\"@type\":\"ListItem\",\"position\":1,\"name\":\"Home\",\"item\":\"https:\/\/www.uqac.ca\/uqactualites\/\"},{\"@type\":\"ListItem\",\"position\":2,\"name\":\"La p\u00e9riode d&rsquo;inscription est lanc\u00e9e pour le Programme de formation populaire en sant\u00e9\"}]},{\"@type\":\"WebSite\",\"@id\":\"https:\/\/www.uqac.ca\/uqactualites\/#website\",\"url\":\"https:\/\/www.uqac.ca\/uqactualites\/\",\"name\":\"UQACtualit\u00e9s\",\"description\":\"Le portail des nouvelles de l&#039;UQAC\",\"potentialAction\":[{\"@type\":\"SearchAction\",\"target\":{\"@type\":\"EntryPoint\",\"urlTemplate\":\"https:\/\/www.uqac.ca\/uqactualites\/?s={search_term_string}\"},\"query-input\":{\"@type\":\"PropertyValueSpecification\",\"valueRequired\":true,\"valueName\":\"search_term_string\"}}],\"inLanguage\":\"fr-CA\"},{\"@type\":\"Person\",\"@id\":\"https:\/\/www.uqac.ca\/uqactualites\/#\/schema\/person\/366c45a0c4f0e677b41b4af5886e2018\",\"name\":\"Service des communications et des relations publiques\",\"image\":{\"@type\":\"ImageObject\",\"inLanguage\":\"fr-CA\",\"@id\":\"https:\/\/www.uqac.ca\/uqactualites\/#\/schema\/person\/image\/\",\"url\":\"https:\/\/secure.gravatar.com\/avatar\/20fbbda8a292f59f2d3461a5b999c00b?s=96&d=mm&r=g\",\"contentUrl\":\"https:\/\/secure.gravatar.com\/avatar\/20fbbda8a292f59f2d3461a5b999c00b?s=96&d=mm&r=g\",\"caption\":\"Service des communications et des relations publiques\"},\"url\":\"https:\/\/www.uqac.ca\/uqactualites\/author\/bap\/\"}]}<\/script>\r\n<!-- \/ Yoast SEO plugin. -->","yoast_head_json":{"title":"La p\u00e9riode d'inscription est lanc\u00e9e pour le Programme de formation populaire en sant\u00e9 - UQACtualit\u00e9s","robots":{"index":"index","follow":"follow","max-snippet":"max-snippet:-1","max-image-preview":"max-image-preview:large","max-video-preview":"max-video-preview:-1"},"canonical":"https:\/\/www.uqac.ca\/uqactualites\/2017\/02\/22\/lanesthesiologie-au-dela-du-sommeil\/","og_locale":"fr_CA","og_type":"article","og_title":"La p\u00e9riode d'inscription est lanc\u00e9e pour le Programme de formation populaire en sant\u00e9 - UQACtualit\u00e9s","og_description":"Pour sa 9e ann\u00e9e d\u2019existence, le Programme de formation populaire en sant\u00e9 abordera pour la premi\u00e8re fois la th\u00e9matique de l\u2019anesth\u00e9siologie. Le programme de conf\u00e9rences \u00ab\u00a0L\u2019anesth\u00e9siologie au-del\u00e0 du sommeil\u00a0\u00bb se d\u00e9roulera du 4 avril au 23 mai prochain. Il comprendra huit rencontres de deux heures chacune, o\u00f9 neuf th\u00e8mes diff\u00e9rents seront abord\u00e9s, pr\u00e9sent\u00e9s et expliqu\u00e9s [&hellip;]","og_url":"https:\/\/www.uqac.ca\/uqactualites\/2017\/02\/22\/lanesthesiologie-au-dela-du-sommeil\/","og_site_name":"UQACtualit\u00e9s","article_published_time":"2017-02-22T19:26:39+00:00","og_image":[{"width":620,"height":300,"url":"https:\/\/www.uqac.ca\/uqactualites\/wp-content\/uploads\/2017\/02\/GRAF_UQACtualiteFPSAnesthesiologieH17-01.jpg","type":"image\/jpeg"}],"author":"Service des communications et des relations publiques","twitter_card":"summary_large_image","twitter_misc":{"\u00c9crit par":"Service des communications et des relations publiques","Estimation du temps de lecture":"2 minutes"},"schema":{"@context":"https:\/\/schema.org","@graph":[{"@type":"WebPage","@id":"https:\/\/www.uqac.ca\/uqactualites\/2017\/02\/22\/lanesthesiologie-au-dela-du-sommeil\/","url":"https:\/\/www.uqac.ca\/uqactualites\/2017\/02\/22\/lanesthesiologie-au-dela-du-sommeil\/","name":"La p\u00e9riode d'inscription est lanc\u00e9e pour le Programme de formation populaire en sant\u00e9 - UQACtualit\u00e9s","isPartOf":{"@id":"https:\/\/www.uqac.ca\/uqactualites\/#website"},"primaryImageOfPage":{"@id":"https:\/\/www.uqac.ca\/uqactualites\/2017\/02\/22\/lanesthesiologie-au-dela-du-sommeil\/#primaryimage"},"image":{"@id":"https:\/\/www.uqac.ca\/uqactualites\/2017\/02\/22\/lanesthesiologie-au-dela-du-sommeil\/#primaryimage"},"thumbnailUrl":"https:\/\/www.uqac.ca\/uqactualites\/wp-content\/uploads\/2017\/02\/GRAF_UQACtualiteFPSAnesthesiologieH17-01.jpg","datePublished":"2017-02-22T19:26:39+00:00","dateModified":"2017-02-22T19:26:39+00:00","author":{"@id":"https:\/\/www.uqac.ca\/uqactualites\/#\/schema\/person\/366c45a0c4f0e677b41b4af5886e2018"},"breadcrumb":{"@id":"https:\/\/www.uqac.ca\/uqactualites\/2017\/02\/22\/lanesthesiologie-au-dela-du-sommeil\/#breadcrumb"},"inLanguage":"fr-CA","potentialAction":[{"@type":"ReadAction","target":["https:\/\/www.uqac.ca\/uqactualites\/2017\/02\/22\/lanesthesiologie-au-dela-du-sommeil\/"]}]},{"@type":"ImageObject","inLanguage":"fr-CA","@id":"https:\/\/www.uqac.ca\/uqactualites\/2017\/02\/22\/lanesthesiologie-au-dela-du-sommeil\/#primaryimage","url":"https:\/\/www.uqac.ca\/uqactualites\/wp-content\/uploads\/2017\/02\/GRAF_UQACtualiteFPSAnesthesiologieH17-01.jpg","contentUrl":"https:\/\/www.uqac.ca\/uqactualites\/wp-content\/uploads\/2017\/02\/GRAF_UQACtualiteFPSAnesthesiologieH17-01.jpg","width":620,"height":300},{"@type":"BreadcrumbList","@id":"https:\/\/www.uqac.ca\/uqactualites\/2017\/02\/22\/lanesthesiologie-au-dela-du-sommeil\/#breadcrumb","itemListElement":[{"@type":"ListItem","position":1,"name":"Home","item":"https:\/\/www.uqac.ca\/uqactualites\/"},{"@type":"ListItem","position":2,"name":"La p\u00e9riode d&rsquo;inscription est lanc\u00e9e pour le Programme de formation populaire en sant\u00e9"}]},{"@type":"WebSite","@id":"https:\/\/www.uqac.ca\/uqactualites\/#website","url":"https:\/\/www.uqac.ca\/uqactualites\/","name":"UQACtualit\u00e9s","description":"Le portail des nouvelles de l&#039;UQAC","potentialAction":[{"@type":"SearchAction","target":{"@type":"EntryPoint","urlTemplate":"https:\/\/www.uqac.ca\/uqactualites\/?s={search_term_string}"},"query-input":{"@type":"PropertyValueSpecification","valueRequired":true,"valueName":"search_term_string"}}],"inLanguage":"fr-CA"},{"@type":"Person","@id":"https:\/\/www.uqac.ca\/uqactualites\/#\/schema\/person\/366c45a0c4f0e677b41b4af5886e2018","name":"Service des communications et des relations publiques","image":{"@type":"ImageObject","inLanguage":"fr-CA","@id":"https:\/\/www.uqac.ca\/uqactualites\/#\/schema\/person\/image\/","url":"https:\/\/secure.gravatar.com\/avatar\/20fbbda8a292f59f2d3461a5b999c00b?s=96&d=mm&r=g","contentUrl":"https:\/\/secure.gravatar.com\/avatar\/20fbbda8a292f59f2d3461a5b999c00b?s=96&d=mm&r=g","caption":"Service des communications et des relations publiques"},"url":"https:\/\/www.uqac.ca\/uqactualites\/author\/bap\/"}]}},"_links":{"self":[{"href":"https:\/\/www.uqac.ca\/uqactualites\/wp-json\/wp\/v2\/posts\/33033"}],"collection":[{"href":"https:\/\/www.uqac.ca\/uqactualites\/wp-json\/wp\/v2\/posts"}],"about":[{"href":"https:\/\/www.uqac.ca\/uqactualites\/wp-json\/wp\/v2\/types\/post"}],"author":[{"embeddable":true,"href":"https:\/\/www.uqac.ca\/uqactualites\/wp-json\/wp\/v2\/users\/5"}],"replies":[{"embeddable":true,"href":"https:\/\/www.uqac.ca\/uqactualites\/wp-json\/wp\/v2\/comments?post=33033"}],"version-history":[{"count":0,"href":"https:\/\/www.uqac.ca\/uqactualites\/wp-json\/wp\/v2\/posts\/33033\/revisions"}],"wp:featuredmedia":[{"embeddable":true,"href":"https:\/\/www.uqac.ca\/uqactualites\/wp-json\/wp\/v2\/media\/33035"}],"wp:attachment":[{"href":"https:\/\/www.uqac.ca\/uqactualites\/wp-json\/wp\/v2\/media?parent=33033"}],"wp:term":[{"taxonomy":"category","embeddable":true,"href":"https:\/\/www.uqac.ca\/uqactualites\/wp-json\/wp\/v2\/categories?post=33033"},{"taxonomy":"post_tag","embeddable":true,"href":"https:\/\/www.uqac.ca\/uqactualites\/wp-json\/wp\/v2\/tags?post=33033"}],"curies":[{"name":"wp","href":"https:\/\/api.w.org\/{rel}","templated":true}]}}