{"id":33059,"date":"2017-03-13T10:30:39","date_gmt":"2017-03-13T14:30:39","guid":{"rendered":"http:\/\/uqactualite.odev.ca\/?p=33059"},"modified":"2017-03-13T10:30:39","modified_gmt":"2017-03-13T14:30:39","slug":"le-cesam-propose-le-premier-colloque-national-sur-les-defis-de-la-resilience-des-communautes-des-premieres-nations-face-aux-sinistres","status":"publish","type":"post","link":"https:\/\/www.uqac.ca\/uqactualites\/2017\/03\/13\/le-cesam-propose-le-premier-colloque-national-sur-les-defis-de-la-resilience-des-communautes-des-premieres-nations-face-aux-sinistres\/","title":{"rendered":"Le CESAM propose le premier Colloque national\u00a0sur les d\u00e9fis de la r\u00e9silience des communaut\u00e9s des Premi\u00e8res Nations face aux sinistres"},"content":{"rendered":"<p style=\"text-align: justify\">Le Centre du savoir sur mesure (CESAM) de l\u2019UQAC pr\u00e9sentera du 23 au 25 mai prochain le tout premier Colloque national sur les d\u00e9fis de la r\u00e9silience des communaut\u00e9s des Premi\u00e8res Nations face aux sinistres. Propos\u00e9 en fran\u00e7ais et en anglais, cet \u00e9v\u00e9nement de port\u00e9e nationale se d\u00e9roulera \u00e0 l\u2019h\u00f4tel Ch\u00e2teau Laurier de Qu\u00e9bec et sera compos\u00e9 d\u2019une journ\u00e9e pr\u00e9paratoire d\u2019ateliers ainsi que de deux journ\u00e9es de colloque.<\/p>\n<p style=\"text-align: justify\">Deux personnalit\u00e9s inspirantes ont accept\u00e9 d\u2019appuyer cet \u00e9v\u00e9nement qui vise \u00e0 favoriser l\u2019accroissement de la r\u00e9silience des communaut\u00e9s des Premi\u00e8res Nations en mati\u00e8re de pr\u00e9paration et de planification de mesures d\u2019urgence. Tous deux fort pr\u00e9occup\u00e9s par le d\u00e9veloppement et la d\u00e9fense des int\u00e9r\u00eats des Premi\u00e8res Nations, Marjolaine Siou\u00cf, directrice de la Commission de la sant\u00e9 des Premi\u00e8res Nations du Qu\u00e9bec et du Labrador (CSSSPNQL), et Stanley Vollant, chirurgien, agiront \u00e0 titre de marraine et de parrain du colloque.<\/p>\n<p style=\"text-align: justify\">Notons que cet \u00e9v\u00e9nement est enti\u00e8rement financ\u00e9 par le minist\u00e8re des Affaires autochtones et du Nord Canada et la Direction g\u00e9n\u00e9rale de la sant\u00e9 des Premi\u00e8res Nations et des Inuits, r\u00e9gion du Qu\u00e9bec. Les ateliers et les conf\u00e9rences, qui seront offerts par des invit\u00e9s de marque, seront orient\u00e9s de mani\u00e8re \u00e0 mieux comprendre les risques existants et \u00e9mergents dans les communaut\u00e9s, \u00e0 renforcer la gouvernance de la gestion des risques de sinistres et \u00e0 am\u00e9liorer l\u2019\u00e9tat de pr\u00e9paration pour une intervention efficace tant en mati\u00e8re de sant\u00e9 que de s\u00e9curit\u00e9.<\/p>\n<p style=\"text-align: justify\">Ce colloque s\u2019adresse \u00e0 tous les intervenants en gestion des urgences des communaut\u00e9s autochtones du Canada, tels que les directeurs de la sant\u00e9, les membres des Conseils de bande, les responsables des urgences ainsi que les membres des conseils tribaux et des organisations partenaires. Quelque 300 participants sont attendus. <span style=\"text-decoration: underline\"><strong><a href=\"http:\/\/cesam.uqac.ca\/wp-content\/uploads\/2017\/02\/PagesProgrammationFR1.pdf\" target=\"_blank\" rel=\"noopener\">Consultez le programme en ligne.<\/a><\/strong><\/span><\/p>\n<p style=\"text-align: justify\">\n","protected":false},"excerpt":{"rendered":"<p>Le Centre du savoir sur mesure (CESAM) de l\u2019UQAC pr\u00e9sentera du 23 au 25 mai prochain le tout premier Colloque national sur les d\u00e9fis de la r\u00e9silience des communaut\u00e9s des Premi\u00e8res Nations face aux sinistres. Propos\u00e9 en fran\u00e7ais et en anglais, cet \u00e9v\u00e9nement de port\u00e9e nationale se d\u00e9roulera \u00e0 l\u2019h\u00f4tel Ch\u00e2teau Laurier de Qu\u00e9bec et [&hellip;]<\/p>\n","protected":false},"author":5,"featured_media":33060,"comment_status":"open","ping_status":"open","sticky":false,"template":"","format":"standard","meta":{"footnotes":""},"categories":[2,61],"tags":[],"yoast_head":"<!-- This site is optimized with the Yoast SEO plugin v24.2 - https:\/\/yoast.com\/wordpress\/plugins\/seo\/ -->\r\n<title>Le CESAM propose le premier Colloque national\u00a0sur les d\u00e9fis de la r\u00e9silience des communaut\u00e9s des Premi\u00e8res Nations face aux sinistres - UQACtualit\u00e9s<\/title>\r\n<meta name=\"robots\" content=\"index, follow, max-snippet:-1, max-image-preview:large, max-video-preview:-1\" \/>\r\n<link rel=\"canonical\" href=\"https:\/\/www.uqac.ca\/uqactualites\/2017\/03\/13\/le-cesam-propose-le-premier-colloque-national-sur-les-defis-de-la-resilience-des-communautes-des-premieres-nations-face-aux-sinistres\/\" \/>\r\n<meta property=\"og:locale\" content=\"fr_CA\" \/>\r\n<meta property=\"og:type\" content=\"article\" \/>\r\n<meta property=\"og:title\" content=\"Le CESAM propose le premier Colloque national\u00a0sur les d\u00e9fis de la r\u00e9silience des communaut\u00e9s des Premi\u00e8res Nations face aux sinistres - UQACtualit\u00e9s\" \/>\r\n<meta property=\"og:description\" content=\"Le Centre du savoir sur mesure (CESAM) de l\u2019UQAC pr\u00e9sentera du 23 au 25 mai prochain le tout premier Colloque national sur les d\u00e9fis de la r\u00e9silience des communaut\u00e9s des Premi\u00e8res Nations face aux sinistres. Propos\u00e9 en fran\u00e7ais et en anglais, cet \u00e9v\u00e9nement de port\u00e9e nationale se d\u00e9roulera \u00e0 l\u2019h\u00f4tel Ch\u00e2teau Laurier de Qu\u00e9bec et [&hellip;]\" \/>\r\n<meta property=\"og:url\" content=\"https:\/\/www.uqac.ca\/uqactualites\/2017\/03\/13\/le-cesam-propose-le-premier-colloque-national-sur-les-defis-de-la-resilience-des-communautes-des-premieres-nations-face-aux-sinistres\/\" \/>\r\n<meta property=\"og:site_name\" content=\"UQACtualit\u00e9s\" \/>\r\n<meta property=\"article:published_time\" content=\"2017-03-13T14:30:39+00:00\" \/>\r\n<meta property=\"og:image\" content=\"https:\/\/www.uqac.ca\/uqactualites\/wp-content\/uploads\/2017\/03\/Visuel-CESAM-Web.jpg\" \/>\r\n\t<meta property=\"og:image:width\" content=\"620\" \/>\r\n\t<meta property=\"og:image:height\" content=\"300\" \/>\r\n\t<meta property=\"og:image:type\" content=\"image\/jpeg\" \/>\r\n<meta name=\"author\" content=\"Service des communications et des relations publiques\" \/>\r\n<meta name=\"twitter:card\" content=\"summary_large_image\" \/>\r\n<meta name=\"twitter:label1\" content=\"\u00c9crit par\" \/>\n\t<meta name=\"twitter:data1\" content=\"Service des communications et des relations publiques\" \/>\n\t<meta name=\"twitter:label2\" content=\"Estimation du temps de lecture\" \/>\n\t<meta name=\"twitter:data2\" content=\"2 minutes\" \/>\r\n<script type=\"application\/ld+json\" class=\"yoast-schema-graph\">{\"@context\":\"https:\/\/schema.org\",\"@graph\":[{\"@type\":\"WebPage\",\"@id\":\"https:\/\/www.uqac.ca\/uqactualites\/2017\/03\/13\/le-cesam-propose-le-premier-colloque-national-sur-les-defis-de-la-resilience-des-communautes-des-premieres-nations-face-aux-sinistres\/\",\"url\":\"https:\/\/www.uqac.ca\/uqactualites\/2017\/03\/13\/le-cesam-propose-le-premier-colloque-national-sur-les-defis-de-la-resilience-des-communautes-des-premieres-nations-face-aux-sinistres\/\",\"name\":\"Le CESAM propose le premier Colloque national\u00a0sur les d\u00e9fis de la r\u00e9silience des communaut\u00e9s des Premi\u00e8res Nations face aux sinistres - UQACtualit\u00e9s\",\"isPartOf\":{\"@id\":\"https:\/\/www.uqac.ca\/uqactualites\/#website\"},\"primaryImageOfPage\":{\"@id\":\"https:\/\/www.uqac.ca\/uqactualites\/2017\/03\/13\/le-cesam-propose-le-premier-colloque-national-sur-les-defis-de-la-resilience-des-communautes-des-premieres-nations-face-aux-sinistres\/#primaryimage\"},\"image\":{\"@id\":\"https:\/\/www.uqac.ca\/uqactualites\/2017\/03\/13\/le-cesam-propose-le-premier-colloque-national-sur-les-defis-de-la-resilience-des-communautes-des-premieres-nations-face-aux-sinistres\/#primaryimage\"},\"thumbnailUrl\":\"https:\/\/www.uqac.ca\/uqactualites\/wp-content\/uploads\/2017\/03\/Visuel-CESAM-Web.jpg\",\"datePublished\":\"2017-03-13T14:30:39+00:00\",\"dateModified\":\"2017-03-13T14:30:39+00:00\",\"author\":{\"@id\":\"https:\/\/www.uqac.ca\/uqactualites\/#\/schema\/person\/366c45a0c4f0e677b41b4af5886e2018\"},\"breadcrumb\":{\"@id\":\"https:\/\/www.uqac.ca\/uqactualites\/2017\/03\/13\/le-cesam-propose-le-premier-colloque-national-sur-les-defis-de-la-resilience-des-communautes-des-premieres-nations-face-aux-sinistres\/#breadcrumb\"},\"inLanguage\":\"fr-CA\",\"potentialAction\":[{\"@type\":\"ReadAction\",\"target\":[\"https:\/\/www.uqac.ca\/uqactualites\/2017\/03\/13\/le-cesam-propose-le-premier-colloque-national-sur-les-defis-de-la-resilience-des-communautes-des-premieres-nations-face-aux-sinistres\/\"]}]},{\"@type\":\"ImageObject\",\"inLanguage\":\"fr-CA\",\"@id\":\"https:\/\/www.uqac.ca\/uqactualites\/2017\/03\/13\/le-cesam-propose-le-premier-colloque-national-sur-les-defis-de-la-resilience-des-communautes-des-premieres-nations-face-aux-sinistres\/#primaryimage\",\"url\":\"https:\/\/www.uqac.ca\/uqactualites\/wp-content\/uploads\/2017\/03\/Visuel-CESAM-Web.jpg\",\"contentUrl\":\"https:\/\/www.uqac.ca\/uqactualites\/wp-content\/uploads\/2017\/03\/Visuel-CESAM-Web.jpg\",\"width\":620,\"height\":300},{\"@type\":\"BreadcrumbList\",\"@id\":\"https:\/\/www.uqac.ca\/uqactualites\/2017\/03\/13\/le-cesam-propose-le-premier-colloque-national-sur-les-defis-de-la-resilience-des-communautes-des-premieres-nations-face-aux-sinistres\/#breadcrumb\",\"itemListElement\":[{\"@type\":\"ListItem\",\"position\":1,\"name\":\"Home\",\"item\":\"https:\/\/www.uqac.ca\/uqactualites\/\"},{\"@type\":\"ListItem\",\"position\":2,\"name\":\"Le CESAM propose le premier Colloque national\u00a0sur les d\u00e9fis de la r\u00e9silience des communaut\u00e9s des Premi\u00e8res Nations face aux sinistres\"}]},{\"@type\":\"WebSite\",\"@id\":\"https:\/\/www.uqac.ca\/uqactualites\/#website\",\"url\":\"https:\/\/www.uqac.ca\/uqactualites\/\",\"name\":\"UQACtualit\u00e9s\",\"description\":\"Le portail des nouvelles de l&#039;UQAC\",\"potentialAction\":[{\"@type\":\"SearchAction\",\"target\":{\"@type\":\"EntryPoint\",\"urlTemplate\":\"https:\/\/www.uqac.ca\/uqactualites\/?s={search_term_string}\"},\"query-input\":{\"@type\":\"PropertyValueSpecification\",\"valueRequired\":true,\"valueName\":\"search_term_string\"}}],\"inLanguage\":\"fr-CA\"},{\"@type\":\"Person\",\"@id\":\"https:\/\/www.uqac.ca\/uqactualites\/#\/schema\/person\/366c45a0c4f0e677b41b4af5886e2018\",\"name\":\"Service des communications et des relations publiques\",\"image\":{\"@type\":\"ImageObject\",\"inLanguage\":\"fr-CA\",\"@id\":\"https:\/\/www.uqac.ca\/uqactualites\/#\/schema\/person\/image\/\",\"url\":\"https:\/\/secure.gravatar.com\/avatar\/20fbbda8a292f59f2d3461a5b999c00b?s=96&d=mm&r=g\",\"contentUrl\":\"https:\/\/secure.gravatar.com\/avatar\/20fbbda8a292f59f2d3461a5b999c00b?s=96&d=mm&r=g\",\"caption\":\"Service des communications et des relations publiques\"},\"url\":\"https:\/\/www.uqac.ca\/uqactualites\/author\/bap\/\"}]}<\/script>\r\n<!-- \/ Yoast SEO plugin. -->","yoast_head_json":{"title":"Le CESAM propose le premier Colloque national\u00a0sur les d\u00e9fis de la r\u00e9silience des communaut\u00e9s des Premi\u00e8res Nations face aux sinistres - UQACtualit\u00e9s","robots":{"index":"index","follow":"follow","max-snippet":"max-snippet:-1","max-image-preview":"max-image-preview:large","max-video-preview":"max-video-preview:-1"},"canonical":"https:\/\/www.uqac.ca\/uqactualites\/2017\/03\/13\/le-cesam-propose-le-premier-colloque-national-sur-les-defis-de-la-resilience-des-communautes-des-premieres-nations-face-aux-sinistres\/","og_locale":"fr_CA","og_type":"article","og_title":"Le CESAM propose le premier Colloque national\u00a0sur les d\u00e9fis de la r\u00e9silience des communaut\u00e9s des Premi\u00e8res Nations face aux sinistres - UQACtualit\u00e9s","og_description":"Le Centre du savoir sur mesure (CESAM) de l\u2019UQAC pr\u00e9sentera du 23 au 25 mai prochain le tout premier Colloque national sur les d\u00e9fis de la r\u00e9silience des communaut\u00e9s des Premi\u00e8res Nations face aux sinistres. Propos\u00e9 en fran\u00e7ais et en anglais, cet \u00e9v\u00e9nement de port\u00e9e nationale se d\u00e9roulera \u00e0 l\u2019h\u00f4tel Ch\u00e2teau Laurier de Qu\u00e9bec et [&hellip;]","og_url":"https:\/\/www.uqac.ca\/uqactualites\/2017\/03\/13\/le-cesam-propose-le-premier-colloque-national-sur-les-defis-de-la-resilience-des-communautes-des-premieres-nations-face-aux-sinistres\/","og_site_name":"UQACtualit\u00e9s","article_published_time":"2017-03-13T14:30:39+00:00","og_image":[{"width":620,"height":300,"url":"https:\/\/www.uqac.ca\/uqactualites\/wp-content\/uploads\/2017\/03\/Visuel-CESAM-Web.jpg","type":"image\/jpeg"}],"author":"Service des communications et des relations publiques","twitter_card":"summary_large_image","twitter_misc":{"\u00c9crit par":"Service des communications et des relations publiques","Estimation du temps de lecture":"2 minutes"},"schema":{"@context":"https:\/\/schema.org","@graph":[{"@type":"WebPage","@id":"https:\/\/www.uqac.ca\/uqactualites\/2017\/03\/13\/le-cesam-propose-le-premier-colloque-national-sur-les-defis-de-la-resilience-des-communautes-des-premieres-nations-face-aux-sinistres\/","url":"https:\/\/www.uqac.ca\/uqactualites\/2017\/03\/13\/le-cesam-propose-le-premier-colloque-national-sur-les-defis-de-la-resilience-des-communautes-des-premieres-nations-face-aux-sinistres\/","name":"Le CESAM propose le premier Colloque national\u00a0sur les d\u00e9fis de la r\u00e9silience des communaut\u00e9s des Premi\u00e8res Nations face aux sinistres - UQACtualit\u00e9s","isPartOf":{"@id":"https:\/\/www.uqac.ca\/uqactualites\/#website"},"primaryImageOfPage":{"@id":"https:\/\/www.uqac.ca\/uqactualites\/2017\/03\/13\/le-cesam-propose-le-premier-colloque-national-sur-les-defis-de-la-resilience-des-communautes-des-premieres-nations-face-aux-sinistres\/#primaryimage"},"image":{"@id":"https:\/\/www.uqac.ca\/uqactualites\/2017\/03\/13\/le-cesam-propose-le-premier-colloque-national-sur-les-defis-de-la-resilience-des-communautes-des-premieres-nations-face-aux-sinistres\/#primaryimage"},"thumbnailUrl":"https:\/\/www.uqac.ca\/uqactualites\/wp-content\/uploads\/2017\/03\/Visuel-CESAM-Web.jpg","datePublished":"2017-03-13T14:30:39+00:00","dateModified":"2017-03-13T14:30:39+00:00","author":{"@id":"https:\/\/www.uqac.ca\/uqactualites\/#\/schema\/person\/366c45a0c4f0e677b41b4af5886e2018"},"breadcrumb":{"@id":"https:\/\/www.uqac.ca\/uqactualites\/2017\/03\/13\/le-cesam-propose-le-premier-colloque-national-sur-les-defis-de-la-resilience-des-communautes-des-premieres-nations-face-aux-sinistres\/#breadcrumb"},"inLanguage":"fr-CA","potentialAction":[{"@type":"ReadAction","target":["https:\/\/www.uqac.ca\/uqactualites\/2017\/03\/13\/le-cesam-propose-le-premier-colloque-national-sur-les-defis-de-la-resilience-des-communautes-des-premieres-nations-face-aux-sinistres\/"]}]},{"@type":"ImageObject","inLanguage":"fr-CA","@id":"https:\/\/www.uqac.ca\/uqactualites\/2017\/03\/13\/le-cesam-propose-le-premier-colloque-national-sur-les-defis-de-la-resilience-des-communautes-des-premieres-nations-face-aux-sinistres\/#primaryimage","url":"https:\/\/www.uqac.ca\/uqactualites\/wp-content\/uploads\/2017\/03\/Visuel-CESAM-Web.jpg","contentUrl":"https:\/\/www.uqac.ca\/uqactualites\/wp-content\/uploads\/2017\/03\/Visuel-CESAM-Web.jpg","width":620,"height":300},{"@type":"BreadcrumbList","@id":"https:\/\/www.uqac.ca\/uqactualites\/2017\/03\/13\/le-cesam-propose-le-premier-colloque-national-sur-les-defis-de-la-resilience-des-communautes-des-premieres-nations-face-aux-sinistres\/#breadcrumb","itemListElement":[{"@type":"ListItem","position":1,"name":"Home","item":"https:\/\/www.uqac.ca\/uqactualites\/"},{"@type":"ListItem","position":2,"name":"Le CESAM propose le premier Colloque national\u00a0sur les d\u00e9fis de la r\u00e9silience des communaut\u00e9s des Premi\u00e8res Nations face aux sinistres"}]},{"@type":"WebSite","@id":"https:\/\/www.uqac.ca\/uqactualites\/#website","url":"https:\/\/www.uqac.ca\/uqactualites\/","name":"UQACtualit\u00e9s","description":"Le portail des nouvelles de l&#039;UQAC","potentialAction":[{"@type":"SearchAction","target":{"@type":"EntryPoint","urlTemplate":"https:\/\/www.uqac.ca\/uqactualites\/?s={search_term_string}"},"query-input":{"@type":"PropertyValueSpecification","valueRequired":true,"valueName":"search_term_string"}}],"inLanguage":"fr-CA"},{"@type":"Person","@id":"https:\/\/www.uqac.ca\/uqactualites\/#\/schema\/person\/366c45a0c4f0e677b41b4af5886e2018","name":"Service des communications et des relations publiques","image":{"@type":"ImageObject","inLanguage":"fr-CA","@id":"https:\/\/www.uqac.ca\/uqactualites\/#\/schema\/person\/image\/","url":"https:\/\/secure.gravatar.com\/avatar\/20fbbda8a292f59f2d3461a5b999c00b?s=96&d=mm&r=g","contentUrl":"https:\/\/secure.gravatar.com\/avatar\/20fbbda8a292f59f2d3461a5b999c00b?s=96&d=mm&r=g","caption":"Service des communications et des relations publiques"},"url":"https:\/\/www.uqac.ca\/uqactualites\/author\/bap\/"}]}},"_links":{"self":[{"href":"https:\/\/www.uqac.ca\/uqactualites\/wp-json\/wp\/v2\/posts\/33059"}],"collection":[{"href":"https:\/\/www.uqac.ca\/uqactualites\/wp-json\/wp\/v2\/posts"}],"about":[{"href":"https:\/\/www.uqac.ca\/uqactualites\/wp-json\/wp\/v2\/types\/post"}],"author":[{"embeddable":true,"href":"https:\/\/www.uqac.ca\/uqactualites\/wp-json\/wp\/v2\/users\/5"}],"replies":[{"embeddable":true,"href":"https:\/\/www.uqac.ca\/uqactualites\/wp-json\/wp\/v2\/comments?post=33059"}],"version-history":[{"count":0,"href":"https:\/\/www.uqac.ca\/uqactualites\/wp-json\/wp\/v2\/posts\/33059\/revisions"}],"wp:featuredmedia":[{"embeddable":true,"href":"https:\/\/www.uqac.ca\/uqactualites\/wp-json\/wp\/v2\/media\/33060"}],"wp:attachment":[{"href":"https:\/\/www.uqac.ca\/uqactualites\/wp-json\/wp\/v2\/media?parent=33059"}],"wp:term":[{"taxonomy":"category","embeddable":true,"href":"https:\/\/www.uqac.ca\/uqactualites\/wp-json\/wp\/v2\/categories?post=33059"},{"taxonomy":"post_tag","embeddable":true,"href":"https:\/\/www.uqac.ca\/uqactualites\/wp-json\/wp\/v2\/tags?post=33059"}],"curies":[{"name":"wp","href":"https:\/\/api.w.org\/{rel}","templated":true}]}}