{"id":33067,"date":"2017-03-14T16:20:30","date_gmt":"2017-03-14T20:20:30","guid":{"rendered":"http:\/\/uqactualite.odev.ca\/?p=33067"},"modified":"2017-03-14T16:20:30","modified_gmt":"2017-03-14T20:20:30","slug":"le-conseil-dadministration-de-luqac-tient-une-seance-extraordinaire","status":"publish","type":"post","link":"https:\/\/www.uqac.ca\/uqactualites\/2017\/03\/14\/le-conseil-dadministration-de-luqac-tient-une-seance-extraordinaire\/","title":{"rendered":"Le Conseil d&rsquo;administration de l&rsquo;UQAC tient une s\u00e9ance extraordinaire"},"content":{"rendered":"<p class=\"Corps\" style=\"text-align: justify\"><b>Saguenay, 14 mars 2017 <\/b>\u2013 Le Conseil d&rsquo;administration de l&rsquo;Universit\u00e9 du Qu\u00e9bec \u00e0 Chicoutimi tenait, ce matin, une assembl\u00e9e extraordinaire \u00e0 huis clos dont l&rsquo;objectif \u00e9tait de discuter du processus de s\u00e9lection du prochain recteur.<\/p>\n<p style=\"text-align: justify\">Les membres du Conseil d&rsquo;administration de l&rsquo;UQAC ont discut\u00e9 des crit\u00e8res de s\u00e9lection pour le choix du nouveau recteur ou de la nouvelle rectrice afin d&rsquo;\u00e9clairer le comit\u00e9 de s\u00e9lection sur les priorit\u00e9s de l&rsquo;Universit\u00e9. Outre le fait que la personne choisie devra se d\u00e9dier enti\u00e8rement \u00e0 la mission de l&rsquo;Universit\u00e9, les membres consid\u00e8rent que la vision mobilisatrice, le climat de travail et la situation financi\u00e8re sont les enjeux prioritaires qu&rsquo;elle devra consid\u00e9rer dans le contexte actuel.<\/p>\n<p style=\"text-align: justify\">Les membres du Conseil reconnaissent les difficult\u00e9s \u00e0 recruter des candidats et candidates au poste de recteur ou de rectrice et encouragent la communaut\u00e9 universitaire \u00e0 se mobiliser afin de solliciter de nouvelles candidatures en interpellant des membres de la communaut\u00e9 qui poss\u00e8dent les comp\u00e9tences requises pour remplir cette fonction.<\/p>\n<p style=\"text-align: justify\">\u00c0 la suite de la recommandation de Madame Sylvie Beauchamp, des discussions ont \u00e9t\u00e9 amorc\u00e9es pour identifier une personne susceptible d&rsquo;assumer l&rsquo;int\u00e9rim \u00e0 compter du 25 avril. Les membres du Conseil d&rsquo;administration souhaitent que le Comit\u00e9 ex\u00e9cutif se r\u00e9unisse rapidement pour faire une proposition au Conseil d&rsquo;administration dans les meilleurs d\u00e9lais.<\/p>\n<p style=\"text-align: justify\">Veuillez prendre note qu&rsquo;aucune entrevue ne sera accord\u00e9e \u00e0 la suite de l&rsquo;\u00e9mission de ce communiqu\u00e9.<\/p>\n<p style=\"text-align: center\">&#8211; 30 &#8211;<\/p>\n<p class=\"Corps\" style=\"text-align: justify\"><b>Source\u00a0:<br \/>\n<\/b>Membres du conseil d&rsquo;administration de l&rsquo;UQAC<br \/>\nMyl\u00e8ne Potvin, conseill\u00e8re juridique au secr\u00e9tariat g\u00e9n\u00e9ral<br \/>\nSecr\u00e9taire d&rsquo;assembl\u00e9e<\/p>\n<p class=\"Corps\" style=\"text-align: justify\">\n","protected":false},"excerpt":{"rendered":"<p>Saguenay, 14 mars 2017 \u2013 Le Conseil d&rsquo;administration de l&rsquo;Universit\u00e9 du Qu\u00e9bec \u00e0 Chicoutimi tenait, ce matin, une assembl\u00e9e extraordinaire \u00e0 huis clos dont l&rsquo;objectif \u00e9tait de discuter du processus de s\u00e9lection du prochain recteur. Les membres du Conseil d&rsquo;administration de l&rsquo;UQAC ont discut\u00e9 des crit\u00e8res de s\u00e9lection pour le choix du nouveau recteur ou [&hellip;]<\/p>\n","protected":false},"author":5,"featured_media":24879,"comment_status":"open","ping_status":"open","sticky":false,"template":"","format":"standard","meta":{"footnotes":""},"categories":[2772],"tags":[],"yoast_head":"<!-- This site is optimized with the Yoast SEO plugin v24.2 - https:\/\/yoast.com\/wordpress\/plugins\/seo\/ -->\r\n<title>Le Conseil d&#039;administration de l&#039;UQAC tient une s\u00e9ance extraordinaire - UQACtualit\u00e9s<\/title>\r\n<meta name=\"robots\" content=\"index, follow, max-snippet:-1, max-image-preview:large, max-video-preview:-1\" \/>\r\n<link rel=\"canonical\" href=\"https:\/\/www.uqac.ca\/uqactualites\/2017\/03\/14\/le-conseil-dadministration-de-luqac-tient-une-seance-extraordinaire\/\" \/>\r\n<meta property=\"og:locale\" content=\"fr_CA\" \/>\r\n<meta property=\"og:type\" content=\"article\" \/>\r\n<meta property=\"og:title\" content=\"Le Conseil d&#039;administration de l&#039;UQAC tient une s\u00e9ance extraordinaire - UQACtualit\u00e9s\" \/>\r\n<meta property=\"og:description\" content=\"Saguenay, 14 mars 2017 \u2013 Le Conseil d&rsquo;administration de l&rsquo;Universit\u00e9 du Qu\u00e9bec \u00e0 Chicoutimi tenait, ce matin, une assembl\u00e9e extraordinaire \u00e0 huis clos dont l&rsquo;objectif \u00e9tait de discuter du processus de s\u00e9lection du prochain recteur. Les membres du Conseil d&rsquo;administration de l&rsquo;UQAC ont discut\u00e9 des crit\u00e8res de s\u00e9lection pour le choix du nouveau recteur ou [&hellip;]\" \/>\r\n<meta property=\"og:url\" content=\"https:\/\/www.uqac.ca\/uqactualites\/2017\/03\/14\/le-conseil-dadministration-de-luqac-tient-une-seance-extraordinaire\/\" \/>\r\n<meta property=\"og:site_name\" content=\"UQACtualit\u00e9s\" \/>\r\n<meta property=\"article:published_time\" content=\"2017-03-14T20:20:30+00:00\" \/>\r\n<meta property=\"og:image\" content=\"https:\/\/www.uqac.ca\/uqactualites\/wp-content\/uploads\/2013\/07\/GRAF-Uqactualit\u00e9s-\u00c913-11.jpg\" \/>\r\n\t<meta property=\"og:image:width\" content=\"620\" \/>\r\n\t<meta property=\"og:image:height\" content=\"301\" \/>\r\n\t<meta property=\"og:image:type\" content=\"image\/jpeg\" \/>\r\n<meta name=\"author\" content=\"Service des communications et des relations publiques\" \/>\r\n<meta name=\"twitter:card\" content=\"summary_large_image\" \/>\r\n<meta name=\"twitter:label1\" content=\"\u00c9crit par\" \/>\n\t<meta name=\"twitter:data1\" content=\"Service des communications et des relations publiques\" \/>\n\t<meta name=\"twitter:label2\" content=\"Estimation du temps de lecture\" \/>\n\t<meta name=\"twitter:data2\" content=\"1 minute\" \/>\r\n<script type=\"application\/ld+json\" class=\"yoast-schema-graph\">{\"@context\":\"https:\/\/schema.org\",\"@graph\":[{\"@type\":\"WebPage\",\"@id\":\"https:\/\/www.uqac.ca\/uqactualites\/2017\/03\/14\/le-conseil-dadministration-de-luqac-tient-une-seance-extraordinaire\/\",\"url\":\"https:\/\/www.uqac.ca\/uqactualites\/2017\/03\/14\/le-conseil-dadministration-de-luqac-tient-une-seance-extraordinaire\/\",\"name\":\"Le Conseil d'administration de l'UQAC tient une s\u00e9ance extraordinaire - UQACtualit\u00e9s\",\"isPartOf\":{\"@id\":\"https:\/\/www.uqac.ca\/uqactualites\/#website\"},\"primaryImageOfPage\":{\"@id\":\"https:\/\/www.uqac.ca\/uqactualites\/2017\/03\/14\/le-conseil-dadministration-de-luqac-tient-une-seance-extraordinaire\/#primaryimage\"},\"image\":{\"@id\":\"https:\/\/www.uqac.ca\/uqactualites\/2017\/03\/14\/le-conseil-dadministration-de-luqac-tient-une-seance-extraordinaire\/#primaryimage\"},\"thumbnailUrl\":\"https:\/\/www.uqac.ca\/uqactualites\/wp-content\/uploads\/2013\/07\/GRAF-Uqactualit\u00e9s-\u00c913-11.jpg\",\"datePublished\":\"2017-03-14T20:20:30+00:00\",\"dateModified\":\"2017-03-14T20:20:30+00:00\",\"author\":{\"@id\":\"https:\/\/www.uqac.ca\/uqactualites\/#\/schema\/person\/366c45a0c4f0e677b41b4af5886e2018\"},\"breadcrumb\":{\"@id\":\"https:\/\/www.uqac.ca\/uqactualites\/2017\/03\/14\/le-conseil-dadministration-de-luqac-tient-une-seance-extraordinaire\/#breadcrumb\"},\"inLanguage\":\"fr-CA\",\"potentialAction\":[{\"@type\":\"ReadAction\",\"target\":[\"https:\/\/www.uqac.ca\/uqactualites\/2017\/03\/14\/le-conseil-dadministration-de-luqac-tient-une-seance-extraordinaire\/\"]}]},{\"@type\":\"ImageObject\",\"inLanguage\":\"fr-CA\",\"@id\":\"https:\/\/www.uqac.ca\/uqactualites\/2017\/03\/14\/le-conseil-dadministration-de-luqac-tient-une-seance-extraordinaire\/#primaryimage\",\"url\":\"https:\/\/www.uqac.ca\/uqactualites\/wp-content\/uploads\/2013\/07\/GRAF-Uqactualit\u00e9s-\u00c913-11.jpg\",\"contentUrl\":\"https:\/\/www.uqac.ca\/uqactualites\/wp-content\/uploads\/2013\/07\/GRAF-Uqactualit\u00e9s-\u00c913-11.jpg\",\"width\":620,\"height\":301},{\"@type\":\"BreadcrumbList\",\"@id\":\"https:\/\/www.uqac.ca\/uqactualites\/2017\/03\/14\/le-conseil-dadministration-de-luqac-tient-une-seance-extraordinaire\/#breadcrumb\",\"itemListElement\":[{\"@type\":\"ListItem\",\"position\":1,\"name\":\"Home\",\"item\":\"https:\/\/www.uqac.ca\/uqactualites\/\"},{\"@type\":\"ListItem\",\"position\":2,\"name\":\"Le Conseil d&rsquo;administration de l&rsquo;UQAC tient une s\u00e9ance extraordinaire\"}]},{\"@type\":\"WebSite\",\"@id\":\"https:\/\/www.uqac.ca\/uqactualites\/#website\",\"url\":\"https:\/\/www.uqac.ca\/uqactualites\/\",\"name\":\"UQACtualit\u00e9s\",\"description\":\"Le portail des nouvelles de l&#039;UQAC\",\"potentialAction\":[{\"@type\":\"SearchAction\",\"target\":{\"@type\":\"EntryPoint\",\"urlTemplate\":\"https:\/\/www.uqac.ca\/uqactualites\/?s={search_term_string}\"},\"query-input\":{\"@type\":\"PropertyValueSpecification\",\"valueRequired\":true,\"valueName\":\"search_term_string\"}}],\"inLanguage\":\"fr-CA\"},{\"@type\":\"Person\",\"@id\":\"https:\/\/www.uqac.ca\/uqactualites\/#\/schema\/person\/366c45a0c4f0e677b41b4af5886e2018\",\"name\":\"Service des communications et des relations publiques\",\"image\":{\"@type\":\"ImageObject\",\"inLanguage\":\"fr-CA\",\"@id\":\"https:\/\/www.uqac.ca\/uqactualites\/#\/schema\/person\/image\/\",\"url\":\"https:\/\/secure.gravatar.com\/avatar\/20fbbda8a292f59f2d3461a5b999c00b?s=96&d=mm&r=g\",\"contentUrl\":\"https:\/\/secure.gravatar.com\/avatar\/20fbbda8a292f59f2d3461a5b999c00b?s=96&d=mm&r=g\",\"caption\":\"Service des communications et des relations publiques\"},\"url\":\"https:\/\/www.uqac.ca\/uqactualites\/author\/bap\/\"}]}<\/script>\r\n<!-- \/ Yoast SEO plugin. -->","yoast_head_json":{"title":"Le Conseil d'administration de l'UQAC tient une s\u00e9ance extraordinaire - UQACtualit\u00e9s","robots":{"index":"index","follow":"follow","max-snippet":"max-snippet:-1","max-image-preview":"max-image-preview:large","max-video-preview":"max-video-preview:-1"},"canonical":"https:\/\/www.uqac.ca\/uqactualites\/2017\/03\/14\/le-conseil-dadministration-de-luqac-tient-une-seance-extraordinaire\/","og_locale":"fr_CA","og_type":"article","og_title":"Le Conseil d'administration de l'UQAC tient une s\u00e9ance extraordinaire - UQACtualit\u00e9s","og_description":"Saguenay, 14 mars 2017 \u2013 Le Conseil d&rsquo;administration de l&rsquo;Universit\u00e9 du Qu\u00e9bec \u00e0 Chicoutimi tenait, ce matin, une assembl\u00e9e extraordinaire \u00e0 huis clos dont l&rsquo;objectif \u00e9tait de discuter du processus de s\u00e9lection du prochain recteur. Les membres du Conseil d&rsquo;administration de l&rsquo;UQAC ont discut\u00e9 des crit\u00e8res de s\u00e9lection pour le choix du nouveau recteur ou [&hellip;]","og_url":"https:\/\/www.uqac.ca\/uqactualites\/2017\/03\/14\/le-conseil-dadministration-de-luqac-tient-une-seance-extraordinaire\/","og_site_name":"UQACtualit\u00e9s","article_published_time":"2017-03-14T20:20:30+00:00","og_image":[{"width":620,"height":301,"url":"https:\/\/www.uqac.ca\/uqactualites\/wp-content\/uploads\/2013\/07\/GRAF-Uqactualit\u00e9s-\u00c913-11.jpg","type":"image\/jpeg"}],"author":"Service des communications et des relations publiques","twitter_card":"summary_large_image","twitter_misc":{"\u00c9crit par":"Service des communications et des relations publiques","Estimation du temps de lecture":"1 minute"},"schema":{"@context":"https:\/\/schema.org","@graph":[{"@type":"WebPage","@id":"https:\/\/www.uqac.ca\/uqactualites\/2017\/03\/14\/le-conseil-dadministration-de-luqac-tient-une-seance-extraordinaire\/","url":"https:\/\/www.uqac.ca\/uqactualites\/2017\/03\/14\/le-conseil-dadministration-de-luqac-tient-une-seance-extraordinaire\/","name":"Le Conseil d'administration de l'UQAC tient une s\u00e9ance extraordinaire - UQACtualit\u00e9s","isPartOf":{"@id":"https:\/\/www.uqac.ca\/uqactualites\/#website"},"primaryImageOfPage":{"@id":"https:\/\/www.uqac.ca\/uqactualites\/2017\/03\/14\/le-conseil-dadministration-de-luqac-tient-une-seance-extraordinaire\/#primaryimage"},"image":{"@id":"https:\/\/www.uqac.ca\/uqactualites\/2017\/03\/14\/le-conseil-dadministration-de-luqac-tient-une-seance-extraordinaire\/#primaryimage"},"thumbnailUrl":"https:\/\/www.uqac.ca\/uqactualites\/wp-content\/uploads\/2013\/07\/GRAF-Uqactualit\u00e9s-\u00c913-11.jpg","datePublished":"2017-03-14T20:20:30+00:00","dateModified":"2017-03-14T20:20:30+00:00","author":{"@id":"https:\/\/www.uqac.ca\/uqactualites\/#\/schema\/person\/366c45a0c4f0e677b41b4af5886e2018"},"breadcrumb":{"@id":"https:\/\/www.uqac.ca\/uqactualites\/2017\/03\/14\/le-conseil-dadministration-de-luqac-tient-une-seance-extraordinaire\/#breadcrumb"},"inLanguage":"fr-CA","potentialAction":[{"@type":"ReadAction","target":["https:\/\/www.uqac.ca\/uqactualites\/2017\/03\/14\/le-conseil-dadministration-de-luqac-tient-une-seance-extraordinaire\/"]}]},{"@type":"ImageObject","inLanguage":"fr-CA","@id":"https:\/\/www.uqac.ca\/uqactualites\/2017\/03\/14\/le-conseil-dadministration-de-luqac-tient-une-seance-extraordinaire\/#primaryimage","url":"https:\/\/www.uqac.ca\/uqactualites\/wp-content\/uploads\/2013\/07\/GRAF-Uqactualit\u00e9s-\u00c913-11.jpg","contentUrl":"https:\/\/www.uqac.ca\/uqactualites\/wp-content\/uploads\/2013\/07\/GRAF-Uqactualit\u00e9s-\u00c913-11.jpg","width":620,"height":301},{"@type":"BreadcrumbList","@id":"https:\/\/www.uqac.ca\/uqactualites\/2017\/03\/14\/le-conseil-dadministration-de-luqac-tient-une-seance-extraordinaire\/#breadcrumb","itemListElement":[{"@type":"ListItem","position":1,"name":"Home","item":"https:\/\/www.uqac.ca\/uqactualites\/"},{"@type":"ListItem","position":2,"name":"Le Conseil d&rsquo;administration de l&rsquo;UQAC tient une s\u00e9ance extraordinaire"}]},{"@type":"WebSite","@id":"https:\/\/www.uqac.ca\/uqactualites\/#website","url":"https:\/\/www.uqac.ca\/uqactualites\/","name":"UQACtualit\u00e9s","description":"Le portail des nouvelles de l&#039;UQAC","potentialAction":[{"@type":"SearchAction","target":{"@type":"EntryPoint","urlTemplate":"https:\/\/www.uqac.ca\/uqactualites\/?s={search_term_string}"},"query-input":{"@type":"PropertyValueSpecification","valueRequired":true,"valueName":"search_term_string"}}],"inLanguage":"fr-CA"},{"@type":"Person","@id":"https:\/\/www.uqac.ca\/uqactualites\/#\/schema\/person\/366c45a0c4f0e677b41b4af5886e2018","name":"Service des communications et des relations publiques","image":{"@type":"ImageObject","inLanguage":"fr-CA","@id":"https:\/\/www.uqac.ca\/uqactualites\/#\/schema\/person\/image\/","url":"https:\/\/secure.gravatar.com\/avatar\/20fbbda8a292f59f2d3461a5b999c00b?s=96&d=mm&r=g","contentUrl":"https:\/\/secure.gravatar.com\/avatar\/20fbbda8a292f59f2d3461a5b999c00b?s=96&d=mm&r=g","caption":"Service des communications et des relations publiques"},"url":"https:\/\/www.uqac.ca\/uqactualites\/author\/bap\/"}]}},"_links":{"self":[{"href":"https:\/\/www.uqac.ca\/uqactualites\/wp-json\/wp\/v2\/posts\/33067"}],"collection":[{"href":"https:\/\/www.uqac.ca\/uqactualites\/wp-json\/wp\/v2\/posts"}],"about":[{"href":"https:\/\/www.uqac.ca\/uqactualites\/wp-json\/wp\/v2\/types\/post"}],"author":[{"embeddable":true,"href":"https:\/\/www.uqac.ca\/uqactualites\/wp-json\/wp\/v2\/users\/5"}],"replies":[{"embeddable":true,"href":"https:\/\/www.uqac.ca\/uqactualites\/wp-json\/wp\/v2\/comments?post=33067"}],"version-history":[{"count":0,"href":"https:\/\/www.uqac.ca\/uqactualites\/wp-json\/wp\/v2\/posts\/33067\/revisions"}],"wp:featuredmedia":[{"embeddable":true,"href":"https:\/\/www.uqac.ca\/uqactualites\/wp-json\/wp\/v2\/media\/24879"}],"wp:attachment":[{"href":"https:\/\/www.uqac.ca\/uqactualites\/wp-json\/wp\/v2\/media?parent=33067"}],"wp:term":[{"taxonomy":"category","embeddable":true,"href":"https:\/\/www.uqac.ca\/uqactualites\/wp-json\/wp\/v2\/categories?post=33067"},{"taxonomy":"post_tag","embeddable":true,"href":"https:\/\/www.uqac.ca\/uqactualites\/wp-json\/wp\/v2\/tags?post=33067"}],"curies":[{"name":"wp","href":"https:\/\/api.w.org\/{rel}","templated":true}]}}