{"id":33073,"date":"2017-03-20T09:49:22","date_gmt":"2017-03-20T13:49:22","guid":{"rendered":"http:\/\/uqactualite.odev.ca\/?p=33073"},"modified":"2017-03-20T09:49:22","modified_gmt":"2017-03-20T13:49:22","slug":"forum-enquete-2017-les-autochtones-en-milieu-urbain-a-saguenay","status":"publish","type":"post","link":"https:\/\/www.uqac.ca\/uqactualites\/2017\/03\/20\/forum-enquete-2017-les-autochtones-en-milieu-urbain-a-saguenay\/","title":{"rendered":"Forum enqu\u00eate 2017\u00a0: les Autochtones en milieu urbain \u00e0 Saguenay"},"content":{"rendered":"<p style=\"text-align: right\"><strong>POUR DIFFUSION IMM\u00c9DIATE<\/strong><\/p>\n<p style=\"text-align: justify\"><strong>Saguenay, le 20 mars 2017<\/strong> \u2013 Le Forum enqu\u00eate 2017 se d\u00e9roulera aujourd\u2019hui, le lundi 20 mars, de 8\u00a0h\u00a030 \u00e0 16\u00a0h\u00a030, \u00e0 l\u2019h\u00f4tel Le Montagnais. Pr\u00e8s d\u2019une centaine de personnes sont attendues. Le Centre des Premi\u00e8res Nations Nikanite de l\u2019UQAC, le Regroupement des centres d\u2019amiti\u00e9 autochtones du Qu\u00e9bec ainsi que Affaires autochtones et du Nord Canada sont fiers de pr\u00e9senter ce Forum au cours duquel il sera question des Autochtones en milieu urbain \u00e0 Saguenay. On y pr\u00e9sentera les r\u00e9sultats d\u2019une enqu\u00eate du Centre des Premi\u00e8res Nations Nikanite r\u00e9alis\u00e9e aupr\u00e8s d\u2019intervenants de Saguenay \u00e0 propos des ressources d\u2019intervention offertes aux Autochtones dans la ville. En plus de pr\u00e9senter les r\u00e9sultats de cette enqu\u00eate, le Forum vise \u00e0 approfondir et \u00e0 faire comprendre la r\u00e9alit\u00e9 des Autochtones en milieu urbain ainsi que les approches favorisant une plus grande utilisation des services.<\/p>\n<p style=\"text-align: justify\">Quel est le portrait des ressources offertes? Quels sont les obstacles pour l\u2019acc\u00e8s \u00e0 ces ressources? Comment favoriser une meilleure participation des Autochtones? La tenue de ce Forum permettra de r\u00e9pondre \u00e0 ces interrogations et d\u2019alimenter la r\u00e9flexion sur les services, les activit\u00e9s, les programmes et les ressources que d\u00e9ploient les organismes communautaires et les \u00e9tablissements publics pour les Autochtones. On pourra alors, dans un premier temps, mettre en lumi\u00e8re les principaux facteurs favorables ou d\u00e9favorables au d\u00e9veloppement de bonnes pratiques envers ces derniers, et, dans un deuxi\u00e8me temps, r\u00e9pondre plus ad\u00e9quatement \u00e0 leurs besoins en milieu urbain en leur offrant des services adapt\u00e9s \u00e0 leur r\u00e9alit\u00e9.<\/p>\n<p style=\"text-align: justify\">Au cours de la journ\u00e9e, madame Carole L\u00e9vesque, chercheuse et chef de file en ce qui concerne l\u2019\u00e9ducation autochtone au Qu\u00e9bec et au Canada, de m\u00eame que monsieur Pierre Picard qui dirige le Groupe de recherche et d\u2019interventions psychosociales en milieu autochtone (GRIPMA), proposeront chacun une conf\u00e9rence aux participants. Monsieur Dominic Bizot, professeur-chercheur et directeur de l\u2019unit\u00e9 d\u2019enseignement en travail social au D\u00e9partement des sciences humaines et sociales de l\u2019UQAC, pr\u00e9sentera pour sa part les r\u00e9sultats de ladite enqu\u00eate, alors que monsieur Alexandre Bacon, conseiller en gouvernance autochtone, offrira un atelier.<\/p>\n<p style=\"text-align: center\">&#8211; 30 &#8211;<\/p>\n<p style=\"text-align: justify\"><strong>Source\u00a0:<br \/>\n<\/strong>Marie-France Audet, agente d\u2019information<br \/>\nService des communications et des relations publiques<br \/>\nUniversit\u00e9 du Qu\u00e9bec \u00e0 Chicoutimi<br \/>\n418\u00a0545-5011, poste\u00a02274\u00a0\u25aa\u00a0<a href=\"mailto:marie-france.audet@uqac.ca\">marie-france.audet@uqac.ca<\/a><\/p>\n<p style=\"text-align: justify\"><strong>Renseignements\u00a0:<br \/>\n<\/strong>Annik Gill, coordonnatrice du projet Partenariats urbains<br \/>\nCentre des Premi\u00e8res Nations Nikanite<br \/>\nUniversit\u00e9 du Qu\u00e9bec \u00e0 Chicoutimi<br \/>\n418\u00a0545-5011, poste\u00a05263\u00a0\u25aa\u00a0<a href=\"mailto:annik.gill@uqac.ca\">annik.gill@uqac.ca<\/a><\/p>\n","protected":false},"excerpt":{"rendered":"<p>POUR DIFFUSION IMM\u00c9DIATE Saguenay, le 20 mars 2017 \u2013 Le Forum enqu\u00eate 2017 se d\u00e9roulera aujourd\u2019hui, le lundi 20 mars, de 8\u00a0h\u00a030 \u00e0 16\u00a0h\u00a030, \u00e0 l\u2019h\u00f4tel Le Montagnais. Pr\u00e8s d\u2019une centaine de personnes sont attendues. Le Centre des Premi\u00e8res Nations Nikanite de l\u2019UQAC, le Regroupement des centres d\u2019amiti\u00e9 autochtones du Qu\u00e9bec ainsi que Affaires autochtones [&hellip;]<\/p>\n","protected":false},"author":5,"featured_media":24879,"comment_status":"open","ping_status":"open","sticky":false,"template":"","format":"standard","meta":{"footnotes":""},"categories":[2772],"tags":[],"yoast_head":"<!-- This site is optimized with the Yoast SEO plugin v24.2 - https:\/\/yoast.com\/wordpress\/plugins\/seo\/ -->\r\n<title>Forum enqu\u00eate 2017\u00a0: les Autochtones en milieu urbain \u00e0 Saguenay - UQACtualit\u00e9s<\/title>\r\n<meta name=\"robots\" content=\"index, follow, max-snippet:-1, max-image-preview:large, max-video-preview:-1\" \/>\r\n<link rel=\"canonical\" href=\"https:\/\/www.uqac.ca\/uqactualites\/2017\/03\/20\/forum-enquete-2017-les-autochtones-en-milieu-urbain-a-saguenay\/\" \/>\r\n<meta property=\"og:locale\" content=\"fr_CA\" \/>\r\n<meta property=\"og:type\" content=\"article\" \/>\r\n<meta property=\"og:title\" content=\"Forum enqu\u00eate 2017\u00a0: les Autochtones en milieu urbain \u00e0 Saguenay - UQACtualit\u00e9s\" \/>\r\n<meta property=\"og:description\" content=\"POUR DIFFUSION IMM\u00c9DIATE Saguenay, le 20 mars 2017 \u2013 Le Forum enqu\u00eate 2017 se d\u00e9roulera aujourd\u2019hui, le lundi 20 mars, de 8\u00a0h\u00a030 \u00e0 16\u00a0h\u00a030, \u00e0 l\u2019h\u00f4tel Le Montagnais. Pr\u00e8s d\u2019une centaine de personnes sont attendues. Le Centre des Premi\u00e8res Nations Nikanite de l\u2019UQAC, le Regroupement des centres d\u2019amiti\u00e9 autochtones du Qu\u00e9bec ainsi que Affaires autochtones [&hellip;]\" \/>\r\n<meta property=\"og:url\" content=\"https:\/\/www.uqac.ca\/uqactualites\/2017\/03\/20\/forum-enquete-2017-les-autochtones-en-milieu-urbain-a-saguenay\/\" \/>\r\n<meta property=\"og:site_name\" content=\"UQACtualit\u00e9s\" \/>\r\n<meta property=\"article:published_time\" content=\"2017-03-20T13:49:22+00:00\" \/>\r\n<meta property=\"og:image\" content=\"https:\/\/www.uqac.ca\/uqactualites\/wp-content\/uploads\/2013\/07\/GRAF-Uqactualit\u00e9s-\u00c913-11.jpg\" \/>\r\n\t<meta property=\"og:image:width\" content=\"620\" \/>\r\n\t<meta property=\"og:image:height\" content=\"301\" \/>\r\n\t<meta property=\"og:image:type\" content=\"image\/jpeg\" \/>\r\n<meta name=\"author\" content=\"Service des communications et des relations publiques\" \/>\r\n<meta name=\"twitter:card\" content=\"summary_large_image\" \/>\r\n<meta name=\"twitter:label1\" content=\"\u00c9crit par\" \/>\n\t<meta name=\"twitter:data1\" content=\"Service des communications et des relations publiques\" \/>\n\t<meta name=\"twitter:label2\" content=\"Estimation du temps de lecture\" \/>\n\t<meta name=\"twitter:data2\" content=\"2 minutes\" \/>\r\n<script type=\"application\/ld+json\" class=\"yoast-schema-graph\">{\"@context\":\"https:\/\/schema.org\",\"@graph\":[{\"@type\":\"WebPage\",\"@id\":\"https:\/\/www.uqac.ca\/uqactualites\/2017\/03\/20\/forum-enquete-2017-les-autochtones-en-milieu-urbain-a-saguenay\/\",\"url\":\"https:\/\/www.uqac.ca\/uqactualites\/2017\/03\/20\/forum-enquete-2017-les-autochtones-en-milieu-urbain-a-saguenay\/\",\"name\":\"Forum enqu\u00eate 2017\u00a0: les Autochtones en milieu urbain \u00e0 Saguenay - UQACtualit\u00e9s\",\"isPartOf\":{\"@id\":\"https:\/\/www.uqac.ca\/uqactualites\/#website\"},\"primaryImageOfPage\":{\"@id\":\"https:\/\/www.uqac.ca\/uqactualites\/2017\/03\/20\/forum-enquete-2017-les-autochtones-en-milieu-urbain-a-saguenay\/#primaryimage\"},\"image\":{\"@id\":\"https:\/\/www.uqac.ca\/uqactualites\/2017\/03\/20\/forum-enquete-2017-les-autochtones-en-milieu-urbain-a-saguenay\/#primaryimage\"},\"thumbnailUrl\":\"https:\/\/www.uqac.ca\/uqactualites\/wp-content\/uploads\/2013\/07\/GRAF-Uqactualit\u00e9s-\u00c913-11.jpg\",\"datePublished\":\"2017-03-20T13:49:22+00:00\",\"dateModified\":\"2017-03-20T13:49:22+00:00\",\"author\":{\"@id\":\"https:\/\/www.uqac.ca\/uqactualites\/#\/schema\/person\/366c45a0c4f0e677b41b4af5886e2018\"},\"breadcrumb\":{\"@id\":\"https:\/\/www.uqac.ca\/uqactualites\/2017\/03\/20\/forum-enquete-2017-les-autochtones-en-milieu-urbain-a-saguenay\/#breadcrumb\"},\"inLanguage\":\"fr-CA\",\"potentialAction\":[{\"@type\":\"ReadAction\",\"target\":[\"https:\/\/www.uqac.ca\/uqactualites\/2017\/03\/20\/forum-enquete-2017-les-autochtones-en-milieu-urbain-a-saguenay\/\"]}]},{\"@type\":\"ImageObject\",\"inLanguage\":\"fr-CA\",\"@id\":\"https:\/\/www.uqac.ca\/uqactualites\/2017\/03\/20\/forum-enquete-2017-les-autochtones-en-milieu-urbain-a-saguenay\/#primaryimage\",\"url\":\"https:\/\/www.uqac.ca\/uqactualites\/wp-content\/uploads\/2013\/07\/GRAF-Uqactualit\u00e9s-\u00c913-11.jpg\",\"contentUrl\":\"https:\/\/www.uqac.ca\/uqactualites\/wp-content\/uploads\/2013\/07\/GRAF-Uqactualit\u00e9s-\u00c913-11.jpg\",\"width\":620,\"height\":301},{\"@type\":\"BreadcrumbList\",\"@id\":\"https:\/\/www.uqac.ca\/uqactualites\/2017\/03\/20\/forum-enquete-2017-les-autochtones-en-milieu-urbain-a-saguenay\/#breadcrumb\",\"itemListElement\":[{\"@type\":\"ListItem\",\"position\":1,\"name\":\"Home\",\"item\":\"https:\/\/www.uqac.ca\/uqactualites\/\"},{\"@type\":\"ListItem\",\"position\":2,\"name\":\"Forum enqu\u00eate 2017\u00a0: les Autochtones en milieu urbain \u00e0 Saguenay\"}]},{\"@type\":\"WebSite\",\"@id\":\"https:\/\/www.uqac.ca\/uqactualites\/#website\",\"url\":\"https:\/\/www.uqac.ca\/uqactualites\/\",\"name\":\"UQACtualit\u00e9s\",\"description\":\"Le portail des nouvelles de l&#039;UQAC\",\"potentialAction\":[{\"@type\":\"SearchAction\",\"target\":{\"@type\":\"EntryPoint\",\"urlTemplate\":\"https:\/\/www.uqac.ca\/uqactualites\/?s={search_term_string}\"},\"query-input\":{\"@type\":\"PropertyValueSpecification\",\"valueRequired\":true,\"valueName\":\"search_term_string\"}}],\"inLanguage\":\"fr-CA\"},{\"@type\":\"Person\",\"@id\":\"https:\/\/www.uqac.ca\/uqactualites\/#\/schema\/person\/366c45a0c4f0e677b41b4af5886e2018\",\"name\":\"Service des communications et des relations publiques\",\"image\":{\"@type\":\"ImageObject\",\"inLanguage\":\"fr-CA\",\"@id\":\"https:\/\/www.uqac.ca\/uqactualites\/#\/schema\/person\/image\/\",\"url\":\"https:\/\/secure.gravatar.com\/avatar\/20fbbda8a292f59f2d3461a5b999c00b?s=96&d=mm&r=g\",\"contentUrl\":\"https:\/\/secure.gravatar.com\/avatar\/20fbbda8a292f59f2d3461a5b999c00b?s=96&d=mm&r=g\",\"caption\":\"Service des communications et des relations publiques\"},\"url\":\"https:\/\/www.uqac.ca\/uqactualites\/author\/bap\/\"}]}<\/script>\r\n<!-- \/ Yoast SEO plugin. -->","yoast_head_json":{"title":"Forum enqu\u00eate 2017\u00a0: les Autochtones en milieu urbain \u00e0 Saguenay - UQACtualit\u00e9s","robots":{"index":"index","follow":"follow","max-snippet":"max-snippet:-1","max-image-preview":"max-image-preview:large","max-video-preview":"max-video-preview:-1"},"canonical":"https:\/\/www.uqac.ca\/uqactualites\/2017\/03\/20\/forum-enquete-2017-les-autochtones-en-milieu-urbain-a-saguenay\/","og_locale":"fr_CA","og_type":"article","og_title":"Forum enqu\u00eate 2017\u00a0: les Autochtones en milieu urbain \u00e0 Saguenay - UQACtualit\u00e9s","og_description":"POUR DIFFUSION IMM\u00c9DIATE Saguenay, le 20 mars 2017 \u2013 Le Forum enqu\u00eate 2017 se d\u00e9roulera aujourd\u2019hui, le lundi 20 mars, de 8\u00a0h\u00a030 \u00e0 16\u00a0h\u00a030, \u00e0 l\u2019h\u00f4tel Le Montagnais. Pr\u00e8s d\u2019une centaine de personnes sont attendues. Le Centre des Premi\u00e8res Nations Nikanite de l\u2019UQAC, le Regroupement des centres d\u2019amiti\u00e9 autochtones du Qu\u00e9bec ainsi que Affaires autochtones [&hellip;]","og_url":"https:\/\/www.uqac.ca\/uqactualites\/2017\/03\/20\/forum-enquete-2017-les-autochtones-en-milieu-urbain-a-saguenay\/","og_site_name":"UQACtualit\u00e9s","article_published_time":"2017-03-20T13:49:22+00:00","og_image":[{"width":620,"height":301,"url":"https:\/\/www.uqac.ca\/uqactualites\/wp-content\/uploads\/2013\/07\/GRAF-Uqactualit\u00e9s-\u00c913-11.jpg","type":"image\/jpeg"}],"author":"Service des communications et des relations publiques","twitter_card":"summary_large_image","twitter_misc":{"\u00c9crit par":"Service des communications et des relations publiques","Estimation du temps de lecture":"2 minutes"},"schema":{"@context":"https:\/\/schema.org","@graph":[{"@type":"WebPage","@id":"https:\/\/www.uqac.ca\/uqactualites\/2017\/03\/20\/forum-enquete-2017-les-autochtones-en-milieu-urbain-a-saguenay\/","url":"https:\/\/www.uqac.ca\/uqactualites\/2017\/03\/20\/forum-enquete-2017-les-autochtones-en-milieu-urbain-a-saguenay\/","name":"Forum enqu\u00eate 2017\u00a0: les Autochtones en milieu urbain \u00e0 Saguenay - UQACtualit\u00e9s","isPartOf":{"@id":"https:\/\/www.uqac.ca\/uqactualites\/#website"},"primaryImageOfPage":{"@id":"https:\/\/www.uqac.ca\/uqactualites\/2017\/03\/20\/forum-enquete-2017-les-autochtones-en-milieu-urbain-a-saguenay\/#primaryimage"},"image":{"@id":"https:\/\/www.uqac.ca\/uqactualites\/2017\/03\/20\/forum-enquete-2017-les-autochtones-en-milieu-urbain-a-saguenay\/#primaryimage"},"thumbnailUrl":"https:\/\/www.uqac.ca\/uqactualites\/wp-content\/uploads\/2013\/07\/GRAF-Uqactualit\u00e9s-\u00c913-11.jpg","datePublished":"2017-03-20T13:49:22+00:00","dateModified":"2017-03-20T13:49:22+00:00","author":{"@id":"https:\/\/www.uqac.ca\/uqactualites\/#\/schema\/person\/366c45a0c4f0e677b41b4af5886e2018"},"breadcrumb":{"@id":"https:\/\/www.uqac.ca\/uqactualites\/2017\/03\/20\/forum-enquete-2017-les-autochtones-en-milieu-urbain-a-saguenay\/#breadcrumb"},"inLanguage":"fr-CA","potentialAction":[{"@type":"ReadAction","target":["https:\/\/www.uqac.ca\/uqactualites\/2017\/03\/20\/forum-enquete-2017-les-autochtones-en-milieu-urbain-a-saguenay\/"]}]},{"@type":"ImageObject","inLanguage":"fr-CA","@id":"https:\/\/www.uqac.ca\/uqactualites\/2017\/03\/20\/forum-enquete-2017-les-autochtones-en-milieu-urbain-a-saguenay\/#primaryimage","url":"https:\/\/www.uqac.ca\/uqactualites\/wp-content\/uploads\/2013\/07\/GRAF-Uqactualit\u00e9s-\u00c913-11.jpg","contentUrl":"https:\/\/www.uqac.ca\/uqactualites\/wp-content\/uploads\/2013\/07\/GRAF-Uqactualit\u00e9s-\u00c913-11.jpg","width":620,"height":301},{"@type":"BreadcrumbList","@id":"https:\/\/www.uqac.ca\/uqactualites\/2017\/03\/20\/forum-enquete-2017-les-autochtones-en-milieu-urbain-a-saguenay\/#breadcrumb","itemListElement":[{"@type":"ListItem","position":1,"name":"Home","item":"https:\/\/www.uqac.ca\/uqactualites\/"},{"@type":"ListItem","position":2,"name":"Forum enqu\u00eate 2017\u00a0: les Autochtones en milieu urbain \u00e0 Saguenay"}]},{"@type":"WebSite","@id":"https:\/\/www.uqac.ca\/uqactualites\/#website","url":"https:\/\/www.uqac.ca\/uqactualites\/","name":"UQACtualit\u00e9s","description":"Le portail des nouvelles de l&#039;UQAC","potentialAction":[{"@type":"SearchAction","target":{"@type":"EntryPoint","urlTemplate":"https:\/\/www.uqac.ca\/uqactualites\/?s={search_term_string}"},"query-input":{"@type":"PropertyValueSpecification","valueRequired":true,"valueName":"search_term_string"}}],"inLanguage":"fr-CA"},{"@type":"Person","@id":"https:\/\/www.uqac.ca\/uqactualites\/#\/schema\/person\/366c45a0c4f0e677b41b4af5886e2018","name":"Service des communications et des relations publiques","image":{"@type":"ImageObject","inLanguage":"fr-CA","@id":"https:\/\/www.uqac.ca\/uqactualites\/#\/schema\/person\/image\/","url":"https:\/\/secure.gravatar.com\/avatar\/20fbbda8a292f59f2d3461a5b999c00b?s=96&d=mm&r=g","contentUrl":"https:\/\/secure.gravatar.com\/avatar\/20fbbda8a292f59f2d3461a5b999c00b?s=96&d=mm&r=g","caption":"Service des communications et des relations publiques"},"url":"https:\/\/www.uqac.ca\/uqactualites\/author\/bap\/"}]}},"_links":{"self":[{"href":"https:\/\/www.uqac.ca\/uqactualites\/wp-json\/wp\/v2\/posts\/33073"}],"collection":[{"href":"https:\/\/www.uqac.ca\/uqactualites\/wp-json\/wp\/v2\/posts"}],"about":[{"href":"https:\/\/www.uqac.ca\/uqactualites\/wp-json\/wp\/v2\/types\/post"}],"author":[{"embeddable":true,"href":"https:\/\/www.uqac.ca\/uqactualites\/wp-json\/wp\/v2\/users\/5"}],"replies":[{"embeddable":true,"href":"https:\/\/www.uqac.ca\/uqactualites\/wp-json\/wp\/v2\/comments?post=33073"}],"version-history":[{"count":0,"href":"https:\/\/www.uqac.ca\/uqactualites\/wp-json\/wp\/v2\/posts\/33073\/revisions"}],"wp:featuredmedia":[{"embeddable":true,"href":"https:\/\/www.uqac.ca\/uqactualites\/wp-json\/wp\/v2\/media\/24879"}],"wp:attachment":[{"href":"https:\/\/www.uqac.ca\/uqactualites\/wp-json\/wp\/v2\/media?parent=33073"}],"wp:term":[{"taxonomy":"category","embeddable":true,"href":"https:\/\/www.uqac.ca\/uqactualites\/wp-json\/wp\/v2\/categories?post=33073"},{"taxonomy":"post_tag","embeddable":true,"href":"https:\/\/www.uqac.ca\/uqactualites\/wp-json\/wp\/v2\/tags?post=33073"}],"curies":[{"name":"wp","href":"https:\/\/api.w.org\/{rel}","templated":true}]}}