{"id":33128,"date":"2017-04-03T09:09:19","date_gmt":"2017-04-03T13:09:19","guid":{"rendered":"http:\/\/uqactualite.odev.ca\/?p=33128"},"modified":"2017-04-03T09:09:19","modified_gmt":"2017-04-03T13:09:19","slug":"fabrice-dufour-nomme-gagnant-de-ledition-2017-duqac-en-spectacle","status":"publish","type":"post","link":"https:\/\/www.uqac.ca\/uqactualites\/2017\/04\/03\/fabrice-dufour-nomme-gagnant-de-ledition-2017-duqac-en-spectacle\/","title":{"rendered":"Fabrice Dufour nomm\u00e9 gagnant de l\u2019\u00e9dition 2017 d\u2019UQAC en spectacle"},"content":{"rendered":"<p style=\"text-align: justify\">C\u2019est dans un BarUQAC rempli \u00e0 craquer qu\u2019\u00e9tait propos\u00e9e le 28 mars dernier la 23<sup>e<\/sup>\u00a0\u00e9dition d\u2019UQAC en spectacle, un concours des arts de la sc\u00e8ne qui s\u2019adresse aux \u00e9tudiants de notre Universit\u00e9. Destin\u00e9e \u00e0 mettre en valeur l\u2019excellence artistique \u00e9tudiante dans toutes les disciplines en plus de contribuer au d\u00e9veloppement artistique en nos murs, la comp\u00e9tition s\u2019est av\u00e9r\u00e9e fort relev\u00e9e cette ann\u00e9e.<\/p>\n<p style=\"text-align: justify\">\u00c9tudiant en sciences de la r\u00e9adaptation (physioth\u00e9rapie), Fabrice Dufour a s\u00e9duit le jury et le public et s\u2019est ainsi assur\u00e9 de la premi\u00e8re place. Pour leur part, Benjamin Lebrasseur et Marc-Andr\u00e9 Dion ont respectivement rafl\u00e9 le second prix et le prix de participation.<\/p>\n<p style=\"text-align: justify\">Toutes nos f\u00e9licitations aux participants ainsi qu\u2019au gagnant\u00a0!<\/p>\n<p style=\"text-align: justify\">\n<span style=\"color: #808080\"><strong>Photo\u00a0:<\/strong> Perrine Argiles, pr\u00e9sidente du MAGE-UQAC et membre du jury; Fabrice Dufour, \u00e9tudiant et gagnant de l\u2019\u00e9dition 2017; Gina Gagnon, directrice des Services aux \u00e9tudiants et membre du jury; et R\u00e9jean Ch\u00e2tigny, superviseur protection publique et pr\u00e9vention au Service des immeubles et \u00e9quipements et membre du jury<\/span><br \/>\n<span style=\"color: #808080\"><strong>\u00a9 Gracieuset\u00e9<\/strong><\/span><\/p>\n","protected":false},"excerpt":{"rendered":"<p>C\u2019est dans un BarUQAC rempli \u00e0 craquer qu\u2019\u00e9tait propos\u00e9e le 28 mars dernier la 23e\u00a0\u00e9dition d\u2019UQAC en spectacle, un concours des arts de la sc\u00e8ne qui s\u2019adresse aux \u00e9tudiants de notre Universit\u00e9. Destin\u00e9e \u00e0 mettre en valeur l\u2019excellence artistique \u00e9tudiante dans toutes les disciplines en plus de contribuer au d\u00e9veloppement artistique en nos murs, la [&hellip;]<\/p>\n","protected":false},"author":5,"featured_media":33129,"comment_status":"open","ping_status":"open","sticky":false,"template":"","format":"standard","meta":{"footnotes":""},"categories":[2,61,9],"tags":[],"yoast_head":"<!-- This site is optimized with the Yoast SEO plugin v24.2 - https:\/\/yoast.com\/wordpress\/plugins\/seo\/ -->\r\n<title>Fabrice Dufour nomm\u00e9 gagnant de l\u2019\u00e9dition 2017 d\u2019UQAC en spectacle - UQACtualit\u00e9s<\/title>\r\n<meta name=\"robots\" content=\"index, follow, max-snippet:-1, max-image-preview:large, max-video-preview:-1\" \/>\r\n<link rel=\"canonical\" href=\"https:\/\/www.uqac.ca\/uqactualites\/2017\/04\/03\/fabrice-dufour-nomme-gagnant-de-ledition-2017-duqac-en-spectacle\/\" \/>\r\n<meta property=\"og:locale\" content=\"fr_CA\" \/>\r\n<meta property=\"og:type\" content=\"article\" \/>\r\n<meta property=\"og:title\" content=\"Fabrice Dufour nomm\u00e9 gagnant de l\u2019\u00e9dition 2017 d\u2019UQAC en spectacle - UQACtualit\u00e9s\" \/>\r\n<meta property=\"og:description\" content=\"C\u2019est dans un BarUQAC rempli \u00e0 craquer qu\u2019\u00e9tait propos\u00e9e le 28 mars dernier la 23e\u00a0\u00e9dition d\u2019UQAC en spectacle, un concours des arts de la sc\u00e8ne qui s\u2019adresse aux \u00e9tudiants de notre Universit\u00e9. Destin\u00e9e \u00e0 mettre en valeur l\u2019excellence artistique \u00e9tudiante dans toutes les disciplines en plus de contribuer au d\u00e9veloppement artistique en nos murs, la [&hellip;]\" \/>\r\n<meta property=\"og:url\" content=\"https:\/\/www.uqac.ca\/uqactualites\/2017\/04\/03\/fabrice-dufour-nomme-gagnant-de-ledition-2017-duqac-en-spectacle\/\" \/>\r\n<meta property=\"og:site_name\" content=\"UQACtualit\u00e9s\" \/>\r\n<meta property=\"article:published_time\" content=\"2017-04-03T13:09:19+00:00\" \/>\r\n<meta property=\"og:image\" content=\"https:\/\/www.uqac.ca\/uqactualites\/wp-content\/uploads\/2017\/03\/UQAC-en-spectacle-Web.jpg\" \/>\r\n\t<meta property=\"og:image:width\" content=\"620\" \/>\r\n\t<meta property=\"og:image:height\" content=\"300\" \/>\r\n\t<meta property=\"og:image:type\" content=\"image\/jpeg\" \/>\r\n<meta name=\"author\" content=\"Service des communications et des relations publiques\" \/>\r\n<meta name=\"twitter:card\" content=\"summary_large_image\" \/>\r\n<meta name=\"twitter:label1\" content=\"\u00c9crit par\" \/>\n\t<meta name=\"twitter:data1\" content=\"Service des communications et des relations publiques\" \/>\n\t<meta name=\"twitter:label2\" content=\"Estimation du temps de lecture\" \/>\n\t<meta name=\"twitter:data2\" content=\"1 minute\" \/>\r\n<script type=\"application\/ld+json\" class=\"yoast-schema-graph\">{\"@context\":\"https:\/\/schema.org\",\"@graph\":[{\"@type\":\"WebPage\",\"@id\":\"https:\/\/www.uqac.ca\/uqactualites\/2017\/04\/03\/fabrice-dufour-nomme-gagnant-de-ledition-2017-duqac-en-spectacle\/\",\"url\":\"https:\/\/www.uqac.ca\/uqactualites\/2017\/04\/03\/fabrice-dufour-nomme-gagnant-de-ledition-2017-duqac-en-spectacle\/\",\"name\":\"Fabrice Dufour nomm\u00e9 gagnant de l\u2019\u00e9dition 2017 d\u2019UQAC en spectacle - UQACtualit\u00e9s\",\"isPartOf\":{\"@id\":\"https:\/\/www.uqac.ca\/uqactualites\/#website\"},\"primaryImageOfPage\":{\"@id\":\"https:\/\/www.uqac.ca\/uqactualites\/2017\/04\/03\/fabrice-dufour-nomme-gagnant-de-ledition-2017-duqac-en-spectacle\/#primaryimage\"},\"image\":{\"@id\":\"https:\/\/www.uqac.ca\/uqactualites\/2017\/04\/03\/fabrice-dufour-nomme-gagnant-de-ledition-2017-duqac-en-spectacle\/#primaryimage\"},\"thumbnailUrl\":\"https:\/\/www.uqac.ca\/uqactualites\/wp-content\/uploads\/2017\/03\/UQAC-en-spectacle-Web.jpg\",\"datePublished\":\"2017-04-03T13:09:19+00:00\",\"dateModified\":\"2017-04-03T13:09:19+00:00\",\"author\":{\"@id\":\"https:\/\/www.uqac.ca\/uqactualites\/#\/schema\/person\/366c45a0c4f0e677b41b4af5886e2018\"},\"breadcrumb\":{\"@id\":\"https:\/\/www.uqac.ca\/uqactualites\/2017\/04\/03\/fabrice-dufour-nomme-gagnant-de-ledition-2017-duqac-en-spectacle\/#breadcrumb\"},\"inLanguage\":\"fr-CA\",\"potentialAction\":[{\"@type\":\"ReadAction\",\"target\":[\"https:\/\/www.uqac.ca\/uqactualites\/2017\/04\/03\/fabrice-dufour-nomme-gagnant-de-ledition-2017-duqac-en-spectacle\/\"]}]},{\"@type\":\"ImageObject\",\"inLanguage\":\"fr-CA\",\"@id\":\"https:\/\/www.uqac.ca\/uqactualites\/2017\/04\/03\/fabrice-dufour-nomme-gagnant-de-ledition-2017-duqac-en-spectacle\/#primaryimage\",\"url\":\"https:\/\/www.uqac.ca\/uqactualites\/wp-content\/uploads\/2017\/03\/UQAC-en-spectacle-Web.jpg\",\"contentUrl\":\"https:\/\/www.uqac.ca\/uqactualites\/wp-content\/uploads\/2017\/03\/UQAC-en-spectacle-Web.jpg\",\"width\":620,\"height\":300},{\"@type\":\"BreadcrumbList\",\"@id\":\"https:\/\/www.uqac.ca\/uqactualites\/2017\/04\/03\/fabrice-dufour-nomme-gagnant-de-ledition-2017-duqac-en-spectacle\/#breadcrumb\",\"itemListElement\":[{\"@type\":\"ListItem\",\"position\":1,\"name\":\"Home\",\"item\":\"https:\/\/www.uqac.ca\/uqactualites\/\"},{\"@type\":\"ListItem\",\"position\":2,\"name\":\"Fabrice Dufour nomm\u00e9 gagnant de l\u2019\u00e9dition 2017 d\u2019UQAC en spectacle\"}]},{\"@type\":\"WebSite\",\"@id\":\"https:\/\/www.uqac.ca\/uqactualites\/#website\",\"url\":\"https:\/\/www.uqac.ca\/uqactualites\/\",\"name\":\"UQACtualit\u00e9s\",\"description\":\"Le portail des nouvelles de l&#039;UQAC\",\"potentialAction\":[{\"@type\":\"SearchAction\",\"target\":{\"@type\":\"EntryPoint\",\"urlTemplate\":\"https:\/\/www.uqac.ca\/uqactualites\/?s={search_term_string}\"},\"query-input\":{\"@type\":\"PropertyValueSpecification\",\"valueRequired\":true,\"valueName\":\"search_term_string\"}}],\"inLanguage\":\"fr-CA\"},{\"@type\":\"Person\",\"@id\":\"https:\/\/www.uqac.ca\/uqactualites\/#\/schema\/person\/366c45a0c4f0e677b41b4af5886e2018\",\"name\":\"Service des communications et des relations publiques\",\"image\":{\"@type\":\"ImageObject\",\"inLanguage\":\"fr-CA\",\"@id\":\"https:\/\/www.uqac.ca\/uqactualites\/#\/schema\/person\/image\/\",\"url\":\"https:\/\/secure.gravatar.com\/avatar\/20fbbda8a292f59f2d3461a5b999c00b?s=96&d=mm&r=g\",\"contentUrl\":\"https:\/\/secure.gravatar.com\/avatar\/20fbbda8a292f59f2d3461a5b999c00b?s=96&d=mm&r=g\",\"caption\":\"Service des communications et des relations publiques\"},\"url\":\"https:\/\/www.uqac.ca\/uqactualites\/author\/bap\/\"}]}<\/script>\r\n<!-- \/ Yoast SEO plugin. -->","yoast_head_json":{"title":"Fabrice Dufour nomm\u00e9 gagnant de l\u2019\u00e9dition 2017 d\u2019UQAC en spectacle - UQACtualit\u00e9s","robots":{"index":"index","follow":"follow","max-snippet":"max-snippet:-1","max-image-preview":"max-image-preview:large","max-video-preview":"max-video-preview:-1"},"canonical":"https:\/\/www.uqac.ca\/uqactualites\/2017\/04\/03\/fabrice-dufour-nomme-gagnant-de-ledition-2017-duqac-en-spectacle\/","og_locale":"fr_CA","og_type":"article","og_title":"Fabrice Dufour nomm\u00e9 gagnant de l\u2019\u00e9dition 2017 d\u2019UQAC en spectacle - UQACtualit\u00e9s","og_description":"C\u2019est dans un BarUQAC rempli \u00e0 craquer qu\u2019\u00e9tait propos\u00e9e le 28 mars dernier la 23e\u00a0\u00e9dition d\u2019UQAC en spectacle, un concours des arts de la sc\u00e8ne qui s\u2019adresse aux \u00e9tudiants de notre Universit\u00e9. Destin\u00e9e \u00e0 mettre en valeur l\u2019excellence artistique \u00e9tudiante dans toutes les disciplines en plus de contribuer au d\u00e9veloppement artistique en nos murs, la [&hellip;]","og_url":"https:\/\/www.uqac.ca\/uqactualites\/2017\/04\/03\/fabrice-dufour-nomme-gagnant-de-ledition-2017-duqac-en-spectacle\/","og_site_name":"UQACtualit\u00e9s","article_published_time":"2017-04-03T13:09:19+00:00","og_image":[{"width":620,"height":300,"url":"https:\/\/www.uqac.ca\/uqactualites\/wp-content\/uploads\/2017\/03\/UQAC-en-spectacle-Web.jpg","type":"image\/jpeg"}],"author":"Service des communications et des relations publiques","twitter_card":"summary_large_image","twitter_misc":{"\u00c9crit par":"Service des communications et des relations publiques","Estimation du temps de lecture":"1 minute"},"schema":{"@context":"https:\/\/schema.org","@graph":[{"@type":"WebPage","@id":"https:\/\/www.uqac.ca\/uqactualites\/2017\/04\/03\/fabrice-dufour-nomme-gagnant-de-ledition-2017-duqac-en-spectacle\/","url":"https:\/\/www.uqac.ca\/uqactualites\/2017\/04\/03\/fabrice-dufour-nomme-gagnant-de-ledition-2017-duqac-en-spectacle\/","name":"Fabrice Dufour nomm\u00e9 gagnant de l\u2019\u00e9dition 2017 d\u2019UQAC en spectacle - UQACtualit\u00e9s","isPartOf":{"@id":"https:\/\/www.uqac.ca\/uqactualites\/#website"},"primaryImageOfPage":{"@id":"https:\/\/www.uqac.ca\/uqactualites\/2017\/04\/03\/fabrice-dufour-nomme-gagnant-de-ledition-2017-duqac-en-spectacle\/#primaryimage"},"image":{"@id":"https:\/\/www.uqac.ca\/uqactualites\/2017\/04\/03\/fabrice-dufour-nomme-gagnant-de-ledition-2017-duqac-en-spectacle\/#primaryimage"},"thumbnailUrl":"https:\/\/www.uqac.ca\/uqactualites\/wp-content\/uploads\/2017\/03\/UQAC-en-spectacle-Web.jpg","datePublished":"2017-04-03T13:09:19+00:00","dateModified":"2017-04-03T13:09:19+00:00","author":{"@id":"https:\/\/www.uqac.ca\/uqactualites\/#\/schema\/person\/366c45a0c4f0e677b41b4af5886e2018"},"breadcrumb":{"@id":"https:\/\/www.uqac.ca\/uqactualites\/2017\/04\/03\/fabrice-dufour-nomme-gagnant-de-ledition-2017-duqac-en-spectacle\/#breadcrumb"},"inLanguage":"fr-CA","potentialAction":[{"@type":"ReadAction","target":["https:\/\/www.uqac.ca\/uqactualites\/2017\/04\/03\/fabrice-dufour-nomme-gagnant-de-ledition-2017-duqac-en-spectacle\/"]}]},{"@type":"ImageObject","inLanguage":"fr-CA","@id":"https:\/\/www.uqac.ca\/uqactualites\/2017\/04\/03\/fabrice-dufour-nomme-gagnant-de-ledition-2017-duqac-en-spectacle\/#primaryimage","url":"https:\/\/www.uqac.ca\/uqactualites\/wp-content\/uploads\/2017\/03\/UQAC-en-spectacle-Web.jpg","contentUrl":"https:\/\/www.uqac.ca\/uqactualites\/wp-content\/uploads\/2017\/03\/UQAC-en-spectacle-Web.jpg","width":620,"height":300},{"@type":"BreadcrumbList","@id":"https:\/\/www.uqac.ca\/uqactualites\/2017\/04\/03\/fabrice-dufour-nomme-gagnant-de-ledition-2017-duqac-en-spectacle\/#breadcrumb","itemListElement":[{"@type":"ListItem","position":1,"name":"Home","item":"https:\/\/www.uqac.ca\/uqactualites\/"},{"@type":"ListItem","position":2,"name":"Fabrice Dufour nomm\u00e9 gagnant de l\u2019\u00e9dition 2017 d\u2019UQAC en spectacle"}]},{"@type":"WebSite","@id":"https:\/\/www.uqac.ca\/uqactualites\/#website","url":"https:\/\/www.uqac.ca\/uqactualites\/","name":"UQACtualit\u00e9s","description":"Le portail des nouvelles de l&#039;UQAC","potentialAction":[{"@type":"SearchAction","target":{"@type":"EntryPoint","urlTemplate":"https:\/\/www.uqac.ca\/uqactualites\/?s={search_term_string}"},"query-input":{"@type":"PropertyValueSpecification","valueRequired":true,"valueName":"search_term_string"}}],"inLanguage":"fr-CA"},{"@type":"Person","@id":"https:\/\/www.uqac.ca\/uqactualites\/#\/schema\/person\/366c45a0c4f0e677b41b4af5886e2018","name":"Service des communications et des relations publiques","image":{"@type":"ImageObject","inLanguage":"fr-CA","@id":"https:\/\/www.uqac.ca\/uqactualites\/#\/schema\/person\/image\/","url":"https:\/\/secure.gravatar.com\/avatar\/20fbbda8a292f59f2d3461a5b999c00b?s=96&d=mm&r=g","contentUrl":"https:\/\/secure.gravatar.com\/avatar\/20fbbda8a292f59f2d3461a5b999c00b?s=96&d=mm&r=g","caption":"Service des communications et des relations publiques"},"url":"https:\/\/www.uqac.ca\/uqactualites\/author\/bap\/"}]}},"_links":{"self":[{"href":"https:\/\/www.uqac.ca\/uqactualites\/wp-json\/wp\/v2\/posts\/33128"}],"collection":[{"href":"https:\/\/www.uqac.ca\/uqactualites\/wp-json\/wp\/v2\/posts"}],"about":[{"href":"https:\/\/www.uqac.ca\/uqactualites\/wp-json\/wp\/v2\/types\/post"}],"author":[{"embeddable":true,"href":"https:\/\/www.uqac.ca\/uqactualites\/wp-json\/wp\/v2\/users\/5"}],"replies":[{"embeddable":true,"href":"https:\/\/www.uqac.ca\/uqactualites\/wp-json\/wp\/v2\/comments?post=33128"}],"version-history":[{"count":0,"href":"https:\/\/www.uqac.ca\/uqactualites\/wp-json\/wp\/v2\/posts\/33128\/revisions"}],"wp:featuredmedia":[{"embeddable":true,"href":"https:\/\/www.uqac.ca\/uqactualites\/wp-json\/wp\/v2\/media\/33129"}],"wp:attachment":[{"href":"https:\/\/www.uqac.ca\/uqactualites\/wp-json\/wp\/v2\/media?parent=33128"}],"wp:term":[{"taxonomy":"category","embeddable":true,"href":"https:\/\/www.uqac.ca\/uqactualites\/wp-json\/wp\/v2\/categories?post=33128"},{"taxonomy":"post_tag","embeddable":true,"href":"https:\/\/www.uqac.ca\/uqactualites\/wp-json\/wp\/v2\/tags?post=33128"}],"curies":[{"name":"wp","href":"https:\/\/api.w.org\/{rel}","templated":true}]}}