{"id":33141,"date":"2017-04-05T16:14:19","date_gmt":"2017-04-05T20:14:19","guid":{"rendered":"http:\/\/uqactualite.odev.ca\/?p=33141"},"modified":"2017-04-05T16:14:19","modified_gmt":"2017-04-05T20:14:19","slug":"le-comite-cpa-et-trois-etudiantes-en-sciences-comptables-de-luqac-se-distinguent-au-congres-etudiant-cpa","status":"publish","type":"post","link":"https:\/\/www.uqac.ca\/uqactualites\/2017\/04\/05\/le-comite-cpa-et-trois-etudiantes-en-sciences-comptables-de-luqac-se-distinguent-au-congres-etudiant-cpa\/","title":{"rendered":"Le Comit\u00e9 CPA et trois \u00e9tudiantes en sciences comptables de l\u2019UQAC se distinguent au Congr\u00e8s \u00e9tudiant CPA"},"content":{"rendered":"<p style=\"text-align: justify\">La 5<sup>e<\/sup> \u00e9dition du Congr\u00e8s \u00e9tudiant CPA s\u2019est tenue du 17 au 19 mars dernier \u00e0 Rimouski, et la d\u00e9l\u00e9gation de l\u2019UQAC n\u2019a pas manqu\u00e9 de s\u2019y illustrer. Les 14 repr\u00e9sentants de l\u2019Universit\u00e9 se joignaient pour l\u2019occasion \u00e0 quelques 200 participants issus des diverses universit\u00e9s qu\u00e9b\u00e9coises.<\/p>\n<p style=\"text-align: justify\">En plus du Prix de participation et professionnalisme remis au Comit\u00e9 \u00e9tudiant CPA de l&rsquo;UQAC en reconnaissance de son souci du respect des \u00e9ch\u00e9ances, de sa contribution aux activit\u00e9s et de sa courtoisie, la troisi\u00e8me position pour l\u2019Activit\u00e9 de l\u2019ann\u00e9e a \u00e9t\u00e9 accord\u00e9e au projet \u00ab\u00a0CPA d\u2019un jour\u00a0\u00bb. Initi\u00e9 par nos \u00e9tudiants en sciences comptables, ce projet leur permet de visiter en entreprise un comptable professionnel agr\u00e9\u00e9 et d&rsquo;en apprendre davantage sur sa r\u00e9alit\u00e9 au quotidien ainsi que sur les d\u00e9fis de la profession.<\/p>\n<p style=\"text-align: justify\">Pour leur part, Claudia Simard, Tania Tremblay-Miousse et Anne-Marie Trottier \u2013 toutes trois finissantes au baccalaur\u00e9at en sciences comptables de l\u2019UQAC \u2013 ont remport\u00e9 la seconde position au Concours de cas interuniversitaire organis\u00e9 par l&rsquo;Ordre des CPA du Qu\u00e9bec, auquel prenaient part pas moins de 114 \u00e9quipes.<\/p>\n<p style=\"text-align: justify\">Toutes nos f\u00e9licitations au Comit\u00e9 CPA \u00e9tudiant de l\u2019UQAC\u00a0!<\/p>\n<p style=\"text-align: justify\">\n<p><span style=\"color: #808080\">Photo\u00a0: <strong>La d\u00e9l\u00e9gation de l\u2019UQAC au Congr\u00e8s \u00e9tudiant CPA 2017<br \/>\n<\/strong><strong>\u00a9 Voltaic-Pierre-Yves-Laroche<\/strong><\/span><\/p>\n<p style=\"text-align: justify\">\n<p style=\"text-align: justify\">\n","protected":false},"excerpt":{"rendered":"<p>La 5e \u00e9dition du Congr\u00e8s \u00e9tudiant CPA s\u2019est tenue du 17 au 19 mars dernier \u00e0 Rimouski, et la d\u00e9l\u00e9gation de l\u2019UQAC n\u2019a pas manqu\u00e9 de s\u2019y illustrer. Les 14 repr\u00e9sentants de l\u2019Universit\u00e9 se joignaient pour l\u2019occasion \u00e0 quelques 200 participants issus des diverses universit\u00e9s qu\u00e9b\u00e9coises. En plus du Prix de participation et professionnalisme remis [&hellip;]<\/p>\n","protected":false},"author":5,"featured_media":33142,"comment_status":"open","ping_status":"open","sticky":false,"template":"","format":"standard","meta":{"footnotes":""},"categories":[2,61,9],"tags":[],"yoast_head":"<!-- This site is optimized with the Yoast SEO plugin v24.2 - https:\/\/yoast.com\/wordpress\/plugins\/seo\/ -->\r\n<title>Le Comit\u00e9 CPA et trois \u00e9tudiantes en sciences comptables de l\u2019UQAC se distinguent au Congr\u00e8s \u00e9tudiant CPA - UQACtualit\u00e9s<\/title>\r\n<meta name=\"robots\" content=\"index, follow, max-snippet:-1, max-image-preview:large, max-video-preview:-1\" \/>\r\n<link rel=\"canonical\" href=\"https:\/\/www.uqac.ca\/uqactualites\/2017\/04\/05\/le-comite-cpa-et-trois-etudiantes-en-sciences-comptables-de-luqac-se-distinguent-au-congres-etudiant-cpa\/\" \/>\r\n<meta property=\"og:locale\" content=\"fr_CA\" \/>\r\n<meta property=\"og:type\" content=\"article\" \/>\r\n<meta property=\"og:title\" content=\"Le Comit\u00e9 CPA et trois \u00e9tudiantes en sciences comptables de l\u2019UQAC se distinguent au Congr\u00e8s \u00e9tudiant CPA - UQACtualit\u00e9s\" \/>\r\n<meta property=\"og:description\" content=\"La 5e \u00e9dition du Congr\u00e8s \u00e9tudiant CPA s\u2019est tenue du 17 au 19 mars dernier \u00e0 Rimouski, et la d\u00e9l\u00e9gation de l\u2019UQAC n\u2019a pas manqu\u00e9 de s\u2019y illustrer. Les 14 repr\u00e9sentants de l\u2019Universit\u00e9 se joignaient pour l\u2019occasion \u00e0 quelques 200 participants issus des diverses universit\u00e9s qu\u00e9b\u00e9coises. En plus du Prix de participation et professionnalisme remis [&hellip;]\" \/>\r\n<meta property=\"og:url\" content=\"https:\/\/www.uqac.ca\/uqactualites\/2017\/04\/05\/le-comite-cpa-et-trois-etudiantes-en-sciences-comptables-de-luqac-se-distinguent-au-congres-etudiant-cpa\/\" \/>\r\n<meta property=\"og:site_name\" content=\"UQACtualit\u00e9s\" \/>\r\n<meta property=\"article:published_time\" content=\"2017-04-05T20:14:19+00:00\" \/>\r\n<meta property=\"og:image\" content=\"https:\/\/www.uqac.ca\/uqactualites\/wp-content\/uploads\/2017\/04\/CPA17-Web-Voltaic-Pierre-Yves-Laroche.jpg\" \/>\r\n\t<meta property=\"og:image:width\" content=\"620\" \/>\r\n\t<meta property=\"og:image:height\" content=\"300\" \/>\r\n\t<meta property=\"og:image:type\" content=\"image\/jpeg\" \/>\r\n<meta name=\"author\" content=\"Service des communications et des relations publiques\" \/>\r\n<meta name=\"twitter:card\" content=\"summary_large_image\" \/>\r\n<meta name=\"twitter:label1\" content=\"\u00c9crit par\" \/>\n\t<meta name=\"twitter:data1\" content=\"Service des communications et des relations publiques\" \/>\n\t<meta name=\"twitter:label2\" content=\"Estimation du temps de lecture\" \/>\n\t<meta name=\"twitter:data2\" content=\"1 minute\" \/>\r\n<script type=\"application\/ld+json\" class=\"yoast-schema-graph\">{\"@context\":\"https:\/\/schema.org\",\"@graph\":[{\"@type\":\"WebPage\",\"@id\":\"https:\/\/www.uqac.ca\/uqactualites\/2017\/04\/05\/le-comite-cpa-et-trois-etudiantes-en-sciences-comptables-de-luqac-se-distinguent-au-congres-etudiant-cpa\/\",\"url\":\"https:\/\/www.uqac.ca\/uqactualites\/2017\/04\/05\/le-comite-cpa-et-trois-etudiantes-en-sciences-comptables-de-luqac-se-distinguent-au-congres-etudiant-cpa\/\",\"name\":\"Le Comit\u00e9 CPA et trois \u00e9tudiantes en sciences comptables de l\u2019UQAC se distinguent au Congr\u00e8s \u00e9tudiant CPA - UQACtualit\u00e9s\",\"isPartOf\":{\"@id\":\"https:\/\/www.uqac.ca\/uqactualites\/#website\"},\"primaryImageOfPage\":{\"@id\":\"https:\/\/www.uqac.ca\/uqactualites\/2017\/04\/05\/le-comite-cpa-et-trois-etudiantes-en-sciences-comptables-de-luqac-se-distinguent-au-congres-etudiant-cpa\/#primaryimage\"},\"image\":{\"@id\":\"https:\/\/www.uqac.ca\/uqactualites\/2017\/04\/05\/le-comite-cpa-et-trois-etudiantes-en-sciences-comptables-de-luqac-se-distinguent-au-congres-etudiant-cpa\/#primaryimage\"},\"thumbnailUrl\":\"https:\/\/www.uqac.ca\/uqactualites\/wp-content\/uploads\/2017\/04\/CPA17-Web-Voltaic-Pierre-Yves-Laroche.jpg\",\"datePublished\":\"2017-04-05T20:14:19+00:00\",\"dateModified\":\"2017-04-05T20:14:19+00:00\",\"author\":{\"@id\":\"https:\/\/www.uqac.ca\/uqactualites\/#\/schema\/person\/366c45a0c4f0e677b41b4af5886e2018\"},\"breadcrumb\":{\"@id\":\"https:\/\/www.uqac.ca\/uqactualites\/2017\/04\/05\/le-comite-cpa-et-trois-etudiantes-en-sciences-comptables-de-luqac-se-distinguent-au-congres-etudiant-cpa\/#breadcrumb\"},\"inLanguage\":\"fr-CA\",\"potentialAction\":[{\"@type\":\"ReadAction\",\"target\":[\"https:\/\/www.uqac.ca\/uqactualites\/2017\/04\/05\/le-comite-cpa-et-trois-etudiantes-en-sciences-comptables-de-luqac-se-distinguent-au-congres-etudiant-cpa\/\"]}]},{\"@type\":\"ImageObject\",\"inLanguage\":\"fr-CA\",\"@id\":\"https:\/\/www.uqac.ca\/uqactualites\/2017\/04\/05\/le-comite-cpa-et-trois-etudiantes-en-sciences-comptables-de-luqac-se-distinguent-au-congres-etudiant-cpa\/#primaryimage\",\"url\":\"https:\/\/www.uqac.ca\/uqactualites\/wp-content\/uploads\/2017\/04\/CPA17-Web-Voltaic-Pierre-Yves-Laroche.jpg\",\"contentUrl\":\"https:\/\/www.uqac.ca\/uqactualites\/wp-content\/uploads\/2017\/04\/CPA17-Web-Voltaic-Pierre-Yves-Laroche.jpg\",\"width\":620,\"height\":300},{\"@type\":\"BreadcrumbList\",\"@id\":\"https:\/\/www.uqac.ca\/uqactualites\/2017\/04\/05\/le-comite-cpa-et-trois-etudiantes-en-sciences-comptables-de-luqac-se-distinguent-au-congres-etudiant-cpa\/#breadcrumb\",\"itemListElement\":[{\"@type\":\"ListItem\",\"position\":1,\"name\":\"Home\",\"item\":\"https:\/\/www.uqac.ca\/uqactualites\/\"},{\"@type\":\"ListItem\",\"position\":2,\"name\":\"Le Comit\u00e9 CPA et trois \u00e9tudiantes en sciences comptables de l\u2019UQAC se distinguent au Congr\u00e8s \u00e9tudiant CPA\"}]},{\"@type\":\"WebSite\",\"@id\":\"https:\/\/www.uqac.ca\/uqactualites\/#website\",\"url\":\"https:\/\/www.uqac.ca\/uqactualites\/\",\"name\":\"UQACtualit\u00e9s\",\"description\":\"Le portail des nouvelles de l&#039;UQAC\",\"potentialAction\":[{\"@type\":\"SearchAction\",\"target\":{\"@type\":\"EntryPoint\",\"urlTemplate\":\"https:\/\/www.uqac.ca\/uqactualites\/?s={search_term_string}\"},\"query-input\":{\"@type\":\"PropertyValueSpecification\",\"valueRequired\":true,\"valueName\":\"search_term_string\"}}],\"inLanguage\":\"fr-CA\"},{\"@type\":\"Person\",\"@id\":\"https:\/\/www.uqac.ca\/uqactualites\/#\/schema\/person\/366c45a0c4f0e677b41b4af5886e2018\",\"name\":\"Service des communications et des relations publiques\",\"image\":{\"@type\":\"ImageObject\",\"inLanguage\":\"fr-CA\",\"@id\":\"https:\/\/www.uqac.ca\/uqactualites\/#\/schema\/person\/image\/\",\"url\":\"https:\/\/secure.gravatar.com\/avatar\/20fbbda8a292f59f2d3461a5b999c00b?s=96&d=mm&r=g\",\"contentUrl\":\"https:\/\/secure.gravatar.com\/avatar\/20fbbda8a292f59f2d3461a5b999c00b?s=96&d=mm&r=g\",\"caption\":\"Service des communications et des relations publiques\"},\"url\":\"https:\/\/www.uqac.ca\/uqactualites\/author\/bap\/\"}]}<\/script>\r\n<!-- \/ Yoast SEO plugin. -->","yoast_head_json":{"title":"Le Comit\u00e9 CPA et trois \u00e9tudiantes en sciences comptables de l\u2019UQAC se distinguent au Congr\u00e8s \u00e9tudiant CPA - UQACtualit\u00e9s","robots":{"index":"index","follow":"follow","max-snippet":"max-snippet:-1","max-image-preview":"max-image-preview:large","max-video-preview":"max-video-preview:-1"},"canonical":"https:\/\/www.uqac.ca\/uqactualites\/2017\/04\/05\/le-comite-cpa-et-trois-etudiantes-en-sciences-comptables-de-luqac-se-distinguent-au-congres-etudiant-cpa\/","og_locale":"fr_CA","og_type":"article","og_title":"Le Comit\u00e9 CPA et trois \u00e9tudiantes en sciences comptables de l\u2019UQAC se distinguent au Congr\u00e8s \u00e9tudiant CPA - UQACtualit\u00e9s","og_description":"La 5e \u00e9dition du Congr\u00e8s \u00e9tudiant CPA s\u2019est tenue du 17 au 19 mars dernier \u00e0 Rimouski, et la d\u00e9l\u00e9gation de l\u2019UQAC n\u2019a pas manqu\u00e9 de s\u2019y illustrer. Les 14 repr\u00e9sentants de l\u2019Universit\u00e9 se joignaient pour l\u2019occasion \u00e0 quelques 200 participants issus des diverses universit\u00e9s qu\u00e9b\u00e9coises. En plus du Prix de participation et professionnalisme remis [&hellip;]","og_url":"https:\/\/www.uqac.ca\/uqactualites\/2017\/04\/05\/le-comite-cpa-et-trois-etudiantes-en-sciences-comptables-de-luqac-se-distinguent-au-congres-etudiant-cpa\/","og_site_name":"UQACtualit\u00e9s","article_published_time":"2017-04-05T20:14:19+00:00","og_image":[{"width":620,"height":300,"url":"https:\/\/www.uqac.ca\/uqactualites\/wp-content\/uploads\/2017\/04\/CPA17-Web-Voltaic-Pierre-Yves-Laroche.jpg","type":"image\/jpeg"}],"author":"Service des communications et des relations publiques","twitter_card":"summary_large_image","twitter_misc":{"\u00c9crit par":"Service des communications et des relations publiques","Estimation du temps de lecture":"1 minute"},"schema":{"@context":"https:\/\/schema.org","@graph":[{"@type":"WebPage","@id":"https:\/\/www.uqac.ca\/uqactualites\/2017\/04\/05\/le-comite-cpa-et-trois-etudiantes-en-sciences-comptables-de-luqac-se-distinguent-au-congres-etudiant-cpa\/","url":"https:\/\/www.uqac.ca\/uqactualites\/2017\/04\/05\/le-comite-cpa-et-trois-etudiantes-en-sciences-comptables-de-luqac-se-distinguent-au-congres-etudiant-cpa\/","name":"Le Comit\u00e9 CPA et trois \u00e9tudiantes en sciences comptables de l\u2019UQAC se distinguent au Congr\u00e8s \u00e9tudiant CPA - UQACtualit\u00e9s","isPartOf":{"@id":"https:\/\/www.uqac.ca\/uqactualites\/#website"},"primaryImageOfPage":{"@id":"https:\/\/www.uqac.ca\/uqactualites\/2017\/04\/05\/le-comite-cpa-et-trois-etudiantes-en-sciences-comptables-de-luqac-se-distinguent-au-congres-etudiant-cpa\/#primaryimage"},"image":{"@id":"https:\/\/www.uqac.ca\/uqactualites\/2017\/04\/05\/le-comite-cpa-et-trois-etudiantes-en-sciences-comptables-de-luqac-se-distinguent-au-congres-etudiant-cpa\/#primaryimage"},"thumbnailUrl":"https:\/\/www.uqac.ca\/uqactualites\/wp-content\/uploads\/2017\/04\/CPA17-Web-Voltaic-Pierre-Yves-Laroche.jpg","datePublished":"2017-04-05T20:14:19+00:00","dateModified":"2017-04-05T20:14:19+00:00","author":{"@id":"https:\/\/www.uqac.ca\/uqactualites\/#\/schema\/person\/366c45a0c4f0e677b41b4af5886e2018"},"breadcrumb":{"@id":"https:\/\/www.uqac.ca\/uqactualites\/2017\/04\/05\/le-comite-cpa-et-trois-etudiantes-en-sciences-comptables-de-luqac-se-distinguent-au-congres-etudiant-cpa\/#breadcrumb"},"inLanguage":"fr-CA","potentialAction":[{"@type":"ReadAction","target":["https:\/\/www.uqac.ca\/uqactualites\/2017\/04\/05\/le-comite-cpa-et-trois-etudiantes-en-sciences-comptables-de-luqac-se-distinguent-au-congres-etudiant-cpa\/"]}]},{"@type":"ImageObject","inLanguage":"fr-CA","@id":"https:\/\/www.uqac.ca\/uqactualites\/2017\/04\/05\/le-comite-cpa-et-trois-etudiantes-en-sciences-comptables-de-luqac-se-distinguent-au-congres-etudiant-cpa\/#primaryimage","url":"https:\/\/www.uqac.ca\/uqactualites\/wp-content\/uploads\/2017\/04\/CPA17-Web-Voltaic-Pierre-Yves-Laroche.jpg","contentUrl":"https:\/\/www.uqac.ca\/uqactualites\/wp-content\/uploads\/2017\/04\/CPA17-Web-Voltaic-Pierre-Yves-Laroche.jpg","width":620,"height":300},{"@type":"BreadcrumbList","@id":"https:\/\/www.uqac.ca\/uqactualites\/2017\/04\/05\/le-comite-cpa-et-trois-etudiantes-en-sciences-comptables-de-luqac-se-distinguent-au-congres-etudiant-cpa\/#breadcrumb","itemListElement":[{"@type":"ListItem","position":1,"name":"Home","item":"https:\/\/www.uqac.ca\/uqactualites\/"},{"@type":"ListItem","position":2,"name":"Le Comit\u00e9 CPA et trois \u00e9tudiantes en sciences comptables de l\u2019UQAC se distinguent au Congr\u00e8s \u00e9tudiant CPA"}]},{"@type":"WebSite","@id":"https:\/\/www.uqac.ca\/uqactualites\/#website","url":"https:\/\/www.uqac.ca\/uqactualites\/","name":"UQACtualit\u00e9s","description":"Le portail des nouvelles de l&#039;UQAC","potentialAction":[{"@type":"SearchAction","target":{"@type":"EntryPoint","urlTemplate":"https:\/\/www.uqac.ca\/uqactualites\/?s={search_term_string}"},"query-input":{"@type":"PropertyValueSpecification","valueRequired":true,"valueName":"search_term_string"}}],"inLanguage":"fr-CA"},{"@type":"Person","@id":"https:\/\/www.uqac.ca\/uqactualites\/#\/schema\/person\/366c45a0c4f0e677b41b4af5886e2018","name":"Service des communications et des relations publiques","image":{"@type":"ImageObject","inLanguage":"fr-CA","@id":"https:\/\/www.uqac.ca\/uqactualites\/#\/schema\/person\/image\/","url":"https:\/\/secure.gravatar.com\/avatar\/20fbbda8a292f59f2d3461a5b999c00b?s=96&d=mm&r=g","contentUrl":"https:\/\/secure.gravatar.com\/avatar\/20fbbda8a292f59f2d3461a5b999c00b?s=96&d=mm&r=g","caption":"Service des communications et des relations publiques"},"url":"https:\/\/www.uqac.ca\/uqactualites\/author\/bap\/"}]}},"_links":{"self":[{"href":"https:\/\/www.uqac.ca\/uqactualites\/wp-json\/wp\/v2\/posts\/33141"}],"collection":[{"href":"https:\/\/www.uqac.ca\/uqactualites\/wp-json\/wp\/v2\/posts"}],"about":[{"href":"https:\/\/www.uqac.ca\/uqactualites\/wp-json\/wp\/v2\/types\/post"}],"author":[{"embeddable":true,"href":"https:\/\/www.uqac.ca\/uqactualites\/wp-json\/wp\/v2\/users\/5"}],"replies":[{"embeddable":true,"href":"https:\/\/www.uqac.ca\/uqactualites\/wp-json\/wp\/v2\/comments?post=33141"}],"version-history":[{"count":0,"href":"https:\/\/www.uqac.ca\/uqactualites\/wp-json\/wp\/v2\/posts\/33141\/revisions"}],"wp:featuredmedia":[{"embeddable":true,"href":"https:\/\/www.uqac.ca\/uqactualites\/wp-json\/wp\/v2\/media\/33142"}],"wp:attachment":[{"href":"https:\/\/www.uqac.ca\/uqactualites\/wp-json\/wp\/v2\/media?parent=33141"}],"wp:term":[{"taxonomy":"category","embeddable":true,"href":"https:\/\/www.uqac.ca\/uqactualites\/wp-json\/wp\/v2\/categories?post=33141"},{"taxonomy":"post_tag","embeddable":true,"href":"https:\/\/www.uqac.ca\/uqactualites\/wp-json\/wp\/v2\/tags?post=33141"}],"curies":[{"name":"wp","href":"https:\/\/api.w.org\/{rel}","templated":true}]}}