{"id":33200,"date":"2017-04-24T15:59:55","date_gmt":"2017-04-24T19:59:55","guid":{"rendered":"http:\/\/uqactualite.odev.ca\/?p=33200"},"modified":"2017-04-24T15:59:55","modified_gmt":"2017-04-24T19:59:55","slug":"vif-succes-pour-la-seconde-vente-de-garage-du-sie-pres-de-2-600-remis-au-fonds-humanitaire-de-luqac","status":"publish","type":"post","link":"https:\/\/www.uqac.ca\/uqactualites\/2017\/04\/24\/vif-succes-pour-la-seconde-vente-de-garage-du-sie-pres-de-2-600-remis-au-fonds-humanitaire-de-luqac\/","title":{"rendered":"Vif succ\u00e8s pour la seconde vente de garage du SIE\u00a0: Pr\u00e8s de 2\u00a0600\u00a0$ remis au Fonds humanitaire de l\u2019UQAC"},"content":{"rendered":"<p style=\"text-align: justify\">Le Service des immeubles et \u00e9quipements (SIE) proposait, le 21 avril dernier, la deuxi\u00e8me \u00e9dition de sa vente de garage. Vou\u00e9 au soutien du Fonds humanitaire de l\u2019UQAC, le projet n\u00e9 d\u2019une initiative des membres de l\u2019\u00e9quipe du SIE permet \u00e0 la communautaire universitaire d\u2019acheter \u00e0 co\u00fbt modique le mat\u00e9riel d\u00e9suet dont doit disposer l\u2019Universit\u00e9. C\u2019est une somme de pr\u00e8s de 2\u00a0600\u00a0$ qui a \u00e9t\u00e9 amass\u00e9e lors de l\u2019\u00e9v\u00e9nement et qui sera vers\u00e9e directement au fonds d\u2019aide aux \u00e9tudiants.<\/p>\n<p style=\"text-align: justify\">Notons que le SIE avait organis\u00e9 sa toute <span style=\"text-decoration: underline\"><a href=\"http:\/\/uqactualite.odev.ca\/plus-de-6100-pour-les-etudiants-dans-le-besoin\/\" target=\"_blank\" rel=\"noopener\"><strong>premi\u00e8re vente de garage en d\u00e9cembre dernier<\/strong><\/a><\/span>, amassant \u00e0 cette occasion plus de 6\u00a0000\u00a0$ pour les \u00e9tudiants dans le besoin \u00e0 l\u2019approche des f\u00eates.<\/p>\n<p style=\"text-align: justify\"><strong>\u00bb <\/strong><span style=\"text-decoration: underline\"><strong><a href=\"https:\/\/vimeo.com\/214290967\" target=\"_blank\" rel=\"noopener\">Visionnez en acc\u00e9l\u00e9r\u00e9 la seconde \u00e9dition de la vente de garage du SIE.<\/a><\/strong><\/span><\/p>\n<p style=\"text-align: justify\">F\u00e9licitations \u00e0 tous, et merci pour votre g\u00e9n\u00e9rosit\u00e9!<\/p>\n","protected":false},"excerpt":{"rendered":"<p>Le Service des immeubles et \u00e9quipements (SIE) proposait, le 21 avril dernier, la deuxi\u00e8me \u00e9dition de sa vente de garage. Vou\u00e9 au soutien du Fonds humanitaire de l\u2019UQAC, le projet n\u00e9 d\u2019une initiative des membres de l\u2019\u00e9quipe du SIE permet \u00e0 la communautaire universitaire d\u2019acheter \u00e0 co\u00fbt modique le mat\u00e9riel d\u00e9suet dont doit disposer l\u2019Universit\u00e9. [&hellip;]<\/p>\n","protected":false},"author":5,"featured_media":33201,"comment_status":"open","ping_status":"open","sticky":false,"template":"","format":"standard","meta":{"footnotes":""},"categories":[2],"tags":[],"yoast_head":"<!-- This site is optimized with the Yoast SEO plugin v24.2 - https:\/\/yoast.com\/wordpress\/plugins\/seo\/ -->\r\n<title>Vif succ\u00e8s pour la seconde vente de garage du SIE\u00a0: Pr\u00e8s de 2\u00a0600\u00a0$ remis au Fonds humanitaire de l\u2019UQAC - UQACtualit\u00e9s<\/title>\r\n<meta name=\"robots\" content=\"index, follow, max-snippet:-1, max-image-preview:large, max-video-preview:-1\" \/>\r\n<link rel=\"canonical\" href=\"https:\/\/www.uqac.ca\/uqactualites\/2017\/04\/24\/vif-succes-pour-la-seconde-vente-de-garage-du-sie-pres-de-2-600-remis-au-fonds-humanitaire-de-luqac\/\" \/>\r\n<meta property=\"og:locale\" content=\"fr_CA\" \/>\r\n<meta property=\"og:type\" content=\"article\" \/>\r\n<meta property=\"og:title\" content=\"Vif succ\u00e8s pour la seconde vente de garage du SIE\u00a0: Pr\u00e8s de 2\u00a0600\u00a0$ remis au Fonds humanitaire de l\u2019UQAC - UQACtualit\u00e9s\" \/>\r\n<meta property=\"og:description\" content=\"Le Service des immeubles et \u00e9quipements (SIE) proposait, le 21 avril dernier, la deuxi\u00e8me \u00e9dition de sa vente de garage. Vou\u00e9 au soutien du Fonds humanitaire de l\u2019UQAC, le projet n\u00e9 d\u2019une initiative des membres de l\u2019\u00e9quipe du SIE permet \u00e0 la communautaire universitaire d\u2019acheter \u00e0 co\u00fbt modique le mat\u00e9riel d\u00e9suet dont doit disposer l\u2019Universit\u00e9. [&hellip;]\" \/>\r\n<meta property=\"og:url\" content=\"https:\/\/www.uqac.ca\/uqactualites\/2017\/04\/24\/vif-succes-pour-la-seconde-vente-de-garage-du-sie-pres-de-2-600-remis-au-fonds-humanitaire-de-luqac\/\" \/>\r\n<meta property=\"og:site_name\" content=\"UQACtualit\u00e9s\" \/>\r\n<meta property=\"article:published_time\" content=\"2017-04-24T19:59:55+00:00\" \/>\r\n<meta property=\"og:image\" content=\"https:\/\/www.uqac.ca\/uqactualites\/wp-content\/uploads\/2017\/04\/Vente-garage-Web-Nicolas-Loiselle.png\" \/>\r\n\t<meta property=\"og:image:width\" content=\"620\" \/>\r\n\t<meta property=\"og:image:height\" content=\"300\" \/>\r\n\t<meta property=\"og:image:type\" content=\"image\/png\" \/>\r\n<meta name=\"author\" content=\"Service des communications et des relations publiques\" \/>\r\n<meta name=\"twitter:card\" content=\"summary_large_image\" \/>\r\n<meta name=\"twitter:label1\" content=\"\u00c9crit par\" \/>\n\t<meta name=\"twitter:data1\" content=\"Service des communications et des relations publiques\" \/>\n\t<meta name=\"twitter:label2\" content=\"Estimation du temps de lecture\" \/>\n\t<meta name=\"twitter:data2\" content=\"1 minute\" \/>\r\n<script type=\"application\/ld+json\" class=\"yoast-schema-graph\">{\"@context\":\"https:\/\/schema.org\",\"@graph\":[{\"@type\":\"WebPage\",\"@id\":\"https:\/\/www.uqac.ca\/uqactualites\/2017\/04\/24\/vif-succes-pour-la-seconde-vente-de-garage-du-sie-pres-de-2-600-remis-au-fonds-humanitaire-de-luqac\/\",\"url\":\"https:\/\/www.uqac.ca\/uqactualites\/2017\/04\/24\/vif-succes-pour-la-seconde-vente-de-garage-du-sie-pres-de-2-600-remis-au-fonds-humanitaire-de-luqac\/\",\"name\":\"Vif succ\u00e8s pour la seconde vente de garage du SIE\u00a0: Pr\u00e8s de 2\u00a0600\u00a0$ remis au Fonds humanitaire de l\u2019UQAC - UQACtualit\u00e9s\",\"isPartOf\":{\"@id\":\"https:\/\/www.uqac.ca\/uqactualites\/#website\"},\"primaryImageOfPage\":{\"@id\":\"https:\/\/www.uqac.ca\/uqactualites\/2017\/04\/24\/vif-succes-pour-la-seconde-vente-de-garage-du-sie-pres-de-2-600-remis-au-fonds-humanitaire-de-luqac\/#primaryimage\"},\"image\":{\"@id\":\"https:\/\/www.uqac.ca\/uqactualites\/2017\/04\/24\/vif-succes-pour-la-seconde-vente-de-garage-du-sie-pres-de-2-600-remis-au-fonds-humanitaire-de-luqac\/#primaryimage\"},\"thumbnailUrl\":\"https:\/\/www.uqac.ca\/uqactualites\/wp-content\/uploads\/2017\/04\/Vente-garage-Web-Nicolas-Loiselle.png\",\"datePublished\":\"2017-04-24T19:59:55+00:00\",\"dateModified\":\"2017-04-24T19:59:55+00:00\",\"author\":{\"@id\":\"https:\/\/www.uqac.ca\/uqactualites\/#\/schema\/person\/366c45a0c4f0e677b41b4af5886e2018\"},\"breadcrumb\":{\"@id\":\"https:\/\/www.uqac.ca\/uqactualites\/2017\/04\/24\/vif-succes-pour-la-seconde-vente-de-garage-du-sie-pres-de-2-600-remis-au-fonds-humanitaire-de-luqac\/#breadcrumb\"},\"inLanguage\":\"fr-CA\",\"potentialAction\":[{\"@type\":\"ReadAction\",\"target\":[\"https:\/\/www.uqac.ca\/uqactualites\/2017\/04\/24\/vif-succes-pour-la-seconde-vente-de-garage-du-sie-pres-de-2-600-remis-au-fonds-humanitaire-de-luqac\/\"]}]},{\"@type\":\"ImageObject\",\"inLanguage\":\"fr-CA\",\"@id\":\"https:\/\/www.uqac.ca\/uqactualites\/2017\/04\/24\/vif-succes-pour-la-seconde-vente-de-garage-du-sie-pres-de-2-600-remis-au-fonds-humanitaire-de-luqac\/#primaryimage\",\"url\":\"https:\/\/www.uqac.ca\/uqactualites\/wp-content\/uploads\/2017\/04\/Vente-garage-Web-Nicolas-Loiselle.png\",\"contentUrl\":\"https:\/\/www.uqac.ca\/uqactualites\/wp-content\/uploads\/2017\/04\/Vente-garage-Web-Nicolas-Loiselle.png\",\"width\":620,\"height\":300},{\"@type\":\"BreadcrumbList\",\"@id\":\"https:\/\/www.uqac.ca\/uqactualites\/2017\/04\/24\/vif-succes-pour-la-seconde-vente-de-garage-du-sie-pres-de-2-600-remis-au-fonds-humanitaire-de-luqac\/#breadcrumb\",\"itemListElement\":[{\"@type\":\"ListItem\",\"position\":1,\"name\":\"Home\",\"item\":\"https:\/\/www.uqac.ca\/uqactualites\/\"},{\"@type\":\"ListItem\",\"position\":2,\"name\":\"Vif succ\u00e8s pour la seconde vente de garage du SIE\u00a0: Pr\u00e8s de 2\u00a0600\u00a0$ remis au Fonds humanitaire de l\u2019UQAC\"}]},{\"@type\":\"WebSite\",\"@id\":\"https:\/\/www.uqac.ca\/uqactualites\/#website\",\"url\":\"https:\/\/www.uqac.ca\/uqactualites\/\",\"name\":\"UQACtualit\u00e9s\",\"description\":\"Le portail des nouvelles de l&#039;UQAC\",\"potentialAction\":[{\"@type\":\"SearchAction\",\"target\":{\"@type\":\"EntryPoint\",\"urlTemplate\":\"https:\/\/www.uqac.ca\/uqactualites\/?s={search_term_string}\"},\"query-input\":{\"@type\":\"PropertyValueSpecification\",\"valueRequired\":true,\"valueName\":\"search_term_string\"}}],\"inLanguage\":\"fr-CA\"},{\"@type\":\"Person\",\"@id\":\"https:\/\/www.uqac.ca\/uqactualites\/#\/schema\/person\/366c45a0c4f0e677b41b4af5886e2018\",\"name\":\"Service des communications et des relations publiques\",\"image\":{\"@type\":\"ImageObject\",\"inLanguage\":\"fr-CA\",\"@id\":\"https:\/\/www.uqac.ca\/uqactualites\/#\/schema\/person\/image\/\",\"url\":\"https:\/\/secure.gravatar.com\/avatar\/20fbbda8a292f59f2d3461a5b999c00b?s=96&d=mm&r=g\",\"contentUrl\":\"https:\/\/secure.gravatar.com\/avatar\/20fbbda8a292f59f2d3461a5b999c00b?s=96&d=mm&r=g\",\"caption\":\"Service des communications et des relations publiques\"},\"url\":\"https:\/\/www.uqac.ca\/uqactualites\/author\/bap\/\"}]}<\/script>\r\n<!-- \/ Yoast SEO plugin. -->","yoast_head_json":{"title":"Vif succ\u00e8s pour la seconde vente de garage du SIE\u00a0: Pr\u00e8s de 2\u00a0600\u00a0$ remis au Fonds humanitaire de l\u2019UQAC - UQACtualit\u00e9s","robots":{"index":"index","follow":"follow","max-snippet":"max-snippet:-1","max-image-preview":"max-image-preview:large","max-video-preview":"max-video-preview:-1"},"canonical":"https:\/\/www.uqac.ca\/uqactualites\/2017\/04\/24\/vif-succes-pour-la-seconde-vente-de-garage-du-sie-pres-de-2-600-remis-au-fonds-humanitaire-de-luqac\/","og_locale":"fr_CA","og_type":"article","og_title":"Vif succ\u00e8s pour la seconde vente de garage du SIE\u00a0: Pr\u00e8s de 2\u00a0600\u00a0$ remis au Fonds humanitaire de l\u2019UQAC - UQACtualit\u00e9s","og_description":"Le Service des immeubles et \u00e9quipements (SIE) proposait, le 21 avril dernier, la deuxi\u00e8me \u00e9dition de sa vente de garage. Vou\u00e9 au soutien du Fonds humanitaire de l\u2019UQAC, le projet n\u00e9 d\u2019une initiative des membres de l\u2019\u00e9quipe du SIE permet \u00e0 la communautaire universitaire d\u2019acheter \u00e0 co\u00fbt modique le mat\u00e9riel d\u00e9suet dont doit disposer l\u2019Universit\u00e9. [&hellip;]","og_url":"https:\/\/www.uqac.ca\/uqactualites\/2017\/04\/24\/vif-succes-pour-la-seconde-vente-de-garage-du-sie-pres-de-2-600-remis-au-fonds-humanitaire-de-luqac\/","og_site_name":"UQACtualit\u00e9s","article_published_time":"2017-04-24T19:59:55+00:00","og_image":[{"width":620,"height":300,"url":"https:\/\/www.uqac.ca\/uqactualites\/wp-content\/uploads\/2017\/04\/Vente-garage-Web-Nicolas-Loiselle.png","type":"image\/png"}],"author":"Service des communications et des relations publiques","twitter_card":"summary_large_image","twitter_misc":{"\u00c9crit par":"Service des communications et des relations publiques","Estimation du temps de lecture":"1 minute"},"schema":{"@context":"https:\/\/schema.org","@graph":[{"@type":"WebPage","@id":"https:\/\/www.uqac.ca\/uqactualites\/2017\/04\/24\/vif-succes-pour-la-seconde-vente-de-garage-du-sie-pres-de-2-600-remis-au-fonds-humanitaire-de-luqac\/","url":"https:\/\/www.uqac.ca\/uqactualites\/2017\/04\/24\/vif-succes-pour-la-seconde-vente-de-garage-du-sie-pres-de-2-600-remis-au-fonds-humanitaire-de-luqac\/","name":"Vif succ\u00e8s pour la seconde vente de garage du SIE\u00a0: Pr\u00e8s de 2\u00a0600\u00a0$ remis au Fonds humanitaire de l\u2019UQAC - UQACtualit\u00e9s","isPartOf":{"@id":"https:\/\/www.uqac.ca\/uqactualites\/#website"},"primaryImageOfPage":{"@id":"https:\/\/www.uqac.ca\/uqactualites\/2017\/04\/24\/vif-succes-pour-la-seconde-vente-de-garage-du-sie-pres-de-2-600-remis-au-fonds-humanitaire-de-luqac\/#primaryimage"},"image":{"@id":"https:\/\/www.uqac.ca\/uqactualites\/2017\/04\/24\/vif-succes-pour-la-seconde-vente-de-garage-du-sie-pres-de-2-600-remis-au-fonds-humanitaire-de-luqac\/#primaryimage"},"thumbnailUrl":"https:\/\/www.uqac.ca\/uqactualites\/wp-content\/uploads\/2017\/04\/Vente-garage-Web-Nicolas-Loiselle.png","datePublished":"2017-04-24T19:59:55+00:00","dateModified":"2017-04-24T19:59:55+00:00","author":{"@id":"https:\/\/www.uqac.ca\/uqactualites\/#\/schema\/person\/366c45a0c4f0e677b41b4af5886e2018"},"breadcrumb":{"@id":"https:\/\/www.uqac.ca\/uqactualites\/2017\/04\/24\/vif-succes-pour-la-seconde-vente-de-garage-du-sie-pres-de-2-600-remis-au-fonds-humanitaire-de-luqac\/#breadcrumb"},"inLanguage":"fr-CA","potentialAction":[{"@type":"ReadAction","target":["https:\/\/www.uqac.ca\/uqactualites\/2017\/04\/24\/vif-succes-pour-la-seconde-vente-de-garage-du-sie-pres-de-2-600-remis-au-fonds-humanitaire-de-luqac\/"]}]},{"@type":"ImageObject","inLanguage":"fr-CA","@id":"https:\/\/www.uqac.ca\/uqactualites\/2017\/04\/24\/vif-succes-pour-la-seconde-vente-de-garage-du-sie-pres-de-2-600-remis-au-fonds-humanitaire-de-luqac\/#primaryimage","url":"https:\/\/www.uqac.ca\/uqactualites\/wp-content\/uploads\/2017\/04\/Vente-garage-Web-Nicolas-Loiselle.png","contentUrl":"https:\/\/www.uqac.ca\/uqactualites\/wp-content\/uploads\/2017\/04\/Vente-garage-Web-Nicolas-Loiselle.png","width":620,"height":300},{"@type":"BreadcrumbList","@id":"https:\/\/www.uqac.ca\/uqactualites\/2017\/04\/24\/vif-succes-pour-la-seconde-vente-de-garage-du-sie-pres-de-2-600-remis-au-fonds-humanitaire-de-luqac\/#breadcrumb","itemListElement":[{"@type":"ListItem","position":1,"name":"Home","item":"https:\/\/www.uqac.ca\/uqactualites\/"},{"@type":"ListItem","position":2,"name":"Vif succ\u00e8s pour la seconde vente de garage du SIE\u00a0: Pr\u00e8s de 2\u00a0600\u00a0$ remis au Fonds humanitaire de l\u2019UQAC"}]},{"@type":"WebSite","@id":"https:\/\/www.uqac.ca\/uqactualites\/#website","url":"https:\/\/www.uqac.ca\/uqactualites\/","name":"UQACtualit\u00e9s","description":"Le portail des nouvelles de l&#039;UQAC","potentialAction":[{"@type":"SearchAction","target":{"@type":"EntryPoint","urlTemplate":"https:\/\/www.uqac.ca\/uqactualites\/?s={search_term_string}"},"query-input":{"@type":"PropertyValueSpecification","valueRequired":true,"valueName":"search_term_string"}}],"inLanguage":"fr-CA"},{"@type":"Person","@id":"https:\/\/www.uqac.ca\/uqactualites\/#\/schema\/person\/366c45a0c4f0e677b41b4af5886e2018","name":"Service des communications et des relations publiques","image":{"@type":"ImageObject","inLanguage":"fr-CA","@id":"https:\/\/www.uqac.ca\/uqactualites\/#\/schema\/person\/image\/","url":"https:\/\/secure.gravatar.com\/avatar\/20fbbda8a292f59f2d3461a5b999c00b?s=96&d=mm&r=g","contentUrl":"https:\/\/secure.gravatar.com\/avatar\/20fbbda8a292f59f2d3461a5b999c00b?s=96&d=mm&r=g","caption":"Service des communications et des relations publiques"},"url":"https:\/\/www.uqac.ca\/uqactualites\/author\/bap\/"}]}},"_links":{"self":[{"href":"https:\/\/www.uqac.ca\/uqactualites\/wp-json\/wp\/v2\/posts\/33200"}],"collection":[{"href":"https:\/\/www.uqac.ca\/uqactualites\/wp-json\/wp\/v2\/posts"}],"about":[{"href":"https:\/\/www.uqac.ca\/uqactualites\/wp-json\/wp\/v2\/types\/post"}],"author":[{"embeddable":true,"href":"https:\/\/www.uqac.ca\/uqactualites\/wp-json\/wp\/v2\/users\/5"}],"replies":[{"embeddable":true,"href":"https:\/\/www.uqac.ca\/uqactualites\/wp-json\/wp\/v2\/comments?post=33200"}],"version-history":[{"count":0,"href":"https:\/\/www.uqac.ca\/uqactualites\/wp-json\/wp\/v2\/posts\/33200\/revisions"}],"wp:featuredmedia":[{"embeddable":true,"href":"https:\/\/www.uqac.ca\/uqactualites\/wp-json\/wp\/v2\/media\/33201"}],"wp:attachment":[{"href":"https:\/\/www.uqac.ca\/uqactualites\/wp-json\/wp\/v2\/media?parent=33200"}],"wp:term":[{"taxonomy":"category","embeddable":true,"href":"https:\/\/www.uqac.ca\/uqactualites\/wp-json\/wp\/v2\/categories?post=33200"},{"taxonomy":"post_tag","embeddable":true,"href":"https:\/\/www.uqac.ca\/uqactualites\/wp-json\/wp\/v2\/tags?post=33200"}],"curies":[{"name":"wp","href":"https:\/\/api.w.org\/{rel}","templated":true}]}}