{"id":33223,"date":"2017-05-01T09:00:58","date_gmt":"2017-05-01T13:00:58","guid":{"rendered":"http:\/\/uqactualite.odev.ca\/?p=33223"},"modified":"2024-05-24T08:34:46","modified_gmt":"2024-05-24T12:34:46","slug":"collation-des-grades-2017-1-396-finissants-sajoutent-a-la-famille-des-diplomes-de-luqac-2","status":"publish","type":"post","link":"https:\/\/www.uqac.ca\/uqactualites\/2017\/05\/01\/collation-des-grades-2017-1-396-finissants-sajoutent-a-la-famille-des-diplomes-de-luqac-2\/","title":{"rendered":"Collation des grades\u00a02017 : 1\u00a0396\u00a0finissants s\u2019ajoutent \u00e0 la famille des dipl\u00f4m\u00e9s de l\u2019UQAC"},"content":{"rendered":"<p style=\"text-align: justify;\">Pas moins de 1\u00a0396\u00a0finissants de l\u2019UQAC recevaient re\u00e7u le samedi 29\u00a0avril dernier leur attestation de fin d\u2019\u00e9tudes. C\u2019est \u00e0 l\u2019occasion des deux c\u00e9r\u00e9monies annuelles de Collation des grades qu\u2019\u00e9taient r\u00e9unis les nouveaux dipl\u00f4m\u00e9s, alors qu\u2019\u00e9taient c\u00e9l\u00e9br\u00e9es l\u2019excellence et la r\u00e9ussite. Parents, amis, ambassadeurs et dignitaires se sont joints \u00e0 eux pour partager ce moment important, qui jalonnera assur\u00e9ment leur parcours universitaire et professionnel.<\/p>\n<p style=\"text-align: justify;\">L\u2019\u00e9dition 2017 de la Collation des grades accueillait la premi\u00e8re cohorte des finissants de la ma\u00eetrise \u00e8s sciences appliqu\u00e9es en physioth\u00e9rapie. Rappelons que ce programme de physioth\u00e9rapie de l\u2019Universit\u00e9 McGill est offert par extension \u00e0 l\u2019UQAC depuis 2011. Pour obtenir leur droit de pratique en physioth\u00e9rapie, les 24 nouveaux dipl\u00f4m\u00e9s devaient obligatoirement avoir achev\u00e9 leur formation \u00e0 la ma\u00eetrise.<\/p>\n<p style=\"text-align: justify;\">L\u2019UQAC accueille ainsi dans son cercle de dipl\u00f4m\u00e9s 1\u00a0021\u00a0bacheliers, 340\u00a0ma\u00eetres et 35\u00a0docteurs. La communaut\u00e9 universitaire joint sa voix \u00e0 celle de la direction afin de f\u00e9liciter ces nouveaux ambassadeurs et de leur souhaiter la meilleure des chances pour l\u2019avenir.<\/p>\n<p style=\"text-align: justify;\"><strong>L\u2019UQAC en bref<br \/>\n<\/strong>Cr\u00e9\u00e9e en 1969, l\u2019Universit\u00e9 du Qu\u00e9bec \u00e0 Chicoutimi compte au sein de sa grande famille de dipl\u00f4m\u00e9s plus de 53\u00a0000 personnes. Chaque ann\u00e9e, elle accueille, sur son campus principal et dans ses centres d\u2019\u00e9tudes, 7\u00a0000 \u00e9tudiants dont 1\u00a0000 sont issus d\u2019une cinquantaine de pays \u00e0 travers le monde. La comp\u00e9tence et l\u2019expertise de ses professeurs, combin\u00e9es \u00e0 l\u2019engagement de ses \u00e9tudiants, permettent \u00e0 l\u2019UQAC d\u2019assurer le d\u00e9veloppement de ses cr\u00e9neaux de recherche et de rayonner \u00e0 travers le monde.<\/p>\n","protected":false},"excerpt":{"rendered":"<p>Pas moins de 1\u00a0396\u00a0finissants de l\u2019UQAC recevaient re\u00e7u le samedi 29\u00a0avril dernier leur attestation de fin d\u2019\u00e9tudes. C\u2019est \u00e0 l\u2019occasion des deux c\u00e9r\u00e9monies annuelles de Collation des grades qu\u2019\u00e9taient r\u00e9unis les nouveaux dipl\u00f4m\u00e9s, alors qu\u2019\u00e9taient c\u00e9l\u00e9br\u00e9es l\u2019excellence et la r\u00e9ussite. Parents, amis, ambassadeurs et dignitaires se sont joints \u00e0 eux pour partager ce moment important, [&hellip;]<\/p>\n","protected":false},"author":5,"featured_media":33224,"comment_status":"open","ping_status":"open","sticky":false,"template":"","format":"standard","meta":{"footnotes":""},"categories":[2,61],"tags":[465],"yoast_head":"<!-- This site is optimized with the Yoast SEO plugin v24.2 - https:\/\/yoast.com\/wordpress\/plugins\/seo\/ -->\r\n<title>Collation des grades\u00a02017 : 1\u00a0396\u00a0finissants s\u2019ajoutent \u00e0 la famille des dipl\u00f4m\u00e9s de l\u2019UQAC - UQACtualit\u00e9s<\/title>\r\n<meta name=\"robots\" content=\"index, follow, max-snippet:-1, max-image-preview:large, max-video-preview:-1\" \/>\r\n<link rel=\"canonical\" href=\"https:\/\/www.uqac.ca\/uqactualites\/2017\/05\/01\/collation-des-grades-2017-1-396-finissants-sajoutent-a-la-famille-des-diplomes-de-luqac-2\/\" \/>\r\n<meta property=\"og:locale\" content=\"fr_CA\" \/>\r\n<meta property=\"og:type\" content=\"article\" \/>\r\n<meta property=\"og:title\" content=\"Collation des grades\u00a02017 : 1\u00a0396\u00a0finissants s\u2019ajoutent \u00e0 la famille des dipl\u00f4m\u00e9s de l\u2019UQAC - UQACtualit\u00e9s\" \/>\r\n<meta property=\"og:description\" content=\"Pas moins de 1\u00a0396\u00a0finissants de l\u2019UQAC recevaient re\u00e7u le samedi 29\u00a0avril dernier leur attestation de fin d\u2019\u00e9tudes. C\u2019est \u00e0 l\u2019occasion des deux c\u00e9r\u00e9monies annuelles de Collation des grades qu\u2019\u00e9taient r\u00e9unis les nouveaux dipl\u00f4m\u00e9s, alors qu\u2019\u00e9taient c\u00e9l\u00e9br\u00e9es l\u2019excellence et la r\u00e9ussite. Parents, amis, ambassadeurs et dignitaires se sont joints \u00e0 eux pour partager ce moment important, [&hellip;]\" \/>\r\n<meta property=\"og:url\" content=\"https:\/\/www.uqac.ca\/uqactualites\/2017\/05\/01\/collation-des-grades-2017-1-396-finissants-sajoutent-a-la-famille-des-diplomes-de-luqac-2\/\" \/>\r\n<meta property=\"og:site_name\" content=\"UQACtualit\u00e9s\" \/>\r\n<meta property=\"article:published_time\" content=\"2017-05-01T13:00:58+00:00\" \/>\r\n<meta property=\"article:modified_time\" content=\"2024-05-24T12:34:46+00:00\" \/>\r\n<meta property=\"og:image\" content=\"https:\/\/www.uqac.ca\/uqactualites\/wp-content\/uploads\/2017\/05\/CDG17-2-Web.jpg\" \/>\r\n\t<meta property=\"og:image:width\" content=\"620\" \/>\r\n\t<meta property=\"og:image:height\" content=\"300\" \/>\r\n\t<meta property=\"og:image:type\" content=\"image\/jpeg\" \/>\r\n<meta name=\"author\" content=\"Service des communications et des relations publiques\" \/>\r\n<meta name=\"twitter:card\" content=\"summary_large_image\" \/>\r\n<meta name=\"twitter:label1\" content=\"\u00c9crit par\" \/>\n\t<meta name=\"twitter:data1\" content=\"Service des communications et des relations publiques\" \/>\n\t<meta name=\"twitter:label2\" content=\"Estimation du temps de lecture\" \/>\n\t<meta name=\"twitter:data2\" content=\"2 minutes\" \/>\r\n<script type=\"application\/ld+json\" class=\"yoast-schema-graph\">{\"@context\":\"https:\/\/schema.org\",\"@graph\":[{\"@type\":\"WebPage\",\"@id\":\"https:\/\/www.uqac.ca\/uqactualites\/2017\/05\/01\/collation-des-grades-2017-1-396-finissants-sajoutent-a-la-famille-des-diplomes-de-luqac-2\/\",\"url\":\"https:\/\/www.uqac.ca\/uqactualites\/2017\/05\/01\/collation-des-grades-2017-1-396-finissants-sajoutent-a-la-famille-des-diplomes-de-luqac-2\/\",\"name\":\"Collation des grades\u00a02017 : 1\u00a0396\u00a0finissants s\u2019ajoutent \u00e0 la famille des dipl\u00f4m\u00e9s de l\u2019UQAC - UQACtualit\u00e9s\",\"isPartOf\":{\"@id\":\"https:\/\/www.uqac.ca\/uqactualites\/#website\"},\"primaryImageOfPage\":{\"@id\":\"https:\/\/www.uqac.ca\/uqactualites\/2017\/05\/01\/collation-des-grades-2017-1-396-finissants-sajoutent-a-la-famille-des-diplomes-de-luqac-2\/#primaryimage\"},\"image\":{\"@id\":\"https:\/\/www.uqac.ca\/uqactualites\/2017\/05\/01\/collation-des-grades-2017-1-396-finissants-sajoutent-a-la-famille-des-diplomes-de-luqac-2\/#primaryimage\"},\"thumbnailUrl\":\"https:\/\/www.uqac.ca\/uqactualites\/wp-content\/uploads\/2017\/05\/CDG17-2-Web.jpg\",\"datePublished\":\"2017-05-01T13:00:58+00:00\",\"dateModified\":\"2024-05-24T12:34:46+00:00\",\"author\":{\"@id\":\"https:\/\/www.uqac.ca\/uqactualites\/#\/schema\/person\/366c45a0c4f0e677b41b4af5886e2018\"},\"breadcrumb\":{\"@id\":\"https:\/\/www.uqac.ca\/uqactualites\/2017\/05\/01\/collation-des-grades-2017-1-396-finissants-sajoutent-a-la-famille-des-diplomes-de-luqac-2\/#breadcrumb\"},\"inLanguage\":\"fr-CA\",\"potentialAction\":[{\"@type\":\"ReadAction\",\"target\":[\"https:\/\/www.uqac.ca\/uqactualites\/2017\/05\/01\/collation-des-grades-2017-1-396-finissants-sajoutent-a-la-famille-des-diplomes-de-luqac-2\/\"]}]},{\"@type\":\"ImageObject\",\"inLanguage\":\"fr-CA\",\"@id\":\"https:\/\/www.uqac.ca\/uqactualites\/2017\/05\/01\/collation-des-grades-2017-1-396-finissants-sajoutent-a-la-famille-des-diplomes-de-luqac-2\/#primaryimage\",\"url\":\"https:\/\/www.uqac.ca\/uqactualites\/wp-content\/uploads\/2017\/05\/CDG17-2-Web.jpg\",\"contentUrl\":\"https:\/\/www.uqac.ca\/uqactualites\/wp-content\/uploads\/2017\/05\/CDG17-2-Web.jpg\",\"width\":620,\"height\":300},{\"@type\":\"BreadcrumbList\",\"@id\":\"https:\/\/www.uqac.ca\/uqactualites\/2017\/05\/01\/collation-des-grades-2017-1-396-finissants-sajoutent-a-la-famille-des-diplomes-de-luqac-2\/#breadcrumb\",\"itemListElement\":[{\"@type\":\"ListItem\",\"position\":1,\"name\":\"Home\",\"item\":\"https:\/\/www.uqac.ca\/uqactualites\/\"},{\"@type\":\"ListItem\",\"position\":2,\"name\":\"Collation des grades\u00a02017 : 1\u00a0396\u00a0finissants s\u2019ajoutent \u00e0 la famille des dipl\u00f4m\u00e9s de l\u2019UQAC\"}]},{\"@type\":\"WebSite\",\"@id\":\"https:\/\/www.uqac.ca\/uqactualites\/#website\",\"url\":\"https:\/\/www.uqac.ca\/uqactualites\/\",\"name\":\"UQACtualit\u00e9s\",\"description\":\"Le portail des nouvelles de l&#039;UQAC\",\"potentialAction\":[{\"@type\":\"SearchAction\",\"target\":{\"@type\":\"EntryPoint\",\"urlTemplate\":\"https:\/\/www.uqac.ca\/uqactualites\/?s={search_term_string}\"},\"query-input\":{\"@type\":\"PropertyValueSpecification\",\"valueRequired\":true,\"valueName\":\"search_term_string\"}}],\"inLanguage\":\"fr-CA\"},{\"@type\":\"Person\",\"@id\":\"https:\/\/www.uqac.ca\/uqactualites\/#\/schema\/person\/366c45a0c4f0e677b41b4af5886e2018\",\"name\":\"Service des communications et des relations publiques\",\"image\":{\"@type\":\"ImageObject\",\"inLanguage\":\"fr-CA\",\"@id\":\"https:\/\/www.uqac.ca\/uqactualites\/#\/schema\/person\/image\/\",\"url\":\"https:\/\/secure.gravatar.com\/avatar\/20fbbda8a292f59f2d3461a5b999c00b?s=96&d=mm&r=g\",\"contentUrl\":\"https:\/\/secure.gravatar.com\/avatar\/20fbbda8a292f59f2d3461a5b999c00b?s=96&d=mm&r=g\",\"caption\":\"Service des communications et des relations publiques\"},\"url\":\"https:\/\/www.uqac.ca\/uqactualites\/author\/bap\/\"}]}<\/script>\r\n<!-- \/ Yoast SEO plugin. -->","yoast_head_json":{"title":"Collation des grades\u00a02017 : 1\u00a0396\u00a0finissants s\u2019ajoutent \u00e0 la famille des dipl\u00f4m\u00e9s de l\u2019UQAC - UQACtualit\u00e9s","robots":{"index":"index","follow":"follow","max-snippet":"max-snippet:-1","max-image-preview":"max-image-preview:large","max-video-preview":"max-video-preview:-1"},"canonical":"https:\/\/www.uqac.ca\/uqactualites\/2017\/05\/01\/collation-des-grades-2017-1-396-finissants-sajoutent-a-la-famille-des-diplomes-de-luqac-2\/","og_locale":"fr_CA","og_type":"article","og_title":"Collation des grades\u00a02017 : 1\u00a0396\u00a0finissants s\u2019ajoutent \u00e0 la famille des dipl\u00f4m\u00e9s de l\u2019UQAC - UQACtualit\u00e9s","og_description":"Pas moins de 1\u00a0396\u00a0finissants de l\u2019UQAC recevaient re\u00e7u le samedi 29\u00a0avril dernier leur attestation de fin d\u2019\u00e9tudes. C\u2019est \u00e0 l\u2019occasion des deux c\u00e9r\u00e9monies annuelles de Collation des grades qu\u2019\u00e9taient r\u00e9unis les nouveaux dipl\u00f4m\u00e9s, alors qu\u2019\u00e9taient c\u00e9l\u00e9br\u00e9es l\u2019excellence et la r\u00e9ussite. Parents, amis, ambassadeurs et dignitaires se sont joints \u00e0 eux pour partager ce moment important, [&hellip;]","og_url":"https:\/\/www.uqac.ca\/uqactualites\/2017\/05\/01\/collation-des-grades-2017-1-396-finissants-sajoutent-a-la-famille-des-diplomes-de-luqac-2\/","og_site_name":"UQACtualit\u00e9s","article_published_time":"2017-05-01T13:00:58+00:00","article_modified_time":"2024-05-24T12:34:46+00:00","og_image":[{"width":620,"height":300,"url":"https:\/\/www.uqac.ca\/uqactualites\/wp-content\/uploads\/2017\/05\/CDG17-2-Web.jpg","type":"image\/jpeg"}],"author":"Service des communications et des relations publiques","twitter_card":"summary_large_image","twitter_misc":{"\u00c9crit par":"Service des communications et des relations publiques","Estimation du temps de lecture":"2 minutes"},"schema":{"@context":"https:\/\/schema.org","@graph":[{"@type":"WebPage","@id":"https:\/\/www.uqac.ca\/uqactualites\/2017\/05\/01\/collation-des-grades-2017-1-396-finissants-sajoutent-a-la-famille-des-diplomes-de-luqac-2\/","url":"https:\/\/www.uqac.ca\/uqactualites\/2017\/05\/01\/collation-des-grades-2017-1-396-finissants-sajoutent-a-la-famille-des-diplomes-de-luqac-2\/","name":"Collation des grades\u00a02017 : 1\u00a0396\u00a0finissants s\u2019ajoutent \u00e0 la famille des dipl\u00f4m\u00e9s de l\u2019UQAC - UQACtualit\u00e9s","isPartOf":{"@id":"https:\/\/www.uqac.ca\/uqactualites\/#website"},"primaryImageOfPage":{"@id":"https:\/\/www.uqac.ca\/uqactualites\/2017\/05\/01\/collation-des-grades-2017-1-396-finissants-sajoutent-a-la-famille-des-diplomes-de-luqac-2\/#primaryimage"},"image":{"@id":"https:\/\/www.uqac.ca\/uqactualites\/2017\/05\/01\/collation-des-grades-2017-1-396-finissants-sajoutent-a-la-famille-des-diplomes-de-luqac-2\/#primaryimage"},"thumbnailUrl":"https:\/\/www.uqac.ca\/uqactualites\/wp-content\/uploads\/2017\/05\/CDG17-2-Web.jpg","datePublished":"2017-05-01T13:00:58+00:00","dateModified":"2024-05-24T12:34:46+00:00","author":{"@id":"https:\/\/www.uqac.ca\/uqactualites\/#\/schema\/person\/366c45a0c4f0e677b41b4af5886e2018"},"breadcrumb":{"@id":"https:\/\/www.uqac.ca\/uqactualites\/2017\/05\/01\/collation-des-grades-2017-1-396-finissants-sajoutent-a-la-famille-des-diplomes-de-luqac-2\/#breadcrumb"},"inLanguage":"fr-CA","potentialAction":[{"@type":"ReadAction","target":["https:\/\/www.uqac.ca\/uqactualites\/2017\/05\/01\/collation-des-grades-2017-1-396-finissants-sajoutent-a-la-famille-des-diplomes-de-luqac-2\/"]}]},{"@type":"ImageObject","inLanguage":"fr-CA","@id":"https:\/\/www.uqac.ca\/uqactualites\/2017\/05\/01\/collation-des-grades-2017-1-396-finissants-sajoutent-a-la-famille-des-diplomes-de-luqac-2\/#primaryimage","url":"https:\/\/www.uqac.ca\/uqactualites\/wp-content\/uploads\/2017\/05\/CDG17-2-Web.jpg","contentUrl":"https:\/\/www.uqac.ca\/uqactualites\/wp-content\/uploads\/2017\/05\/CDG17-2-Web.jpg","width":620,"height":300},{"@type":"BreadcrumbList","@id":"https:\/\/www.uqac.ca\/uqactualites\/2017\/05\/01\/collation-des-grades-2017-1-396-finissants-sajoutent-a-la-famille-des-diplomes-de-luqac-2\/#breadcrumb","itemListElement":[{"@type":"ListItem","position":1,"name":"Home","item":"https:\/\/www.uqac.ca\/uqactualites\/"},{"@type":"ListItem","position":2,"name":"Collation des grades\u00a02017 : 1\u00a0396\u00a0finissants s\u2019ajoutent \u00e0 la famille des dipl\u00f4m\u00e9s de l\u2019UQAC"}]},{"@type":"WebSite","@id":"https:\/\/www.uqac.ca\/uqactualites\/#website","url":"https:\/\/www.uqac.ca\/uqactualites\/","name":"UQACtualit\u00e9s","description":"Le portail des nouvelles de l&#039;UQAC","potentialAction":[{"@type":"SearchAction","target":{"@type":"EntryPoint","urlTemplate":"https:\/\/www.uqac.ca\/uqactualites\/?s={search_term_string}"},"query-input":{"@type":"PropertyValueSpecification","valueRequired":true,"valueName":"search_term_string"}}],"inLanguage":"fr-CA"},{"@type":"Person","@id":"https:\/\/www.uqac.ca\/uqactualites\/#\/schema\/person\/366c45a0c4f0e677b41b4af5886e2018","name":"Service des communications et des relations publiques","image":{"@type":"ImageObject","inLanguage":"fr-CA","@id":"https:\/\/www.uqac.ca\/uqactualites\/#\/schema\/person\/image\/","url":"https:\/\/secure.gravatar.com\/avatar\/20fbbda8a292f59f2d3461a5b999c00b?s=96&d=mm&r=g","contentUrl":"https:\/\/secure.gravatar.com\/avatar\/20fbbda8a292f59f2d3461a5b999c00b?s=96&d=mm&r=g","caption":"Service des communications et des relations publiques"},"url":"https:\/\/www.uqac.ca\/uqactualites\/author\/bap\/"}]}},"_links":{"self":[{"href":"https:\/\/www.uqac.ca\/uqactualites\/wp-json\/wp\/v2\/posts\/33223"}],"collection":[{"href":"https:\/\/www.uqac.ca\/uqactualites\/wp-json\/wp\/v2\/posts"}],"about":[{"href":"https:\/\/www.uqac.ca\/uqactualites\/wp-json\/wp\/v2\/types\/post"}],"author":[{"embeddable":true,"href":"https:\/\/www.uqac.ca\/uqactualites\/wp-json\/wp\/v2\/users\/5"}],"replies":[{"embeddable":true,"href":"https:\/\/www.uqac.ca\/uqactualites\/wp-json\/wp\/v2\/comments?post=33223"}],"version-history":[{"count":1,"href":"https:\/\/www.uqac.ca\/uqactualites\/wp-json\/wp\/v2\/posts\/33223\/revisions"}],"predecessor-version":[{"id":47388,"href":"https:\/\/www.uqac.ca\/uqactualites\/wp-json\/wp\/v2\/posts\/33223\/revisions\/47388"}],"wp:featuredmedia":[{"embeddable":true,"href":"https:\/\/www.uqac.ca\/uqactualites\/wp-json\/wp\/v2\/media\/33224"}],"wp:attachment":[{"href":"https:\/\/www.uqac.ca\/uqactualites\/wp-json\/wp\/v2\/media?parent=33223"}],"wp:term":[{"taxonomy":"category","embeddable":true,"href":"https:\/\/www.uqac.ca\/uqactualites\/wp-json\/wp\/v2\/categories?post=33223"},{"taxonomy":"post_tag","embeddable":true,"href":"https:\/\/www.uqac.ca\/uqactualites\/wp-json\/wp\/v2\/tags?post=33223"}],"curies":[{"name":"wp","href":"https:\/\/api.w.org\/{rel}","templated":true}]}}