{"id":33228,"date":"2017-05-03T08:31:25","date_gmt":"2017-05-03T12:31:25","guid":{"rendered":"http:\/\/uqactualite.odev.ca\/?p=33228"},"modified":"2017-05-03T08:31:25","modified_gmt":"2017-05-03T12:31:25","slug":"luqac-presente-le-11e-colloque-en-sciences-infirmieres-sous-le-theme-de-la-theorie-a-la-pratique-quand-les-savoirs-rayonnent","status":"publish","type":"post","link":"https:\/\/www.uqac.ca\/uqactualites\/2017\/05\/03\/luqac-presente-le-11e-colloque-en-sciences-infirmieres-sous-le-theme-de-la-theorie-a-la-pratique-quand-les-savoirs-rayonnent\/","title":{"rendered":"L\u2019UQAC pr\u00e9sente le 11e colloque en sciences infirmi\u00e8res sous le th\u00e8me De la th\u00e9orie \u00e0 la pratique&#8230; Quand les savoirs rayonnent"},"content":{"rendered":"<p style=\"text-align: right\"><strong>COMMUNIQU\u00c9<\/strong><br \/>\n<strong>POUR DIFFUSION IMM\u00c9DIATE\u00a0<\/strong><\/p>\n<p style=\"text-align: justify\"><strong>Saguenay, le 3 mai 2017 <\/strong>\u2013 Le Module des sciences infirmi\u00e8res et de la sant\u00e9 de l\u2019UQAC tiendra, ce mercredi 3 mai, au Centre des congr\u00e8s Delta Saguenay, son 11<sup>e<\/sup> colloque annuel. Cet \u00e9v\u00e9nement r\u00e9gional de formation, attendu par les professionnels des soins infirmiers, accueillera plus de 350 participants, en majorit\u00e9 des infirmi\u00e8res et des infirmiers dipl\u00f4m\u00e9s, des \u00e9tudiants en soins infirmiers et des gestionnaires du r\u00e9seau des \u00e9tablissements de soins et d&rsquo;enseignement publics et priv\u00e9s de sant\u00e9 particuli\u00e8rement du Saguenay\u2013Lac-Saint-Jean mais aussi d\u2019un peu partout au Qu\u00e9bec.<\/p>\n<p style=\"text-align: justify\">En effet, cette ann\u00e9e, l\u2019\u00e9v\u00e9nement sera coordonn\u00e9 avec la tenue du 18<sup>e<\/sup> colloque de la ma\u00eetrise en sciences infirmi\u00e8res du r\u00e9seau de l\u2019Universit\u00e9 du Qu\u00e9bec (UQAC, UQTR, UQAR, UQO, UQAT), ce qui fait qu\u2019une quarantaine de participants sont issus de l\u2019ext\u00e9rieur de la r\u00e9gion.<\/p>\n<p style=\"text-align: justify\">Trois conf\u00e9renciers prendront part au colloque qui se d\u00e9roule sous le th\u00e8me <em>De la th\u00e9orie \u00e0 la pratique&#8230; Quand les savoirs rayonnent<\/em>\u00a0: Sylvie Dubois, inf., Ph. D., Directrice \u00e0 la Direction nationale des soins et services infirmiers (minist\u00e8re de la Sant\u00e9 et des Services sociaux), professeure associ\u00e9e (Universit\u00e9 de Montr\u00e9al); Odette Roy, M. Sc. (inf.), MAP, Ph. D., infirmi\u00e8re clinicienne sp\u00e9cialis\u00e9e, consultante et mentore, professeure associ\u00e9e \u00e0 la Facult\u00e9 des sciences infirmi\u00e8res (UdeM); et Kar\u00e8ne Laroque, conf\u00e9renci\u00e8re et formatrice sp\u00e9cialis\u00e9e en autod\u00e9veloppement.<\/p>\n<p style=\"text-align: justify\">De plus, les participants auront la possibilit\u00e9 de s&rsquo;inscrire \u00e0 deux des dix-huit ateliers scientifiques propos\u00e9s. Avec les grandes conf\u00e9rences, les ateliers, les affiches et quelques kiosques, cette activit\u00e9 permet d\u2019accumuler 7 heures de formation accr\u00e9dit\u00e9e en fonction du r\u00e8glement de l\u2019Ordre des infirmi\u00e8res et infirmiers du Qu\u00e9bec (OIIQ).<\/p>\n<p style=\"text-align: justify\">Pour pr\u00e9senter le th\u00e8me retenu cette ann\u00e9e, la pr\u00e9sidente du comit\u00e9 organisateur, madame Carole Dionne, directrice du Module des sciences infirmi\u00e8res et de la sant\u00e9 de l&rsquo;UQAC, a pr\u00e9cis\u00e9\u00a0: \u00ab\u00a0On constate que dans tous les domaines de l\u2019activit\u00e9 humaine, savoir c\u2019est pouvoir. C\u2019est aussi vrai pour la profession infirmi\u00e8re. Les diff\u00e9rents savoirs infirmiers (savoir-faire, savoir-\u00eatre, etc.) se construisent et se complexifient \u00e0 partir de l\u2019accumulation et l\u2019enrichissement mutuel des connaissances th\u00e9oriques et des exp\u00e9riences pratiques. Cette construction se poursuit, se d\u00e9veloppe et s\u2019approfondit durant toute la vie professionnelle d\u2019une infirmi\u00e8re. C\u2019est ce qu\u2019on identifie de plus en plus clairement, apr\u00e8s un certain temps, comme \u00ab l\u2019exp\u00e9rience infirmi\u00e8re\u00a0\u00bb.<\/p>\n<p style=\"text-align: justify\">\u00ab\u00a0C\u2019est souvent \u00e0 travers l\u2019exp\u00e9rience infirmi\u00e8re que les savoirs rayonnent. Des infirmi\u00e8res qui cumulent vingt ou trente ans de pratique sont habituellement per\u00e7ues comme des r\u00e9f\u00e9rences par les pairs qui les c\u00f4toient et qui d\u00e9butent dans la profession. Elles serviront de phares pour les futures infirmi\u00e8res qui embrasseront la profession avec passion. Il n\u2019est pas rare non plus que ces personnes soient des r\u00e9f\u00e9rences m\u00eame \u00e0 l\u2019ext\u00e9rieur de leur profession, dans leur environnement professionnel et personnel. De ces personnes, on dit souvent qu\u2019elles \u00ab\u00a0rayonnent\u00a0\u00bb\u00a0\u00bb, conclut Mme Dionne.<\/p>\n<p style=\"text-align: justify\">Le programme complet du colloque est disponible sur le Web \u00e0\u00a0l&rsquo;adresse suivante\u00a0: <a href=\"http:\/\/colloques.uqac.ca\/scinf\">colloques.uqac.ca\/scinf<\/a>.<\/p>\n<p style=\"text-align: center\">&#8211; 30 &#8211;<\/p>\n<p style=\"text-align: justify\"><strong>Source\u00a0:<br \/>\n<\/strong>Marie-France Audet, agente d\u2019information<br \/>\nService des communications et des relations publiques<br \/>\nUniversit\u00e9 du Qu\u00e9bec \u00e0 Chicoutimi<br \/>\n418\u00a0545-5011, poste\u00a05006 \u25aa <a href=\"mailto:marie-france.audet@uqac.ca\">marie-france.audet@uqac.ca<\/a><\/p>\n","protected":false},"excerpt":{"rendered":"<p>COMMUNIQU\u00c9 POUR DIFFUSION IMM\u00c9DIATE\u00a0 Saguenay, le 3 mai 2017 \u2013 Le Module des sciences infirmi\u00e8res et de la sant\u00e9 de l\u2019UQAC tiendra, ce mercredi 3 mai, au Centre des congr\u00e8s Delta Saguenay, son 11e colloque annuel. Cet \u00e9v\u00e9nement r\u00e9gional de formation, attendu par les professionnels des soins infirmiers, accueillera plus de 350 participants, en majorit\u00e9 [&hellip;]<\/p>\n","protected":false},"author":5,"featured_media":24879,"comment_status":"open","ping_status":"open","sticky":false,"template":"","format":"standard","meta":{"footnotes":""},"categories":[2772],"tags":[],"yoast_head":"<!-- This site is optimized with the Yoast SEO plugin v24.2 - https:\/\/yoast.com\/wordpress\/plugins\/seo\/ -->\r\n<title>L\u2019UQAC pr\u00e9sente le 11e colloque en sciences infirmi\u00e8res sous le th\u00e8me De la th\u00e9orie \u00e0 la pratique... Quand les savoirs rayonnent - UQACtualit\u00e9s<\/title>\r\n<meta name=\"robots\" content=\"index, follow, max-snippet:-1, max-image-preview:large, max-video-preview:-1\" \/>\r\n<link rel=\"canonical\" href=\"https:\/\/www.uqac.ca\/uqactualites\/2017\/05\/03\/luqac-presente-le-11e-colloque-en-sciences-infirmieres-sous-le-theme-de-la-theorie-a-la-pratique-quand-les-savoirs-rayonnent\/\" \/>\r\n<meta property=\"og:locale\" content=\"fr_CA\" \/>\r\n<meta property=\"og:type\" content=\"article\" \/>\r\n<meta property=\"og:title\" content=\"L\u2019UQAC pr\u00e9sente le 11e colloque en sciences infirmi\u00e8res sous le th\u00e8me De la th\u00e9orie \u00e0 la pratique... Quand les savoirs rayonnent - UQACtualit\u00e9s\" \/>\r\n<meta property=\"og:description\" content=\"COMMUNIQU\u00c9 POUR DIFFUSION IMM\u00c9DIATE\u00a0 Saguenay, le 3 mai 2017 \u2013 Le Module des sciences infirmi\u00e8res et de la sant\u00e9 de l\u2019UQAC tiendra, ce mercredi 3 mai, au Centre des congr\u00e8s Delta Saguenay, son 11e colloque annuel. Cet \u00e9v\u00e9nement r\u00e9gional de formation, attendu par les professionnels des soins infirmiers, accueillera plus de 350 participants, en majorit\u00e9 [&hellip;]\" \/>\r\n<meta property=\"og:url\" content=\"https:\/\/www.uqac.ca\/uqactualites\/2017\/05\/03\/luqac-presente-le-11e-colloque-en-sciences-infirmieres-sous-le-theme-de-la-theorie-a-la-pratique-quand-les-savoirs-rayonnent\/\" \/>\r\n<meta property=\"og:site_name\" content=\"UQACtualit\u00e9s\" \/>\r\n<meta property=\"article:published_time\" content=\"2017-05-03T12:31:25+00:00\" \/>\r\n<meta property=\"og:image\" content=\"https:\/\/www.uqac.ca\/uqactualites\/wp-content\/uploads\/2013\/07\/GRAF-Uqactualit\u00e9s-\u00c913-11.jpg\" \/>\r\n\t<meta property=\"og:image:width\" content=\"620\" \/>\r\n\t<meta property=\"og:image:height\" content=\"301\" \/>\r\n\t<meta property=\"og:image:type\" content=\"image\/jpeg\" \/>\r\n<meta name=\"author\" content=\"Service des communications et des relations publiques\" \/>\r\n<meta name=\"twitter:card\" content=\"summary_large_image\" \/>\r\n<meta name=\"twitter:label1\" content=\"\u00c9crit par\" \/>\n\t<meta name=\"twitter:data1\" content=\"Service des communications et des relations publiques\" \/>\n\t<meta name=\"twitter:label2\" content=\"Estimation du temps de lecture\" \/>\n\t<meta name=\"twitter:data2\" content=\"3 minutes\" \/>\r\n<script type=\"application\/ld+json\" class=\"yoast-schema-graph\">{\"@context\":\"https:\/\/schema.org\",\"@graph\":[{\"@type\":\"WebPage\",\"@id\":\"https:\/\/www.uqac.ca\/uqactualites\/2017\/05\/03\/luqac-presente-le-11e-colloque-en-sciences-infirmieres-sous-le-theme-de-la-theorie-a-la-pratique-quand-les-savoirs-rayonnent\/\",\"url\":\"https:\/\/www.uqac.ca\/uqactualites\/2017\/05\/03\/luqac-presente-le-11e-colloque-en-sciences-infirmieres-sous-le-theme-de-la-theorie-a-la-pratique-quand-les-savoirs-rayonnent\/\",\"name\":\"L\u2019UQAC pr\u00e9sente le 11e colloque en sciences infirmi\u00e8res sous le th\u00e8me De la th\u00e9orie \u00e0 la pratique... Quand les savoirs rayonnent - UQACtualit\u00e9s\",\"isPartOf\":{\"@id\":\"https:\/\/www.uqac.ca\/uqactualites\/#website\"},\"primaryImageOfPage\":{\"@id\":\"https:\/\/www.uqac.ca\/uqactualites\/2017\/05\/03\/luqac-presente-le-11e-colloque-en-sciences-infirmieres-sous-le-theme-de-la-theorie-a-la-pratique-quand-les-savoirs-rayonnent\/#primaryimage\"},\"image\":{\"@id\":\"https:\/\/www.uqac.ca\/uqactualites\/2017\/05\/03\/luqac-presente-le-11e-colloque-en-sciences-infirmieres-sous-le-theme-de-la-theorie-a-la-pratique-quand-les-savoirs-rayonnent\/#primaryimage\"},\"thumbnailUrl\":\"https:\/\/www.uqac.ca\/uqactualites\/wp-content\/uploads\/2013\/07\/GRAF-Uqactualit\u00e9s-\u00c913-11.jpg\",\"datePublished\":\"2017-05-03T12:31:25+00:00\",\"dateModified\":\"2017-05-03T12:31:25+00:00\",\"author\":{\"@id\":\"https:\/\/www.uqac.ca\/uqactualites\/#\/schema\/person\/366c45a0c4f0e677b41b4af5886e2018\"},\"breadcrumb\":{\"@id\":\"https:\/\/www.uqac.ca\/uqactualites\/2017\/05\/03\/luqac-presente-le-11e-colloque-en-sciences-infirmieres-sous-le-theme-de-la-theorie-a-la-pratique-quand-les-savoirs-rayonnent\/#breadcrumb\"},\"inLanguage\":\"fr-CA\",\"potentialAction\":[{\"@type\":\"ReadAction\",\"target\":[\"https:\/\/www.uqac.ca\/uqactualites\/2017\/05\/03\/luqac-presente-le-11e-colloque-en-sciences-infirmieres-sous-le-theme-de-la-theorie-a-la-pratique-quand-les-savoirs-rayonnent\/\"]}]},{\"@type\":\"ImageObject\",\"inLanguage\":\"fr-CA\",\"@id\":\"https:\/\/www.uqac.ca\/uqactualites\/2017\/05\/03\/luqac-presente-le-11e-colloque-en-sciences-infirmieres-sous-le-theme-de-la-theorie-a-la-pratique-quand-les-savoirs-rayonnent\/#primaryimage\",\"url\":\"https:\/\/www.uqac.ca\/uqactualites\/wp-content\/uploads\/2013\/07\/GRAF-Uqactualit\u00e9s-\u00c913-11.jpg\",\"contentUrl\":\"https:\/\/www.uqac.ca\/uqactualites\/wp-content\/uploads\/2013\/07\/GRAF-Uqactualit\u00e9s-\u00c913-11.jpg\",\"width\":620,\"height\":301},{\"@type\":\"BreadcrumbList\",\"@id\":\"https:\/\/www.uqac.ca\/uqactualites\/2017\/05\/03\/luqac-presente-le-11e-colloque-en-sciences-infirmieres-sous-le-theme-de-la-theorie-a-la-pratique-quand-les-savoirs-rayonnent\/#breadcrumb\",\"itemListElement\":[{\"@type\":\"ListItem\",\"position\":1,\"name\":\"Home\",\"item\":\"https:\/\/www.uqac.ca\/uqactualites\/\"},{\"@type\":\"ListItem\",\"position\":2,\"name\":\"L\u2019UQAC pr\u00e9sente le 11e colloque en sciences infirmi\u00e8res sous le th\u00e8me De la th\u00e9orie \u00e0 la pratique&#8230; Quand les savoirs rayonnent\"}]},{\"@type\":\"WebSite\",\"@id\":\"https:\/\/www.uqac.ca\/uqactualites\/#website\",\"url\":\"https:\/\/www.uqac.ca\/uqactualites\/\",\"name\":\"UQACtualit\u00e9s\",\"description\":\"Le portail des nouvelles de l&#039;UQAC\",\"potentialAction\":[{\"@type\":\"SearchAction\",\"target\":{\"@type\":\"EntryPoint\",\"urlTemplate\":\"https:\/\/www.uqac.ca\/uqactualites\/?s={search_term_string}\"},\"query-input\":{\"@type\":\"PropertyValueSpecification\",\"valueRequired\":true,\"valueName\":\"search_term_string\"}}],\"inLanguage\":\"fr-CA\"},{\"@type\":\"Person\",\"@id\":\"https:\/\/www.uqac.ca\/uqactualites\/#\/schema\/person\/366c45a0c4f0e677b41b4af5886e2018\",\"name\":\"Service des communications et des relations publiques\",\"image\":{\"@type\":\"ImageObject\",\"inLanguage\":\"fr-CA\",\"@id\":\"https:\/\/www.uqac.ca\/uqactualites\/#\/schema\/person\/image\/\",\"url\":\"https:\/\/secure.gravatar.com\/avatar\/20fbbda8a292f59f2d3461a5b999c00b?s=96&d=mm&r=g\",\"contentUrl\":\"https:\/\/secure.gravatar.com\/avatar\/20fbbda8a292f59f2d3461a5b999c00b?s=96&d=mm&r=g\",\"caption\":\"Service des communications et des relations publiques\"},\"url\":\"https:\/\/www.uqac.ca\/uqactualites\/author\/bap\/\"}]}<\/script>\r\n<!-- \/ Yoast SEO plugin. -->","yoast_head_json":{"title":"L\u2019UQAC pr\u00e9sente le 11e colloque en sciences infirmi\u00e8res sous le th\u00e8me De la th\u00e9orie \u00e0 la pratique... Quand les savoirs rayonnent - UQACtualit\u00e9s","robots":{"index":"index","follow":"follow","max-snippet":"max-snippet:-1","max-image-preview":"max-image-preview:large","max-video-preview":"max-video-preview:-1"},"canonical":"https:\/\/www.uqac.ca\/uqactualites\/2017\/05\/03\/luqac-presente-le-11e-colloque-en-sciences-infirmieres-sous-le-theme-de-la-theorie-a-la-pratique-quand-les-savoirs-rayonnent\/","og_locale":"fr_CA","og_type":"article","og_title":"L\u2019UQAC pr\u00e9sente le 11e colloque en sciences infirmi\u00e8res sous le th\u00e8me De la th\u00e9orie \u00e0 la pratique... Quand les savoirs rayonnent - UQACtualit\u00e9s","og_description":"COMMUNIQU\u00c9 POUR DIFFUSION IMM\u00c9DIATE\u00a0 Saguenay, le 3 mai 2017 \u2013 Le Module des sciences infirmi\u00e8res et de la sant\u00e9 de l\u2019UQAC tiendra, ce mercredi 3 mai, au Centre des congr\u00e8s Delta Saguenay, son 11e colloque annuel. Cet \u00e9v\u00e9nement r\u00e9gional de formation, attendu par les professionnels des soins infirmiers, accueillera plus de 350 participants, en majorit\u00e9 [&hellip;]","og_url":"https:\/\/www.uqac.ca\/uqactualites\/2017\/05\/03\/luqac-presente-le-11e-colloque-en-sciences-infirmieres-sous-le-theme-de-la-theorie-a-la-pratique-quand-les-savoirs-rayonnent\/","og_site_name":"UQACtualit\u00e9s","article_published_time":"2017-05-03T12:31:25+00:00","og_image":[{"width":620,"height":301,"url":"https:\/\/www.uqac.ca\/uqactualites\/wp-content\/uploads\/2013\/07\/GRAF-Uqactualit\u00e9s-\u00c913-11.jpg","type":"image\/jpeg"}],"author":"Service des communications et des relations publiques","twitter_card":"summary_large_image","twitter_misc":{"\u00c9crit par":"Service des communications et des relations publiques","Estimation du temps de lecture":"3 minutes"},"schema":{"@context":"https:\/\/schema.org","@graph":[{"@type":"WebPage","@id":"https:\/\/www.uqac.ca\/uqactualites\/2017\/05\/03\/luqac-presente-le-11e-colloque-en-sciences-infirmieres-sous-le-theme-de-la-theorie-a-la-pratique-quand-les-savoirs-rayonnent\/","url":"https:\/\/www.uqac.ca\/uqactualites\/2017\/05\/03\/luqac-presente-le-11e-colloque-en-sciences-infirmieres-sous-le-theme-de-la-theorie-a-la-pratique-quand-les-savoirs-rayonnent\/","name":"L\u2019UQAC pr\u00e9sente le 11e colloque en sciences infirmi\u00e8res sous le th\u00e8me De la th\u00e9orie \u00e0 la pratique... Quand les savoirs rayonnent - UQACtualit\u00e9s","isPartOf":{"@id":"https:\/\/www.uqac.ca\/uqactualites\/#website"},"primaryImageOfPage":{"@id":"https:\/\/www.uqac.ca\/uqactualites\/2017\/05\/03\/luqac-presente-le-11e-colloque-en-sciences-infirmieres-sous-le-theme-de-la-theorie-a-la-pratique-quand-les-savoirs-rayonnent\/#primaryimage"},"image":{"@id":"https:\/\/www.uqac.ca\/uqactualites\/2017\/05\/03\/luqac-presente-le-11e-colloque-en-sciences-infirmieres-sous-le-theme-de-la-theorie-a-la-pratique-quand-les-savoirs-rayonnent\/#primaryimage"},"thumbnailUrl":"https:\/\/www.uqac.ca\/uqactualites\/wp-content\/uploads\/2013\/07\/GRAF-Uqactualit\u00e9s-\u00c913-11.jpg","datePublished":"2017-05-03T12:31:25+00:00","dateModified":"2017-05-03T12:31:25+00:00","author":{"@id":"https:\/\/www.uqac.ca\/uqactualites\/#\/schema\/person\/366c45a0c4f0e677b41b4af5886e2018"},"breadcrumb":{"@id":"https:\/\/www.uqac.ca\/uqactualites\/2017\/05\/03\/luqac-presente-le-11e-colloque-en-sciences-infirmieres-sous-le-theme-de-la-theorie-a-la-pratique-quand-les-savoirs-rayonnent\/#breadcrumb"},"inLanguage":"fr-CA","potentialAction":[{"@type":"ReadAction","target":["https:\/\/www.uqac.ca\/uqactualites\/2017\/05\/03\/luqac-presente-le-11e-colloque-en-sciences-infirmieres-sous-le-theme-de-la-theorie-a-la-pratique-quand-les-savoirs-rayonnent\/"]}]},{"@type":"ImageObject","inLanguage":"fr-CA","@id":"https:\/\/www.uqac.ca\/uqactualites\/2017\/05\/03\/luqac-presente-le-11e-colloque-en-sciences-infirmieres-sous-le-theme-de-la-theorie-a-la-pratique-quand-les-savoirs-rayonnent\/#primaryimage","url":"https:\/\/www.uqac.ca\/uqactualites\/wp-content\/uploads\/2013\/07\/GRAF-Uqactualit\u00e9s-\u00c913-11.jpg","contentUrl":"https:\/\/www.uqac.ca\/uqactualites\/wp-content\/uploads\/2013\/07\/GRAF-Uqactualit\u00e9s-\u00c913-11.jpg","width":620,"height":301},{"@type":"BreadcrumbList","@id":"https:\/\/www.uqac.ca\/uqactualites\/2017\/05\/03\/luqac-presente-le-11e-colloque-en-sciences-infirmieres-sous-le-theme-de-la-theorie-a-la-pratique-quand-les-savoirs-rayonnent\/#breadcrumb","itemListElement":[{"@type":"ListItem","position":1,"name":"Home","item":"https:\/\/www.uqac.ca\/uqactualites\/"},{"@type":"ListItem","position":2,"name":"L\u2019UQAC pr\u00e9sente le 11e colloque en sciences infirmi\u00e8res sous le th\u00e8me De la th\u00e9orie \u00e0 la pratique&#8230; Quand les savoirs rayonnent"}]},{"@type":"WebSite","@id":"https:\/\/www.uqac.ca\/uqactualites\/#website","url":"https:\/\/www.uqac.ca\/uqactualites\/","name":"UQACtualit\u00e9s","description":"Le portail des nouvelles de l&#039;UQAC","potentialAction":[{"@type":"SearchAction","target":{"@type":"EntryPoint","urlTemplate":"https:\/\/www.uqac.ca\/uqactualites\/?s={search_term_string}"},"query-input":{"@type":"PropertyValueSpecification","valueRequired":true,"valueName":"search_term_string"}}],"inLanguage":"fr-CA"},{"@type":"Person","@id":"https:\/\/www.uqac.ca\/uqactualites\/#\/schema\/person\/366c45a0c4f0e677b41b4af5886e2018","name":"Service des communications et des relations publiques","image":{"@type":"ImageObject","inLanguage":"fr-CA","@id":"https:\/\/www.uqac.ca\/uqactualites\/#\/schema\/person\/image\/","url":"https:\/\/secure.gravatar.com\/avatar\/20fbbda8a292f59f2d3461a5b999c00b?s=96&d=mm&r=g","contentUrl":"https:\/\/secure.gravatar.com\/avatar\/20fbbda8a292f59f2d3461a5b999c00b?s=96&d=mm&r=g","caption":"Service des communications et des relations publiques"},"url":"https:\/\/www.uqac.ca\/uqactualites\/author\/bap\/"}]}},"_links":{"self":[{"href":"https:\/\/www.uqac.ca\/uqactualites\/wp-json\/wp\/v2\/posts\/33228"}],"collection":[{"href":"https:\/\/www.uqac.ca\/uqactualites\/wp-json\/wp\/v2\/posts"}],"about":[{"href":"https:\/\/www.uqac.ca\/uqactualites\/wp-json\/wp\/v2\/types\/post"}],"author":[{"embeddable":true,"href":"https:\/\/www.uqac.ca\/uqactualites\/wp-json\/wp\/v2\/users\/5"}],"replies":[{"embeddable":true,"href":"https:\/\/www.uqac.ca\/uqactualites\/wp-json\/wp\/v2\/comments?post=33228"}],"version-history":[{"count":0,"href":"https:\/\/www.uqac.ca\/uqactualites\/wp-json\/wp\/v2\/posts\/33228\/revisions"}],"wp:featuredmedia":[{"embeddable":true,"href":"https:\/\/www.uqac.ca\/uqactualites\/wp-json\/wp\/v2\/media\/24879"}],"wp:attachment":[{"href":"https:\/\/www.uqac.ca\/uqactualites\/wp-json\/wp\/v2\/media?parent=33228"}],"wp:term":[{"taxonomy":"category","embeddable":true,"href":"https:\/\/www.uqac.ca\/uqactualites\/wp-json\/wp\/v2\/categories?post=33228"},{"taxonomy":"post_tag","embeddable":true,"href":"https:\/\/www.uqac.ca\/uqactualites\/wp-json\/wp\/v2\/tags?post=33228"}],"curies":[{"name":"wp","href":"https:\/\/api.w.org\/{rel}","templated":true}]}}