{"id":33271,"date":"2017-05-16T13:34:48","date_gmt":"2017-05-16T17:34:48","guid":{"rendered":"http:\/\/uqactualite.odev.ca\/?p=33271"},"modified":"2017-05-16T13:34:48","modified_gmt":"2017-05-16T17:34:48","slug":"une-premiere-participation-pour-luqac-a-la-competition-nationale-canadienne-de-canoe-de-beton","status":"publish","type":"post","link":"https:\/\/www.uqac.ca\/uqactualites\/2017\/05\/16\/une-premiere-participation-pour-luqac-a-la-competition-nationale-canadienne-de-canoe-de-beton\/","title":{"rendered":"Une premi\u00e8re participation pour l\u2019UQAC \u00e0 la Comp\u00e9tition nationale canadienne de cano\u00eb de b\u00e9ton"},"content":{"rendered":"<p style=\"text-align: left\">La 23<sup>e<\/sup> \u00e9dition de la Comp\u00e9tition nationale canadienne de cano\u00eb de b\u00e9ton avait lieu du 11 au 13\u00a0mai derniers \u00e0 l\u2019Universit\u00e9 Laval (Qu\u00e9bec). L\u2019\u00e9v\u00e9nement d\u2019envergure propose chaque ann\u00e9e \u00e0 des \u00e9tudiants en g\u00e9nie provenant de partout \u00e0 travers le pays de transposer les connaissances acquises au cours de leur formation universitaire \u00e0 travers un projet concret\u00a0: la conception et la construction d\u2019un cano\u00eb de b\u00e9ton pouvant accueillir jusqu\u2019\u00e0 4 personnes.<\/p>\n<p style=\"text-align: left\">Il s\u2019agissait d\u2019une toute premi\u00e8re participation pour l\u2019UQAC \u00e0 cette comp\u00e9tition, qui accueillait cette ann\u00e9e 14 universit\u00e9s. \u00c9valu\u00e9e sur les plans scolaire, technique et sportif, la d\u00e9l\u00e9gation de l\u2019UQAC est revenue au bercail avec une septi\u00e8me place, r\u00e9alisant ainsi un exploit digne de mention.<\/p>\n<p style=\"text-align: left\">F\u00e9licitations \u00e0 nos \u00e9tudiants en g\u00e9nie civil\u00a0!<\/p>\n<p style=\"text-align: left\">Pour plus de d\u00e9tails sur la comp\u00e9tition, consultez le <span style=\"text-decoration: underline\"><a href=\"http:\/\/www.cscecompetitions.ca\/Canoe\" target=\"_blank\" rel=\"noopener\">site Web de l\u2019\u00e9v\u00e9nement<\/a><\/span>.<\/p>\n<p style=\"text-align: left\">\n<p style=\"text-align: left\"><span style=\"color: #808080\">\u00a9Voltaic Pierre-Yves Laroche<\/span><\/p>\n","protected":false},"excerpt":{"rendered":"<p>La 23e \u00e9dition de la Comp\u00e9tition nationale canadienne de cano\u00eb de b\u00e9ton avait lieu du 11 au 13\u00a0mai derniers \u00e0 l\u2019Universit\u00e9 Laval (Qu\u00e9bec). L\u2019\u00e9v\u00e9nement d\u2019envergure propose chaque ann\u00e9e \u00e0 des \u00e9tudiants en g\u00e9nie provenant de partout \u00e0 travers le pays de transposer les connaissances acquises au cours de leur formation universitaire \u00e0 travers un projet [&hellip;]<\/p>\n","protected":false},"author":5,"featured_media":33272,"comment_status":"open","ping_status":"open","sticky":false,"template":"","format":"standard","meta":{"footnotes":""},"categories":[2],"tags":[],"yoast_head":"<!-- This site is optimized with the Yoast SEO plugin v24.2 - https:\/\/yoast.com\/wordpress\/plugins\/seo\/ -->\r\n<title>Une premi\u00e8re participation pour l\u2019UQAC \u00e0 la Comp\u00e9tition nationale canadienne de cano\u00eb de b\u00e9ton - UQACtualit\u00e9s<\/title>\r\n<meta name=\"robots\" content=\"index, follow, max-snippet:-1, max-image-preview:large, max-video-preview:-1\" \/>\r\n<link rel=\"canonical\" href=\"https:\/\/www.uqac.ca\/uqactualites\/2017\/05\/16\/une-premiere-participation-pour-luqac-a-la-competition-nationale-canadienne-de-canoe-de-beton\/\" \/>\r\n<meta property=\"og:locale\" content=\"fr_CA\" \/>\r\n<meta property=\"og:type\" content=\"article\" \/>\r\n<meta property=\"og:title\" content=\"Une premi\u00e8re participation pour l\u2019UQAC \u00e0 la Comp\u00e9tition nationale canadienne de cano\u00eb de b\u00e9ton - UQACtualit\u00e9s\" \/>\r\n<meta property=\"og:description\" content=\"La 23e \u00e9dition de la Comp\u00e9tition nationale canadienne de cano\u00eb de b\u00e9ton avait lieu du 11 au 13\u00a0mai derniers \u00e0 l\u2019Universit\u00e9 Laval (Qu\u00e9bec). L\u2019\u00e9v\u00e9nement d\u2019envergure propose chaque ann\u00e9e \u00e0 des \u00e9tudiants en g\u00e9nie provenant de partout \u00e0 travers le pays de transposer les connaissances acquises au cours de leur formation universitaire \u00e0 travers un projet [&hellip;]\" \/>\r\n<meta property=\"og:url\" content=\"https:\/\/www.uqac.ca\/uqactualites\/2017\/05\/16\/une-premiere-participation-pour-luqac-a-la-competition-nationale-canadienne-de-canoe-de-beton\/\" \/>\r\n<meta property=\"og:site_name\" content=\"UQACtualit\u00e9s\" \/>\r\n<meta property=\"article:published_time\" content=\"2017-05-16T17:34:48+00:00\" \/>\r\n<meta property=\"og:image\" content=\"https:\/\/www.uqac.ca\/uqactualites\/wp-content\/uploads\/2017\/05\/Cano\u00eb-de-b\u00e9ton-2017-Web-Voltaic-Pierre-Yves-Laroche.png\" \/>\r\n\t<meta property=\"og:image:width\" content=\"620\" \/>\r\n\t<meta property=\"og:image:height\" content=\"300\" \/>\r\n\t<meta property=\"og:image:type\" content=\"image\/png\" \/>\r\n<meta name=\"author\" content=\"Service des communications et des relations publiques\" \/>\r\n<meta name=\"twitter:card\" content=\"summary_large_image\" \/>\r\n<meta name=\"twitter:label1\" content=\"\u00c9crit par\" \/>\n\t<meta name=\"twitter:data1\" content=\"Service des communications et des relations publiques\" \/>\n\t<meta name=\"twitter:label2\" content=\"Estimation du temps de lecture\" \/>\n\t<meta name=\"twitter:data2\" content=\"1 minute\" \/>\r\n<script type=\"application\/ld+json\" class=\"yoast-schema-graph\">{\"@context\":\"https:\/\/schema.org\",\"@graph\":[{\"@type\":\"WebPage\",\"@id\":\"https:\/\/www.uqac.ca\/uqactualites\/2017\/05\/16\/une-premiere-participation-pour-luqac-a-la-competition-nationale-canadienne-de-canoe-de-beton\/\",\"url\":\"https:\/\/www.uqac.ca\/uqactualites\/2017\/05\/16\/une-premiere-participation-pour-luqac-a-la-competition-nationale-canadienne-de-canoe-de-beton\/\",\"name\":\"Une premi\u00e8re participation pour l\u2019UQAC \u00e0 la Comp\u00e9tition nationale canadienne de cano\u00eb de b\u00e9ton - UQACtualit\u00e9s\",\"isPartOf\":{\"@id\":\"https:\/\/www.uqac.ca\/uqactualites\/#website\"},\"primaryImageOfPage\":{\"@id\":\"https:\/\/www.uqac.ca\/uqactualites\/2017\/05\/16\/une-premiere-participation-pour-luqac-a-la-competition-nationale-canadienne-de-canoe-de-beton\/#primaryimage\"},\"image\":{\"@id\":\"https:\/\/www.uqac.ca\/uqactualites\/2017\/05\/16\/une-premiere-participation-pour-luqac-a-la-competition-nationale-canadienne-de-canoe-de-beton\/#primaryimage\"},\"thumbnailUrl\":\"https:\/\/www.uqac.ca\/uqactualites\/wp-content\/uploads\/2017\/05\/Cano\u00eb-de-b\u00e9ton-2017-Web-Voltaic-Pierre-Yves-Laroche.png\",\"datePublished\":\"2017-05-16T17:34:48+00:00\",\"dateModified\":\"2017-05-16T17:34:48+00:00\",\"author\":{\"@id\":\"https:\/\/www.uqac.ca\/uqactualites\/#\/schema\/person\/366c45a0c4f0e677b41b4af5886e2018\"},\"breadcrumb\":{\"@id\":\"https:\/\/www.uqac.ca\/uqactualites\/2017\/05\/16\/une-premiere-participation-pour-luqac-a-la-competition-nationale-canadienne-de-canoe-de-beton\/#breadcrumb\"},\"inLanguage\":\"fr-CA\",\"potentialAction\":[{\"@type\":\"ReadAction\",\"target\":[\"https:\/\/www.uqac.ca\/uqactualites\/2017\/05\/16\/une-premiere-participation-pour-luqac-a-la-competition-nationale-canadienne-de-canoe-de-beton\/\"]}]},{\"@type\":\"ImageObject\",\"inLanguage\":\"fr-CA\",\"@id\":\"https:\/\/www.uqac.ca\/uqactualites\/2017\/05\/16\/une-premiere-participation-pour-luqac-a-la-competition-nationale-canadienne-de-canoe-de-beton\/#primaryimage\",\"url\":\"https:\/\/www.uqac.ca\/uqactualites\/wp-content\/uploads\/2017\/05\/Cano\u00eb-de-b\u00e9ton-2017-Web-Voltaic-Pierre-Yves-Laroche.png\",\"contentUrl\":\"https:\/\/www.uqac.ca\/uqactualites\/wp-content\/uploads\/2017\/05\/Cano\u00eb-de-b\u00e9ton-2017-Web-Voltaic-Pierre-Yves-Laroche.png\",\"width\":620,\"height\":300},{\"@type\":\"BreadcrumbList\",\"@id\":\"https:\/\/www.uqac.ca\/uqactualites\/2017\/05\/16\/une-premiere-participation-pour-luqac-a-la-competition-nationale-canadienne-de-canoe-de-beton\/#breadcrumb\",\"itemListElement\":[{\"@type\":\"ListItem\",\"position\":1,\"name\":\"Home\",\"item\":\"https:\/\/www.uqac.ca\/uqactualites\/\"},{\"@type\":\"ListItem\",\"position\":2,\"name\":\"Une premi\u00e8re participation pour l\u2019UQAC \u00e0 la Comp\u00e9tition nationale canadienne de cano\u00eb de b\u00e9ton\"}]},{\"@type\":\"WebSite\",\"@id\":\"https:\/\/www.uqac.ca\/uqactualites\/#website\",\"url\":\"https:\/\/www.uqac.ca\/uqactualites\/\",\"name\":\"UQACtualit\u00e9s\",\"description\":\"Le portail des nouvelles de l&#039;UQAC\",\"potentialAction\":[{\"@type\":\"SearchAction\",\"target\":{\"@type\":\"EntryPoint\",\"urlTemplate\":\"https:\/\/www.uqac.ca\/uqactualites\/?s={search_term_string}\"},\"query-input\":{\"@type\":\"PropertyValueSpecification\",\"valueRequired\":true,\"valueName\":\"search_term_string\"}}],\"inLanguage\":\"fr-CA\"},{\"@type\":\"Person\",\"@id\":\"https:\/\/www.uqac.ca\/uqactualites\/#\/schema\/person\/366c45a0c4f0e677b41b4af5886e2018\",\"name\":\"Service des communications et des relations publiques\",\"image\":{\"@type\":\"ImageObject\",\"inLanguage\":\"fr-CA\",\"@id\":\"https:\/\/www.uqac.ca\/uqactualites\/#\/schema\/person\/image\/\",\"url\":\"https:\/\/secure.gravatar.com\/avatar\/20fbbda8a292f59f2d3461a5b999c00b?s=96&d=mm&r=g\",\"contentUrl\":\"https:\/\/secure.gravatar.com\/avatar\/20fbbda8a292f59f2d3461a5b999c00b?s=96&d=mm&r=g\",\"caption\":\"Service des communications et des relations publiques\"},\"url\":\"https:\/\/www.uqac.ca\/uqactualites\/author\/bap\/\"}]}<\/script>\r\n<!-- \/ Yoast SEO plugin. -->","yoast_head_json":{"title":"Une premi\u00e8re participation pour l\u2019UQAC \u00e0 la Comp\u00e9tition nationale canadienne de cano\u00eb de b\u00e9ton - UQACtualit\u00e9s","robots":{"index":"index","follow":"follow","max-snippet":"max-snippet:-1","max-image-preview":"max-image-preview:large","max-video-preview":"max-video-preview:-1"},"canonical":"https:\/\/www.uqac.ca\/uqactualites\/2017\/05\/16\/une-premiere-participation-pour-luqac-a-la-competition-nationale-canadienne-de-canoe-de-beton\/","og_locale":"fr_CA","og_type":"article","og_title":"Une premi\u00e8re participation pour l\u2019UQAC \u00e0 la Comp\u00e9tition nationale canadienne de cano\u00eb de b\u00e9ton - UQACtualit\u00e9s","og_description":"La 23e \u00e9dition de la Comp\u00e9tition nationale canadienne de cano\u00eb de b\u00e9ton avait lieu du 11 au 13\u00a0mai derniers \u00e0 l\u2019Universit\u00e9 Laval (Qu\u00e9bec). L\u2019\u00e9v\u00e9nement d\u2019envergure propose chaque ann\u00e9e \u00e0 des \u00e9tudiants en g\u00e9nie provenant de partout \u00e0 travers le pays de transposer les connaissances acquises au cours de leur formation universitaire \u00e0 travers un projet [&hellip;]","og_url":"https:\/\/www.uqac.ca\/uqactualites\/2017\/05\/16\/une-premiere-participation-pour-luqac-a-la-competition-nationale-canadienne-de-canoe-de-beton\/","og_site_name":"UQACtualit\u00e9s","article_published_time":"2017-05-16T17:34:48+00:00","og_image":[{"width":620,"height":300,"url":"https:\/\/www.uqac.ca\/uqactualites\/wp-content\/uploads\/2017\/05\/Cano\u00eb-de-b\u00e9ton-2017-Web-Voltaic-Pierre-Yves-Laroche.png","type":"image\/png"}],"author":"Service des communications et des relations publiques","twitter_card":"summary_large_image","twitter_misc":{"\u00c9crit par":"Service des communications et des relations publiques","Estimation du temps de lecture":"1 minute"},"schema":{"@context":"https:\/\/schema.org","@graph":[{"@type":"WebPage","@id":"https:\/\/www.uqac.ca\/uqactualites\/2017\/05\/16\/une-premiere-participation-pour-luqac-a-la-competition-nationale-canadienne-de-canoe-de-beton\/","url":"https:\/\/www.uqac.ca\/uqactualites\/2017\/05\/16\/une-premiere-participation-pour-luqac-a-la-competition-nationale-canadienne-de-canoe-de-beton\/","name":"Une premi\u00e8re participation pour l\u2019UQAC \u00e0 la Comp\u00e9tition nationale canadienne de cano\u00eb de b\u00e9ton - UQACtualit\u00e9s","isPartOf":{"@id":"https:\/\/www.uqac.ca\/uqactualites\/#website"},"primaryImageOfPage":{"@id":"https:\/\/www.uqac.ca\/uqactualites\/2017\/05\/16\/une-premiere-participation-pour-luqac-a-la-competition-nationale-canadienne-de-canoe-de-beton\/#primaryimage"},"image":{"@id":"https:\/\/www.uqac.ca\/uqactualites\/2017\/05\/16\/une-premiere-participation-pour-luqac-a-la-competition-nationale-canadienne-de-canoe-de-beton\/#primaryimage"},"thumbnailUrl":"https:\/\/www.uqac.ca\/uqactualites\/wp-content\/uploads\/2017\/05\/Cano\u00eb-de-b\u00e9ton-2017-Web-Voltaic-Pierre-Yves-Laroche.png","datePublished":"2017-05-16T17:34:48+00:00","dateModified":"2017-05-16T17:34:48+00:00","author":{"@id":"https:\/\/www.uqac.ca\/uqactualites\/#\/schema\/person\/366c45a0c4f0e677b41b4af5886e2018"},"breadcrumb":{"@id":"https:\/\/www.uqac.ca\/uqactualites\/2017\/05\/16\/une-premiere-participation-pour-luqac-a-la-competition-nationale-canadienne-de-canoe-de-beton\/#breadcrumb"},"inLanguage":"fr-CA","potentialAction":[{"@type":"ReadAction","target":["https:\/\/www.uqac.ca\/uqactualites\/2017\/05\/16\/une-premiere-participation-pour-luqac-a-la-competition-nationale-canadienne-de-canoe-de-beton\/"]}]},{"@type":"ImageObject","inLanguage":"fr-CA","@id":"https:\/\/www.uqac.ca\/uqactualites\/2017\/05\/16\/une-premiere-participation-pour-luqac-a-la-competition-nationale-canadienne-de-canoe-de-beton\/#primaryimage","url":"https:\/\/www.uqac.ca\/uqactualites\/wp-content\/uploads\/2017\/05\/Cano\u00eb-de-b\u00e9ton-2017-Web-Voltaic-Pierre-Yves-Laroche.png","contentUrl":"https:\/\/www.uqac.ca\/uqactualites\/wp-content\/uploads\/2017\/05\/Cano\u00eb-de-b\u00e9ton-2017-Web-Voltaic-Pierre-Yves-Laroche.png","width":620,"height":300},{"@type":"BreadcrumbList","@id":"https:\/\/www.uqac.ca\/uqactualites\/2017\/05\/16\/une-premiere-participation-pour-luqac-a-la-competition-nationale-canadienne-de-canoe-de-beton\/#breadcrumb","itemListElement":[{"@type":"ListItem","position":1,"name":"Home","item":"https:\/\/www.uqac.ca\/uqactualites\/"},{"@type":"ListItem","position":2,"name":"Une premi\u00e8re participation pour l\u2019UQAC \u00e0 la Comp\u00e9tition nationale canadienne de cano\u00eb de b\u00e9ton"}]},{"@type":"WebSite","@id":"https:\/\/www.uqac.ca\/uqactualites\/#website","url":"https:\/\/www.uqac.ca\/uqactualites\/","name":"UQACtualit\u00e9s","description":"Le portail des nouvelles de l&#039;UQAC","potentialAction":[{"@type":"SearchAction","target":{"@type":"EntryPoint","urlTemplate":"https:\/\/www.uqac.ca\/uqactualites\/?s={search_term_string}"},"query-input":{"@type":"PropertyValueSpecification","valueRequired":true,"valueName":"search_term_string"}}],"inLanguage":"fr-CA"},{"@type":"Person","@id":"https:\/\/www.uqac.ca\/uqactualites\/#\/schema\/person\/366c45a0c4f0e677b41b4af5886e2018","name":"Service des communications et des relations publiques","image":{"@type":"ImageObject","inLanguage":"fr-CA","@id":"https:\/\/www.uqac.ca\/uqactualites\/#\/schema\/person\/image\/","url":"https:\/\/secure.gravatar.com\/avatar\/20fbbda8a292f59f2d3461a5b999c00b?s=96&d=mm&r=g","contentUrl":"https:\/\/secure.gravatar.com\/avatar\/20fbbda8a292f59f2d3461a5b999c00b?s=96&d=mm&r=g","caption":"Service des communications et des relations publiques"},"url":"https:\/\/www.uqac.ca\/uqactualites\/author\/bap\/"}]}},"_links":{"self":[{"href":"https:\/\/www.uqac.ca\/uqactualites\/wp-json\/wp\/v2\/posts\/33271"}],"collection":[{"href":"https:\/\/www.uqac.ca\/uqactualites\/wp-json\/wp\/v2\/posts"}],"about":[{"href":"https:\/\/www.uqac.ca\/uqactualites\/wp-json\/wp\/v2\/types\/post"}],"author":[{"embeddable":true,"href":"https:\/\/www.uqac.ca\/uqactualites\/wp-json\/wp\/v2\/users\/5"}],"replies":[{"embeddable":true,"href":"https:\/\/www.uqac.ca\/uqactualites\/wp-json\/wp\/v2\/comments?post=33271"}],"version-history":[{"count":0,"href":"https:\/\/www.uqac.ca\/uqactualites\/wp-json\/wp\/v2\/posts\/33271\/revisions"}],"wp:featuredmedia":[{"embeddable":true,"href":"https:\/\/www.uqac.ca\/uqactualites\/wp-json\/wp\/v2\/media\/33272"}],"wp:attachment":[{"href":"https:\/\/www.uqac.ca\/uqactualites\/wp-json\/wp\/v2\/media?parent=33271"}],"wp:term":[{"taxonomy":"category","embeddable":true,"href":"https:\/\/www.uqac.ca\/uqactualites\/wp-json\/wp\/v2\/categories?post=33271"},{"taxonomy":"post_tag","embeddable":true,"href":"https:\/\/www.uqac.ca\/uqactualites\/wp-json\/wp\/v2\/tags?post=33271"}],"curies":[{"name":"wp","href":"https:\/\/api.w.org\/{rel}","templated":true}]}}