{"id":33276,"date":"2017-05-16T14:08:28","date_gmt":"2017-05-16T18:08:28","guid":{"rendered":"http:\/\/uqactualite.odev.ca\/?p=33276"},"modified":"2017-05-16T14:08:28","modified_gmt":"2017-05-16T18:08:28","slug":"deux-etudiantes-de-luqac-boursieres-du-frqs","status":"publish","type":"post","link":"https:\/\/www.uqac.ca\/uqactualites\/2017\/05\/16\/deux-etudiantes-de-luqac-boursieres-du-frqs\/","title":{"rendered":"Deux \u00e9tudiantes de l\u2019UQAC boursi\u00e8res du FRQS"},"content":{"rendered":"<p style=\"text-align: left\">Le Fonds de recherche du Qu\u00e9bec \u2013 Sant\u00e9 (FRQS) annon\u00e7ait, le vendredi 12 mai dernier, les r\u00e9sultats de ses plus r\u00e9cents concours des programmes de bourses et de subventions. Deux \u00e9tudiantes de l\u2019UQAC se sont vu attribuer des bourses de formation, obtenant par le fait m\u00eame un important soutien financier pour la poursuite de leurs recherches.<\/p>\n<p style=\"text-align: left\">\u00c9tudiante au doctorat en biologie, Marie-Pier Roussel, pht, a re\u00e7u une bourse totalisant 110\u00a0000\u00a0$. C\u2019est pour son projet intitul\u00e9 <em>\u00c9tude des adaptations du muscle squelettique et des atteintes respiratoires induites par la progression de la dystrophie myotonique de type 1 et de leurs modifications par l\u2019entrainement<\/em> qu\u2019elle a obtenu cet important soutien financier, qui lui permettra de poursuivre ses recherches aupr\u00e8s de sa directrice, la professeure \u00c9lise Duchesne.<\/p>\n<p style=\"text-align: left\">Jolyane Meloche, stagiaire postdoctorale dirig\u00e9e par la professeure Catherine Laprise, a pour sa part mis la main sur une bourse de 60\u00a0000\u00a0$. Cette r\u00e9compense lui permettra de mener \u00e0 bien son projet de recherche, intitul\u00e9 <em>\u00c9tude int\u00e9grative de la g\u00e9n\u00e9tique et de l\u2019\u00e9pig\u00e9n\u00e9tique de l\u2019asthme et de l\u2019allergie dans le but d\u2019identifier les d\u00e9terminants mol\u00e9culaires du d\u00e9veloppement et de la persistance de ces traits complexes<\/em>.<\/p>\n<p style=\"text-align: left\">Toutes nos f\u00e9licitations!<\/p>\n","protected":false},"excerpt":{"rendered":"<p>Le Fonds de recherche du Qu\u00e9bec \u2013 Sant\u00e9 (FRQS) annon\u00e7ait, le vendredi 12 mai dernier, les r\u00e9sultats de ses plus r\u00e9cents concours des programmes de bourses et de subventions. Deux \u00e9tudiantes de l\u2019UQAC se sont vu attribuer des bourses de formation, obtenant par le fait m\u00eame un important soutien financier pour la poursuite de leurs [&hellip;]<\/p>\n","protected":false},"author":5,"featured_media":33277,"comment_status":"open","ping_status":"open","sticky":false,"template":"","format":"standard","meta":{"footnotes":""},"categories":[2],"tags":[],"yoast_head":"<!-- This site is optimized with the Yoast SEO plugin v24.2 - https:\/\/yoast.com\/wordpress\/plugins\/seo\/ -->\r\n<title>Deux \u00e9tudiantes de l\u2019UQAC boursi\u00e8res du FRQS - UQACtualit\u00e9s<\/title>\r\n<meta name=\"robots\" content=\"index, follow, max-snippet:-1, max-image-preview:large, max-video-preview:-1\" \/>\r\n<link rel=\"canonical\" href=\"https:\/\/www.uqac.ca\/uqactualites\/2017\/05\/16\/deux-etudiantes-de-luqac-boursieres-du-frqs\/\" \/>\r\n<meta property=\"og:locale\" content=\"fr_CA\" \/>\r\n<meta property=\"og:type\" content=\"article\" \/>\r\n<meta property=\"og:title\" content=\"Deux \u00e9tudiantes de l\u2019UQAC boursi\u00e8res du FRQS - UQACtualit\u00e9s\" \/>\r\n<meta property=\"og:description\" content=\"Le Fonds de recherche du Qu\u00e9bec \u2013 Sant\u00e9 (FRQS) annon\u00e7ait, le vendredi 12 mai dernier, les r\u00e9sultats de ses plus r\u00e9cents concours des programmes de bourses et de subventions. Deux \u00e9tudiantes de l\u2019UQAC se sont vu attribuer des bourses de formation, obtenant par le fait m\u00eame un important soutien financier pour la poursuite de leurs [&hellip;]\" \/>\r\n<meta property=\"og:url\" content=\"https:\/\/www.uqac.ca\/uqactualites\/2017\/05\/16\/deux-etudiantes-de-luqac-boursieres-du-frqs\/\" \/>\r\n<meta property=\"og:site_name\" content=\"UQACtualit\u00e9s\" \/>\r\n<meta property=\"article:published_time\" content=\"2017-05-16T18:08:28+00:00\" \/>\r\n<meta property=\"og:image\" content=\"https:\/\/www.uqac.ca\/uqactualites\/wp-content\/uploads\/2017\/05\/Bourses-FRQS-Web-Gracieuset\u00e9.jpg\" \/>\r\n\t<meta property=\"og:image:width\" content=\"620\" \/>\r\n\t<meta property=\"og:image:height\" content=\"300\" \/>\r\n\t<meta property=\"og:image:type\" content=\"image\/jpeg\" \/>\r\n<meta name=\"author\" content=\"Service des communications et des relations publiques\" \/>\r\n<meta name=\"twitter:card\" content=\"summary_large_image\" \/>\r\n<meta name=\"twitter:label1\" content=\"\u00c9crit par\" \/>\n\t<meta name=\"twitter:data1\" content=\"Service des communications et des relations publiques\" \/>\n\t<meta name=\"twitter:label2\" content=\"Estimation du temps de lecture\" \/>\n\t<meta name=\"twitter:data2\" content=\"1 minute\" \/>\r\n<script type=\"application\/ld+json\" class=\"yoast-schema-graph\">{\"@context\":\"https:\/\/schema.org\",\"@graph\":[{\"@type\":\"WebPage\",\"@id\":\"https:\/\/www.uqac.ca\/uqactualites\/2017\/05\/16\/deux-etudiantes-de-luqac-boursieres-du-frqs\/\",\"url\":\"https:\/\/www.uqac.ca\/uqactualites\/2017\/05\/16\/deux-etudiantes-de-luqac-boursieres-du-frqs\/\",\"name\":\"Deux \u00e9tudiantes de l\u2019UQAC boursi\u00e8res du FRQS - UQACtualit\u00e9s\",\"isPartOf\":{\"@id\":\"https:\/\/www.uqac.ca\/uqactualites\/#website\"},\"primaryImageOfPage\":{\"@id\":\"https:\/\/www.uqac.ca\/uqactualites\/2017\/05\/16\/deux-etudiantes-de-luqac-boursieres-du-frqs\/#primaryimage\"},\"image\":{\"@id\":\"https:\/\/www.uqac.ca\/uqactualites\/2017\/05\/16\/deux-etudiantes-de-luqac-boursieres-du-frqs\/#primaryimage\"},\"thumbnailUrl\":\"https:\/\/www.uqac.ca\/uqactualites\/wp-content\/uploads\/2017\/05\/Bourses-FRQS-Web-Gracieuset\u00e9.jpg\",\"datePublished\":\"2017-05-16T18:08:28+00:00\",\"dateModified\":\"2017-05-16T18:08:28+00:00\",\"author\":{\"@id\":\"https:\/\/www.uqac.ca\/uqactualites\/#\/schema\/person\/366c45a0c4f0e677b41b4af5886e2018\"},\"breadcrumb\":{\"@id\":\"https:\/\/www.uqac.ca\/uqactualites\/2017\/05\/16\/deux-etudiantes-de-luqac-boursieres-du-frqs\/#breadcrumb\"},\"inLanguage\":\"fr-CA\",\"potentialAction\":[{\"@type\":\"ReadAction\",\"target\":[\"https:\/\/www.uqac.ca\/uqactualites\/2017\/05\/16\/deux-etudiantes-de-luqac-boursieres-du-frqs\/\"]}]},{\"@type\":\"ImageObject\",\"inLanguage\":\"fr-CA\",\"@id\":\"https:\/\/www.uqac.ca\/uqactualites\/2017\/05\/16\/deux-etudiantes-de-luqac-boursieres-du-frqs\/#primaryimage\",\"url\":\"https:\/\/www.uqac.ca\/uqactualites\/wp-content\/uploads\/2017\/05\/Bourses-FRQS-Web-Gracieuset\u00e9.jpg\",\"contentUrl\":\"https:\/\/www.uqac.ca\/uqactualites\/wp-content\/uploads\/2017\/05\/Bourses-FRQS-Web-Gracieuset\u00e9.jpg\",\"width\":620,\"height\":300},{\"@type\":\"BreadcrumbList\",\"@id\":\"https:\/\/www.uqac.ca\/uqactualites\/2017\/05\/16\/deux-etudiantes-de-luqac-boursieres-du-frqs\/#breadcrumb\",\"itemListElement\":[{\"@type\":\"ListItem\",\"position\":1,\"name\":\"Home\",\"item\":\"https:\/\/www.uqac.ca\/uqactualites\/\"},{\"@type\":\"ListItem\",\"position\":2,\"name\":\"Deux \u00e9tudiantes de l\u2019UQAC boursi\u00e8res du FRQS\"}]},{\"@type\":\"WebSite\",\"@id\":\"https:\/\/www.uqac.ca\/uqactualites\/#website\",\"url\":\"https:\/\/www.uqac.ca\/uqactualites\/\",\"name\":\"UQACtualit\u00e9s\",\"description\":\"Le portail des nouvelles de l&#039;UQAC\",\"potentialAction\":[{\"@type\":\"SearchAction\",\"target\":{\"@type\":\"EntryPoint\",\"urlTemplate\":\"https:\/\/www.uqac.ca\/uqactualites\/?s={search_term_string}\"},\"query-input\":{\"@type\":\"PropertyValueSpecification\",\"valueRequired\":true,\"valueName\":\"search_term_string\"}}],\"inLanguage\":\"fr-CA\"},{\"@type\":\"Person\",\"@id\":\"https:\/\/www.uqac.ca\/uqactualites\/#\/schema\/person\/366c45a0c4f0e677b41b4af5886e2018\",\"name\":\"Service des communications et des relations publiques\",\"image\":{\"@type\":\"ImageObject\",\"inLanguage\":\"fr-CA\",\"@id\":\"https:\/\/www.uqac.ca\/uqactualites\/#\/schema\/person\/image\/\",\"url\":\"https:\/\/secure.gravatar.com\/avatar\/20fbbda8a292f59f2d3461a5b999c00b?s=96&d=mm&r=g\",\"contentUrl\":\"https:\/\/secure.gravatar.com\/avatar\/20fbbda8a292f59f2d3461a5b999c00b?s=96&d=mm&r=g\",\"caption\":\"Service des communications et des relations publiques\"},\"url\":\"https:\/\/www.uqac.ca\/uqactualites\/author\/bap\/\"}]}<\/script>\r\n<!-- \/ Yoast SEO plugin. -->","yoast_head_json":{"title":"Deux \u00e9tudiantes de l\u2019UQAC boursi\u00e8res du FRQS - UQACtualit\u00e9s","robots":{"index":"index","follow":"follow","max-snippet":"max-snippet:-1","max-image-preview":"max-image-preview:large","max-video-preview":"max-video-preview:-1"},"canonical":"https:\/\/www.uqac.ca\/uqactualites\/2017\/05\/16\/deux-etudiantes-de-luqac-boursieres-du-frqs\/","og_locale":"fr_CA","og_type":"article","og_title":"Deux \u00e9tudiantes de l\u2019UQAC boursi\u00e8res du FRQS - UQACtualit\u00e9s","og_description":"Le Fonds de recherche du Qu\u00e9bec \u2013 Sant\u00e9 (FRQS) annon\u00e7ait, le vendredi 12 mai dernier, les r\u00e9sultats de ses plus r\u00e9cents concours des programmes de bourses et de subventions. Deux \u00e9tudiantes de l\u2019UQAC se sont vu attribuer des bourses de formation, obtenant par le fait m\u00eame un important soutien financier pour la poursuite de leurs [&hellip;]","og_url":"https:\/\/www.uqac.ca\/uqactualites\/2017\/05\/16\/deux-etudiantes-de-luqac-boursieres-du-frqs\/","og_site_name":"UQACtualit\u00e9s","article_published_time":"2017-05-16T18:08:28+00:00","og_image":[{"width":620,"height":300,"url":"https:\/\/www.uqac.ca\/uqactualites\/wp-content\/uploads\/2017\/05\/Bourses-FRQS-Web-Gracieuset\u00e9.jpg","type":"image\/jpeg"}],"author":"Service des communications et des relations publiques","twitter_card":"summary_large_image","twitter_misc":{"\u00c9crit par":"Service des communications et des relations publiques","Estimation du temps de lecture":"1 minute"},"schema":{"@context":"https:\/\/schema.org","@graph":[{"@type":"WebPage","@id":"https:\/\/www.uqac.ca\/uqactualites\/2017\/05\/16\/deux-etudiantes-de-luqac-boursieres-du-frqs\/","url":"https:\/\/www.uqac.ca\/uqactualites\/2017\/05\/16\/deux-etudiantes-de-luqac-boursieres-du-frqs\/","name":"Deux \u00e9tudiantes de l\u2019UQAC boursi\u00e8res du FRQS - UQACtualit\u00e9s","isPartOf":{"@id":"https:\/\/www.uqac.ca\/uqactualites\/#website"},"primaryImageOfPage":{"@id":"https:\/\/www.uqac.ca\/uqactualites\/2017\/05\/16\/deux-etudiantes-de-luqac-boursieres-du-frqs\/#primaryimage"},"image":{"@id":"https:\/\/www.uqac.ca\/uqactualites\/2017\/05\/16\/deux-etudiantes-de-luqac-boursieres-du-frqs\/#primaryimage"},"thumbnailUrl":"https:\/\/www.uqac.ca\/uqactualites\/wp-content\/uploads\/2017\/05\/Bourses-FRQS-Web-Gracieuset\u00e9.jpg","datePublished":"2017-05-16T18:08:28+00:00","dateModified":"2017-05-16T18:08:28+00:00","author":{"@id":"https:\/\/www.uqac.ca\/uqactualites\/#\/schema\/person\/366c45a0c4f0e677b41b4af5886e2018"},"breadcrumb":{"@id":"https:\/\/www.uqac.ca\/uqactualites\/2017\/05\/16\/deux-etudiantes-de-luqac-boursieres-du-frqs\/#breadcrumb"},"inLanguage":"fr-CA","potentialAction":[{"@type":"ReadAction","target":["https:\/\/www.uqac.ca\/uqactualites\/2017\/05\/16\/deux-etudiantes-de-luqac-boursieres-du-frqs\/"]}]},{"@type":"ImageObject","inLanguage":"fr-CA","@id":"https:\/\/www.uqac.ca\/uqactualites\/2017\/05\/16\/deux-etudiantes-de-luqac-boursieres-du-frqs\/#primaryimage","url":"https:\/\/www.uqac.ca\/uqactualites\/wp-content\/uploads\/2017\/05\/Bourses-FRQS-Web-Gracieuset\u00e9.jpg","contentUrl":"https:\/\/www.uqac.ca\/uqactualites\/wp-content\/uploads\/2017\/05\/Bourses-FRQS-Web-Gracieuset\u00e9.jpg","width":620,"height":300},{"@type":"BreadcrumbList","@id":"https:\/\/www.uqac.ca\/uqactualites\/2017\/05\/16\/deux-etudiantes-de-luqac-boursieres-du-frqs\/#breadcrumb","itemListElement":[{"@type":"ListItem","position":1,"name":"Home","item":"https:\/\/www.uqac.ca\/uqactualites\/"},{"@type":"ListItem","position":2,"name":"Deux \u00e9tudiantes de l\u2019UQAC boursi\u00e8res du FRQS"}]},{"@type":"WebSite","@id":"https:\/\/www.uqac.ca\/uqactualites\/#website","url":"https:\/\/www.uqac.ca\/uqactualites\/","name":"UQACtualit\u00e9s","description":"Le portail des nouvelles de l&#039;UQAC","potentialAction":[{"@type":"SearchAction","target":{"@type":"EntryPoint","urlTemplate":"https:\/\/www.uqac.ca\/uqactualites\/?s={search_term_string}"},"query-input":{"@type":"PropertyValueSpecification","valueRequired":true,"valueName":"search_term_string"}}],"inLanguage":"fr-CA"},{"@type":"Person","@id":"https:\/\/www.uqac.ca\/uqactualites\/#\/schema\/person\/366c45a0c4f0e677b41b4af5886e2018","name":"Service des communications et des relations publiques","image":{"@type":"ImageObject","inLanguage":"fr-CA","@id":"https:\/\/www.uqac.ca\/uqactualites\/#\/schema\/person\/image\/","url":"https:\/\/secure.gravatar.com\/avatar\/20fbbda8a292f59f2d3461a5b999c00b?s=96&d=mm&r=g","contentUrl":"https:\/\/secure.gravatar.com\/avatar\/20fbbda8a292f59f2d3461a5b999c00b?s=96&d=mm&r=g","caption":"Service des communications et des relations publiques"},"url":"https:\/\/www.uqac.ca\/uqactualites\/author\/bap\/"}]}},"_links":{"self":[{"href":"https:\/\/www.uqac.ca\/uqactualites\/wp-json\/wp\/v2\/posts\/33276"}],"collection":[{"href":"https:\/\/www.uqac.ca\/uqactualites\/wp-json\/wp\/v2\/posts"}],"about":[{"href":"https:\/\/www.uqac.ca\/uqactualites\/wp-json\/wp\/v2\/types\/post"}],"author":[{"embeddable":true,"href":"https:\/\/www.uqac.ca\/uqactualites\/wp-json\/wp\/v2\/users\/5"}],"replies":[{"embeddable":true,"href":"https:\/\/www.uqac.ca\/uqactualites\/wp-json\/wp\/v2\/comments?post=33276"}],"version-history":[{"count":0,"href":"https:\/\/www.uqac.ca\/uqactualites\/wp-json\/wp\/v2\/posts\/33276\/revisions"}],"wp:featuredmedia":[{"embeddable":true,"href":"https:\/\/www.uqac.ca\/uqactualites\/wp-json\/wp\/v2\/media\/33277"}],"wp:attachment":[{"href":"https:\/\/www.uqac.ca\/uqactualites\/wp-json\/wp\/v2\/media?parent=33276"}],"wp:term":[{"taxonomy":"category","embeddable":true,"href":"https:\/\/www.uqac.ca\/uqactualites\/wp-json\/wp\/v2\/categories?post=33276"},{"taxonomy":"post_tag","embeddable":true,"href":"https:\/\/www.uqac.ca\/uqactualites\/wp-json\/wp\/v2\/tags?post=33276"}],"curies":[{"name":"wp","href":"https:\/\/api.w.org\/{rel}","templated":true}]}}