{"id":33290,"date":"2017-05-18T11:38:11","date_gmt":"2017-05-18T15:38:11","guid":{"rendered":"http:\/\/uqactualite.odev.ca\/?p=33290"},"modified":"2017-05-18T11:38:11","modified_gmt":"2017-05-18T15:38:11","slug":"luqac-sera-lhotesse-du-86e-congres-de-lacfas-en-2018-2","status":"publish","type":"post","link":"https:\/\/www.uqac.ca\/uqactualites\/2017\/05\/18\/luqac-sera-lhotesse-du-86e-congres-de-lacfas-en-2018-2\/","title":{"rendered":"L\u2019UQAC sera l\u2019h\u00f4tesse du 86e Congr\u00e8s de l\u2019Acfas en 2018"},"content":{"rendered":"<p style=\"text-align: left\">L\u2019Universit\u00e9 du Qu\u00e9bec \u00e0 Chicoutimi (UQAC) sera l\u2019h\u00f4tesse en 2018 du 86<sup>e<\/sup> Congr\u00e8s de l\u2019Association francophone pour le savoir \u2013 Acfas qui se tiendra sous la pr\u00e9sidence du vice-recteur \u00e0 l\u2019enseignement, \u00e0 la recherche et \u00e0 la cr\u00e9ation de l\u2019UQAC, M.\u00a0Mustapha Fahmi. Plus de 3\u00a0500\u00a0congressistes sont attendus lors de ce prestigieux \u00e9v\u00e9nement scientifique qui se d\u00e9roulera du 7\u00a0au 11 mai 2018 principalement sur le campus universitaire de Saguenay.<\/p>\n<p style=\"text-align: left\">\u00c9v\u00e9nement d\u2019envergure, le congr\u00e8s de l\u2019Acfas est le plus important rassemblement multidisciplinaire du savoir et de la recherche de la francophonie. Chaque ann\u00e9e, des milliers de chercheurs et d\u2019utilisateurs issus d\u2019une trentaine de pays y participent.<\/p>\n<p style=\"text-align: left\">Pour la quatri\u00e8me fois de son histoire, l\u2019UQAC accueillera cet important rendez-vous de la communaut\u00e9 scientifique francophone<em>.<\/em> Le th\u00e8me de la pens\u00e9e libre, valeur cardinale de la recherche scientifique, sera au c\u0153ur des conf\u00e9rences et des activit\u00e9s de partage et de diffusion des connaissances qui seront propos\u00e9es aux chercheurs francophones de partout au monde.Pr\u00e8s de 135 colloques et quelque 500 communications libres seront pr\u00e9sent\u00e9s durant la semaine du congr\u00e8s ainsi qu\u2019une s\u00e9rie d\u2019activit\u00e9s pour le grand public.<\/p>\n<p style=\"text-align: left\">La copr\u00e9sidence du comit\u00e9 scientifique sera par ailleurs assur\u00e9e par M. Fran\u00e7ois Ouellet, professeur au D\u00e9partement des arts et lettres, et par Mme Duygu Kocaefe, professeure au D\u00e9partement des sciences appliqu\u00e9es.<\/p>\n<p style=\"text-align: left\">Le Congr\u00e8s de l\u2019Acfas est pr\u00e9sent\u00e9 en alternance en r\u00e9gion et dans les grands centres urbains du Qu\u00e9bec depuis 1933. L\u2019Universit\u00e9 du Qu\u00e9bec \u00e0 Chicoutimi a accueilli le congr\u00e8s en 1985, en 1995 et en 2005.<\/p>\n<p style=\"text-align: left\"><strong>\u00c0 propos de l\u2019Acfas<br \/>\n<\/strong>Cr\u00e9\u00e9e en 1923, l\u2019Association francophone pour le savoir \u2013 Acfas s&rsquo;attache \u00e0 promouvoir l&rsquo;activit\u00e9 scientifique, \u00e0 stimuler la recherche et \u00e0 favoriser la diffusion du savoir. \u00c9tablie au Qu\u00e9bec, l\u2019Association regroupe quelque 5\u00a0000 scientifiques de tous les secteurs de la connaissance.<\/p>\n","protected":false},"excerpt":{"rendered":"<p>L\u2019Universit\u00e9 du Qu\u00e9bec \u00e0 Chicoutimi (UQAC) sera l\u2019h\u00f4tesse en 2018 du 86e Congr\u00e8s de l\u2019Association francophone pour le savoir \u2013 Acfas qui se tiendra sous la pr\u00e9sidence du vice-recteur \u00e0 l\u2019enseignement, \u00e0 la recherche et \u00e0 la cr\u00e9ation de l\u2019UQAC, M.\u00a0Mustapha Fahmi. Plus de 3\u00a0500\u00a0congressistes sont attendus lors de ce prestigieux \u00e9v\u00e9nement scientifique qui se [&hellip;]<\/p>\n","protected":false},"author":5,"featured_media":33291,"comment_status":"open","ping_status":"open","sticky":false,"template":"","format":"standard","meta":{"footnotes":""},"categories":[2],"tags":[],"yoast_head":"<!-- This site is optimized with the Yoast SEO plugin v24.2 - https:\/\/yoast.com\/wordpress\/plugins\/seo\/ -->\r\n<title>L\u2019UQAC sera l\u2019h\u00f4tesse du 86e Congr\u00e8s de l\u2019Acfas en 2018 - UQACtualit\u00e9s<\/title>\r\n<meta name=\"robots\" content=\"index, follow, max-snippet:-1, max-image-preview:large, max-video-preview:-1\" \/>\r\n<link rel=\"canonical\" href=\"https:\/\/www.uqac.ca\/uqactualites\/2017\/05\/18\/luqac-sera-lhotesse-du-86e-congres-de-lacfas-en-2018-2\/\" \/>\r\n<meta property=\"og:locale\" content=\"fr_CA\" \/>\r\n<meta property=\"og:type\" content=\"article\" \/>\r\n<meta property=\"og:title\" content=\"L\u2019UQAC sera l\u2019h\u00f4tesse du 86e Congr\u00e8s de l\u2019Acfas en 2018 - UQACtualit\u00e9s\" \/>\r\n<meta property=\"og:description\" content=\"L\u2019Universit\u00e9 du Qu\u00e9bec \u00e0 Chicoutimi (UQAC) sera l\u2019h\u00f4tesse en 2018 du 86e Congr\u00e8s de l\u2019Association francophone pour le savoir \u2013 Acfas qui se tiendra sous la pr\u00e9sidence du vice-recteur \u00e0 l\u2019enseignement, \u00e0 la recherche et \u00e0 la cr\u00e9ation de l\u2019UQAC, M.\u00a0Mustapha Fahmi. Plus de 3\u00a0500\u00a0congressistes sont attendus lors de ce prestigieux \u00e9v\u00e9nement scientifique qui se [&hellip;]\" \/>\r\n<meta property=\"og:url\" content=\"https:\/\/www.uqac.ca\/uqactualites\/2017\/05\/18\/luqac-sera-lhotesse-du-86e-congres-de-lacfas-en-2018-2\/\" \/>\r\n<meta property=\"og:site_name\" content=\"UQACtualit\u00e9s\" \/>\r\n<meta property=\"article:published_time\" content=\"2017-05-18T15:38:11+00:00\" \/>\r\n<meta property=\"og:image\" content=\"https:\/\/www.uqac.ca\/uqactualites\/wp-content\/uploads\/2017\/05\/Acfas2018-Web.jpg\" \/>\r\n\t<meta property=\"og:image:width\" content=\"620\" \/>\r\n\t<meta property=\"og:image:height\" content=\"300\" \/>\r\n\t<meta property=\"og:image:type\" content=\"image\/jpeg\" \/>\r\n<meta name=\"author\" content=\"Service des communications et des relations publiques\" \/>\r\n<meta name=\"twitter:card\" content=\"summary_large_image\" \/>\r\n<meta name=\"twitter:label1\" content=\"\u00c9crit par\" \/>\n\t<meta name=\"twitter:data1\" content=\"Service des communications et des relations publiques\" \/>\n\t<meta name=\"twitter:label2\" content=\"Estimation du temps de lecture\" \/>\n\t<meta name=\"twitter:data2\" content=\"2 minutes\" \/>\r\n<script type=\"application\/ld+json\" class=\"yoast-schema-graph\">{\"@context\":\"https:\/\/schema.org\",\"@graph\":[{\"@type\":\"WebPage\",\"@id\":\"https:\/\/www.uqac.ca\/uqactualites\/2017\/05\/18\/luqac-sera-lhotesse-du-86e-congres-de-lacfas-en-2018-2\/\",\"url\":\"https:\/\/www.uqac.ca\/uqactualites\/2017\/05\/18\/luqac-sera-lhotesse-du-86e-congres-de-lacfas-en-2018-2\/\",\"name\":\"L\u2019UQAC sera l\u2019h\u00f4tesse du 86e Congr\u00e8s de l\u2019Acfas en 2018 - UQACtualit\u00e9s\",\"isPartOf\":{\"@id\":\"https:\/\/www.uqac.ca\/uqactualites\/#website\"},\"primaryImageOfPage\":{\"@id\":\"https:\/\/www.uqac.ca\/uqactualites\/2017\/05\/18\/luqac-sera-lhotesse-du-86e-congres-de-lacfas-en-2018-2\/#primaryimage\"},\"image\":{\"@id\":\"https:\/\/www.uqac.ca\/uqactualites\/2017\/05\/18\/luqac-sera-lhotesse-du-86e-congres-de-lacfas-en-2018-2\/#primaryimage\"},\"thumbnailUrl\":\"https:\/\/www.uqac.ca\/uqactualites\/wp-content\/uploads\/2017\/05\/Acfas2018-Web.jpg\",\"datePublished\":\"2017-05-18T15:38:11+00:00\",\"dateModified\":\"2017-05-18T15:38:11+00:00\",\"author\":{\"@id\":\"https:\/\/www.uqac.ca\/uqactualites\/#\/schema\/person\/366c45a0c4f0e677b41b4af5886e2018\"},\"breadcrumb\":{\"@id\":\"https:\/\/www.uqac.ca\/uqactualites\/2017\/05\/18\/luqac-sera-lhotesse-du-86e-congres-de-lacfas-en-2018-2\/#breadcrumb\"},\"inLanguage\":\"fr-CA\",\"potentialAction\":[{\"@type\":\"ReadAction\",\"target\":[\"https:\/\/www.uqac.ca\/uqactualites\/2017\/05\/18\/luqac-sera-lhotesse-du-86e-congres-de-lacfas-en-2018-2\/\"]}]},{\"@type\":\"ImageObject\",\"inLanguage\":\"fr-CA\",\"@id\":\"https:\/\/www.uqac.ca\/uqactualites\/2017\/05\/18\/luqac-sera-lhotesse-du-86e-congres-de-lacfas-en-2018-2\/#primaryimage\",\"url\":\"https:\/\/www.uqac.ca\/uqactualites\/wp-content\/uploads\/2017\/05\/Acfas2018-Web.jpg\",\"contentUrl\":\"https:\/\/www.uqac.ca\/uqactualites\/wp-content\/uploads\/2017\/05\/Acfas2018-Web.jpg\",\"width\":620,\"height\":300},{\"@type\":\"BreadcrumbList\",\"@id\":\"https:\/\/www.uqac.ca\/uqactualites\/2017\/05\/18\/luqac-sera-lhotesse-du-86e-congres-de-lacfas-en-2018-2\/#breadcrumb\",\"itemListElement\":[{\"@type\":\"ListItem\",\"position\":1,\"name\":\"Home\",\"item\":\"https:\/\/www.uqac.ca\/uqactualites\/\"},{\"@type\":\"ListItem\",\"position\":2,\"name\":\"L\u2019UQAC sera l\u2019h\u00f4tesse du 86e Congr\u00e8s de l\u2019Acfas en 2018\"}]},{\"@type\":\"WebSite\",\"@id\":\"https:\/\/www.uqac.ca\/uqactualites\/#website\",\"url\":\"https:\/\/www.uqac.ca\/uqactualites\/\",\"name\":\"UQACtualit\u00e9s\",\"description\":\"Le portail des nouvelles de l&#039;UQAC\",\"potentialAction\":[{\"@type\":\"SearchAction\",\"target\":{\"@type\":\"EntryPoint\",\"urlTemplate\":\"https:\/\/www.uqac.ca\/uqactualites\/?s={search_term_string}\"},\"query-input\":{\"@type\":\"PropertyValueSpecification\",\"valueRequired\":true,\"valueName\":\"search_term_string\"}}],\"inLanguage\":\"fr-CA\"},{\"@type\":\"Person\",\"@id\":\"https:\/\/www.uqac.ca\/uqactualites\/#\/schema\/person\/366c45a0c4f0e677b41b4af5886e2018\",\"name\":\"Service des communications et des relations publiques\",\"image\":{\"@type\":\"ImageObject\",\"inLanguage\":\"fr-CA\",\"@id\":\"https:\/\/www.uqac.ca\/uqactualites\/#\/schema\/person\/image\/\",\"url\":\"https:\/\/secure.gravatar.com\/avatar\/20fbbda8a292f59f2d3461a5b999c00b?s=96&d=mm&r=g\",\"contentUrl\":\"https:\/\/secure.gravatar.com\/avatar\/20fbbda8a292f59f2d3461a5b999c00b?s=96&d=mm&r=g\",\"caption\":\"Service des communications et des relations publiques\"},\"url\":\"https:\/\/www.uqac.ca\/uqactualites\/author\/bap\/\"}]}<\/script>\r\n<!-- \/ Yoast SEO plugin. -->","yoast_head_json":{"title":"L\u2019UQAC sera l\u2019h\u00f4tesse du 86e Congr\u00e8s de l\u2019Acfas en 2018 - UQACtualit\u00e9s","robots":{"index":"index","follow":"follow","max-snippet":"max-snippet:-1","max-image-preview":"max-image-preview:large","max-video-preview":"max-video-preview:-1"},"canonical":"https:\/\/www.uqac.ca\/uqactualites\/2017\/05\/18\/luqac-sera-lhotesse-du-86e-congres-de-lacfas-en-2018-2\/","og_locale":"fr_CA","og_type":"article","og_title":"L\u2019UQAC sera l\u2019h\u00f4tesse du 86e Congr\u00e8s de l\u2019Acfas en 2018 - UQACtualit\u00e9s","og_description":"L\u2019Universit\u00e9 du Qu\u00e9bec \u00e0 Chicoutimi (UQAC) sera l\u2019h\u00f4tesse en 2018 du 86e Congr\u00e8s de l\u2019Association francophone pour le savoir \u2013 Acfas qui se tiendra sous la pr\u00e9sidence du vice-recteur \u00e0 l\u2019enseignement, \u00e0 la recherche et \u00e0 la cr\u00e9ation de l\u2019UQAC, M.\u00a0Mustapha Fahmi. Plus de 3\u00a0500\u00a0congressistes sont attendus lors de ce prestigieux \u00e9v\u00e9nement scientifique qui se [&hellip;]","og_url":"https:\/\/www.uqac.ca\/uqactualites\/2017\/05\/18\/luqac-sera-lhotesse-du-86e-congres-de-lacfas-en-2018-2\/","og_site_name":"UQACtualit\u00e9s","article_published_time":"2017-05-18T15:38:11+00:00","og_image":[{"width":620,"height":300,"url":"https:\/\/www.uqac.ca\/uqactualites\/wp-content\/uploads\/2017\/05\/Acfas2018-Web.jpg","type":"image\/jpeg"}],"author":"Service des communications et des relations publiques","twitter_card":"summary_large_image","twitter_misc":{"\u00c9crit par":"Service des communications et des relations publiques","Estimation du temps de lecture":"2 minutes"},"schema":{"@context":"https:\/\/schema.org","@graph":[{"@type":"WebPage","@id":"https:\/\/www.uqac.ca\/uqactualites\/2017\/05\/18\/luqac-sera-lhotesse-du-86e-congres-de-lacfas-en-2018-2\/","url":"https:\/\/www.uqac.ca\/uqactualites\/2017\/05\/18\/luqac-sera-lhotesse-du-86e-congres-de-lacfas-en-2018-2\/","name":"L\u2019UQAC sera l\u2019h\u00f4tesse du 86e Congr\u00e8s de l\u2019Acfas en 2018 - UQACtualit\u00e9s","isPartOf":{"@id":"https:\/\/www.uqac.ca\/uqactualites\/#website"},"primaryImageOfPage":{"@id":"https:\/\/www.uqac.ca\/uqactualites\/2017\/05\/18\/luqac-sera-lhotesse-du-86e-congres-de-lacfas-en-2018-2\/#primaryimage"},"image":{"@id":"https:\/\/www.uqac.ca\/uqactualites\/2017\/05\/18\/luqac-sera-lhotesse-du-86e-congres-de-lacfas-en-2018-2\/#primaryimage"},"thumbnailUrl":"https:\/\/www.uqac.ca\/uqactualites\/wp-content\/uploads\/2017\/05\/Acfas2018-Web.jpg","datePublished":"2017-05-18T15:38:11+00:00","dateModified":"2017-05-18T15:38:11+00:00","author":{"@id":"https:\/\/www.uqac.ca\/uqactualites\/#\/schema\/person\/366c45a0c4f0e677b41b4af5886e2018"},"breadcrumb":{"@id":"https:\/\/www.uqac.ca\/uqactualites\/2017\/05\/18\/luqac-sera-lhotesse-du-86e-congres-de-lacfas-en-2018-2\/#breadcrumb"},"inLanguage":"fr-CA","potentialAction":[{"@type":"ReadAction","target":["https:\/\/www.uqac.ca\/uqactualites\/2017\/05\/18\/luqac-sera-lhotesse-du-86e-congres-de-lacfas-en-2018-2\/"]}]},{"@type":"ImageObject","inLanguage":"fr-CA","@id":"https:\/\/www.uqac.ca\/uqactualites\/2017\/05\/18\/luqac-sera-lhotesse-du-86e-congres-de-lacfas-en-2018-2\/#primaryimage","url":"https:\/\/www.uqac.ca\/uqactualites\/wp-content\/uploads\/2017\/05\/Acfas2018-Web.jpg","contentUrl":"https:\/\/www.uqac.ca\/uqactualites\/wp-content\/uploads\/2017\/05\/Acfas2018-Web.jpg","width":620,"height":300},{"@type":"BreadcrumbList","@id":"https:\/\/www.uqac.ca\/uqactualites\/2017\/05\/18\/luqac-sera-lhotesse-du-86e-congres-de-lacfas-en-2018-2\/#breadcrumb","itemListElement":[{"@type":"ListItem","position":1,"name":"Home","item":"https:\/\/www.uqac.ca\/uqactualites\/"},{"@type":"ListItem","position":2,"name":"L\u2019UQAC sera l\u2019h\u00f4tesse du 86e Congr\u00e8s de l\u2019Acfas en 2018"}]},{"@type":"WebSite","@id":"https:\/\/www.uqac.ca\/uqactualites\/#website","url":"https:\/\/www.uqac.ca\/uqactualites\/","name":"UQACtualit\u00e9s","description":"Le portail des nouvelles de l&#039;UQAC","potentialAction":[{"@type":"SearchAction","target":{"@type":"EntryPoint","urlTemplate":"https:\/\/www.uqac.ca\/uqactualites\/?s={search_term_string}"},"query-input":{"@type":"PropertyValueSpecification","valueRequired":true,"valueName":"search_term_string"}}],"inLanguage":"fr-CA"},{"@type":"Person","@id":"https:\/\/www.uqac.ca\/uqactualites\/#\/schema\/person\/366c45a0c4f0e677b41b4af5886e2018","name":"Service des communications et des relations publiques","image":{"@type":"ImageObject","inLanguage":"fr-CA","@id":"https:\/\/www.uqac.ca\/uqactualites\/#\/schema\/person\/image\/","url":"https:\/\/secure.gravatar.com\/avatar\/20fbbda8a292f59f2d3461a5b999c00b?s=96&d=mm&r=g","contentUrl":"https:\/\/secure.gravatar.com\/avatar\/20fbbda8a292f59f2d3461a5b999c00b?s=96&d=mm&r=g","caption":"Service des communications et des relations publiques"},"url":"https:\/\/www.uqac.ca\/uqactualites\/author\/bap\/"}]}},"_links":{"self":[{"href":"https:\/\/www.uqac.ca\/uqactualites\/wp-json\/wp\/v2\/posts\/33290"}],"collection":[{"href":"https:\/\/www.uqac.ca\/uqactualites\/wp-json\/wp\/v2\/posts"}],"about":[{"href":"https:\/\/www.uqac.ca\/uqactualites\/wp-json\/wp\/v2\/types\/post"}],"author":[{"embeddable":true,"href":"https:\/\/www.uqac.ca\/uqactualites\/wp-json\/wp\/v2\/users\/5"}],"replies":[{"embeddable":true,"href":"https:\/\/www.uqac.ca\/uqactualites\/wp-json\/wp\/v2\/comments?post=33290"}],"version-history":[{"count":0,"href":"https:\/\/www.uqac.ca\/uqactualites\/wp-json\/wp\/v2\/posts\/33290\/revisions"}],"wp:featuredmedia":[{"embeddable":true,"href":"https:\/\/www.uqac.ca\/uqactualites\/wp-json\/wp\/v2\/media\/33291"}],"wp:attachment":[{"href":"https:\/\/www.uqac.ca\/uqactualites\/wp-json\/wp\/v2\/media?parent=33290"}],"wp:term":[{"taxonomy":"category","embeddable":true,"href":"https:\/\/www.uqac.ca\/uqactualites\/wp-json\/wp\/v2\/categories?post=33290"},{"taxonomy":"post_tag","embeddable":true,"href":"https:\/\/www.uqac.ca\/uqactualites\/wp-json\/wp\/v2\/tags?post=33290"}],"curies":[{"name":"wp","href":"https:\/\/api.w.org\/{rel}","templated":true}]}}