{"id":33294,"date":"2017-05-25T16:03:10","date_gmt":"2017-05-25T20:03:10","guid":{"rendered":"http:\/\/uqactualite.odev.ca\/?p=33294"},"modified":"2017-05-25T16:03:10","modified_gmt":"2017-05-25T20:03:10","slug":"succes-pour-la-troisieme-edition-duniversite-populaire","status":"publish","type":"post","link":"https:\/\/www.uqac.ca\/uqactualites\/2017\/05\/25\/succes-pour-la-troisieme-edition-duniversite-populaire\/","title":{"rendered":"Succ\u00e8s pour la troisi\u00e8me \u00e9dition d\u2019Universit\u00e9 populaire"},"content":{"rendered":"<p style=\"text-align: justify\">L\u2019\u00e9dition 2017 d\u2019Universit\u00e9 populaire s\u2019est achev\u00e9e le 24 mai dernier, alors qu\u2019\u00e9tait pr\u00e9sent\u00e9e la seconde de deux conf\u00e9rences publiques prononc\u00e9es par des professeurs de l\u2019UQAC. L\u2019\u00e9v\u00e9nement, dont la mission consiste \u00e0 d\u00e9mocratiser le savoir et le milieu universitaire, \u00e9tait propos\u00e9 cette ann\u00e9e au C\u00f4t\u00e9-Cour (Jonqui\u00e8re) et r\u00e9unissait quatre experts \u00e0 l\u2019occasion de deux soir\u00e9es aux th\u00e9matiques aussi vari\u00e9es que passionnantes.<\/p>\n<p style=\"text-align: justify\">La communaut\u00e9 universitaire de m\u00eame que la population \u00e9taient convi\u00e9es \u00e0 cette troisi\u00e8me \u00e9dition d\u2019Universit\u00e9 populaire. Les conf\u00e9rences <a href=\"http:\/\/www.uqac.ca\/upopulaire\/programmation\/imagine-une-fois\/\"><strong><em>Imagine une fois\u2026<\/em><\/strong><\/a> (17 mai) et <a href=\"http:\/\/www.uqac.ca\/upopulaire\/programmation\/retro-boulot\/\"><strong><em>R\u00e9tro, boulot\u2026<\/em><\/strong><\/a> (24 mai) ont toutes deux attir\u00e9 l\u2019attention du public, engendrant par le fait m\u00eame de tr\u00e8s belles assistances.<\/p>\n<p style=\"text-align: justify\">Pour leur expertise, leur sens de la vulgarisation et leur g\u00e9n\u00e9rosit\u00e9, merci\u00a0\u00e0 nos conf\u00e9renci\u00e8res et conf\u00e9renciers\u00a0: V\u00e9ronique Roberge et Sylvie Morais, respectivement professeures au D\u00e9partement des sciences de la sant\u00e9 et au D\u00e9partement des arts et lettres, ainsi qu\u2019\u00c9ric Jean et Damien Hallegatte, tous deux professeurs au D\u00e9partement des sciences \u00e9conomiques\u00a0et administratives.<\/p>\n<p style=\"text-align: justify\">Les deux conf\u00e9rences seront bient\u00f4t rendues disponibles sur le Web.<\/p>\n<p style=\"text-align: justify\">Surveillez leur mise en ligne \u00e0 <strong><a href=\"http:\/\/www.uqac.ca\/upopulaire\">uqac.ca\/upopulaire<\/a><\/strong>.<\/p>\n","protected":false},"excerpt":{"rendered":"<p>L\u2019\u00e9dition 2017 d\u2019Universit\u00e9 populaire s\u2019est achev\u00e9e le 24 mai dernier, alors qu\u2019\u00e9tait pr\u00e9sent\u00e9e la seconde de deux conf\u00e9rences publiques prononc\u00e9es par des professeurs de l\u2019UQAC. L\u2019\u00e9v\u00e9nement, dont la mission consiste \u00e0 d\u00e9mocratiser le savoir et le milieu universitaire, \u00e9tait propos\u00e9 cette ann\u00e9e au C\u00f4t\u00e9-Cour (Jonqui\u00e8re) et r\u00e9unissait quatre experts \u00e0 l\u2019occasion de deux soir\u00e9es aux [&hellip;]<\/p>\n","protected":false},"author":5,"featured_media":33209,"comment_status":"open","ping_status":"open","sticky":false,"template":"","format":"standard","meta":{"footnotes":""},"categories":[2,61],"tags":[],"yoast_head":"<!-- This site is optimized with the Yoast SEO plugin v24.2 - https:\/\/yoast.com\/wordpress\/plugins\/seo\/ -->\r\n<title>Succ\u00e8s pour la troisi\u00e8me \u00e9dition d\u2019Universit\u00e9 populaire - UQACtualit\u00e9s<\/title>\r\n<meta name=\"robots\" content=\"index, follow, max-snippet:-1, max-image-preview:large, max-video-preview:-1\" \/>\r\n<link rel=\"canonical\" href=\"https:\/\/www.uqac.ca\/uqactualites\/2017\/05\/25\/succes-pour-la-troisieme-edition-duniversite-populaire\/\" \/>\r\n<meta property=\"og:locale\" content=\"fr_CA\" \/>\r\n<meta property=\"og:type\" content=\"article\" \/>\r\n<meta property=\"og:title\" content=\"Succ\u00e8s pour la troisi\u00e8me \u00e9dition d\u2019Universit\u00e9 populaire - UQACtualit\u00e9s\" \/>\r\n<meta property=\"og:description\" content=\"L\u2019\u00e9dition 2017 d\u2019Universit\u00e9 populaire s\u2019est achev\u00e9e le 24 mai dernier, alors qu\u2019\u00e9tait pr\u00e9sent\u00e9e la seconde de deux conf\u00e9rences publiques prononc\u00e9es par des professeurs de l\u2019UQAC. L\u2019\u00e9v\u00e9nement, dont la mission consiste \u00e0 d\u00e9mocratiser le savoir et le milieu universitaire, \u00e9tait propos\u00e9 cette ann\u00e9e au C\u00f4t\u00e9-Cour (Jonqui\u00e8re) et r\u00e9unissait quatre experts \u00e0 l\u2019occasion de deux soir\u00e9es aux [&hellip;]\" \/>\r\n<meta property=\"og:url\" content=\"https:\/\/www.uqac.ca\/uqactualites\/2017\/05\/25\/succes-pour-la-troisieme-edition-duniversite-populaire\/\" \/>\r\n<meta property=\"og:site_name\" content=\"UQACtualit\u00e9s\" \/>\r\n<meta property=\"article:published_time\" content=\"2017-05-25T20:03:10+00:00\" \/>\r\n<meta property=\"og:image\" content=\"https:\/\/www.uqac.ca\/uqactualites\/wp-content\/uploads\/2017\/04\/UpopH17-Web.jpg\" \/>\r\n\t<meta property=\"og:image:width\" content=\"620\" \/>\r\n\t<meta property=\"og:image:height\" content=\"300\" \/>\r\n\t<meta property=\"og:image:type\" content=\"image\/jpeg\" \/>\r\n<meta name=\"author\" content=\"Service des communications et des relations publiques\" \/>\r\n<meta name=\"twitter:card\" content=\"summary_large_image\" \/>\r\n<meta name=\"twitter:label1\" content=\"\u00c9crit par\" \/>\n\t<meta name=\"twitter:data1\" content=\"Service des communications et des relations publiques\" \/>\n\t<meta name=\"twitter:label2\" content=\"Estimation du temps de lecture\" \/>\n\t<meta name=\"twitter:data2\" content=\"1 minute\" \/>\r\n<script type=\"application\/ld+json\" class=\"yoast-schema-graph\">{\"@context\":\"https:\/\/schema.org\",\"@graph\":[{\"@type\":\"WebPage\",\"@id\":\"https:\/\/www.uqac.ca\/uqactualites\/2017\/05\/25\/succes-pour-la-troisieme-edition-duniversite-populaire\/\",\"url\":\"https:\/\/www.uqac.ca\/uqactualites\/2017\/05\/25\/succes-pour-la-troisieme-edition-duniversite-populaire\/\",\"name\":\"Succ\u00e8s pour la troisi\u00e8me \u00e9dition d\u2019Universit\u00e9 populaire - UQACtualit\u00e9s\",\"isPartOf\":{\"@id\":\"https:\/\/www.uqac.ca\/uqactualites\/#website\"},\"primaryImageOfPage\":{\"@id\":\"https:\/\/www.uqac.ca\/uqactualites\/2017\/05\/25\/succes-pour-la-troisieme-edition-duniversite-populaire\/#primaryimage\"},\"image\":{\"@id\":\"https:\/\/www.uqac.ca\/uqactualites\/2017\/05\/25\/succes-pour-la-troisieme-edition-duniversite-populaire\/#primaryimage\"},\"thumbnailUrl\":\"https:\/\/www.uqac.ca\/uqactualites\/wp-content\/uploads\/2017\/04\/UpopH17-Web.jpg\",\"datePublished\":\"2017-05-25T20:03:10+00:00\",\"dateModified\":\"2017-05-25T20:03:10+00:00\",\"author\":{\"@id\":\"https:\/\/www.uqac.ca\/uqactualites\/#\/schema\/person\/366c45a0c4f0e677b41b4af5886e2018\"},\"breadcrumb\":{\"@id\":\"https:\/\/www.uqac.ca\/uqactualites\/2017\/05\/25\/succes-pour-la-troisieme-edition-duniversite-populaire\/#breadcrumb\"},\"inLanguage\":\"fr-CA\",\"potentialAction\":[{\"@type\":\"ReadAction\",\"target\":[\"https:\/\/www.uqac.ca\/uqactualites\/2017\/05\/25\/succes-pour-la-troisieme-edition-duniversite-populaire\/\"]}]},{\"@type\":\"ImageObject\",\"inLanguage\":\"fr-CA\",\"@id\":\"https:\/\/www.uqac.ca\/uqactualites\/2017\/05\/25\/succes-pour-la-troisieme-edition-duniversite-populaire\/#primaryimage\",\"url\":\"https:\/\/www.uqac.ca\/uqactualites\/wp-content\/uploads\/2017\/04\/UpopH17-Web.jpg\",\"contentUrl\":\"https:\/\/www.uqac.ca\/uqactualites\/wp-content\/uploads\/2017\/04\/UpopH17-Web.jpg\",\"width\":620,\"height\":300},{\"@type\":\"BreadcrumbList\",\"@id\":\"https:\/\/www.uqac.ca\/uqactualites\/2017\/05\/25\/succes-pour-la-troisieme-edition-duniversite-populaire\/#breadcrumb\",\"itemListElement\":[{\"@type\":\"ListItem\",\"position\":1,\"name\":\"Home\",\"item\":\"https:\/\/www.uqac.ca\/uqactualites\/\"},{\"@type\":\"ListItem\",\"position\":2,\"name\":\"Succ\u00e8s pour la troisi\u00e8me \u00e9dition d\u2019Universit\u00e9 populaire\"}]},{\"@type\":\"WebSite\",\"@id\":\"https:\/\/www.uqac.ca\/uqactualites\/#website\",\"url\":\"https:\/\/www.uqac.ca\/uqactualites\/\",\"name\":\"UQACtualit\u00e9s\",\"description\":\"Le portail des nouvelles de l&#039;UQAC\",\"potentialAction\":[{\"@type\":\"SearchAction\",\"target\":{\"@type\":\"EntryPoint\",\"urlTemplate\":\"https:\/\/www.uqac.ca\/uqactualites\/?s={search_term_string}\"},\"query-input\":{\"@type\":\"PropertyValueSpecification\",\"valueRequired\":true,\"valueName\":\"search_term_string\"}}],\"inLanguage\":\"fr-CA\"},{\"@type\":\"Person\",\"@id\":\"https:\/\/www.uqac.ca\/uqactualites\/#\/schema\/person\/366c45a0c4f0e677b41b4af5886e2018\",\"name\":\"Service des communications et des relations publiques\",\"image\":{\"@type\":\"ImageObject\",\"inLanguage\":\"fr-CA\",\"@id\":\"https:\/\/www.uqac.ca\/uqactualites\/#\/schema\/person\/image\/\",\"url\":\"https:\/\/secure.gravatar.com\/avatar\/20fbbda8a292f59f2d3461a5b999c00b?s=96&d=mm&r=g\",\"contentUrl\":\"https:\/\/secure.gravatar.com\/avatar\/20fbbda8a292f59f2d3461a5b999c00b?s=96&d=mm&r=g\",\"caption\":\"Service des communications et des relations publiques\"},\"url\":\"https:\/\/www.uqac.ca\/uqactualites\/author\/bap\/\"}]}<\/script>\r\n<!-- \/ Yoast SEO plugin. -->","yoast_head_json":{"title":"Succ\u00e8s pour la troisi\u00e8me \u00e9dition d\u2019Universit\u00e9 populaire - UQACtualit\u00e9s","robots":{"index":"index","follow":"follow","max-snippet":"max-snippet:-1","max-image-preview":"max-image-preview:large","max-video-preview":"max-video-preview:-1"},"canonical":"https:\/\/www.uqac.ca\/uqactualites\/2017\/05\/25\/succes-pour-la-troisieme-edition-duniversite-populaire\/","og_locale":"fr_CA","og_type":"article","og_title":"Succ\u00e8s pour la troisi\u00e8me \u00e9dition d\u2019Universit\u00e9 populaire - UQACtualit\u00e9s","og_description":"L\u2019\u00e9dition 2017 d\u2019Universit\u00e9 populaire s\u2019est achev\u00e9e le 24 mai dernier, alors qu\u2019\u00e9tait pr\u00e9sent\u00e9e la seconde de deux conf\u00e9rences publiques prononc\u00e9es par des professeurs de l\u2019UQAC. L\u2019\u00e9v\u00e9nement, dont la mission consiste \u00e0 d\u00e9mocratiser le savoir et le milieu universitaire, \u00e9tait propos\u00e9 cette ann\u00e9e au C\u00f4t\u00e9-Cour (Jonqui\u00e8re) et r\u00e9unissait quatre experts \u00e0 l\u2019occasion de deux soir\u00e9es aux [&hellip;]","og_url":"https:\/\/www.uqac.ca\/uqactualites\/2017\/05\/25\/succes-pour-la-troisieme-edition-duniversite-populaire\/","og_site_name":"UQACtualit\u00e9s","article_published_time":"2017-05-25T20:03:10+00:00","og_image":[{"width":620,"height":300,"url":"https:\/\/www.uqac.ca\/uqactualites\/wp-content\/uploads\/2017\/04\/UpopH17-Web.jpg","type":"image\/jpeg"}],"author":"Service des communications et des relations publiques","twitter_card":"summary_large_image","twitter_misc":{"\u00c9crit par":"Service des communications et des relations publiques","Estimation du temps de lecture":"1 minute"},"schema":{"@context":"https:\/\/schema.org","@graph":[{"@type":"WebPage","@id":"https:\/\/www.uqac.ca\/uqactualites\/2017\/05\/25\/succes-pour-la-troisieme-edition-duniversite-populaire\/","url":"https:\/\/www.uqac.ca\/uqactualites\/2017\/05\/25\/succes-pour-la-troisieme-edition-duniversite-populaire\/","name":"Succ\u00e8s pour la troisi\u00e8me \u00e9dition d\u2019Universit\u00e9 populaire - UQACtualit\u00e9s","isPartOf":{"@id":"https:\/\/www.uqac.ca\/uqactualites\/#website"},"primaryImageOfPage":{"@id":"https:\/\/www.uqac.ca\/uqactualites\/2017\/05\/25\/succes-pour-la-troisieme-edition-duniversite-populaire\/#primaryimage"},"image":{"@id":"https:\/\/www.uqac.ca\/uqactualites\/2017\/05\/25\/succes-pour-la-troisieme-edition-duniversite-populaire\/#primaryimage"},"thumbnailUrl":"https:\/\/www.uqac.ca\/uqactualites\/wp-content\/uploads\/2017\/04\/UpopH17-Web.jpg","datePublished":"2017-05-25T20:03:10+00:00","dateModified":"2017-05-25T20:03:10+00:00","author":{"@id":"https:\/\/www.uqac.ca\/uqactualites\/#\/schema\/person\/366c45a0c4f0e677b41b4af5886e2018"},"breadcrumb":{"@id":"https:\/\/www.uqac.ca\/uqactualites\/2017\/05\/25\/succes-pour-la-troisieme-edition-duniversite-populaire\/#breadcrumb"},"inLanguage":"fr-CA","potentialAction":[{"@type":"ReadAction","target":["https:\/\/www.uqac.ca\/uqactualites\/2017\/05\/25\/succes-pour-la-troisieme-edition-duniversite-populaire\/"]}]},{"@type":"ImageObject","inLanguage":"fr-CA","@id":"https:\/\/www.uqac.ca\/uqactualites\/2017\/05\/25\/succes-pour-la-troisieme-edition-duniversite-populaire\/#primaryimage","url":"https:\/\/www.uqac.ca\/uqactualites\/wp-content\/uploads\/2017\/04\/UpopH17-Web.jpg","contentUrl":"https:\/\/www.uqac.ca\/uqactualites\/wp-content\/uploads\/2017\/04\/UpopH17-Web.jpg","width":620,"height":300},{"@type":"BreadcrumbList","@id":"https:\/\/www.uqac.ca\/uqactualites\/2017\/05\/25\/succes-pour-la-troisieme-edition-duniversite-populaire\/#breadcrumb","itemListElement":[{"@type":"ListItem","position":1,"name":"Home","item":"https:\/\/www.uqac.ca\/uqactualites\/"},{"@type":"ListItem","position":2,"name":"Succ\u00e8s pour la troisi\u00e8me \u00e9dition d\u2019Universit\u00e9 populaire"}]},{"@type":"WebSite","@id":"https:\/\/www.uqac.ca\/uqactualites\/#website","url":"https:\/\/www.uqac.ca\/uqactualites\/","name":"UQACtualit\u00e9s","description":"Le portail des nouvelles de l&#039;UQAC","potentialAction":[{"@type":"SearchAction","target":{"@type":"EntryPoint","urlTemplate":"https:\/\/www.uqac.ca\/uqactualites\/?s={search_term_string}"},"query-input":{"@type":"PropertyValueSpecification","valueRequired":true,"valueName":"search_term_string"}}],"inLanguage":"fr-CA"},{"@type":"Person","@id":"https:\/\/www.uqac.ca\/uqactualites\/#\/schema\/person\/366c45a0c4f0e677b41b4af5886e2018","name":"Service des communications et des relations publiques","image":{"@type":"ImageObject","inLanguage":"fr-CA","@id":"https:\/\/www.uqac.ca\/uqactualites\/#\/schema\/person\/image\/","url":"https:\/\/secure.gravatar.com\/avatar\/20fbbda8a292f59f2d3461a5b999c00b?s=96&d=mm&r=g","contentUrl":"https:\/\/secure.gravatar.com\/avatar\/20fbbda8a292f59f2d3461a5b999c00b?s=96&d=mm&r=g","caption":"Service des communications et des relations publiques"},"url":"https:\/\/www.uqac.ca\/uqactualites\/author\/bap\/"}]}},"_links":{"self":[{"href":"https:\/\/www.uqac.ca\/uqactualites\/wp-json\/wp\/v2\/posts\/33294"}],"collection":[{"href":"https:\/\/www.uqac.ca\/uqactualites\/wp-json\/wp\/v2\/posts"}],"about":[{"href":"https:\/\/www.uqac.ca\/uqactualites\/wp-json\/wp\/v2\/types\/post"}],"author":[{"embeddable":true,"href":"https:\/\/www.uqac.ca\/uqactualites\/wp-json\/wp\/v2\/users\/5"}],"replies":[{"embeddable":true,"href":"https:\/\/www.uqac.ca\/uqactualites\/wp-json\/wp\/v2\/comments?post=33294"}],"version-history":[{"count":0,"href":"https:\/\/www.uqac.ca\/uqactualites\/wp-json\/wp\/v2\/posts\/33294\/revisions"}],"wp:featuredmedia":[{"embeddable":true,"href":"https:\/\/www.uqac.ca\/uqactualites\/wp-json\/wp\/v2\/media\/33209"}],"wp:attachment":[{"href":"https:\/\/www.uqac.ca\/uqactualites\/wp-json\/wp\/v2\/media?parent=33294"}],"wp:term":[{"taxonomy":"category","embeddable":true,"href":"https:\/\/www.uqac.ca\/uqactualites\/wp-json\/wp\/v2\/categories?post=33294"},{"taxonomy":"post_tag","embeddable":true,"href":"https:\/\/www.uqac.ca\/uqactualites\/wp-json\/wp\/v2\/tags?post=33294"}],"curies":[{"name":"wp","href":"https:\/\/api.w.org\/{rel}","templated":true}]}}