{"id":33320,"date":"2017-06-01T10:32:16","date_gmt":"2017-06-01T14:32:16","guid":{"rendered":"http:\/\/uqactualite.odev.ca\/?p=33320"},"modified":"2017-06-01T10:32:16","modified_gmt":"2017-06-01T14:32:16","slug":"hommage-aux-nouveaux-retraites-luqac-souligne-le-depart-a-la-retraite-de-21-collegues","status":"publish","type":"post","link":"https:\/\/www.uqac.ca\/uqactualites\/2017\/06\/01\/hommage-aux-nouveaux-retraites-luqac-souligne-le-depart-a-la-retraite-de-21-collegues\/","title":{"rendered":"Hommage aux nouveaux retrait\u00e9s\u00a0: l\u2019UQAC souligne le d\u00e9part \u00e0 la retraite de 21 coll\u00e8gues"},"content":{"rendered":"<p style=\"text-align: justify\">C\u2019est le mardi 30 mai dernier, devant une salle bond\u00e9e, que l\u2019UQAC a salu\u00e9 les tout nouveaux retrait\u00e9s de l\u2019UQAC \u00e0 l\u2019occasion d\u2019une c\u00e9r\u00e9monie tenue en leur honneur. Quinze d\u2019entre eux \u00e9taient de la partie, et c\u2019est accompagn\u00e9s de leurs coll\u00e8gues et amis qu\u2019ils ont pu f\u00eater la fin de leur parcours professionnel. Les jeunes retrait\u00e9s ont d\u00e9fil\u00e9 sur sc\u00e8ne, recevant au passage de vibrants hommages r\u00e9dig\u00e9s pour eux par leurs confr\u00e8res et cons\u0153urs de travail.<\/p>\n<p style=\"text-align: justify\">C\u2019est Nicole Huybens, professeure au D\u00e9partement des sciences fondamentales, qui repr\u00e9sentait la cohorte 2017 des retrait\u00e9s de l\u2019UQAC. Elle a d\u2019ailleurs livr\u00e9 un discours tr\u00e8s touchant, profitant de la tribune qui lui \u00e9tait offerte pour laisser ses coll\u00e8gues joindre leur voix \u00e0 la sienne.<\/p>\n<p style=\"text-align: justify\">La r\u00e9ception, qui \u00e9tait \u00e9galement l\u2019occasion de mettre en lumi\u00e8re les salari\u00e9s ayant cumul\u00e9 25 et 35 ann\u00e9es de service \u00e0 l\u2019Universit\u00e9, s\u2019est poursuivie au centre social avec un verre de l\u2019amiti\u00e9. F\u00e9licitations \u00e0 tous nos coll\u00e8gues et bonne retraite!<\/p>\n<p style=\"text-align: center\"><strong>RETRAIT\u00c9ES ET RETRAIT\u00c9S 2017<br \/>\n<\/strong>St\u00e9phane Aubin\u00a0 |\u00a0 Catherine Audet\u00a0 |\u00a0 G\u00e9rard Bouchard\u00a0 |\u00a0 Gilles Bouchard<br \/>\nFran\u00e7oise Courville\u00a0 |\u00a0 Guylaine Dufour\u00a0 |\u00a0 Masoud Farzaneh\u00a0 |\u00a0 Lucie Gagnon\u00a0 |\u00a0 Michel Gagnon<br \/>\nJulie Gauthier\u00a0 |\u00a0 Patrick Guay\u00a0 |\u00a0 Sylvain Jalbert\u00a0 |\u00a0 Ang\u00e8le Hudon\u00a0 |\u00a0 Louise Lessard<br \/>\nC\u00e9line Nepton\u00a0 |\u00a0 Diane Painchaud\u00a0 |\u00a0 Marcel Pearson\u00a0 |\u00a0 Serge Potvin<br \/>\nNicole Huybens\u00a0 |\u00a0 Monique Simard\u00a0 |\u00a0 Agathe Tremblay<\/p>\n<p style=\"text-align: center\"><strong>SALARI\u00c9S AYANT CUMUL\u00c9 25 ANN\u00c9ES DE SERVICE<br \/>\n<\/strong>Carlos Bergeron | Maarten Buyck | Louise Charrette \u00a0|\u00a0 Bernard Larouche | Gilles L\u00e9vesque<br \/>\nAudrey Maltais \u00a0| \u00a0Lorraine Tremblay | Carole Dion | Marc Jean\u00a0 |\u00a0 Laszlo Kiss | Louis Richer<br \/>\nMarc Tremblay\u00a0 |\u00a0 Bruno Brassard | Alexandre Cotey | Louise Dumais\u00a0 |\u00a0 H\u00e9l\u00e8ne Gagn\u00e9<br \/>\n\u00c9dith Girard | Chantale Harvey\u00a0 |\u00a0 Michel Lalancette | Jacinthe Lavoie | Lisa Simard<\/p>\n<p style=\"text-align: center\"><strong>SALARI\u00c9S AYANT CUMUL\u00c9 35 ANN\u00c9ES DE SERVICE<br \/>\n<\/strong>Bernard Bouchard | Richard Perreault | Michel Gagnon | Andr\u00e9 Leclerc<\/p>\n<p style=\"text-align: justify\"><span style=\"color: #808080\"><strong>Photo :<\/strong>\u00a0Quatorze des vingt-et-un retrait\u00e9s 2017 de l\u2019UQAC<\/span><br \/>\n<span style=\"color: #808080\"><strong>\u00a9<\/strong>\u00a0<strong>Denis Blackburn<\/strong><\/span><\/p>\n","protected":false},"excerpt":{"rendered":"<p>C\u2019est le mardi 30 mai dernier, devant une salle bond\u00e9e, que l\u2019UQAC a salu\u00e9 les tout nouveaux retrait\u00e9s de l\u2019UQAC \u00e0 l\u2019occasion d\u2019une c\u00e9r\u00e9monie tenue en leur honneur. Quinze d\u2019entre eux \u00e9taient de la partie, et c\u2019est accompagn\u00e9s de leurs coll\u00e8gues et amis qu\u2019ils ont pu f\u00eater la fin de leur parcours professionnel. Les jeunes [&hellip;]<\/p>\n","protected":false},"author":5,"featured_media":33321,"comment_status":"open","ping_status":"open","sticky":false,"template":"","format":"standard","meta":{"footnotes":""},"categories":[2,61],"tags":[],"yoast_head":"<!-- This site is optimized with the Yoast SEO plugin v24.2 - https:\/\/yoast.com\/wordpress\/plugins\/seo\/ -->\r\n<title>Hommage aux nouveaux retrait\u00e9s\u00a0: l\u2019UQAC souligne le d\u00e9part \u00e0 la retraite de 21 coll\u00e8gues - UQACtualit\u00e9s<\/title>\r\n<meta name=\"robots\" content=\"index, follow, max-snippet:-1, max-image-preview:large, max-video-preview:-1\" \/>\r\n<link rel=\"canonical\" href=\"https:\/\/www.uqac.ca\/uqactualites\/2017\/06\/01\/hommage-aux-nouveaux-retraites-luqac-souligne-le-depart-a-la-retraite-de-21-collegues\/\" \/>\r\n<meta property=\"og:locale\" content=\"fr_CA\" \/>\r\n<meta property=\"og:type\" content=\"article\" \/>\r\n<meta property=\"og:title\" content=\"Hommage aux nouveaux retrait\u00e9s\u00a0: l\u2019UQAC souligne le d\u00e9part \u00e0 la retraite de 21 coll\u00e8gues - UQACtualit\u00e9s\" \/>\r\n<meta property=\"og:description\" content=\"C\u2019est le mardi 30 mai dernier, devant une salle bond\u00e9e, que l\u2019UQAC a salu\u00e9 les tout nouveaux retrait\u00e9s de l\u2019UQAC \u00e0 l\u2019occasion d\u2019une c\u00e9r\u00e9monie tenue en leur honneur. Quinze d\u2019entre eux \u00e9taient de la partie, et c\u2019est accompagn\u00e9s de leurs coll\u00e8gues et amis qu\u2019ils ont pu f\u00eater la fin de leur parcours professionnel. Les jeunes [&hellip;]\" \/>\r\n<meta property=\"og:url\" content=\"https:\/\/www.uqac.ca\/uqactualites\/2017\/06\/01\/hommage-aux-nouveaux-retraites-luqac-souligne-le-depart-a-la-retraite-de-21-collegues\/\" \/>\r\n<meta property=\"og:site_name\" content=\"UQACtualit\u00e9s\" \/>\r\n<meta property=\"article:published_time\" content=\"2017-06-01T14:32:16+00:00\" \/>\r\n<meta property=\"og:image\" content=\"https:\/\/www.uqac.ca\/uqactualites\/wp-content\/uploads\/2017\/06\/Retrait\u00e9s-2017-Web-Denis-Blacburn.jpg\" \/>\r\n\t<meta property=\"og:image:width\" content=\"620\" \/>\r\n\t<meta property=\"og:image:height\" content=\"300\" \/>\r\n\t<meta property=\"og:image:type\" content=\"image\/jpeg\" \/>\r\n<meta name=\"author\" content=\"Service des communications et des relations publiques\" \/>\r\n<meta name=\"twitter:card\" content=\"summary_large_image\" \/>\r\n<meta name=\"twitter:label1\" content=\"\u00c9crit par\" \/>\n\t<meta name=\"twitter:data1\" content=\"Service des communications et des relations publiques\" \/>\n\t<meta name=\"twitter:label2\" content=\"Estimation du temps de lecture\" \/>\n\t<meta name=\"twitter:data2\" content=\"2 minutes\" \/>\r\n<script type=\"application\/ld+json\" class=\"yoast-schema-graph\">{\"@context\":\"https:\/\/schema.org\",\"@graph\":[{\"@type\":\"WebPage\",\"@id\":\"https:\/\/www.uqac.ca\/uqactualites\/2017\/06\/01\/hommage-aux-nouveaux-retraites-luqac-souligne-le-depart-a-la-retraite-de-21-collegues\/\",\"url\":\"https:\/\/www.uqac.ca\/uqactualites\/2017\/06\/01\/hommage-aux-nouveaux-retraites-luqac-souligne-le-depart-a-la-retraite-de-21-collegues\/\",\"name\":\"Hommage aux nouveaux retrait\u00e9s\u00a0: l\u2019UQAC souligne le d\u00e9part \u00e0 la retraite de 21 coll\u00e8gues - UQACtualit\u00e9s\",\"isPartOf\":{\"@id\":\"https:\/\/www.uqac.ca\/uqactualites\/#website\"},\"primaryImageOfPage\":{\"@id\":\"https:\/\/www.uqac.ca\/uqactualites\/2017\/06\/01\/hommage-aux-nouveaux-retraites-luqac-souligne-le-depart-a-la-retraite-de-21-collegues\/#primaryimage\"},\"image\":{\"@id\":\"https:\/\/www.uqac.ca\/uqactualites\/2017\/06\/01\/hommage-aux-nouveaux-retraites-luqac-souligne-le-depart-a-la-retraite-de-21-collegues\/#primaryimage\"},\"thumbnailUrl\":\"https:\/\/www.uqac.ca\/uqactualites\/wp-content\/uploads\/2017\/06\/Retrait\u00e9s-2017-Web-Denis-Blacburn.jpg\",\"datePublished\":\"2017-06-01T14:32:16+00:00\",\"dateModified\":\"2017-06-01T14:32:16+00:00\",\"author\":{\"@id\":\"https:\/\/www.uqac.ca\/uqactualites\/#\/schema\/person\/366c45a0c4f0e677b41b4af5886e2018\"},\"breadcrumb\":{\"@id\":\"https:\/\/www.uqac.ca\/uqactualites\/2017\/06\/01\/hommage-aux-nouveaux-retraites-luqac-souligne-le-depart-a-la-retraite-de-21-collegues\/#breadcrumb\"},\"inLanguage\":\"fr-CA\",\"potentialAction\":[{\"@type\":\"ReadAction\",\"target\":[\"https:\/\/www.uqac.ca\/uqactualites\/2017\/06\/01\/hommage-aux-nouveaux-retraites-luqac-souligne-le-depart-a-la-retraite-de-21-collegues\/\"]}]},{\"@type\":\"ImageObject\",\"inLanguage\":\"fr-CA\",\"@id\":\"https:\/\/www.uqac.ca\/uqactualites\/2017\/06\/01\/hommage-aux-nouveaux-retraites-luqac-souligne-le-depart-a-la-retraite-de-21-collegues\/#primaryimage\",\"url\":\"https:\/\/www.uqac.ca\/uqactualites\/wp-content\/uploads\/2017\/06\/Retrait\u00e9s-2017-Web-Denis-Blacburn.jpg\",\"contentUrl\":\"https:\/\/www.uqac.ca\/uqactualites\/wp-content\/uploads\/2017\/06\/Retrait\u00e9s-2017-Web-Denis-Blacburn.jpg\",\"width\":620,\"height\":300},{\"@type\":\"BreadcrumbList\",\"@id\":\"https:\/\/www.uqac.ca\/uqactualites\/2017\/06\/01\/hommage-aux-nouveaux-retraites-luqac-souligne-le-depart-a-la-retraite-de-21-collegues\/#breadcrumb\",\"itemListElement\":[{\"@type\":\"ListItem\",\"position\":1,\"name\":\"Home\",\"item\":\"https:\/\/www.uqac.ca\/uqactualites\/\"},{\"@type\":\"ListItem\",\"position\":2,\"name\":\"Hommage aux nouveaux retrait\u00e9s\u00a0: l\u2019UQAC souligne le d\u00e9part \u00e0 la retraite de 21 coll\u00e8gues\"}]},{\"@type\":\"WebSite\",\"@id\":\"https:\/\/www.uqac.ca\/uqactualites\/#website\",\"url\":\"https:\/\/www.uqac.ca\/uqactualites\/\",\"name\":\"UQACtualit\u00e9s\",\"description\":\"Le portail des nouvelles de l&#039;UQAC\",\"potentialAction\":[{\"@type\":\"SearchAction\",\"target\":{\"@type\":\"EntryPoint\",\"urlTemplate\":\"https:\/\/www.uqac.ca\/uqactualites\/?s={search_term_string}\"},\"query-input\":{\"@type\":\"PropertyValueSpecification\",\"valueRequired\":true,\"valueName\":\"search_term_string\"}}],\"inLanguage\":\"fr-CA\"},{\"@type\":\"Person\",\"@id\":\"https:\/\/www.uqac.ca\/uqactualites\/#\/schema\/person\/366c45a0c4f0e677b41b4af5886e2018\",\"name\":\"Service des communications et des relations publiques\",\"image\":{\"@type\":\"ImageObject\",\"inLanguage\":\"fr-CA\",\"@id\":\"https:\/\/www.uqac.ca\/uqactualites\/#\/schema\/person\/image\/\",\"url\":\"https:\/\/secure.gravatar.com\/avatar\/20fbbda8a292f59f2d3461a5b999c00b?s=96&d=mm&r=g\",\"contentUrl\":\"https:\/\/secure.gravatar.com\/avatar\/20fbbda8a292f59f2d3461a5b999c00b?s=96&d=mm&r=g\",\"caption\":\"Service des communications et des relations publiques\"},\"url\":\"https:\/\/www.uqac.ca\/uqactualites\/author\/bap\/\"}]}<\/script>\r\n<!-- \/ Yoast SEO plugin. -->","yoast_head_json":{"title":"Hommage aux nouveaux retrait\u00e9s\u00a0: l\u2019UQAC souligne le d\u00e9part \u00e0 la retraite de 21 coll\u00e8gues - UQACtualit\u00e9s","robots":{"index":"index","follow":"follow","max-snippet":"max-snippet:-1","max-image-preview":"max-image-preview:large","max-video-preview":"max-video-preview:-1"},"canonical":"https:\/\/www.uqac.ca\/uqactualites\/2017\/06\/01\/hommage-aux-nouveaux-retraites-luqac-souligne-le-depart-a-la-retraite-de-21-collegues\/","og_locale":"fr_CA","og_type":"article","og_title":"Hommage aux nouveaux retrait\u00e9s\u00a0: l\u2019UQAC souligne le d\u00e9part \u00e0 la retraite de 21 coll\u00e8gues - UQACtualit\u00e9s","og_description":"C\u2019est le mardi 30 mai dernier, devant une salle bond\u00e9e, que l\u2019UQAC a salu\u00e9 les tout nouveaux retrait\u00e9s de l\u2019UQAC \u00e0 l\u2019occasion d\u2019une c\u00e9r\u00e9monie tenue en leur honneur. Quinze d\u2019entre eux \u00e9taient de la partie, et c\u2019est accompagn\u00e9s de leurs coll\u00e8gues et amis qu\u2019ils ont pu f\u00eater la fin de leur parcours professionnel. Les jeunes [&hellip;]","og_url":"https:\/\/www.uqac.ca\/uqactualites\/2017\/06\/01\/hommage-aux-nouveaux-retraites-luqac-souligne-le-depart-a-la-retraite-de-21-collegues\/","og_site_name":"UQACtualit\u00e9s","article_published_time":"2017-06-01T14:32:16+00:00","og_image":[{"width":620,"height":300,"url":"https:\/\/www.uqac.ca\/uqactualites\/wp-content\/uploads\/2017\/06\/Retrait\u00e9s-2017-Web-Denis-Blacburn.jpg","type":"image\/jpeg"}],"author":"Service des communications et des relations publiques","twitter_card":"summary_large_image","twitter_misc":{"\u00c9crit par":"Service des communications et des relations publiques","Estimation du temps de lecture":"2 minutes"},"schema":{"@context":"https:\/\/schema.org","@graph":[{"@type":"WebPage","@id":"https:\/\/www.uqac.ca\/uqactualites\/2017\/06\/01\/hommage-aux-nouveaux-retraites-luqac-souligne-le-depart-a-la-retraite-de-21-collegues\/","url":"https:\/\/www.uqac.ca\/uqactualites\/2017\/06\/01\/hommage-aux-nouveaux-retraites-luqac-souligne-le-depart-a-la-retraite-de-21-collegues\/","name":"Hommage aux nouveaux retrait\u00e9s\u00a0: l\u2019UQAC souligne le d\u00e9part \u00e0 la retraite de 21 coll\u00e8gues - UQACtualit\u00e9s","isPartOf":{"@id":"https:\/\/www.uqac.ca\/uqactualites\/#website"},"primaryImageOfPage":{"@id":"https:\/\/www.uqac.ca\/uqactualites\/2017\/06\/01\/hommage-aux-nouveaux-retraites-luqac-souligne-le-depart-a-la-retraite-de-21-collegues\/#primaryimage"},"image":{"@id":"https:\/\/www.uqac.ca\/uqactualites\/2017\/06\/01\/hommage-aux-nouveaux-retraites-luqac-souligne-le-depart-a-la-retraite-de-21-collegues\/#primaryimage"},"thumbnailUrl":"https:\/\/www.uqac.ca\/uqactualites\/wp-content\/uploads\/2017\/06\/Retrait\u00e9s-2017-Web-Denis-Blacburn.jpg","datePublished":"2017-06-01T14:32:16+00:00","dateModified":"2017-06-01T14:32:16+00:00","author":{"@id":"https:\/\/www.uqac.ca\/uqactualites\/#\/schema\/person\/366c45a0c4f0e677b41b4af5886e2018"},"breadcrumb":{"@id":"https:\/\/www.uqac.ca\/uqactualites\/2017\/06\/01\/hommage-aux-nouveaux-retraites-luqac-souligne-le-depart-a-la-retraite-de-21-collegues\/#breadcrumb"},"inLanguage":"fr-CA","potentialAction":[{"@type":"ReadAction","target":["https:\/\/www.uqac.ca\/uqactualites\/2017\/06\/01\/hommage-aux-nouveaux-retraites-luqac-souligne-le-depart-a-la-retraite-de-21-collegues\/"]}]},{"@type":"ImageObject","inLanguage":"fr-CA","@id":"https:\/\/www.uqac.ca\/uqactualites\/2017\/06\/01\/hommage-aux-nouveaux-retraites-luqac-souligne-le-depart-a-la-retraite-de-21-collegues\/#primaryimage","url":"https:\/\/www.uqac.ca\/uqactualites\/wp-content\/uploads\/2017\/06\/Retrait\u00e9s-2017-Web-Denis-Blacburn.jpg","contentUrl":"https:\/\/www.uqac.ca\/uqactualites\/wp-content\/uploads\/2017\/06\/Retrait\u00e9s-2017-Web-Denis-Blacburn.jpg","width":620,"height":300},{"@type":"BreadcrumbList","@id":"https:\/\/www.uqac.ca\/uqactualites\/2017\/06\/01\/hommage-aux-nouveaux-retraites-luqac-souligne-le-depart-a-la-retraite-de-21-collegues\/#breadcrumb","itemListElement":[{"@type":"ListItem","position":1,"name":"Home","item":"https:\/\/www.uqac.ca\/uqactualites\/"},{"@type":"ListItem","position":2,"name":"Hommage aux nouveaux retrait\u00e9s\u00a0: l\u2019UQAC souligne le d\u00e9part \u00e0 la retraite de 21 coll\u00e8gues"}]},{"@type":"WebSite","@id":"https:\/\/www.uqac.ca\/uqactualites\/#website","url":"https:\/\/www.uqac.ca\/uqactualites\/","name":"UQACtualit\u00e9s","description":"Le portail des nouvelles de l&#039;UQAC","potentialAction":[{"@type":"SearchAction","target":{"@type":"EntryPoint","urlTemplate":"https:\/\/www.uqac.ca\/uqactualites\/?s={search_term_string}"},"query-input":{"@type":"PropertyValueSpecification","valueRequired":true,"valueName":"search_term_string"}}],"inLanguage":"fr-CA"},{"@type":"Person","@id":"https:\/\/www.uqac.ca\/uqactualites\/#\/schema\/person\/366c45a0c4f0e677b41b4af5886e2018","name":"Service des communications et des relations publiques","image":{"@type":"ImageObject","inLanguage":"fr-CA","@id":"https:\/\/www.uqac.ca\/uqactualites\/#\/schema\/person\/image\/","url":"https:\/\/secure.gravatar.com\/avatar\/20fbbda8a292f59f2d3461a5b999c00b?s=96&d=mm&r=g","contentUrl":"https:\/\/secure.gravatar.com\/avatar\/20fbbda8a292f59f2d3461a5b999c00b?s=96&d=mm&r=g","caption":"Service des communications et des relations publiques"},"url":"https:\/\/www.uqac.ca\/uqactualites\/author\/bap\/"}]}},"_links":{"self":[{"href":"https:\/\/www.uqac.ca\/uqactualites\/wp-json\/wp\/v2\/posts\/33320"}],"collection":[{"href":"https:\/\/www.uqac.ca\/uqactualites\/wp-json\/wp\/v2\/posts"}],"about":[{"href":"https:\/\/www.uqac.ca\/uqactualites\/wp-json\/wp\/v2\/types\/post"}],"author":[{"embeddable":true,"href":"https:\/\/www.uqac.ca\/uqactualites\/wp-json\/wp\/v2\/users\/5"}],"replies":[{"embeddable":true,"href":"https:\/\/www.uqac.ca\/uqactualites\/wp-json\/wp\/v2\/comments?post=33320"}],"version-history":[{"count":0,"href":"https:\/\/www.uqac.ca\/uqactualites\/wp-json\/wp\/v2\/posts\/33320\/revisions"}],"wp:featuredmedia":[{"embeddable":true,"href":"https:\/\/www.uqac.ca\/uqactualites\/wp-json\/wp\/v2\/media\/33321"}],"wp:attachment":[{"href":"https:\/\/www.uqac.ca\/uqactualites\/wp-json\/wp\/v2\/media?parent=33320"}],"wp:term":[{"taxonomy":"category","embeddable":true,"href":"https:\/\/www.uqac.ca\/uqactualites\/wp-json\/wp\/v2\/categories?post=33320"},{"taxonomy":"post_tag","embeddable":true,"href":"https:\/\/www.uqac.ca\/uqactualites\/wp-json\/wp\/v2\/tags?post=33320"}],"curies":[{"name":"wp","href":"https:\/\/api.w.org\/{rel}","templated":true}]}}