{"id":33331,"date":"2017-06-07T18:00:48","date_gmt":"2017-06-07T22:00:48","guid":{"rendered":"http:\/\/uqactualite.odev.ca\/?p=33331"},"modified":"2023-10-23T14:12:21","modified_gmt":"2023-10-23T18:12:21","slug":"cynthia-harvey-nommee-presidente-de-lacef-19e","status":"publish","type":"post","link":"https:\/\/www.uqac.ca\/uqactualites\/2017\/06\/07\/cynthia-harvey-nommee-presidente-de-lacef-19e\/","title":{"rendered":"Cynthia Harvey nomm\u00e9e pr\u00e9sidente de l\u2019ACEF 19e"},"content":{"rendered":"<p style=\"text-align: justify\">La directrice du D\u00e9partement des arts et lettres et professeure de litt\u00e9rature fran\u00e7aise, Cynthia Harvey, a r\u00e9cemment \u00e9t\u00e9 nomm\u00e9e pr\u00e9sidente de l&rsquo;Association canadienne des \u00e9tudes francophones du XIX<sup>e<\/sup> si\u00e8cle (ACEF 19<sup>e<\/sup>). C\u2019est lors du dernier colloque annuel, tenu du 27 mai au 2 juin derniers \u00e0 l&rsquo;Universit\u00e9 Ryerson (Toronto) dans le cadre du Congr\u00e8s des sciences humaines et sociales, qu\u2019a \u00e9t\u00e9 officialis\u00e9 son mandat. D\u2019une dur\u00e9e de 3 ans, ce dernier consistera principalement \u00e0 dynamiser la recherche dans ce secteur en r\u00e9unissant les chercheurs lors d\u2019un colloque annuel et en facilitant les \u00e9changes tout au long de l\u2019ann\u00e9e. L\u2019Association regroupe tous les professeurs et jeunes chercheurs en litt\u00e9rature fran\u00e7aise du 19<sup>e<\/sup> si\u00e8cle \u00e0 travers le Canada.<\/p>\n<p style=\"text-align: justify\">Bravo!<\/p>\n<p style=\"text-align: justify\">\n<p style=\"text-align: justify\"><span style=\"color: #808080\"><strong>\u00a9 Denis Blackburn<\/strong><\/span><\/p>\n","protected":false},"excerpt":{"rendered":"<p>La directrice du D\u00e9partement des arts et lettres et professeure de litt\u00e9rature fran\u00e7aise, Cynthia Harvey, a r\u00e9cemment \u00e9t\u00e9 nomm\u00e9e pr\u00e9sidente de l&rsquo;Association canadienne des \u00e9tudes francophones du XIXe si\u00e8cle (ACEF 19e). C\u2019est lors du dernier colloque annuel, tenu du 27 mai au 2 juin derniers \u00e0 l&rsquo;Universit\u00e9 Ryerson (Toronto) dans le cadre du Congr\u00e8s des [&hellip;]<\/p>\n","protected":false},"author":5,"featured_media":33329,"comment_status":"open","ping_status":"open","sticky":false,"template":"","format":"standard","meta":{"footnotes":""},"categories":[15],"tags":[],"yoast_head":"<!-- This site is optimized with the Yoast SEO plugin v24.2 - https:\/\/yoast.com\/wordpress\/plugins\/seo\/ -->\r\n<title>Cynthia Harvey nomm\u00e9e pr\u00e9sidente de l\u2019ACEF 19e - UQACtualit\u00e9s<\/title>\r\n<meta name=\"robots\" content=\"index, follow, max-snippet:-1, max-image-preview:large, max-video-preview:-1\" \/>\r\n<link rel=\"canonical\" href=\"https:\/\/www.uqac.ca\/uqactualites\/2017\/06\/07\/cynthia-harvey-nommee-presidente-de-lacef-19e\/\" \/>\r\n<meta property=\"og:locale\" content=\"fr_CA\" \/>\r\n<meta property=\"og:type\" content=\"article\" \/>\r\n<meta property=\"og:title\" content=\"Cynthia Harvey nomm\u00e9e pr\u00e9sidente de l\u2019ACEF 19e - UQACtualit\u00e9s\" \/>\r\n<meta property=\"og:description\" content=\"La directrice du D\u00e9partement des arts et lettres et professeure de litt\u00e9rature fran\u00e7aise, Cynthia Harvey, a r\u00e9cemment \u00e9t\u00e9 nomm\u00e9e pr\u00e9sidente de l&rsquo;Association canadienne des \u00e9tudes francophones du XIXe si\u00e8cle (ACEF 19e). C\u2019est lors du dernier colloque annuel, tenu du 27 mai au 2 juin derniers \u00e0 l&rsquo;Universit\u00e9 Ryerson (Toronto) dans le cadre du Congr\u00e8s des [&hellip;]\" \/>\r\n<meta property=\"og:url\" content=\"https:\/\/www.uqac.ca\/uqactualites\/2017\/06\/07\/cynthia-harvey-nommee-presidente-de-lacef-19e\/\" \/>\r\n<meta property=\"og:site_name\" content=\"UQACtualit\u00e9s\" \/>\r\n<meta property=\"article:published_time\" content=\"2017-06-07T22:00:48+00:00\" \/>\r\n<meta property=\"article:modified_time\" content=\"2023-10-23T18:12:21+00:00\" \/>\r\n<meta property=\"og:image\" content=\"https:\/\/www.uqac.ca\/uqactualites\/wp-content\/uploads\/2017\/06\/Cynthia-Harvey-Web-Denis-Blackburn.jpg\" \/>\r\n\t<meta property=\"og:image:width\" content=\"620\" \/>\r\n\t<meta property=\"og:image:height\" content=\"300\" \/>\r\n\t<meta property=\"og:image:type\" content=\"image\/jpeg\" \/>\r\n<meta name=\"author\" content=\"Service des communications et des relations publiques\" \/>\r\n<meta name=\"twitter:card\" content=\"summary_large_image\" \/>\r\n<meta name=\"twitter:label1\" content=\"\u00c9crit par\" \/>\n\t<meta name=\"twitter:data1\" content=\"Service des communications et des relations publiques\" \/>\n\t<meta name=\"twitter:label2\" content=\"Estimation du temps de lecture\" \/>\n\t<meta name=\"twitter:data2\" content=\"1 minute\" \/>\r\n<script type=\"application\/ld+json\" class=\"yoast-schema-graph\">{\"@context\":\"https:\/\/schema.org\",\"@graph\":[{\"@type\":\"WebPage\",\"@id\":\"https:\/\/www.uqac.ca\/uqactualites\/2017\/06\/07\/cynthia-harvey-nommee-presidente-de-lacef-19e\/\",\"url\":\"https:\/\/www.uqac.ca\/uqactualites\/2017\/06\/07\/cynthia-harvey-nommee-presidente-de-lacef-19e\/\",\"name\":\"Cynthia Harvey nomm\u00e9e pr\u00e9sidente de l\u2019ACEF 19e - UQACtualit\u00e9s\",\"isPartOf\":{\"@id\":\"https:\/\/www.uqac.ca\/uqactualites\/#website\"},\"primaryImageOfPage\":{\"@id\":\"https:\/\/www.uqac.ca\/uqactualites\/2017\/06\/07\/cynthia-harvey-nommee-presidente-de-lacef-19e\/#primaryimage\"},\"image\":{\"@id\":\"https:\/\/www.uqac.ca\/uqactualites\/2017\/06\/07\/cynthia-harvey-nommee-presidente-de-lacef-19e\/#primaryimage\"},\"thumbnailUrl\":\"https:\/\/www.uqac.ca\/uqactualites\/wp-content\/uploads\/2017\/06\/Cynthia-Harvey-Web-Denis-Blackburn.jpg\",\"datePublished\":\"2017-06-07T22:00:48+00:00\",\"dateModified\":\"2023-10-23T18:12:21+00:00\",\"author\":{\"@id\":\"https:\/\/www.uqac.ca\/uqactualites\/#\/schema\/person\/366c45a0c4f0e677b41b4af5886e2018\"},\"breadcrumb\":{\"@id\":\"https:\/\/www.uqac.ca\/uqactualites\/2017\/06\/07\/cynthia-harvey-nommee-presidente-de-lacef-19e\/#breadcrumb\"},\"inLanguage\":\"fr-CA\",\"potentialAction\":[{\"@type\":\"ReadAction\",\"target\":[\"https:\/\/www.uqac.ca\/uqactualites\/2017\/06\/07\/cynthia-harvey-nommee-presidente-de-lacef-19e\/\"]}]},{\"@type\":\"ImageObject\",\"inLanguage\":\"fr-CA\",\"@id\":\"https:\/\/www.uqac.ca\/uqactualites\/2017\/06\/07\/cynthia-harvey-nommee-presidente-de-lacef-19e\/#primaryimage\",\"url\":\"https:\/\/www.uqac.ca\/uqactualites\/wp-content\/uploads\/2017\/06\/Cynthia-Harvey-Web-Denis-Blackburn.jpg\",\"contentUrl\":\"https:\/\/www.uqac.ca\/uqactualites\/wp-content\/uploads\/2017\/06\/Cynthia-Harvey-Web-Denis-Blackburn.jpg\",\"width\":620,\"height\":300},{\"@type\":\"BreadcrumbList\",\"@id\":\"https:\/\/www.uqac.ca\/uqactualites\/2017\/06\/07\/cynthia-harvey-nommee-presidente-de-lacef-19e\/#breadcrumb\",\"itemListElement\":[{\"@type\":\"ListItem\",\"position\":1,\"name\":\"Home\",\"item\":\"https:\/\/www.uqac.ca\/uqactualites\/\"},{\"@type\":\"ListItem\",\"position\":2,\"name\":\"Cynthia Harvey nomm\u00e9e pr\u00e9sidente de l\u2019ACEF 19e\"}]},{\"@type\":\"WebSite\",\"@id\":\"https:\/\/www.uqac.ca\/uqactualites\/#website\",\"url\":\"https:\/\/www.uqac.ca\/uqactualites\/\",\"name\":\"UQACtualit\u00e9s\",\"description\":\"Le portail des nouvelles de l&#039;UQAC\",\"potentialAction\":[{\"@type\":\"SearchAction\",\"target\":{\"@type\":\"EntryPoint\",\"urlTemplate\":\"https:\/\/www.uqac.ca\/uqactualites\/?s={search_term_string}\"},\"query-input\":{\"@type\":\"PropertyValueSpecification\",\"valueRequired\":true,\"valueName\":\"search_term_string\"}}],\"inLanguage\":\"fr-CA\"},{\"@type\":\"Person\",\"@id\":\"https:\/\/www.uqac.ca\/uqactualites\/#\/schema\/person\/366c45a0c4f0e677b41b4af5886e2018\",\"name\":\"Service des communications et des relations publiques\",\"image\":{\"@type\":\"ImageObject\",\"inLanguage\":\"fr-CA\",\"@id\":\"https:\/\/www.uqac.ca\/uqactualites\/#\/schema\/person\/image\/\",\"url\":\"https:\/\/secure.gravatar.com\/avatar\/20fbbda8a292f59f2d3461a5b999c00b?s=96&d=mm&r=g\",\"contentUrl\":\"https:\/\/secure.gravatar.com\/avatar\/20fbbda8a292f59f2d3461a5b999c00b?s=96&d=mm&r=g\",\"caption\":\"Service des communications et des relations publiques\"},\"url\":\"https:\/\/www.uqac.ca\/uqactualites\/author\/bap\/\"}]}<\/script>\r\n<!-- \/ Yoast SEO plugin. -->","yoast_head_json":{"title":"Cynthia Harvey nomm\u00e9e pr\u00e9sidente de l\u2019ACEF 19e - UQACtualit\u00e9s","robots":{"index":"index","follow":"follow","max-snippet":"max-snippet:-1","max-image-preview":"max-image-preview:large","max-video-preview":"max-video-preview:-1"},"canonical":"https:\/\/www.uqac.ca\/uqactualites\/2017\/06\/07\/cynthia-harvey-nommee-presidente-de-lacef-19e\/","og_locale":"fr_CA","og_type":"article","og_title":"Cynthia Harvey nomm\u00e9e pr\u00e9sidente de l\u2019ACEF 19e - UQACtualit\u00e9s","og_description":"La directrice du D\u00e9partement des arts et lettres et professeure de litt\u00e9rature fran\u00e7aise, Cynthia Harvey, a r\u00e9cemment \u00e9t\u00e9 nomm\u00e9e pr\u00e9sidente de l&rsquo;Association canadienne des \u00e9tudes francophones du XIXe si\u00e8cle (ACEF 19e). C\u2019est lors du dernier colloque annuel, tenu du 27 mai au 2 juin derniers \u00e0 l&rsquo;Universit\u00e9 Ryerson (Toronto) dans le cadre du Congr\u00e8s des [&hellip;]","og_url":"https:\/\/www.uqac.ca\/uqactualites\/2017\/06\/07\/cynthia-harvey-nommee-presidente-de-lacef-19e\/","og_site_name":"UQACtualit\u00e9s","article_published_time":"2017-06-07T22:00:48+00:00","article_modified_time":"2023-10-23T18:12:21+00:00","og_image":[{"width":620,"height":300,"url":"https:\/\/www.uqac.ca\/uqactualites\/wp-content\/uploads\/2017\/06\/Cynthia-Harvey-Web-Denis-Blackburn.jpg","type":"image\/jpeg"}],"author":"Service des communications et des relations publiques","twitter_card":"summary_large_image","twitter_misc":{"\u00c9crit par":"Service des communications et des relations publiques","Estimation du temps de lecture":"1 minute"},"schema":{"@context":"https:\/\/schema.org","@graph":[{"@type":"WebPage","@id":"https:\/\/www.uqac.ca\/uqactualites\/2017\/06\/07\/cynthia-harvey-nommee-presidente-de-lacef-19e\/","url":"https:\/\/www.uqac.ca\/uqactualites\/2017\/06\/07\/cynthia-harvey-nommee-presidente-de-lacef-19e\/","name":"Cynthia Harvey nomm\u00e9e pr\u00e9sidente de l\u2019ACEF 19e - UQACtualit\u00e9s","isPartOf":{"@id":"https:\/\/www.uqac.ca\/uqactualites\/#website"},"primaryImageOfPage":{"@id":"https:\/\/www.uqac.ca\/uqactualites\/2017\/06\/07\/cynthia-harvey-nommee-presidente-de-lacef-19e\/#primaryimage"},"image":{"@id":"https:\/\/www.uqac.ca\/uqactualites\/2017\/06\/07\/cynthia-harvey-nommee-presidente-de-lacef-19e\/#primaryimage"},"thumbnailUrl":"https:\/\/www.uqac.ca\/uqactualites\/wp-content\/uploads\/2017\/06\/Cynthia-Harvey-Web-Denis-Blackburn.jpg","datePublished":"2017-06-07T22:00:48+00:00","dateModified":"2023-10-23T18:12:21+00:00","author":{"@id":"https:\/\/www.uqac.ca\/uqactualites\/#\/schema\/person\/366c45a0c4f0e677b41b4af5886e2018"},"breadcrumb":{"@id":"https:\/\/www.uqac.ca\/uqactualites\/2017\/06\/07\/cynthia-harvey-nommee-presidente-de-lacef-19e\/#breadcrumb"},"inLanguage":"fr-CA","potentialAction":[{"@type":"ReadAction","target":["https:\/\/www.uqac.ca\/uqactualites\/2017\/06\/07\/cynthia-harvey-nommee-presidente-de-lacef-19e\/"]}]},{"@type":"ImageObject","inLanguage":"fr-CA","@id":"https:\/\/www.uqac.ca\/uqactualites\/2017\/06\/07\/cynthia-harvey-nommee-presidente-de-lacef-19e\/#primaryimage","url":"https:\/\/www.uqac.ca\/uqactualites\/wp-content\/uploads\/2017\/06\/Cynthia-Harvey-Web-Denis-Blackburn.jpg","contentUrl":"https:\/\/www.uqac.ca\/uqactualites\/wp-content\/uploads\/2017\/06\/Cynthia-Harvey-Web-Denis-Blackburn.jpg","width":620,"height":300},{"@type":"BreadcrumbList","@id":"https:\/\/www.uqac.ca\/uqactualites\/2017\/06\/07\/cynthia-harvey-nommee-presidente-de-lacef-19e\/#breadcrumb","itemListElement":[{"@type":"ListItem","position":1,"name":"Home","item":"https:\/\/www.uqac.ca\/uqactualites\/"},{"@type":"ListItem","position":2,"name":"Cynthia Harvey nomm\u00e9e pr\u00e9sidente de l\u2019ACEF 19e"}]},{"@type":"WebSite","@id":"https:\/\/www.uqac.ca\/uqactualites\/#website","url":"https:\/\/www.uqac.ca\/uqactualites\/","name":"UQACtualit\u00e9s","description":"Le portail des nouvelles de l&#039;UQAC","potentialAction":[{"@type":"SearchAction","target":{"@type":"EntryPoint","urlTemplate":"https:\/\/www.uqac.ca\/uqactualites\/?s={search_term_string}"},"query-input":{"@type":"PropertyValueSpecification","valueRequired":true,"valueName":"search_term_string"}}],"inLanguage":"fr-CA"},{"@type":"Person","@id":"https:\/\/www.uqac.ca\/uqactualites\/#\/schema\/person\/366c45a0c4f0e677b41b4af5886e2018","name":"Service des communications et des relations publiques","image":{"@type":"ImageObject","inLanguage":"fr-CA","@id":"https:\/\/www.uqac.ca\/uqactualites\/#\/schema\/person\/image\/","url":"https:\/\/secure.gravatar.com\/avatar\/20fbbda8a292f59f2d3461a5b999c00b?s=96&d=mm&r=g","contentUrl":"https:\/\/secure.gravatar.com\/avatar\/20fbbda8a292f59f2d3461a5b999c00b?s=96&d=mm&r=g","caption":"Service des communications et des relations publiques"},"url":"https:\/\/www.uqac.ca\/uqactualites\/author\/bap\/"}]}},"_links":{"self":[{"href":"https:\/\/www.uqac.ca\/uqactualites\/wp-json\/wp\/v2\/posts\/33331"}],"collection":[{"href":"https:\/\/www.uqac.ca\/uqactualites\/wp-json\/wp\/v2\/posts"}],"about":[{"href":"https:\/\/www.uqac.ca\/uqactualites\/wp-json\/wp\/v2\/types\/post"}],"author":[{"embeddable":true,"href":"https:\/\/www.uqac.ca\/uqactualites\/wp-json\/wp\/v2\/users\/5"}],"replies":[{"embeddable":true,"href":"https:\/\/www.uqac.ca\/uqactualites\/wp-json\/wp\/v2\/comments?post=33331"}],"version-history":[{"count":1,"href":"https:\/\/www.uqac.ca\/uqactualites\/wp-json\/wp\/v2\/posts\/33331\/revisions"}],"predecessor-version":[{"id":44971,"href":"https:\/\/www.uqac.ca\/uqactualites\/wp-json\/wp\/v2\/posts\/33331\/revisions\/44971"}],"wp:featuredmedia":[{"embeddable":true,"href":"https:\/\/www.uqac.ca\/uqactualites\/wp-json\/wp\/v2\/media\/33329"}],"wp:attachment":[{"href":"https:\/\/www.uqac.ca\/uqactualites\/wp-json\/wp\/v2\/media?parent=33331"}],"wp:term":[{"taxonomy":"category","embeddable":true,"href":"https:\/\/www.uqac.ca\/uqactualites\/wp-json\/wp\/v2\/categories?post=33331"},{"taxonomy":"post_tag","embeddable":true,"href":"https:\/\/www.uqac.ca\/uqactualites\/wp-json\/wp\/v2\/tags?post=33331"}],"curies":[{"name":"wp","href":"https:\/\/api.w.org\/{rel}","templated":true}]}}