{"id":33351,"date":"2017-06-15T11:16:08","date_gmt":"2017-06-15T15:16:08","guid":{"rendered":"http:\/\/uqactualite.odev.ca\/?p=33351"},"modified":"2017-06-15T11:16:08","modified_gmt":"2017-06-15T15:16:08","slug":"entente-cadre-de-collaboration-entre-luqac-et-la-cooperative-de-solidarite-lac-keno-une-equipe-de-chercheurs-de-luqac-collabore-au-developpement-dune-offre-de-services-de","status":"publish","type":"post","link":"https:\/\/www.uqac.ca\/uqactualites\/2017\/06\/15\/entente-cadre-de-collaboration-entre-luqac-et-la-cooperative-de-solidarite-lac-keno-une-equipe-de-chercheurs-de-luqac-collabore-au-developpement-dune-offre-de-services-de\/","title":{"rendered":"Entente-cadre de collaboration entre l\u2019UQAC et la Coop\u00e9rative de solidarit\u00e9 Lac K\u00e9no : Une \u00e9quipe de chercheurs de l\u2019UQAC collabore au d\u00e9veloppement d\u2019une offre de services de proximit\u00e9 en sant\u00e9 \u00e0 Lac K\u00e9nogami"},"content":{"rendered":"<p style=\"text-align: right\"><strong>COMMUNIQU\u00c9<\/strong><br \/>\n<strong>POUR DIFFUSION IMM\u00c9DIATE<\/strong><\/p>\n<p style=\"text-align: justify\"><strong>Saguenay, le 15 juin 2017<\/strong> \u2013 L\u2019Universit\u00e9 du Qu\u00e9bec \u00e0 Chicoutimi et la Coop\u00e9rative de solidarit\u00e9 Lac K\u00e9no ont proc\u00e9d\u00e9 \u00e0 la signature d\u2019une entente-cadre de collaboration visant \u00e0 faire de Lac K\u00e9nogami un laboratoire de coconstruction d\u2019initiatives en mati\u00e8re de d\u00e9veloppement social, avec un accent port\u00e9 sur la promotion et la pr\u00e9vention en sant\u00e9. Apr\u00e8s une premi\u00e8re ann\u00e9e de collaboration fructueuse, les deux entit\u00e9s officialisent aujourd\u2019hui leur partenariat qui est rendu possible gr\u00e2ce au soutien financier de la Fondation de l\u2019UQAC (FUQAC).<\/p>\n<p style=\"text-align: justify\">Il y a un peu plus d\u2019un an, les membres de la Coop\u00e9rative de solidarit\u00e9 Lac K\u00e9no, d\u00e9cid\u00e9s \u00e0 prendre le virage de la promotion et de la pr\u00e9vention en sant\u00e9, ont fait appel \u00e0 des chercheurs de l\u2019UQAC afin d\u2019explorer les possibilit\u00e9s de collaboration qui impliqueraient le savoir-faire de l\u2019\u00e9tablissement universitaire dans le domaine. Depuis le printemps 2016, diverses initiatives ont \u00e9t\u00e9 mises en place, touchant particuli\u00e8rement le d\u00e9veloppement des saines habitudes de vie.<\/p>\n<p style=\"text-align: justify\">Issue des D\u00e9partements des sciences humaines et sociales et des sciences de la sant\u00e9, l\u2019\u00e9quipe de chercheurs impliqu\u00e9s dans le projet est compos\u00e9e de Sabrina Tremblay et de Dominic Bizot, tous deux professeurs en travail social, de Danielle Poirier, professeure en sciences infirmi\u00e8res, de Claudie \u00c9mond, professeure en psychologie et de Patricia Blackburn, professeure en kin\u00e9siologie.<\/p>\n<p style=\"text-align: justify\">La Coop\u00e9rative a \u00e9galement accept\u00e9 de devenir un milieu de stage pour les \u00e9tudiants du baccalaur\u00e9at en travail social (volet intervention collective) et en psychologie. \u00c9galement, avec l\u2019implication de partenaires du milieu, des ateliers portants sur le d\u00e9veloppement des saines habitudes de vie ont \u00e9t\u00e9 offerts \u00e0 la population locale par des \u00e9tudiantes en travail social, en kin\u00e9siologie, en sciences infirmi\u00e8res et en psychologie. Une offre de service d\u2019\u00e9valuation de la condition physique a aussi \u00e9t\u00e9 mise \u00e0 la disposition des personnes souhaitant s\u2019investir dans un changement de vie.<\/p>\n<p style=\"text-align: center\">\u00a0&#8211; 30 &#8211;<\/p>\n<p style=\"text-align: justify\"><strong>Source\u00a0:<br \/>\n<\/strong>Marie-France Audet, agente d\u2019information<br \/>\nService des communications et des relations publiques<br \/>\nUniversit\u00e9 du Qu\u00e9bec \u00e0 Chicoutimi<br \/>\n418\u00a0545-5011, poste 5006\u00a0 |\u00a0 <a href=\"mailto:marie-france.audet@uqac.ca\">marie-france.audet@uqac.ca<\/a><\/p>\n","protected":false},"excerpt":{"rendered":"<p>COMMUNIQU\u00c9 POUR DIFFUSION IMM\u00c9DIATE Saguenay, le 15 juin 2017 \u2013 L\u2019Universit\u00e9 du Qu\u00e9bec \u00e0 Chicoutimi et la Coop\u00e9rative de solidarit\u00e9 Lac K\u00e9no ont proc\u00e9d\u00e9 \u00e0 la signature d\u2019une entente-cadre de collaboration visant \u00e0 faire de Lac K\u00e9nogami un laboratoire de coconstruction d\u2019initiatives en mati\u00e8re de d\u00e9veloppement social, avec un accent port\u00e9 sur la promotion et [&hellip;]<\/p>\n","protected":false},"author":5,"featured_media":24879,"comment_status":"open","ping_status":"open","sticky":false,"template":"","format":"standard","meta":{"footnotes":""},"categories":[2772],"tags":[],"yoast_head":"<!-- This site is optimized with the Yoast SEO plugin v24.2 - https:\/\/yoast.com\/wordpress\/plugins\/seo\/ -->\r\n<title>Entente-cadre de collaboration entre l\u2019UQAC et la Coop\u00e9rative de solidarit\u00e9 Lac K\u00e9no : Une \u00e9quipe de chercheurs de l\u2019UQAC collabore au d\u00e9veloppement d\u2019une offre de services de proximit\u00e9 en sant\u00e9 \u00e0 Lac K\u00e9nogami - UQACtualit\u00e9s<\/title>\r\n<meta name=\"robots\" content=\"index, follow, max-snippet:-1, max-image-preview:large, max-video-preview:-1\" \/>\r\n<link rel=\"canonical\" href=\"https:\/\/www.uqac.ca\/uqactualites\/2017\/06\/15\/entente-cadre-de-collaboration-entre-luqac-et-la-cooperative-de-solidarite-lac-keno-une-equipe-de-chercheurs-de-luqac-collabore-au-developpement-dune-offre-de-services-de\/\" \/>\r\n<meta property=\"og:locale\" content=\"fr_CA\" \/>\r\n<meta property=\"og:type\" content=\"article\" \/>\r\n<meta property=\"og:title\" content=\"Entente-cadre de collaboration entre l\u2019UQAC et la Coop\u00e9rative de solidarit\u00e9 Lac K\u00e9no : Une \u00e9quipe de chercheurs de l\u2019UQAC collabore au d\u00e9veloppement d\u2019une offre de services de proximit\u00e9 en sant\u00e9 \u00e0 Lac K\u00e9nogami - UQACtualit\u00e9s\" \/>\r\n<meta property=\"og:description\" content=\"COMMUNIQU\u00c9 POUR DIFFUSION IMM\u00c9DIATE Saguenay, le 15 juin 2017 \u2013 L\u2019Universit\u00e9 du Qu\u00e9bec \u00e0 Chicoutimi et la Coop\u00e9rative de solidarit\u00e9 Lac K\u00e9no ont proc\u00e9d\u00e9 \u00e0 la signature d\u2019une entente-cadre de collaboration visant \u00e0 faire de Lac K\u00e9nogami un laboratoire de coconstruction d\u2019initiatives en mati\u00e8re de d\u00e9veloppement social, avec un accent port\u00e9 sur la promotion et [&hellip;]\" \/>\r\n<meta property=\"og:url\" content=\"https:\/\/www.uqac.ca\/uqactualites\/2017\/06\/15\/entente-cadre-de-collaboration-entre-luqac-et-la-cooperative-de-solidarite-lac-keno-une-equipe-de-chercheurs-de-luqac-collabore-au-developpement-dune-offre-de-services-de\/\" \/>\r\n<meta property=\"og:site_name\" content=\"UQACtualit\u00e9s\" \/>\r\n<meta property=\"article:published_time\" content=\"2017-06-15T15:16:08+00:00\" \/>\r\n<meta property=\"og:image\" content=\"https:\/\/www.uqac.ca\/uqactualites\/wp-content\/uploads\/2013\/07\/GRAF-Uqactualit\u00e9s-\u00c913-11.jpg\" \/>\r\n\t<meta property=\"og:image:width\" content=\"620\" \/>\r\n\t<meta property=\"og:image:height\" content=\"301\" \/>\r\n\t<meta property=\"og:image:type\" content=\"image\/jpeg\" \/>\r\n<meta name=\"author\" content=\"Service des communications et des relations publiques\" \/>\r\n<meta name=\"twitter:card\" content=\"summary_large_image\" \/>\r\n<meta name=\"twitter:label1\" content=\"\u00c9crit par\" \/>\n\t<meta name=\"twitter:data1\" content=\"Service des communications et des relations publiques\" \/>\n\t<meta name=\"twitter:label2\" content=\"Estimation du temps de lecture\" \/>\n\t<meta name=\"twitter:data2\" content=\"2 minutes\" \/>\r\n<script type=\"application\/ld+json\" class=\"yoast-schema-graph\">{\"@context\":\"https:\/\/schema.org\",\"@graph\":[{\"@type\":\"WebPage\",\"@id\":\"https:\/\/www.uqac.ca\/uqactualites\/2017\/06\/15\/entente-cadre-de-collaboration-entre-luqac-et-la-cooperative-de-solidarite-lac-keno-une-equipe-de-chercheurs-de-luqac-collabore-au-developpement-dune-offre-de-services-de\/\",\"url\":\"https:\/\/www.uqac.ca\/uqactualites\/2017\/06\/15\/entente-cadre-de-collaboration-entre-luqac-et-la-cooperative-de-solidarite-lac-keno-une-equipe-de-chercheurs-de-luqac-collabore-au-developpement-dune-offre-de-services-de\/\",\"name\":\"Entente-cadre de collaboration entre l\u2019UQAC et la Coop\u00e9rative de solidarit\u00e9 Lac K\u00e9no : Une \u00e9quipe de chercheurs de l\u2019UQAC collabore au d\u00e9veloppement d\u2019une offre de services de proximit\u00e9 en sant\u00e9 \u00e0 Lac K\u00e9nogami - UQACtualit\u00e9s\",\"isPartOf\":{\"@id\":\"https:\/\/www.uqac.ca\/uqactualites\/#website\"},\"primaryImageOfPage\":{\"@id\":\"https:\/\/www.uqac.ca\/uqactualites\/2017\/06\/15\/entente-cadre-de-collaboration-entre-luqac-et-la-cooperative-de-solidarite-lac-keno-une-equipe-de-chercheurs-de-luqac-collabore-au-developpement-dune-offre-de-services-de\/#primaryimage\"},\"image\":{\"@id\":\"https:\/\/www.uqac.ca\/uqactualites\/2017\/06\/15\/entente-cadre-de-collaboration-entre-luqac-et-la-cooperative-de-solidarite-lac-keno-une-equipe-de-chercheurs-de-luqac-collabore-au-developpement-dune-offre-de-services-de\/#primaryimage\"},\"thumbnailUrl\":\"https:\/\/www.uqac.ca\/uqactualites\/wp-content\/uploads\/2013\/07\/GRAF-Uqactualit\u00e9s-\u00c913-11.jpg\",\"datePublished\":\"2017-06-15T15:16:08+00:00\",\"dateModified\":\"2017-06-15T15:16:08+00:00\",\"author\":{\"@id\":\"https:\/\/www.uqac.ca\/uqactualites\/#\/schema\/person\/366c45a0c4f0e677b41b4af5886e2018\"},\"breadcrumb\":{\"@id\":\"https:\/\/www.uqac.ca\/uqactualites\/2017\/06\/15\/entente-cadre-de-collaboration-entre-luqac-et-la-cooperative-de-solidarite-lac-keno-une-equipe-de-chercheurs-de-luqac-collabore-au-developpement-dune-offre-de-services-de\/#breadcrumb\"},\"inLanguage\":\"fr-CA\",\"potentialAction\":[{\"@type\":\"ReadAction\",\"target\":[\"https:\/\/www.uqac.ca\/uqactualites\/2017\/06\/15\/entente-cadre-de-collaboration-entre-luqac-et-la-cooperative-de-solidarite-lac-keno-une-equipe-de-chercheurs-de-luqac-collabore-au-developpement-dune-offre-de-services-de\/\"]}]},{\"@type\":\"ImageObject\",\"inLanguage\":\"fr-CA\",\"@id\":\"https:\/\/www.uqac.ca\/uqactualites\/2017\/06\/15\/entente-cadre-de-collaboration-entre-luqac-et-la-cooperative-de-solidarite-lac-keno-une-equipe-de-chercheurs-de-luqac-collabore-au-developpement-dune-offre-de-services-de\/#primaryimage\",\"url\":\"https:\/\/www.uqac.ca\/uqactualites\/wp-content\/uploads\/2013\/07\/GRAF-Uqactualit\u00e9s-\u00c913-11.jpg\",\"contentUrl\":\"https:\/\/www.uqac.ca\/uqactualites\/wp-content\/uploads\/2013\/07\/GRAF-Uqactualit\u00e9s-\u00c913-11.jpg\",\"width\":620,\"height\":301},{\"@type\":\"BreadcrumbList\",\"@id\":\"https:\/\/www.uqac.ca\/uqactualites\/2017\/06\/15\/entente-cadre-de-collaboration-entre-luqac-et-la-cooperative-de-solidarite-lac-keno-une-equipe-de-chercheurs-de-luqac-collabore-au-developpement-dune-offre-de-services-de\/#breadcrumb\",\"itemListElement\":[{\"@type\":\"ListItem\",\"position\":1,\"name\":\"Home\",\"item\":\"https:\/\/www.uqac.ca\/uqactualites\/\"},{\"@type\":\"ListItem\",\"position\":2,\"name\":\"Entente-cadre de collaboration entre l\u2019UQAC et la Coop\u00e9rative de solidarit\u00e9 Lac K\u00e9no : Une \u00e9quipe de chercheurs de l\u2019UQAC collabore au d\u00e9veloppement d\u2019une offre de services de proximit\u00e9 en sant\u00e9 \u00e0 Lac K\u00e9nogami\"}]},{\"@type\":\"WebSite\",\"@id\":\"https:\/\/www.uqac.ca\/uqactualites\/#website\",\"url\":\"https:\/\/www.uqac.ca\/uqactualites\/\",\"name\":\"UQACtualit\u00e9s\",\"description\":\"Le portail des nouvelles de l&#039;UQAC\",\"potentialAction\":[{\"@type\":\"SearchAction\",\"target\":{\"@type\":\"EntryPoint\",\"urlTemplate\":\"https:\/\/www.uqac.ca\/uqactualites\/?s={search_term_string}\"},\"query-input\":{\"@type\":\"PropertyValueSpecification\",\"valueRequired\":true,\"valueName\":\"search_term_string\"}}],\"inLanguage\":\"fr-CA\"},{\"@type\":\"Person\",\"@id\":\"https:\/\/www.uqac.ca\/uqactualites\/#\/schema\/person\/366c45a0c4f0e677b41b4af5886e2018\",\"name\":\"Service des communications et des relations publiques\",\"image\":{\"@type\":\"ImageObject\",\"inLanguage\":\"fr-CA\",\"@id\":\"https:\/\/www.uqac.ca\/uqactualites\/#\/schema\/person\/image\/\",\"url\":\"https:\/\/secure.gravatar.com\/avatar\/20fbbda8a292f59f2d3461a5b999c00b?s=96&d=mm&r=g\",\"contentUrl\":\"https:\/\/secure.gravatar.com\/avatar\/20fbbda8a292f59f2d3461a5b999c00b?s=96&d=mm&r=g\",\"caption\":\"Service des communications et des relations publiques\"},\"url\":\"https:\/\/www.uqac.ca\/uqactualites\/author\/bap\/\"}]}<\/script>\r\n<!-- \/ Yoast SEO plugin. -->","yoast_head_json":{"title":"Entente-cadre de collaboration entre l\u2019UQAC et la Coop\u00e9rative de solidarit\u00e9 Lac K\u00e9no : Une \u00e9quipe de chercheurs de l\u2019UQAC collabore au d\u00e9veloppement d\u2019une offre de services de proximit\u00e9 en sant\u00e9 \u00e0 Lac K\u00e9nogami - UQACtualit\u00e9s","robots":{"index":"index","follow":"follow","max-snippet":"max-snippet:-1","max-image-preview":"max-image-preview:large","max-video-preview":"max-video-preview:-1"},"canonical":"https:\/\/www.uqac.ca\/uqactualites\/2017\/06\/15\/entente-cadre-de-collaboration-entre-luqac-et-la-cooperative-de-solidarite-lac-keno-une-equipe-de-chercheurs-de-luqac-collabore-au-developpement-dune-offre-de-services-de\/","og_locale":"fr_CA","og_type":"article","og_title":"Entente-cadre de collaboration entre l\u2019UQAC et la Coop\u00e9rative de solidarit\u00e9 Lac K\u00e9no : Une \u00e9quipe de chercheurs de l\u2019UQAC collabore au d\u00e9veloppement d\u2019une offre de services de proximit\u00e9 en sant\u00e9 \u00e0 Lac K\u00e9nogami - UQACtualit\u00e9s","og_description":"COMMUNIQU\u00c9 POUR DIFFUSION IMM\u00c9DIATE Saguenay, le 15 juin 2017 \u2013 L\u2019Universit\u00e9 du Qu\u00e9bec \u00e0 Chicoutimi et la Coop\u00e9rative de solidarit\u00e9 Lac K\u00e9no ont proc\u00e9d\u00e9 \u00e0 la signature d\u2019une entente-cadre de collaboration visant \u00e0 faire de Lac K\u00e9nogami un laboratoire de coconstruction d\u2019initiatives en mati\u00e8re de d\u00e9veloppement social, avec un accent port\u00e9 sur la promotion et [&hellip;]","og_url":"https:\/\/www.uqac.ca\/uqactualites\/2017\/06\/15\/entente-cadre-de-collaboration-entre-luqac-et-la-cooperative-de-solidarite-lac-keno-une-equipe-de-chercheurs-de-luqac-collabore-au-developpement-dune-offre-de-services-de\/","og_site_name":"UQACtualit\u00e9s","article_published_time":"2017-06-15T15:16:08+00:00","og_image":[{"width":620,"height":301,"url":"https:\/\/www.uqac.ca\/uqactualites\/wp-content\/uploads\/2013\/07\/GRAF-Uqactualit\u00e9s-\u00c913-11.jpg","type":"image\/jpeg"}],"author":"Service des communications et des relations publiques","twitter_card":"summary_large_image","twitter_misc":{"\u00c9crit par":"Service des communications et des relations publiques","Estimation du temps de lecture":"2 minutes"},"schema":{"@context":"https:\/\/schema.org","@graph":[{"@type":"WebPage","@id":"https:\/\/www.uqac.ca\/uqactualites\/2017\/06\/15\/entente-cadre-de-collaboration-entre-luqac-et-la-cooperative-de-solidarite-lac-keno-une-equipe-de-chercheurs-de-luqac-collabore-au-developpement-dune-offre-de-services-de\/","url":"https:\/\/www.uqac.ca\/uqactualites\/2017\/06\/15\/entente-cadre-de-collaboration-entre-luqac-et-la-cooperative-de-solidarite-lac-keno-une-equipe-de-chercheurs-de-luqac-collabore-au-developpement-dune-offre-de-services-de\/","name":"Entente-cadre de collaboration entre l\u2019UQAC et la Coop\u00e9rative de solidarit\u00e9 Lac K\u00e9no : Une \u00e9quipe de chercheurs de l\u2019UQAC collabore au d\u00e9veloppement d\u2019une offre de services de proximit\u00e9 en sant\u00e9 \u00e0 Lac K\u00e9nogami - UQACtualit\u00e9s","isPartOf":{"@id":"https:\/\/www.uqac.ca\/uqactualites\/#website"},"primaryImageOfPage":{"@id":"https:\/\/www.uqac.ca\/uqactualites\/2017\/06\/15\/entente-cadre-de-collaboration-entre-luqac-et-la-cooperative-de-solidarite-lac-keno-une-equipe-de-chercheurs-de-luqac-collabore-au-developpement-dune-offre-de-services-de\/#primaryimage"},"image":{"@id":"https:\/\/www.uqac.ca\/uqactualites\/2017\/06\/15\/entente-cadre-de-collaboration-entre-luqac-et-la-cooperative-de-solidarite-lac-keno-une-equipe-de-chercheurs-de-luqac-collabore-au-developpement-dune-offre-de-services-de\/#primaryimage"},"thumbnailUrl":"https:\/\/www.uqac.ca\/uqactualites\/wp-content\/uploads\/2013\/07\/GRAF-Uqactualit\u00e9s-\u00c913-11.jpg","datePublished":"2017-06-15T15:16:08+00:00","dateModified":"2017-06-15T15:16:08+00:00","author":{"@id":"https:\/\/www.uqac.ca\/uqactualites\/#\/schema\/person\/366c45a0c4f0e677b41b4af5886e2018"},"breadcrumb":{"@id":"https:\/\/www.uqac.ca\/uqactualites\/2017\/06\/15\/entente-cadre-de-collaboration-entre-luqac-et-la-cooperative-de-solidarite-lac-keno-une-equipe-de-chercheurs-de-luqac-collabore-au-developpement-dune-offre-de-services-de\/#breadcrumb"},"inLanguage":"fr-CA","potentialAction":[{"@type":"ReadAction","target":["https:\/\/www.uqac.ca\/uqactualites\/2017\/06\/15\/entente-cadre-de-collaboration-entre-luqac-et-la-cooperative-de-solidarite-lac-keno-une-equipe-de-chercheurs-de-luqac-collabore-au-developpement-dune-offre-de-services-de\/"]}]},{"@type":"ImageObject","inLanguage":"fr-CA","@id":"https:\/\/www.uqac.ca\/uqactualites\/2017\/06\/15\/entente-cadre-de-collaboration-entre-luqac-et-la-cooperative-de-solidarite-lac-keno-une-equipe-de-chercheurs-de-luqac-collabore-au-developpement-dune-offre-de-services-de\/#primaryimage","url":"https:\/\/www.uqac.ca\/uqactualites\/wp-content\/uploads\/2013\/07\/GRAF-Uqactualit\u00e9s-\u00c913-11.jpg","contentUrl":"https:\/\/www.uqac.ca\/uqactualites\/wp-content\/uploads\/2013\/07\/GRAF-Uqactualit\u00e9s-\u00c913-11.jpg","width":620,"height":301},{"@type":"BreadcrumbList","@id":"https:\/\/www.uqac.ca\/uqactualites\/2017\/06\/15\/entente-cadre-de-collaboration-entre-luqac-et-la-cooperative-de-solidarite-lac-keno-une-equipe-de-chercheurs-de-luqac-collabore-au-developpement-dune-offre-de-services-de\/#breadcrumb","itemListElement":[{"@type":"ListItem","position":1,"name":"Home","item":"https:\/\/www.uqac.ca\/uqactualites\/"},{"@type":"ListItem","position":2,"name":"Entente-cadre de collaboration entre l\u2019UQAC et la Coop\u00e9rative de solidarit\u00e9 Lac K\u00e9no : Une \u00e9quipe de chercheurs de l\u2019UQAC collabore au d\u00e9veloppement d\u2019une offre de services de proximit\u00e9 en sant\u00e9 \u00e0 Lac K\u00e9nogami"}]},{"@type":"WebSite","@id":"https:\/\/www.uqac.ca\/uqactualites\/#website","url":"https:\/\/www.uqac.ca\/uqactualites\/","name":"UQACtualit\u00e9s","description":"Le portail des nouvelles de l&#039;UQAC","potentialAction":[{"@type":"SearchAction","target":{"@type":"EntryPoint","urlTemplate":"https:\/\/www.uqac.ca\/uqactualites\/?s={search_term_string}"},"query-input":{"@type":"PropertyValueSpecification","valueRequired":true,"valueName":"search_term_string"}}],"inLanguage":"fr-CA"},{"@type":"Person","@id":"https:\/\/www.uqac.ca\/uqactualites\/#\/schema\/person\/366c45a0c4f0e677b41b4af5886e2018","name":"Service des communications et des relations publiques","image":{"@type":"ImageObject","inLanguage":"fr-CA","@id":"https:\/\/www.uqac.ca\/uqactualites\/#\/schema\/person\/image\/","url":"https:\/\/secure.gravatar.com\/avatar\/20fbbda8a292f59f2d3461a5b999c00b?s=96&d=mm&r=g","contentUrl":"https:\/\/secure.gravatar.com\/avatar\/20fbbda8a292f59f2d3461a5b999c00b?s=96&d=mm&r=g","caption":"Service des communications et des relations publiques"},"url":"https:\/\/www.uqac.ca\/uqactualites\/author\/bap\/"}]}},"_links":{"self":[{"href":"https:\/\/www.uqac.ca\/uqactualites\/wp-json\/wp\/v2\/posts\/33351"}],"collection":[{"href":"https:\/\/www.uqac.ca\/uqactualites\/wp-json\/wp\/v2\/posts"}],"about":[{"href":"https:\/\/www.uqac.ca\/uqactualites\/wp-json\/wp\/v2\/types\/post"}],"author":[{"embeddable":true,"href":"https:\/\/www.uqac.ca\/uqactualites\/wp-json\/wp\/v2\/users\/5"}],"replies":[{"embeddable":true,"href":"https:\/\/www.uqac.ca\/uqactualites\/wp-json\/wp\/v2\/comments?post=33351"}],"version-history":[{"count":0,"href":"https:\/\/www.uqac.ca\/uqactualites\/wp-json\/wp\/v2\/posts\/33351\/revisions"}],"wp:featuredmedia":[{"embeddable":true,"href":"https:\/\/www.uqac.ca\/uqactualites\/wp-json\/wp\/v2\/media\/24879"}],"wp:attachment":[{"href":"https:\/\/www.uqac.ca\/uqactualites\/wp-json\/wp\/v2\/media?parent=33351"}],"wp:term":[{"taxonomy":"category","embeddable":true,"href":"https:\/\/www.uqac.ca\/uqactualites\/wp-json\/wp\/v2\/categories?post=33351"},{"taxonomy":"post_tag","embeddable":true,"href":"https:\/\/www.uqac.ca\/uqactualites\/wp-json\/wp\/v2\/tags?post=33351"}],"curies":[{"name":"wp","href":"https:\/\/api.w.org\/{rel}","templated":true}]}}