{"id":33355,"date":"2017-06-21T13:18:49","date_gmt":"2017-06-21T17:18:49","guid":{"rendered":"http:\/\/uqactualite.odev.ca\/?p=33355"},"modified":"2023-10-23T14:12:14","modified_gmt":"2023-10-23T18:12:14","slug":"nicole-bouchard-devient-la-premiere-rectrice-de-lhistoire-de-luqac","status":"publish","type":"post","link":"https:\/\/www.uqac.ca\/uqactualites\/2017\/06\/21\/nicole-bouchard-devient-la-premiere-rectrice-de-lhistoire-de-luqac\/","title":{"rendered":"Nicole Bouchard devient la premi\u00e8re rectrice de l&rsquo;histoire de l&rsquo;UQAC"},"content":{"rendered":"<p>L&rsquo;Universit\u00e9 du Qu\u00e9bec \u00e0 Chicoutimi est fi\u00e8re d&rsquo;annoncer la nomination de madame Nicole Bouchard \u00e0 titre de rectrice. Nomm\u00e9e par le Gouvernement du Qu\u00e9bec au Conseil des ministres du 21 juin, Mme Bouchard assumera un mandat d&rsquo;une dur\u00e9e de 5 ans.<\/p>\n<p>D\u00e9tentrice d\u2019une ma\u00eetrise et d\u2019un doctorat en th\u00e9ologie pratique, Nicole Bouchard a joint l\u2019UQAC en 1988 \u00e0 titre de professeure au D\u00e9partement des sciences religieuses. Au cours des 27 derni\u00e8res ann\u00e9es, en plus d\u2019y enseigner, elle a notamment occup\u00e9 les fonctions de directrice du D\u00e9partement de sciences religieuses et d\u2019\u00e9thique, de directrice des programmes de cycles sup\u00e9rieurs en th\u00e9ologie pratique, de directrice de l\u2019Unit\u00e9 d\u2019enseignement en \u00e9tudes religieuses, \u00e9thique et philosophie et de doyenne des \u00e9tudes de cycles sup\u00e9rieurs et de la recherche, poste qu\u2019elle a \u00e9galement rempli \u00e0 l\u2019Universit\u00e9 du Qu\u00e9bec \u00e0 Trois-Rivi\u00e8res de 2011 \u00e0 2012. Pr\u00e9sidente du Comit\u00e9 d\u2019\u00e9thique de la recherche, madame Bouchard est membre du Conseil d\u2019administration de l\u2019UQAC. Elle compte \u00e0 son actif de nombreuses publications scientifiques.<\/p>\n<p>Premi\u00e8re femme \u00e0 \u00eatre nomm\u00e9e rectrice \u00e0 l\u2019UQAC, Mme Bouchard entrera en fonction le 22 juin. Lors de son discours \u00e0 la communaut\u00e9 le 5 mai dernier, elle a tenu \u00e0 rappeler qu\u2019elle assumerait un leadership transformationnel se fondant sur les valeurs suivantes\u00a0: la franchise, l\u2019int\u00e9grit\u00e9, le respect et le dialogue. Elle s\u2019engage \u00e0 travailler de concert avec la communaut\u00e9 universitaire et les partenaires pour assurer le d\u00e9veloppement de l\u2019UQAC comme institution d\u2019enseignement, de recherche et de cr\u00e9ation.<\/p>\n<p><strong>\u00c0 propos de l&rsquo;Universit\u00e9 du Qu\u00e9bec \u00e0 Chicoutimi<br \/>\n<\/strong>Cr\u00e9\u00e9e en 1969, l\u2019Universit\u00e9 du Qu\u00e9bec \u00e0 Chicoutimi compte au sein de sa grande famille de dipl\u00f4m\u00e9s plus de 53\u00a0000 personnes. Chaque ann\u00e9e, elle accueille, sur son campus principal et dans ses centres d\u2019\u00e9tudes, 7\u00a0000 \u00e9tudiants dont 1\u00a0000 sont issus d\u2019une cinquantaine de pays \u00e0 travers le monde. La comp\u00e9tence et l\u2019expertise de ses professeurs, combin\u00e9es \u00e0 l\u2019engagement de ses \u00e9tudiants, permettent \u00e0 l\u2019UQAC d\u2019assurer le d\u00e9veloppement de ses cr\u00e9neaux de recherche et de rayonner \u00e0 travers le monde.<\/p>\n<p>&nbsp;<\/p>\n<p><strong>Bas de vignette | photo<br \/>\n<\/strong>Nicole Bouchard, rectrice de l\u2019UQAC<br \/>\n<em>\u00a9GuylainDoyle<\/em><\/p>\n","protected":false},"excerpt":{"rendered":"<p>L&rsquo;Universit\u00e9 du Qu\u00e9bec \u00e0 Chicoutimi est fi\u00e8re d&rsquo;annoncer la nomination de madame Nicole Bouchard \u00e0 titre de rectrice. Nomm\u00e9e par le Gouvernement du Qu\u00e9bec au Conseil des ministres du 21 juin, Mme Bouchard assumera un mandat d&rsquo;une dur\u00e9e de 5 ans. D\u00e9tentrice d\u2019une ma\u00eetrise et d\u2019un doctorat en th\u00e9ologie pratique, Nicole Bouchard a joint l\u2019UQAC [&hellip;]<\/p>\n","protected":false},"author":5,"featured_media":33361,"comment_status":"open","ping_status":"open","sticky":false,"template":"","format":"standard","meta":{"footnotes":""},"categories":[15],"tags":[],"yoast_head":"<!-- This site is optimized with the Yoast SEO plugin v24.2 - https:\/\/yoast.com\/wordpress\/plugins\/seo\/ -->\r\n<title>Nicole Bouchard devient la premi\u00e8re rectrice de l&#039;histoire de l&#039;UQAC - UQACtualit\u00e9s<\/title>\r\n<meta name=\"robots\" content=\"index, follow, max-snippet:-1, max-image-preview:large, max-video-preview:-1\" \/>\r\n<link rel=\"canonical\" href=\"https:\/\/www.uqac.ca\/uqactualites\/2017\/06\/21\/nicole-bouchard-devient-la-premiere-rectrice-de-lhistoire-de-luqac\/\" \/>\r\n<meta property=\"og:locale\" content=\"fr_CA\" \/>\r\n<meta property=\"og:type\" content=\"article\" \/>\r\n<meta property=\"og:title\" content=\"Nicole Bouchard devient la premi\u00e8re rectrice de l&#039;histoire de l&#039;UQAC - UQACtualit\u00e9s\" \/>\r\n<meta property=\"og:description\" content=\"L&rsquo;Universit\u00e9 du Qu\u00e9bec \u00e0 Chicoutimi est fi\u00e8re d&rsquo;annoncer la nomination de madame Nicole Bouchard \u00e0 titre de rectrice. Nomm\u00e9e par le Gouvernement du Qu\u00e9bec au Conseil des ministres du 21 juin, Mme Bouchard assumera un mandat d&rsquo;une dur\u00e9e de 5 ans. D\u00e9tentrice d\u2019une ma\u00eetrise et d\u2019un doctorat en th\u00e9ologie pratique, Nicole Bouchard a joint l\u2019UQAC [&hellip;]\" \/>\r\n<meta property=\"og:url\" content=\"https:\/\/www.uqac.ca\/uqactualites\/2017\/06\/21\/nicole-bouchard-devient-la-premiere-rectrice-de-lhistoire-de-luqac\/\" \/>\r\n<meta property=\"og:site_name\" content=\"UQACtualit\u00e9s\" \/>\r\n<meta property=\"article:published_time\" content=\"2017-06-21T17:18:49+00:00\" \/>\r\n<meta property=\"article:modified_time\" content=\"2023-10-23T18:12:14+00:00\" \/>\r\n<meta property=\"og:image\" content=\"https:\/\/www.uqac.ca\/uqactualites\/wp-content\/uploads\/2017\/06\/GRAF_UqactualiteNicoleB-011.jpg\" \/>\r\n\t<meta property=\"og:image:width\" content=\"620\" \/>\r\n\t<meta property=\"og:image:height\" content=\"300\" \/>\r\n\t<meta property=\"og:image:type\" content=\"image\/jpeg\" \/>\r\n<meta name=\"author\" content=\"Service des communications et des relations publiques\" \/>\r\n<meta name=\"twitter:card\" content=\"summary_large_image\" \/>\r\n<meta name=\"twitter:label1\" content=\"\u00c9crit par\" \/>\n\t<meta name=\"twitter:data1\" content=\"Service des communications et des relations publiques\" \/>\n\t<meta name=\"twitter:label2\" content=\"Estimation du temps de lecture\" \/>\n\t<meta name=\"twitter:data2\" content=\"2 minutes\" \/>\r\n<script type=\"application\/ld+json\" class=\"yoast-schema-graph\">{\"@context\":\"https:\/\/schema.org\",\"@graph\":[{\"@type\":\"WebPage\",\"@id\":\"https:\/\/www.uqac.ca\/uqactualites\/2017\/06\/21\/nicole-bouchard-devient-la-premiere-rectrice-de-lhistoire-de-luqac\/\",\"url\":\"https:\/\/www.uqac.ca\/uqactualites\/2017\/06\/21\/nicole-bouchard-devient-la-premiere-rectrice-de-lhistoire-de-luqac\/\",\"name\":\"Nicole Bouchard devient la premi\u00e8re rectrice de l'histoire de l'UQAC - UQACtualit\u00e9s\",\"isPartOf\":{\"@id\":\"https:\/\/www.uqac.ca\/uqactualites\/#website\"},\"primaryImageOfPage\":{\"@id\":\"https:\/\/www.uqac.ca\/uqactualites\/2017\/06\/21\/nicole-bouchard-devient-la-premiere-rectrice-de-lhistoire-de-luqac\/#primaryimage\"},\"image\":{\"@id\":\"https:\/\/www.uqac.ca\/uqactualites\/2017\/06\/21\/nicole-bouchard-devient-la-premiere-rectrice-de-lhistoire-de-luqac\/#primaryimage\"},\"thumbnailUrl\":\"https:\/\/www.uqac.ca\/uqactualites\/wp-content\/uploads\/2017\/06\/GRAF_UqactualiteNicoleB-011.jpg\",\"datePublished\":\"2017-06-21T17:18:49+00:00\",\"dateModified\":\"2023-10-23T18:12:14+00:00\",\"author\":{\"@id\":\"https:\/\/www.uqac.ca\/uqactualites\/#\/schema\/person\/366c45a0c4f0e677b41b4af5886e2018\"},\"breadcrumb\":{\"@id\":\"https:\/\/www.uqac.ca\/uqactualites\/2017\/06\/21\/nicole-bouchard-devient-la-premiere-rectrice-de-lhistoire-de-luqac\/#breadcrumb\"},\"inLanguage\":\"fr-CA\",\"potentialAction\":[{\"@type\":\"ReadAction\",\"target\":[\"https:\/\/www.uqac.ca\/uqactualites\/2017\/06\/21\/nicole-bouchard-devient-la-premiere-rectrice-de-lhistoire-de-luqac\/\"]}]},{\"@type\":\"ImageObject\",\"inLanguage\":\"fr-CA\",\"@id\":\"https:\/\/www.uqac.ca\/uqactualites\/2017\/06\/21\/nicole-bouchard-devient-la-premiere-rectrice-de-lhistoire-de-luqac\/#primaryimage\",\"url\":\"https:\/\/www.uqac.ca\/uqactualites\/wp-content\/uploads\/2017\/06\/GRAF_UqactualiteNicoleB-011.jpg\",\"contentUrl\":\"https:\/\/www.uqac.ca\/uqactualites\/wp-content\/uploads\/2017\/06\/GRAF_UqactualiteNicoleB-011.jpg\",\"width\":620,\"height\":300},{\"@type\":\"BreadcrumbList\",\"@id\":\"https:\/\/www.uqac.ca\/uqactualites\/2017\/06\/21\/nicole-bouchard-devient-la-premiere-rectrice-de-lhistoire-de-luqac\/#breadcrumb\",\"itemListElement\":[{\"@type\":\"ListItem\",\"position\":1,\"name\":\"Home\",\"item\":\"https:\/\/www.uqac.ca\/uqactualites\/\"},{\"@type\":\"ListItem\",\"position\":2,\"name\":\"Nicole Bouchard devient la premi\u00e8re rectrice de l&rsquo;histoire de l&rsquo;UQAC\"}]},{\"@type\":\"WebSite\",\"@id\":\"https:\/\/www.uqac.ca\/uqactualites\/#website\",\"url\":\"https:\/\/www.uqac.ca\/uqactualites\/\",\"name\":\"UQACtualit\u00e9s\",\"description\":\"Le portail des nouvelles de l&#039;UQAC\",\"potentialAction\":[{\"@type\":\"SearchAction\",\"target\":{\"@type\":\"EntryPoint\",\"urlTemplate\":\"https:\/\/www.uqac.ca\/uqactualites\/?s={search_term_string}\"},\"query-input\":{\"@type\":\"PropertyValueSpecification\",\"valueRequired\":true,\"valueName\":\"search_term_string\"}}],\"inLanguage\":\"fr-CA\"},{\"@type\":\"Person\",\"@id\":\"https:\/\/www.uqac.ca\/uqactualites\/#\/schema\/person\/366c45a0c4f0e677b41b4af5886e2018\",\"name\":\"Service des communications et des relations publiques\",\"image\":{\"@type\":\"ImageObject\",\"inLanguage\":\"fr-CA\",\"@id\":\"https:\/\/www.uqac.ca\/uqactualites\/#\/schema\/person\/image\/\",\"url\":\"https:\/\/secure.gravatar.com\/avatar\/20fbbda8a292f59f2d3461a5b999c00b?s=96&d=mm&r=g\",\"contentUrl\":\"https:\/\/secure.gravatar.com\/avatar\/20fbbda8a292f59f2d3461a5b999c00b?s=96&d=mm&r=g\",\"caption\":\"Service des communications et des relations publiques\"},\"url\":\"https:\/\/www.uqac.ca\/uqactualites\/author\/bap\/\"}]}<\/script>\r\n<!-- \/ Yoast SEO plugin. -->","yoast_head_json":{"title":"Nicole Bouchard devient la premi\u00e8re rectrice de l'histoire de l'UQAC - UQACtualit\u00e9s","robots":{"index":"index","follow":"follow","max-snippet":"max-snippet:-1","max-image-preview":"max-image-preview:large","max-video-preview":"max-video-preview:-1"},"canonical":"https:\/\/www.uqac.ca\/uqactualites\/2017\/06\/21\/nicole-bouchard-devient-la-premiere-rectrice-de-lhistoire-de-luqac\/","og_locale":"fr_CA","og_type":"article","og_title":"Nicole Bouchard devient la premi\u00e8re rectrice de l'histoire de l'UQAC - UQACtualit\u00e9s","og_description":"L&rsquo;Universit\u00e9 du Qu\u00e9bec \u00e0 Chicoutimi est fi\u00e8re d&rsquo;annoncer la nomination de madame Nicole Bouchard \u00e0 titre de rectrice. Nomm\u00e9e par le Gouvernement du Qu\u00e9bec au Conseil des ministres du 21 juin, Mme Bouchard assumera un mandat d&rsquo;une dur\u00e9e de 5 ans. D\u00e9tentrice d\u2019une ma\u00eetrise et d\u2019un doctorat en th\u00e9ologie pratique, Nicole Bouchard a joint l\u2019UQAC [&hellip;]","og_url":"https:\/\/www.uqac.ca\/uqactualites\/2017\/06\/21\/nicole-bouchard-devient-la-premiere-rectrice-de-lhistoire-de-luqac\/","og_site_name":"UQACtualit\u00e9s","article_published_time":"2017-06-21T17:18:49+00:00","article_modified_time":"2023-10-23T18:12:14+00:00","og_image":[{"width":620,"height":300,"url":"https:\/\/www.uqac.ca\/uqactualites\/wp-content\/uploads\/2017\/06\/GRAF_UqactualiteNicoleB-011.jpg","type":"image\/jpeg"}],"author":"Service des communications et des relations publiques","twitter_card":"summary_large_image","twitter_misc":{"\u00c9crit par":"Service des communications et des relations publiques","Estimation du temps de lecture":"2 minutes"},"schema":{"@context":"https:\/\/schema.org","@graph":[{"@type":"WebPage","@id":"https:\/\/www.uqac.ca\/uqactualites\/2017\/06\/21\/nicole-bouchard-devient-la-premiere-rectrice-de-lhistoire-de-luqac\/","url":"https:\/\/www.uqac.ca\/uqactualites\/2017\/06\/21\/nicole-bouchard-devient-la-premiere-rectrice-de-lhistoire-de-luqac\/","name":"Nicole Bouchard devient la premi\u00e8re rectrice de l'histoire de l'UQAC - UQACtualit\u00e9s","isPartOf":{"@id":"https:\/\/www.uqac.ca\/uqactualites\/#website"},"primaryImageOfPage":{"@id":"https:\/\/www.uqac.ca\/uqactualites\/2017\/06\/21\/nicole-bouchard-devient-la-premiere-rectrice-de-lhistoire-de-luqac\/#primaryimage"},"image":{"@id":"https:\/\/www.uqac.ca\/uqactualites\/2017\/06\/21\/nicole-bouchard-devient-la-premiere-rectrice-de-lhistoire-de-luqac\/#primaryimage"},"thumbnailUrl":"https:\/\/www.uqac.ca\/uqactualites\/wp-content\/uploads\/2017\/06\/GRAF_UqactualiteNicoleB-011.jpg","datePublished":"2017-06-21T17:18:49+00:00","dateModified":"2023-10-23T18:12:14+00:00","author":{"@id":"https:\/\/www.uqac.ca\/uqactualites\/#\/schema\/person\/366c45a0c4f0e677b41b4af5886e2018"},"breadcrumb":{"@id":"https:\/\/www.uqac.ca\/uqactualites\/2017\/06\/21\/nicole-bouchard-devient-la-premiere-rectrice-de-lhistoire-de-luqac\/#breadcrumb"},"inLanguage":"fr-CA","potentialAction":[{"@type":"ReadAction","target":["https:\/\/www.uqac.ca\/uqactualites\/2017\/06\/21\/nicole-bouchard-devient-la-premiere-rectrice-de-lhistoire-de-luqac\/"]}]},{"@type":"ImageObject","inLanguage":"fr-CA","@id":"https:\/\/www.uqac.ca\/uqactualites\/2017\/06\/21\/nicole-bouchard-devient-la-premiere-rectrice-de-lhistoire-de-luqac\/#primaryimage","url":"https:\/\/www.uqac.ca\/uqactualites\/wp-content\/uploads\/2017\/06\/GRAF_UqactualiteNicoleB-011.jpg","contentUrl":"https:\/\/www.uqac.ca\/uqactualites\/wp-content\/uploads\/2017\/06\/GRAF_UqactualiteNicoleB-011.jpg","width":620,"height":300},{"@type":"BreadcrumbList","@id":"https:\/\/www.uqac.ca\/uqactualites\/2017\/06\/21\/nicole-bouchard-devient-la-premiere-rectrice-de-lhistoire-de-luqac\/#breadcrumb","itemListElement":[{"@type":"ListItem","position":1,"name":"Home","item":"https:\/\/www.uqac.ca\/uqactualites\/"},{"@type":"ListItem","position":2,"name":"Nicole Bouchard devient la premi\u00e8re rectrice de l&rsquo;histoire de l&rsquo;UQAC"}]},{"@type":"WebSite","@id":"https:\/\/www.uqac.ca\/uqactualites\/#website","url":"https:\/\/www.uqac.ca\/uqactualites\/","name":"UQACtualit\u00e9s","description":"Le portail des nouvelles de l&#039;UQAC","potentialAction":[{"@type":"SearchAction","target":{"@type":"EntryPoint","urlTemplate":"https:\/\/www.uqac.ca\/uqactualites\/?s={search_term_string}"},"query-input":{"@type":"PropertyValueSpecification","valueRequired":true,"valueName":"search_term_string"}}],"inLanguage":"fr-CA"},{"@type":"Person","@id":"https:\/\/www.uqac.ca\/uqactualites\/#\/schema\/person\/366c45a0c4f0e677b41b4af5886e2018","name":"Service des communications et des relations publiques","image":{"@type":"ImageObject","inLanguage":"fr-CA","@id":"https:\/\/www.uqac.ca\/uqactualites\/#\/schema\/person\/image\/","url":"https:\/\/secure.gravatar.com\/avatar\/20fbbda8a292f59f2d3461a5b999c00b?s=96&d=mm&r=g","contentUrl":"https:\/\/secure.gravatar.com\/avatar\/20fbbda8a292f59f2d3461a5b999c00b?s=96&d=mm&r=g","caption":"Service des communications et des relations publiques"},"url":"https:\/\/www.uqac.ca\/uqactualites\/author\/bap\/"}]}},"_links":{"self":[{"href":"https:\/\/www.uqac.ca\/uqactualites\/wp-json\/wp\/v2\/posts\/33355"}],"collection":[{"href":"https:\/\/www.uqac.ca\/uqactualites\/wp-json\/wp\/v2\/posts"}],"about":[{"href":"https:\/\/www.uqac.ca\/uqactualites\/wp-json\/wp\/v2\/types\/post"}],"author":[{"embeddable":true,"href":"https:\/\/www.uqac.ca\/uqactualites\/wp-json\/wp\/v2\/users\/5"}],"replies":[{"embeddable":true,"href":"https:\/\/www.uqac.ca\/uqactualites\/wp-json\/wp\/v2\/comments?post=33355"}],"version-history":[{"count":1,"href":"https:\/\/www.uqac.ca\/uqactualites\/wp-json\/wp\/v2\/posts\/33355\/revisions"}],"predecessor-version":[{"id":44970,"href":"https:\/\/www.uqac.ca\/uqactualites\/wp-json\/wp\/v2\/posts\/33355\/revisions\/44970"}],"wp:featuredmedia":[{"embeddable":true,"href":"https:\/\/www.uqac.ca\/uqactualites\/wp-json\/wp\/v2\/media\/33361"}],"wp:attachment":[{"href":"https:\/\/www.uqac.ca\/uqactualites\/wp-json\/wp\/v2\/media?parent=33355"}],"wp:term":[{"taxonomy":"category","embeddable":true,"href":"https:\/\/www.uqac.ca\/uqactualites\/wp-json\/wp\/v2\/categories?post=33355"},{"taxonomy":"post_tag","embeddable":true,"href":"https:\/\/www.uqac.ca\/uqactualites\/wp-json\/wp\/v2\/tags?post=33355"}],"curies":[{"name":"wp","href":"https:\/\/api.w.org\/{rel}","templated":true}]}}